{"id":75720,"date":"2020-05-13T00:00:50","date_gmt":"2020-05-12T22:00:50","guid":{"rendered":"http:\/\/www.noubarris.net\/web40\/?p=75720"},"modified":"2020-05-13T11:05:52","modified_gmt":"2020-05-13T09:05:52","slug":"histories-de-covid-es-lateneu-popular-de-9-barris","status":"publish","type":"post","link":"https:\/\/www.noubarris.net\/web40\/histories-de-covid-es-lateneu-popular-de-9-barris\/","title":{"rendered":"Hist\u00f2ries de Covid-es: l\u2019Ateneu Popular de 9 Barris"},"content":{"rendered":"<p><strong>&#8220;En el moment que l\u2019Ateneu es va tancar, com a espai f\u00edsic on trobar-nos, vam treballar per inventar-nos altres maneres per mantenir els vincles i els projectes vius&#8221;<\/strong><\/p>\n<p>Des de NouBarrisNet hem volgut obrir una finestra i colar-nos en diverses llars noubarrienques per descobrir com estan vivint els ve\u00efns i ve\u00efnes aquest temps tan excepcional. Cada dia us apropem un punt de vista particular i les preocupacions, la professionalitat, l\u2019optimisme, l\u2019entrega i la solidaritat dels noubarriencs.<\/p>\n<p>En Borja Lozano s\u2019encarrega de la gesti\u00f3 de la informaci\u00f3 de l\u2019Ateneu Popular de 9 Barris. Un equipament cultural i autogestionat que, com molts altres, ha rebut un cop fort amb la pand\u00e8mia. \u201c\u00c9s una situaci\u00f3 molt complicada perqu\u00e8 l\u2019Ateneu Popular de 9 Barris com tot espai cultural, relacional, social &#8230; es basa en trobar-nos: l\u2019escola de circ i la formaci\u00f3, molts artistes de creaci\u00f3, els m\u00fasics dels espectacles&#8230; Quan ens arriba la not\u00edcia va ser for\u00e7a dur perqu\u00e8 ten\u00edem moltes coses preparades que no es van poder dur a terme. Un altre tema \u00e9s la incertesa de no saber exactament quan, com i de quina manera podrem tornar. Tenint en compte tota la gent que tenim al voltant i les responsabilitats i compromisos que suposa tirar endavant un projecte com \u00e9s l\u2019Ateneu.\u201c<\/p>\n<p><iframe loading=\"lazy\" src=\"https:\/\/www.youtube.com\/embed\/y0lqQ89LXKE\" width=\"560\" height=\"315\" frameborder=\"0\" allowfullscreen=\"allowfullscreen\"><\/iframe><\/p>\n<p>Bid\u00f3 de Nou Barris, l\u2019entitat gestora de l\u2019ateneu, va haver d\u2019acollir-se als ERTO per salvar el personal fix. \u201cPer la viabilitat del projecte, no hi havia una altra alternativa. I amb les persones que s\u00f3n fixes discont\u00ednues vinculades a l\u2019Ateneu, com el professorat o el professional t\u00e8cnic, ens vam comprometre a mantenir els sous. S\u00f3n professionals que treballen moltes vegades en una situaci\u00f3 molt prec\u00e0ria i que l\u2019estat d\u2019alarma els ha portat a no tenir ingressos. La veritat \u00e9s que la gent que treballa en comptabilitat i en recursos, i la gestora de l\u2019Ateneu (que la configuren persones volunt\u00e0ries que dediquen el seu temps) han hagut de fer un esfor\u00e7 inaudit, espectacular, per\u00f2 crec que tothom ha pogut sortit content i totes les persones que tenen vincles i compromisos amb l\u2019Ateneu saben l\u2019esfor\u00e7.\u201d<\/p>\n<p><strong>L\u2019Ateneu fora de l\u2019Ateneu<\/strong><\/p>\n<p>Les portes del teatre, el gimn\u00e0s i la resta dels espais de l\u2019ateneu romanen tancats des de ja fa m\u00e9s de dos mesos, per\u00f2 han buscat la manera de mantenir certa activitat. \u201cEn el moment que l\u2019Ateneu es va tancar, com a espai f\u00edsic, vam comen\u00e7ar a treballar per inventar-nos altres maneres per mantenir els vincles i els projectes vius. Per exemple, des de l\u2019apartat de formaci\u00f3, l\u2019escola infantil i juvenil de circ estan fent una classe setmanal en l\u00ednia. Tamb\u00e9 tenen dossiers amb activitats que poden fer a casa, i, de fet, estan preparant un espectacle de fi de curs, que el fan cada any i aquest cop ser\u00e0 en l\u00ednia. Tamb\u00e9 seguim amb projectes com \u2018El gran circ\u2019, amb gent gran que ve a l\u2019Ateneu a fer circ. Des de la primera setmana es van fer trucades als participants. No nom\u00e9s des de la vessant f\u00edsica, de fer esport, que tamb\u00e9 els fem arribar tutorials cada setmana, sin\u00f3 tamb\u00e9 per veure com estan. Mantenir el vincle, perqu\u00e8 la salut emocional juga tamb\u00e9 un paper important en tot aix\u00f2. I tamb\u00e9 ten\u00edem optatives amb les escoles, amb els instituts escola de la Trinitat Nova, l\u2019Antaviana i el Tur\u00f3 les Roquetes. Des del professorat de l\u2019Ateneu s\u2019ha creat una p\u00e0gina web que es diu \u2018Som circ\u2019 on es poden trobar activitats, i cada setmana els proposem reptes, espectacles amb preguntes.\u201d<\/p>\n<p><strong>Programaci\u00f3 anul\u00b7lada<\/strong><\/p>\n<p>A m\u00e9s de la formaci\u00f3 i els tallers de circ social, l\u2019Ateneu Popular 9 Barris treballa amb una programaci\u00f3 anual d\u2019espectacles de diverses disciplines que s\u2019han susp\u00e8s davant la situaci\u00f3 i la manca de perspectives de tornada. \u00a0\u201cVam contactar amb totes les companyies amb les quals ten\u00edem aparaulats espectacles, per veure quina era la seva situaci\u00f3 i quina era la millor manera de donar-los suport. I hem apr\u00e8s que \u00e9s molt important escoltar les necessitats dels altres en aquests moments.\u201d<\/p>\n<p>Una altra v\u00edctima del confinament ha estat la tasca que es fa des de l\u2019ateneu en el suport a la creaci\u00f3 o producci\u00f3 de circ, actualment \u201ccompletament inviable, perqu\u00e8 no ens podem trobar\u201d. Per\u00f2 s\u00ed que han engegat uns laboratoris de dramat\u00fargia i direcci\u00f3.<\/p>\n<p><strong>Espectacles online gratu\u00efts<\/strong><\/p>\n<p>El teatre roman fosc i buit, per\u00f2 l\u2019ateneu ha ofert gratu\u00eftament, <a href=\"https:\/\/ateneu9b.net\/noticies\/confinament\" target=\"_blank\" rel=\"noopener noreferrer\">a trav\u00e9s del seu web<\/a>, alguns dels espectacles que s\u2019han creat i representat al seu escenari, com ara les darreres edicions del Circ d\u2019Hivern, la seva producci\u00f3 pr\u00f2pia estrella. \u201cRealment no estaven gravats per veure\u2019ls des de casa, era m\u00e9s aviat un registre de l\u2019espectacle, per\u00f2 arribats a aquest punt hem considerat important compartir el que ten\u00edem.\u201d, assegura Borja Lozano.<\/p>\n<p>I no nom\u00e9s els espectacles que ja tenien gravats. Aquest darrer cap de setmana van retransmetre en directe les cinc obres que formaven part del Rombic, el festival de titelles per a adults. Aquest cicle ha estat un dels que s\u2019ha hagut de susprendre aquestes setmanes de pand\u00e8mia, per\u00f2 es intentar recuperar-lo a trav\u00e9s d\u2019internet amb gran \u00e8xit: van arribar a les 1.200 visualitzacions. \u201cEl R\u00f2mbic va ser una mica un assaig-error que vam tirar endavant amb l\u2019Associaci\u00f3 Titellaire de les Roquetes i Casa Taller de Marionetas de Pepe Otal, i com a experiment estem molt contents. Tenim pensant continuar investigant aquesta l\u00ednia.\u201d<\/p>\n<p><strong>Proposta per fer espectacles itinerants<\/strong><\/p>\n<p>Tot i aix\u00f2, no descarten les representacions m\u00e9s properes, de forma itinerant. \u201cTenim moltes ganes de sortir al carrer. Ja fa molts dies que ens passa pel cap poder fer espectacles itinerants, que la gent, des dels seus balcons, amb tota la cautela i mesures que calguin, puguin gaudir d\u2019espectacles, perqu\u00e8 no tothom t\u00e9 internet. I ara mateix estem esperant que ens donin els permisos. I ens consta que no som els \u00fanics, a Nou Barris hi ha moltes entitats que tamb\u00e9 tenen ganes de sortir al carrer i compartir coses.\u201d<\/p>\n<p><strong>Col\u00b7laboraci\u00f3 en xarxa<\/strong><\/p>\n<p>L\u2019ateneu sempre s\u2019ha caracteritzat pel comprom\u00eds social i solidari. En aquest temps de confinament i pand\u00e8mia, es reafirmen en la seva posici\u00f3. \u201cHem ent\u00e8s que \u00e9s molt important que ens posem al servei de les comunitats que envolten l\u2019Ateneu, tant les territorials com les de cultura o economia social. Estar molt atents a les necessitats de cadascun d\u2019aquests \u00e0mbits. Estem molt contents del treball en xarxa que s\u2019ha fet amb les escoles, amb els educadors de carrers, amb els plans comunitaris&#8230; Mantenim el contacte setmanal amb totes aquestes entitats i el treball que est\u00e0 sortint \u00e9s de col\u00b7laboraci\u00f3 absoluta. Una reflexi\u00f3 que estem fent \u00e9s que ens cal escoltar molt. I no nom\u00e9s aix\u00f2, crec que cal a vegades oblidar-se dels actors, sembla que tothom est\u00e0 defensant la seva petita parcel\u00b7la, i potser ara mateix el que necessitem \u00e9s posar-nos d\u2019acord en els objectius que podem compartir. Nosaltres ja fa dies que parlem de renda b\u00e0sica universal, tamb\u00e9 de la gent que t\u00e9 contractes intermitents,&#8230;\u201d<\/p>\n<p>Aquest treball en xarxa tamb\u00e9 es trasllada a l\u2019esfera personal. Bona part de la gent de l\u2019ateneu col\u00b7labora en diferents plataformes. \u201cTant a xarxes de suport com a associacions de ve\u00efns o de professionals, i tot i que no ho estem coordinant d\u2019una manera formal com Ateneu, s\u00ed que tenir pres\u00e8ncia en totes aquestes xarxes ens dona una visi\u00f3 global.\u201d Un exemple concret va ser la donaci\u00f3 dels aliments que es conservaven a la cuina de l\u2019Ateneu. \u201cEstem contents de la resposta social que s\u2019est\u00e0 donant, hi ha molta gent molt implicada i aix\u00f2 ho vam veure quan vam poder treure els aliments que ten\u00edem a l\u2019Ateneu preparats pels men\u00fas, es van poder cuinar i repartir, i la resposta va ser brutal. I aix\u00f2 va ser possible perqu\u00e8 hi ha gent que est\u00e0 distribuint els aliments, gent que es coordina en reunions a internet infinites per poder dur a terme iniciatives com aquesta. I esperem que aquestes xarxes, que s\u2019estan teixint, agafin protagonisme en un futur. \u00c9s una de les coses que esperem que un cop marxi aquesta crisi, tota aquesta xarxa es quedi. I tamb\u00e9 haurem de veure quin \u00e9s el paper que pot jugar una infraestructura, un espai com l\u2019Ateneu. Haurem d\u2019escoltar i posar-nos al servei.\u201d<\/p>\n<p><strong>Horitz\u00f3 de canvis<\/strong><\/p>\n<p>\u00c9s de l\u2019opini\u00f3 que el m\u00f3n post-Covid-19 tindr\u00e0 alguns canvis. \u201cNo em refereixo nom\u00e9s a la crisi espectacular, sin\u00f3 a una altra manera de relacionar-nos i de preocupar-nos per la gent que tenim al voltant. Que segurament pels volts del 2011-12 amb Nou Barris Cabrejada va haver-hi com un moment fort on la gent es va trobar al voltant d\u2019unes idees i d\u2019una voluntat, i potser ara podem revifar aquell esperit. Veient les estad\u00edstiques i articles que van sortint es veu clarament com aix\u00f2 \u00e9s un tema de classes. Nou Barris \u00e9s sens dubte el districte que ha patit m\u00e9s, i que patir\u00e0 m\u00e9s en un futur. I aquestes realitats tamb\u00e9 cal treure-les.\u201c<\/p>\n<p><strong>Confinat en espera de recuperar concerts, canyes i fam\u00edlia \u00a0\u00a0\u00a0\u00a0<\/strong><\/p>\n<p>En Borja passa el confinament a casa, en companyia de la seva parella. \u201cTinc la sort de encara ser mitjanament jove, no estar malalt i no tenir fills, que no s\u00e9 si ara \u00e9s una sort. En tot cas m\u2019ha perm\u00e8s tenir cert temps.\u201d Teletreballa des de casa i confessa que ho porta prou b\u00e9. Malgrat tot, t\u00e9 molt clar quines coses enyora i qu\u00e8 recuperar\u00e0 un cop puguem sortir de nou. \u201cNo et podria dir l\u2019ordre per\u00f2 seria un concert, canyes i veure els meus pares, crec que la cosa est\u00e0 bastant clara. A nivell de l\u2019Ateneu i tamb\u00e9 personalment, el primer que faria seria treure un espectacle al carrer. Muntar una rua de m\u00fasica i poder ocupar de nou el carrer, que al cap i a la fi \u00e9s un espai de trobada que ens pertany i que ara mateix el vivim des de la por. No m\u2019acaba d\u2019agradar aquesta nova normalitat que es regeix molt m\u00e9s des de la por que no pas des de la confian\u00e7a.\u201d<\/p>\n","protected":false},"excerpt":{"rendered":"<p>&#8220;En el moment que l\u2019Ateneu es va tancar, com a espai f\u00edsic on trobar-nos, vam treballar per inventar-nos altres maneres<\/p>\n","protected":false},"author":2,"featured_media":75722,"comment_status":"closed","ping_status":"closed","sticky":false,"template":"","format":"standard","meta":{"colormag_page_layout":"default_layout","_monsterinsights_skip_tracking":false,"_monsterinsights_sitenote_active":false,"_monsterinsights_sitenote_note":"","_monsterinsights_sitenote_category":0,"footnotes":""},"categories":[129,1],"tags":[77,640,319],"class_list":["post-75720","post","type-post","status-publish","format-standard","has-post-thumbnail","hentry","category-cultura","category-nou-barris","tag-ateneu-popular-de-nou-barris","tag-coronavirus","tag-nou-barris"],"yoast_head":"<!-- This site is optimized with the Yoast SEO plugin v25.3 - https:\/\/yoast.com\/wordpress\/plugins\/seo\/ -->\n<title>Hist\u00f2ries de Covid-es: l\u2019Ateneu Popular de 9 Barris - NouBarris.Net<\/title>\n<meta name=\"robots\" content=\"index, follow, max-snippet:-1, max-image-preview:large, max-video-preview:-1\" \/>\n<link rel=\"canonical\" href=\"https:\/\/www.noubarris.net\/web40\/histories-de-covid-es-lateneu-popular-de-9-barris\/\" \/>\n<meta property=\"og:locale\" content=\"ca_ES\" \/>\n<meta property=\"og:type\" content=\"article\" \/>\n<meta property=\"og:title\" content=\"Hist\u00f2ries de Covid-es: l\u2019Ateneu Popular de 9 Barris - NouBarris.Net\" \/>\n<meta property=\"og:description\" content=\"&#8220;En el moment que l\u2019Ateneu es va tancar, com a espai f\u00edsic on trobar-nos, vam treballar per inventar-nos altres maneres\" \/>\n<meta property=\"og:url\" content=\"https:\/\/www.noubarris.net\/web40\/histories-de-covid-es-lateneu-popular-de-9-barris\/\" \/>\n<meta property=\"og:site_name\" content=\"NouBarris.Net\" \/>\n<meta property=\"article:publisher\" content=\"https:\/\/www.facebook.com\/NouBarris.net\/?locale=es_ES\" \/>\n<meta property=\"article:published_time\" content=\"2020-05-12T22:00:50+00:00\" \/>\n<meta property=\"article:modified_time\" content=\"2020-05-13T09:05:52+00:00\" \/>\n<meta property=\"og:image\" content=\"https:\/\/www.noubarris.net\/web40\/wp-content\/uploads\/2020\/05\/130520.jpg\" \/>\n\t<meta property=\"og:image:width\" content=\"768\" \/>\n\t<meta property=\"og:image:height\" content=\"432\" \/>\n\t<meta property=\"og:image:type\" content=\"image\/jpeg\" \/>\n<meta name=\"author\" content=\"Informatius\" \/>\n<meta name=\"twitter:card\" content=\"summary_large_image\" \/>\n<meta name=\"twitter:creator\" content=\"@9BTV\" \/>\n<meta name=\"twitter:site\" content=\"@9BTV\" \/>\n<meta name=\"twitter:label1\" content=\"Escrit per\" \/>\n\t<meta name=\"twitter:data1\" content=\"Informatius\" \/>\n\t<meta name=\"twitter:label2\" content=\"Temps estimat de lectura\" \/>\n\t<meta name=\"twitter:data2\" content=\"9 minuts\" \/>\n<script type=\"application\/ld+json\" class=\"yoast-schema-graph\">{\"@context\":\"https:\/\/schema.org\",\"@graph\":[{\"@type\":\"Article\",\"@id\":\"https:\/\/www.noubarris.net\/web40\/histories-de-covid-es-lateneu-popular-de-9-barris\/#article\",\"isPartOf\":{\"@id\":\"https:\/\/www.noubarris.net\/web40\/histories-de-covid-es-lateneu-popular-de-9-barris\/\"},\"author\":{\"name\":\"Informatius\",\"@id\":\"https:\/\/www.noubarris.net\/web40\/#\/schema\/person\/1827f92aaa316c54abbf4dac0de76069\"},\"headline\":\"Hist\u00f2ries de Covid-es: l\u2019Ateneu Popular de 9 Barris\",\"datePublished\":\"2020-05-12T22:00:50+00:00\",\"dateModified\":\"2020-05-13T09:05:52+00:00\",\"mainEntityOfPage\":{\"@id\":\"https:\/\/www.noubarris.net\/web40\/histories-de-covid-es-lateneu-popular-de-9-barris\/\"},\"wordCount\":1779,\"publisher\":{\"@id\":\"https:\/\/www.noubarris.net\/web40\/#organization\"},\"image\":{\"@id\":\"https:\/\/www.noubarris.net\/web40\/histories-de-covid-es-lateneu-popular-de-9-barris\/#primaryimage\"},\"thumbnailUrl\":\"https:\/\/www.noubarris.net\/web40\/wp-content\/uploads\/2020\/05\/130520.jpg\",\"keywords\":[\"Ateneu Popular de Nou Barris\",\"coronavirus\",\"Nou Barris\"],\"articleSection\":[\"Cultura\",\"Nou Barris\"],\"inLanguage\":\"ca\"},{\"@type\":\"WebPage\",\"@id\":\"https:\/\/www.noubarris.net\/web40\/histories-de-covid-es-lateneu-popular-de-9-barris\/\",\"url\":\"https:\/\/www.noubarris.net\/web40\/histories-de-covid-es-lateneu-popular-de-9-barris\/\",\"name\":\"Hist\u00f2ries de Covid-es: l\u2019Ateneu Popular de 9 Barris - NouBarris.Net\",\"isPartOf\":{\"@id\":\"https:\/\/www.noubarris.net\/web40\/#website\"},\"primaryImageOfPage\":{\"@id\":\"https:\/\/www.noubarris.net\/web40\/histories-de-covid-es-lateneu-popular-de-9-barris\/#primaryimage\"},\"image\":{\"@id\":\"https:\/\/www.noubarris.net\/web40\/histories-de-covid-es-lateneu-popular-de-9-barris\/#primaryimage\"},\"thumbnailUrl\":\"https:\/\/www.noubarris.net\/web40\/wp-content\/uploads\/2020\/05\/130520.jpg\",\"datePublished\":\"2020-05-12T22:00:50+00:00\",\"dateModified\":\"2020-05-13T09:05:52+00:00\",\"breadcrumb\":{\"@id\":\"https:\/\/www.noubarris.net\/web40\/histories-de-covid-es-lateneu-popular-de-9-barris\/#breadcrumb\"},\"inLanguage\":\"ca\",\"potentialAction\":[{\"@type\":\"ReadAction\",\"target\":[\"https:\/\/www.noubarris.net\/web40\/histories-de-covid-es-lateneu-popular-de-9-barris\/\"]}]},{\"@type\":\"ImageObject\",\"inLanguage\":\"ca\",\"@id\":\"https:\/\/www.noubarris.net\/web40\/histories-de-covid-es-lateneu-popular-de-9-barris\/#primaryimage\",\"url\":\"https:\/\/www.noubarris.net\/web40\/wp-content\/uploads\/2020\/05\/130520.jpg\",\"contentUrl\":\"https:\/\/www.noubarris.net\/web40\/wp-content\/uploads\/2020\/05\/130520.jpg\",\"width\":768,\"height\":432},{\"@type\":\"BreadcrumbList\",\"@id\":\"https:\/\/www.noubarris.net\/web40\/histories-de-covid-es-lateneu-popular-de-9-barris\/#breadcrumb\",\"itemListElement\":[{\"@type\":\"ListItem\",\"position\":1,\"name\":\"Inici\",\"item\":\"https:\/\/www.noubarris.net\/web40\/\"},{\"@type\":\"ListItem\",\"position\":2,\"name\":\"Hist\u00f2ries de Covid-es: l\u2019Ateneu Popular de 9 Barris\"}]},{\"@type\":\"WebSite\",\"@id\":\"https:\/\/www.noubarris.net\/web40\/#website\",\"url\":\"https:\/\/www.noubarris.net\/web40\/\",\"name\":\"NouBarris.Net\",\"description\":\"Seguint la vida de Nou Barris des de 1985\",\"publisher\":{\"@id\":\"https:\/\/www.noubarris.net\/web40\/#organization\"},\"potentialAction\":[{\"@type\":\"SearchAction\",\"target\":{\"@type\":\"EntryPoint\",\"urlTemplate\":\"https:\/\/www.noubarris.net\/web40\/?s={search_term_string}\"},\"query-input\":{\"@type\":\"PropertyValueSpecification\",\"valueRequired\":true,\"valueName\":\"search_term_string\"}}],\"inLanguage\":\"ca\"},{\"@type\":\"Organization\",\"@id\":\"https:\/\/www.noubarris.net\/web40\/#organization\",\"name\":\"NouBarris.Net\",\"url\":\"https:\/\/www.noubarris.net\/web40\/\",\"logo\":{\"@type\":\"ImageObject\",\"inLanguage\":\"ca\",\"@id\":\"https:\/\/www.noubarris.net\/web40\/#\/schema\/logo\/image\/\",\"url\":\"https:\/\/www.noubarris.net\/web40\/wp-content\/uploads\/2024\/11\/cropped-cropped-LOGO_9BTV-2024_Insta-1.jpg\",\"contentUrl\":\"https:\/\/www.noubarris.net\/web40\/wp-content\/uploads\/2024\/11\/cropped-cropped-LOGO_9BTV-2024_Insta-1.jpg\",\"width\":512,\"height\":512,\"caption\":\"NouBarris.Net\"},\"image\":{\"@id\":\"https:\/\/www.noubarris.net\/web40\/#\/schema\/logo\/image\/\"},\"sameAs\":[\"https:\/\/www.facebook.com\/NouBarris.net\/?locale=es_ES\",\"https:\/\/x.com\/9BTV\"]},{\"@type\":\"Person\",\"@id\":\"https:\/\/www.noubarris.net\/web40\/#\/schema\/person\/1827f92aaa316c54abbf4dac0de76069\",\"name\":\"Informatius\",\"image\":{\"@type\":\"ImageObject\",\"inLanguage\":\"ca\",\"@id\":\"https:\/\/www.noubarris.net\/web40\/#\/schema\/person\/image\/\",\"url\":\"https:\/\/secure.gravatar.com\/avatar\/87a3b47928835fc72c6ee5b0e1a7263ef0c2d05003a98189bc14926c5f11bcdb?s=96&d=mm&r=g\",\"contentUrl\":\"https:\/\/secure.gravatar.com\/avatar\/87a3b47928835fc72c6ee5b0e1a7263ef0c2d05003a98189bc14926c5f11bcdb?s=96&d=mm&r=g\",\"caption\":\"Informatius\"},\"url\":\"https:\/\/www.noubarris.net\/web40\/author\/tele\/\"}]}<\/script>\n<!-- \/ Yoast SEO plugin. -->","yoast_head_json":{"title":"Hist\u00f2ries de Covid-es: l\u2019Ateneu Popular de 9 Barris - NouBarris.Net","robots":{"index":"index","follow":"follow","max-snippet":"max-snippet:-1","max-image-preview":"max-image-preview:large","max-video-preview":"max-video-preview:-1"},"canonical":"https:\/\/www.noubarris.net\/web40\/histories-de-covid-es-lateneu-popular-de-9-barris\/","og_locale":"ca_ES","og_type":"article","og_title":"Hist\u00f2ries de Covid-es: l\u2019Ateneu Popular de 9 Barris - NouBarris.Net","og_description":"&#8220;En el moment que l\u2019Ateneu es va tancar, com a espai f\u00edsic on trobar-nos, vam treballar per inventar-nos altres maneres","og_url":"https:\/\/www.noubarris.net\/web40\/histories-de-covid-es-lateneu-popular-de-9-barris\/","og_site_name":"NouBarris.Net","article_publisher":"https:\/\/www.facebook.com\/NouBarris.net\/?locale=es_ES","article_published_time":"2020-05-12T22:00:50+00:00","article_modified_time":"2020-05-13T09:05:52+00:00","og_image":[{"width":768,"height":432,"url":"https:\/\/www.noubarris.net\/web40\/wp-content\/uploads\/2020\/05\/130520.jpg","type":"image\/jpeg"}],"author":"Informatius","twitter_card":"summary_large_image","twitter_creator":"@9BTV","twitter_site":"@9BTV","twitter_misc":{"Escrit per":"Informatius","Temps estimat de lectura":"9 minuts"},"schema":{"@context":"https:\/\/schema.org","@graph":[{"@type":"Article","@id":"https:\/\/www.noubarris.net\/web40\/histories-de-covid-es-lateneu-popular-de-9-barris\/#article","isPartOf":{"@id":"https:\/\/www.noubarris.net\/web40\/histories-de-covid-es-lateneu-popular-de-9-barris\/"},"author":{"name":"Informatius","@id":"https:\/\/www.noubarris.net\/web40\/#\/schema\/person\/1827f92aaa316c54abbf4dac0de76069"},"headline":"Hist\u00f2ries de Covid-es: l\u2019Ateneu Popular de 9 Barris","datePublished":"2020-05-12T22:00:50+00:00","dateModified":"2020-05-13T09:05:52+00:00","mainEntityOfPage":{"@id":"https:\/\/www.noubarris.net\/web40\/histories-de-covid-es-lateneu-popular-de-9-barris\/"},"wordCount":1779,"publisher":{"@id":"https:\/\/www.noubarris.net\/web40\/#organization"},"image":{"@id":"https:\/\/www.noubarris.net\/web40\/histories-de-covid-es-lateneu-popular-de-9-barris\/#primaryimage"},"thumbnailUrl":"https:\/\/www.noubarris.net\/web40\/wp-content\/uploads\/2020\/05\/130520.jpg","keywords":["Ateneu Popular de Nou Barris","coronavirus","Nou Barris"],"articleSection":["Cultura","Nou Barris"],"inLanguage":"ca"},{"@type":"WebPage","@id":"https:\/\/www.noubarris.net\/web40\/histories-de-covid-es-lateneu-popular-de-9-barris\/","url":"https:\/\/www.noubarris.net\/web40\/histories-de-covid-es-lateneu-popular-de-9-barris\/","name":"Hist\u00f2ries de Covid-es: l\u2019Ateneu Popular de 9 Barris - NouBarris.Net","isPartOf":{"@id":"https:\/\/www.noubarris.net\/web40\/#website"},"primaryImageOfPage":{"@id":"https:\/\/www.noubarris.net\/web40\/histories-de-covid-es-lateneu-popular-de-9-barris\/#primaryimage"},"image":{"@id":"https:\/\/www.noubarris.net\/web40\/histories-de-covid-es-lateneu-popular-de-9-barris\/#primaryimage"},"thumbnailUrl":"https:\/\/www.noubarris.net\/web40\/wp-content\/uploads\/2020\/05\/130520.jpg","datePublished":"2020-05-12T22:00:50+00:00","dateModified":"2020-05-13T09:05:52+00:00","breadcrumb":{"@id":"https:\/\/www.noubarris.net\/web40\/histories-de-covid-es-lateneu-popular-de-9-barris\/#breadcrumb"},"inLanguage":"ca","potentialAction":[{"@type":"ReadAction","target":["https:\/\/www.noubarris.net\/web40\/histories-de-covid-es-lateneu-popular-de-9-barris\/"]}]},{"@type":"ImageObject","inLanguage":"ca","@id":"https:\/\/www.noubarris.net\/web40\/histories-de-covid-es-lateneu-popular-de-9-barris\/#primaryimage","url":"https:\/\/www.noubarris.net\/web40\/wp-content\/uploads\/2020\/05\/130520.jpg","contentUrl":"https:\/\/www.noubarris.net\/web40\/wp-content\/uploads\/2020\/05\/130520.jpg","width":768,"height":432},{"@type":"BreadcrumbList","@id":"https:\/\/www.noubarris.net\/web40\/histories-de-covid-es-lateneu-popular-de-9-barris\/#breadcrumb","itemListElement":[{"@type":"ListItem","position":1,"name":"Inici","item":"https:\/\/www.noubarris.net\/web40\/"},{"@type":"ListItem","position":2,"name":"Hist\u00f2ries de Covid-es: l\u2019Ateneu Popular de 9 Barris"}]},{"@type":"WebSite","@id":"https:\/\/www.noubarris.net\/web40\/#website","url":"https:\/\/www.noubarris.net\/web40\/","name":"NouBarris.Net","description":"Seguint la vida de Nou Barris des de 1985","publisher":{"@id":"https:\/\/www.noubarris.net\/web40\/#organization"},"potentialAction":[{"@type":"SearchAction","target":{"@type":"EntryPoint","urlTemplate":"https:\/\/www.noubarris.net\/web40\/?s={search_term_string}"},"query-input":{"@type":"PropertyValueSpecification","valueRequired":true,"valueName":"search_term_string"}}],"inLanguage":"ca"},{"@type":"Organization","@id":"https:\/\/www.noubarris.net\/web40\/#organization","name":"NouBarris.Net","url":"https:\/\/www.noubarris.net\/web40\/","logo":{"@type":"ImageObject","inLanguage":"ca","@id":"https:\/\/www.noubarris.net\/web40\/#\/schema\/logo\/image\/","url":"https:\/\/www.noubarris.net\/web40\/wp-content\/uploads\/2024\/11\/cropped-cropped-LOGO_9BTV-2024_Insta-1.jpg","contentUrl":"https:\/\/www.noubarris.net\/web40\/wp-content\/uploads\/2024\/11\/cropped-cropped-LOGO_9BTV-2024_Insta-1.jpg","width":512,"height":512,"caption":"NouBarris.Net"},"image":{"@id":"https:\/\/www.noubarris.net\/web40\/#\/schema\/logo\/image\/"},"sameAs":["https:\/\/www.facebook.com\/NouBarris.net\/?locale=es_ES","https:\/\/x.com\/9BTV"]},{"@type":"Person","@id":"https:\/\/www.noubarris.net\/web40\/#\/schema\/person\/1827f92aaa316c54abbf4dac0de76069","name":"Informatius","image":{"@type":"ImageObject","inLanguage":"ca","@id":"https:\/\/www.noubarris.net\/web40\/#\/schema\/person\/image\/","url":"https:\/\/secure.gravatar.com\/avatar\/87a3b47928835fc72c6ee5b0e1a7263ef0c2d05003a98189bc14926c5f11bcdb?s=96&d=mm&r=g","contentUrl":"https:\/\/secure.gravatar.com\/avatar\/87a3b47928835fc72c6ee5b0e1a7263ef0c2d05003a98189bc14926c5f11bcdb?s=96&d=mm&r=g","caption":"Informatius"},"url":"https:\/\/www.noubarris.net\/web40\/author\/tele\/"}]}},"_links":{"self":[{"href":"https:\/\/www.noubarris.net\/web40\/wp-json\/wp\/v2\/posts\/75720","targetHints":{"allow":["GET"]}}],"collection":[{"href":"https:\/\/www.noubarris.net\/web40\/wp-json\/wp\/v2\/posts"}],"about":[{"href":"https:\/\/www.noubarris.net\/web40\/wp-json\/wp\/v2\/types\/post"}],"author":[{"embeddable":true,"href":"https:\/\/www.noubarris.net\/web40\/wp-json\/wp\/v2\/users\/2"}],"replies":[{"embeddable":true,"href":"https:\/\/www.noubarris.net\/web40\/wp-json\/wp\/v2\/comments?post=75720"}],"version-history":[{"count":0,"href":"https:\/\/www.noubarris.net\/web40\/wp-json\/wp\/v2\/posts\/75720\/revisions"}],"wp:featuredmedia":[{"embeddable":true,"href":"https:\/\/www.noubarris.net\/web40\/wp-json\/wp\/v2\/media\/75722"}],"wp:attachment":[{"href":"https:\/\/www.noubarris.net\/web40\/wp-json\/wp\/v2\/media?parent=75720"}],"wp:term":[{"taxonomy":"category","embeddable":true,"href":"https:\/\/www.noubarris.net\/web40\/wp-json\/wp\/v2\/categories?post=75720"},{"taxonomy":"post_tag","embeddable":true,"href":"https:\/\/www.noubarris.net\/web40\/wp-json\/wp\/v2\/tags?post=75720"}],"curies":[{"name":"wp","href":"https:\/\/api.w.org\/{rel}","templated":true}]}}