{"id":75732,"date":"2020-05-15T00:00:53","date_gmt":"2020-05-14T22:00:53","guid":{"rendered":"http:\/\/www.noubarris.net\/web40\/?p=75732"},"modified":"2020-05-15T09:50:38","modified_gmt":"2020-05-15T07:50:38","slug":"histories-de-covid-es-la-xarxa-de-suport-de-porta","status":"publish","type":"post","link":"https:\/\/www.noubarris.net\/web40\/histories-de-covid-es-la-xarxa-de-suport-de-porta\/","title":{"rendered":"Hist\u00f2ries de covid-es: la Xarxa de Suport de Porta"},"content":{"rendered":"<p><strong>La solidaritat ve\u00efnal i el teixit comunitari com a oportunitat de futur<\/strong><\/p>\n<p>Des de NouBarrisNet hem volgut obrir una finestra i colar-nos en diverses llars noubarrienques per descobrir com estan vivint els ve\u00efns i ve\u00efnes aquest temps tan excepcional. Cada dia us apropem un punt de vista particular i les preocupacions, la professionalitat, l\u2019optimisme, l\u2019entrega i la solidaritat dels noubarriencs.<\/p>\n<p>L\u2019Ivan \u00e9s un ve\u00ed del districte de tota la vida, que treballava al sector de la restauraci\u00f3 i que va tenir la mala sort de quedar-se a l\u2019atur en decretar-se l\u2019estat d\u2019alarma. Lluny de quedar-se a casa, va aprofitar aquesta situaci\u00f3 per unir-se aquell mateix dia a la Xarxa de Suport de Porta, animat per la seva germana. Des d\u2019aquell dia ha vist cr\u00e9ixer i evolucionar una xarxa ve\u00efnal que va comen\u00e7ar amb ajuda per comprar o baixar les escombraries i que la pr\u00f2pia evoluci\u00f3 de la crisi ha emp\u00e8s a crear un rebost comunitari i una caixa de solidaritat. Ara es plantegen el seg\u00fcent pas per continuar en actiu i plantar cara a la crisi socioecon\u00f2mica que ens ve a sobre.<\/p>\n<p><iframe loading=\"lazy\" src=\"https:\/\/www.youtube.com\/embed\/SJoCNY1cKL8\" width=\"560\" height=\"315\" frameborder=\"0\" allowfullscreen=\"allowfullscreen\"><\/iframe><\/p>\n<p>\u201cLa xarxa va comen\u00e7ar amb un grup de WhatsApp per organitzar les volunt\u00e0ries i la veritat \u00e9s que els primers dies ens vam sorprendre de l\u2019\u00e8xit. Vam arribar a ser 100-120 persones, en un barri petit com \u00e9s Porta. A poc a poc vam configurar el grup entre 10-15 persones que feien tasques m\u00e9s d\u2019organitzaci\u00f3, a les quals em vaig incorporar quan ja estaven una mica m\u00e9s rodades.\u201c Com la resta de xarxes de suport ve\u00efnals, pretenien ajudar a qui no tenia m\u00e9s remei que quedar-se a casa. \u201cDes de baixar les escombraries a una ve\u00efna que no pot baixar al carrer per ser col\u00b7lectiu de risc, a fer-li la compra, apropar-se a la farm\u00e0cia o fins i tot ajudar a fam\u00edlies que han d\u2019anar a treballar perqu\u00e8 no poden fer teletreball i tenen criatures que no es poden quedar soles, fer tasques de cangur&#8230; suport ve\u00efnal cl\u00e0ssic.\u201d<\/p>\n<p>Per\u00f2 la xarxa i les seves funcions han evolucionat amb el pas de les setmanes i han anat creixent les responsabilitats. \u201cEns hem trobat amb molta gent que s\u2019ha quedat a l\u2019atur, gent que est\u00e0 d\u2019ERTO i no cobra, gent que no pot pagar el lloguer, o el menjar dels fills&#8230; la xarxa ha anat derivant cap un punt de suport a les ve\u00efnes, on demanen ajuda i informaci\u00f3 o es col\u00b7labora per gestionar aquests casos. Inicialment vam comen\u00e7ar a gestionar el contacte amb Serveis Socials de les fam\u00edlies que ens arribaven, les aten\u00edem, f\u00e8iem un primer cribatge, i contact\u00e0vem directament amb serveis social perqu\u00e8 atenguessin el seu cas. En paral\u00b7lel, hem at\u00e8s els casos en qu\u00e8 serveis socials trigava un temps perqu\u00e8 havien de fer uns tr\u00e0mits o casos urgents. En col\u00b7laboraci\u00f3 amb altres entitats, les parr\u00f2quies o els horts del barri i amb la caixa de solidaritat que hem anat creant des del barri, hem proporcionat als casos urgents aliments, \u00e0pats preparats.\u201d Aquesta va ser una segona fase, per\u00f2 malauradament la situaci\u00f3 va empitjorar. \u201cHem arribat a un punt en qu\u00e8 Serveis Socials es troba que el Banc d\u2019Aliments, que \u00e9s el seu principal recurs, es veu sobrepassat i no pot acceptar m\u00e9s casos. Llavors Serveis Socials ha mirat al seu voltant i ha dit \u2018amb qui puc comptar? amb les xarxes\u2019. I ara en lloc de derivar nosaltres casos a Serveis Socials, Serveis Socials ens deriva casos a nosaltres.\u201d<\/p>\n<p><strong>La creaci\u00f3 d\u2019un rebost solidari de barri<\/strong><\/p>\n<p>En aquest context, van decidir fer un pas endavant i crear una mena de rebost solidari, amb el suport d\u2019una caixa de solidaritat. \u201cEl tindrem a ple rendiment en un parell de setmanes com a m\u00e0xim. \u00c9s una mena de rebost solidari o banc solidari aut\u00f2nom del barri, autogestionat, on amb l\u2019ajuda de ve\u00efnes i comer\u00e7os locals, puguem tenir una base d\u2019aliments i tamb\u00e9 econ\u00f2mica per comprar producte fresc per arribar a totes aquestes fam\u00edlies. El projecte l\u2019estem centrant en col\u00b7laborar amb els comer\u00e7os del barri, per fer una cr\u00edtica constructiva cap a aquells models o estructures que ens han portat on som.\u201d<\/p>\n<p>Si voleu col\u00b7laborar\u00a0 les diferents xarxes del districte tenen aquest n\u00famero de compte: IBAN ES55 0073 0100 5905 0570 4359\u00a0 Concepte: &#8220;Caixa de Solidaritat COVID 9B&#8221; o &#8220;Xarxes Suport 9B&#8221;. Un cop acabat el confinament, es destinaran a pal\u00b7liar les necessitats de les fam\u00edlies m\u00e9s vulnerables i afectades per la crisi econ\u00f2mica.<\/p>\n<p>&nbsp;<\/p>\n<p><strong>Teixit entre entitats<\/strong><\/p>\n<p>El rebost s\u2019omple a trav\u00e9s de les aportacions ve\u00efnals, tant de diners com de temps o altres recursos, per\u00f2 tamb\u00e9 d\u2019altres agents del barri. \u201cHem comen\u00e7at a col\u00b7laborar amb els horts de la Maladeta, que \u00e9s un espai que hem reivindicat per no perdre, i amb els de Porta\u2019m a l\u2019hort, que aporten aliments per a aquesta xarxa.\u201d Tamb\u00e9 poden aprofitar el local del Casal 3 Voltes Rebel, ara que l\u2019Ateneu la B\u00f2bila \u00e9s tancat perqu\u00e8 est\u00e0 en obres.<\/p>\n<p>A m\u00e9s, han creat una xarxa de col\u00b7laboraci\u00f3 en altres temes. &#8220;El seguiment dels problemes relacionats amb l\u2019habitatge o el lloguer l\u2019estem fent amb l\u2019entitat 500&#215;20. Tamb\u00e9 estem treballant amb la nova xarxa que s\u2019est\u00e0 creant de suport educacional a Nou Barris, que tracta temes de material escolar, internet etc.\u201d<\/p>\n<p><strong>\u201cUna oportunitat de dinamitzar i cohesionar el barri\u201d<\/strong><\/p>\n<p>Enmig de la pand\u00e8mia i tots els efectes negatius que viu di\u00e0riament, l\u2019Ivan veu en la xarxa un bri d\u2019esperan\u00e7a. \u201c\u00c9s una oportunitat per dinamitzar el barri i intentar generar la cohesi\u00f3 de la que parlem sempre. Vam fer un concert amb un ve\u00ed del barri que \u00e9s m\u00fasic, en Pau, al terrat d\u2019una ve\u00efna. El vam fer per streaming, evidentment, tot i que apart de l\u2019\u00e8xit que va tenir per streaming, que es va connectar molta gent, tamb\u00e9 va tenir molt \u00e8xit dels balcons i les terrasses. I \u00e9s una cosa que volem repetir cada divendres o dissabte fer un acte per continuar animant a la gent a col\u00b7laborar i aportar una mica de valor, d\u2019\u00e0nim col\u00b7lectiu.\u201d<\/p>\n<p>Tenen clar que la xarxa i el seu esperit, no s\u2019apagar\u00e0 quan es desactivi l\u2019estat d\u2019alarma. \u201c\u00c9s una oportunitat per comunicar uns valors, per mirar de fer una cr\u00edtica a tot all\u00f2 que ens ha portat aqu\u00ed i fer una valoraci\u00f3 de com voldrem seguir. No tenim cap intenci\u00f3 de, el dia que s\u2019acabi l\u2019estat d\u2019alarma, tancar la xarxa, ni molt menys, perqu\u00e8 l\u2019impacte econ\u00f2mic i social ser\u00e0 molt gran i durar\u00e0 molt m\u00e9s. Necessitarem molta m\u00e9s solidaritat.\u201d<\/p>\n<p><strong>Les abra\u00e7ades<\/strong><\/p>\n<p>Es defineix com una persona molt social i confessa que sovint se li ha fet dur mantenir el confinament, tot i que ho ha fet per responsabilitat. Per\u00f2 el que m\u00e9s troba a faltar, \u00e9s el contacte hum\u00e0, les abra\u00e7ades. \u201cLa meva companya \u00e9s ara a Alemanya fent recerca i investigaci\u00f3. En sis mesos no podr\u00e9 agafar un avi\u00f3 i anar a veure la meva companya, i fa gaireb\u00e9 mig any que no la veig. Tots els vols que ten\u00edem planejats&#8230; han caigut, i \u00e9s molt dur&#8230; Tamb\u00e9 el fet de no poder veure una ve\u00efna de tota la vida i fer-li una abra\u00e7ada&#8230; Veig als meus pares, perqu\u00e8 s\u00f3n col\u00b7lectiu de risc, el meu pare va tenir un accident la setmana abans del confinament i \u00e9s en cadira de rodes temporalment. Llavors vaig a veure\u2019ls per ajudar-los, per\u00f2 no els puc abra\u00e7ar, no els puc tocar i tenim els \u00e0nims per terra i no ens podem donar consol real. Hi ha dies que no tens for\u00e7a ni per llevar-te del llit, per\u00f2 la xarxa de suport \u00e9s tamb\u00e9 un motiu per sortir del llit i posar-te a treballar.\u201d<\/p>\n","protected":false},"excerpt":{"rendered":"<p>La solidaritat ve\u00efnal i el teixit comunitari com a oportunitat de futur Des de NouBarrisNet hem volgut obrir una finestra<\/p>\n","protected":false},"author":2,"featured_media":75734,"comment_status":"closed","ping_status":"closed","sticky":false,"template":"","format":"standard","meta":{"colormag_page_layout":"default_layout","_monsterinsights_skip_tracking":false,"_monsterinsights_sitenote_active":false,"_monsterinsights_sitenote_note":"","_monsterinsights_sitenote_category":0,"footnotes":""},"categories":[1,134],"tags":[640,319,44,385],"class_list":["post-75732","post","type-post","status-publish","format-standard","has-post-thumbnail","hentry","category-nou-barris","category-porta","tag-coronavirus","tag-nou-barris","tag-porta","tag-solidaritat"],"yoast_head":"<!-- This site is optimized with the Yoast SEO plugin v25.3 - https:\/\/yoast.com\/wordpress\/plugins\/seo\/ -->\n<title>Hist\u00f2ries de covid-es: la Xarxa de Suport de Porta - NouBarris.Net<\/title>\n<meta name=\"robots\" content=\"index, follow, max-snippet:-1, max-image-preview:large, max-video-preview:-1\" \/>\n<link rel=\"canonical\" href=\"https:\/\/www.noubarris.net\/web40\/histories-de-covid-es-la-xarxa-de-suport-de-porta\/\" \/>\n<meta property=\"og:locale\" content=\"ca_ES\" \/>\n<meta property=\"og:type\" content=\"article\" \/>\n<meta property=\"og:title\" content=\"Hist\u00f2ries de covid-es: la Xarxa de Suport de Porta - NouBarris.Net\" \/>\n<meta property=\"og:description\" content=\"La solidaritat ve\u00efnal i el teixit comunitari com a oportunitat de futur Des de NouBarrisNet hem volgut obrir una finestra\" \/>\n<meta property=\"og:url\" content=\"https:\/\/www.noubarris.net\/web40\/histories-de-covid-es-la-xarxa-de-suport-de-porta\/\" \/>\n<meta property=\"og:site_name\" content=\"NouBarris.Net\" \/>\n<meta property=\"article:publisher\" content=\"https:\/\/www.facebook.com\/NouBarris.net\/?locale=es_ES\" \/>\n<meta property=\"article:published_time\" content=\"2020-05-14T22:00:53+00:00\" \/>\n<meta property=\"article:modified_time\" content=\"2020-05-15T07:50:38+00:00\" \/>\n<meta property=\"og:image\" content=\"https:\/\/www.noubarris.net\/web40\/wp-content\/uploads\/2020\/05\/150520.jpg\" \/>\n\t<meta property=\"og:image:width\" content=\"768\" \/>\n\t<meta property=\"og:image:height\" content=\"432\" \/>\n\t<meta property=\"og:image:type\" content=\"image\/jpeg\" \/>\n<meta name=\"author\" content=\"Informatius\" \/>\n<meta name=\"twitter:card\" content=\"summary_large_image\" \/>\n<meta name=\"twitter:creator\" content=\"@9BTV\" \/>\n<meta name=\"twitter:site\" content=\"@9BTV\" \/>\n<meta name=\"twitter:label1\" content=\"Escrit per\" \/>\n\t<meta name=\"twitter:data1\" content=\"Informatius\" \/>\n\t<meta name=\"twitter:label2\" content=\"Temps estimat de lectura\" \/>\n\t<meta name=\"twitter:data2\" content=\"7 minuts\" \/>\n<script type=\"application\/ld+json\" class=\"yoast-schema-graph\">{\"@context\":\"https:\/\/schema.org\",\"@graph\":[{\"@type\":\"Article\",\"@id\":\"https:\/\/www.noubarris.net\/web40\/histories-de-covid-es-la-xarxa-de-suport-de-porta\/#article\",\"isPartOf\":{\"@id\":\"https:\/\/www.noubarris.net\/web40\/histories-de-covid-es-la-xarxa-de-suport-de-porta\/\"},\"author\":{\"name\":\"Informatius\",\"@id\":\"https:\/\/www.noubarris.net\/web40\/#\/schema\/person\/1827f92aaa316c54abbf4dac0de76069\"},\"headline\":\"Hist\u00f2ries de covid-es: la Xarxa de Suport de Porta\",\"datePublished\":\"2020-05-14T22:00:53+00:00\",\"dateModified\":\"2020-05-15T07:50:38+00:00\",\"mainEntityOfPage\":{\"@id\":\"https:\/\/www.noubarris.net\/web40\/histories-de-covid-es-la-xarxa-de-suport-de-porta\/\"},\"wordCount\":1385,\"publisher\":{\"@id\":\"https:\/\/www.noubarris.net\/web40\/#organization\"},\"image\":{\"@id\":\"https:\/\/www.noubarris.net\/web40\/histories-de-covid-es-la-xarxa-de-suport-de-porta\/#primaryimage\"},\"thumbnailUrl\":\"https:\/\/www.noubarris.net\/web40\/wp-content\/uploads\/2020\/05\/150520.jpg\",\"keywords\":[\"coronavirus\",\"Nou Barris\",\"Porta\",\"Solidaritat\"],\"articleSection\":[\"Nou Barris\",\"Porta\"],\"inLanguage\":\"ca\"},{\"@type\":\"WebPage\",\"@id\":\"https:\/\/www.noubarris.net\/web40\/histories-de-covid-es-la-xarxa-de-suport-de-porta\/\",\"url\":\"https:\/\/www.noubarris.net\/web40\/histories-de-covid-es-la-xarxa-de-suport-de-porta\/\",\"name\":\"Hist\u00f2ries de covid-es: la Xarxa de Suport de Porta - NouBarris.Net\",\"isPartOf\":{\"@id\":\"https:\/\/www.noubarris.net\/web40\/#website\"},\"primaryImageOfPage\":{\"@id\":\"https:\/\/www.noubarris.net\/web40\/histories-de-covid-es-la-xarxa-de-suport-de-porta\/#primaryimage\"},\"image\":{\"@id\":\"https:\/\/www.noubarris.net\/web40\/histories-de-covid-es-la-xarxa-de-suport-de-porta\/#primaryimage\"},\"thumbnailUrl\":\"https:\/\/www.noubarris.net\/web40\/wp-content\/uploads\/2020\/05\/150520.jpg\",\"datePublished\":\"2020-05-14T22:00:53+00:00\",\"dateModified\":\"2020-05-15T07:50:38+00:00\",\"breadcrumb\":{\"@id\":\"https:\/\/www.noubarris.net\/web40\/histories-de-covid-es-la-xarxa-de-suport-de-porta\/#breadcrumb\"},\"inLanguage\":\"ca\",\"potentialAction\":[{\"@type\":\"ReadAction\",\"target\":[\"https:\/\/www.noubarris.net\/web40\/histories-de-covid-es-la-xarxa-de-suport-de-porta\/\"]}]},{\"@type\":\"ImageObject\",\"inLanguage\":\"ca\",\"@id\":\"https:\/\/www.noubarris.net\/web40\/histories-de-covid-es-la-xarxa-de-suport-de-porta\/#primaryimage\",\"url\":\"https:\/\/www.noubarris.net\/web40\/wp-content\/uploads\/2020\/05\/150520.jpg\",\"contentUrl\":\"https:\/\/www.noubarris.net\/web40\/wp-content\/uploads\/2020\/05\/150520.jpg\",\"width\":768,\"height\":432},{\"@type\":\"BreadcrumbList\",\"@id\":\"https:\/\/www.noubarris.net\/web40\/histories-de-covid-es-la-xarxa-de-suport-de-porta\/#breadcrumb\",\"itemListElement\":[{\"@type\":\"ListItem\",\"position\":1,\"name\":\"Inici\",\"item\":\"https:\/\/www.noubarris.net\/web40\/\"},{\"@type\":\"ListItem\",\"position\":2,\"name\":\"Hist\u00f2ries de covid-es: la Xarxa de Suport de Porta\"}]},{\"@type\":\"WebSite\",\"@id\":\"https:\/\/www.noubarris.net\/web40\/#website\",\"url\":\"https:\/\/www.noubarris.net\/web40\/\",\"name\":\"NouBarris.Net\",\"description\":\"Seguint la vida de Nou Barris des de 1985\",\"publisher\":{\"@id\":\"https:\/\/www.noubarris.net\/web40\/#organization\"},\"potentialAction\":[{\"@type\":\"SearchAction\",\"target\":{\"@type\":\"EntryPoint\",\"urlTemplate\":\"https:\/\/www.noubarris.net\/web40\/?s={search_term_string}\"},\"query-input\":{\"@type\":\"PropertyValueSpecification\",\"valueRequired\":true,\"valueName\":\"search_term_string\"}}],\"inLanguage\":\"ca\"},{\"@type\":\"Organization\",\"@id\":\"https:\/\/www.noubarris.net\/web40\/#organization\",\"name\":\"NouBarris.Net\",\"url\":\"https:\/\/www.noubarris.net\/web40\/\",\"logo\":{\"@type\":\"ImageObject\",\"inLanguage\":\"ca\",\"@id\":\"https:\/\/www.noubarris.net\/web40\/#\/schema\/logo\/image\/\",\"url\":\"https:\/\/www.noubarris.net\/web40\/wp-content\/uploads\/2024\/11\/cropped-cropped-LOGO_9BTV-2024_Insta-1.jpg\",\"contentUrl\":\"https:\/\/www.noubarris.net\/web40\/wp-content\/uploads\/2024\/11\/cropped-cropped-LOGO_9BTV-2024_Insta-1.jpg\",\"width\":512,\"height\":512,\"caption\":\"NouBarris.Net\"},\"image\":{\"@id\":\"https:\/\/www.noubarris.net\/web40\/#\/schema\/logo\/image\/\"},\"sameAs\":[\"https:\/\/www.facebook.com\/NouBarris.net\/?locale=es_ES\",\"https:\/\/x.com\/9BTV\"]},{\"@type\":\"Person\",\"@id\":\"https:\/\/www.noubarris.net\/web40\/#\/schema\/person\/1827f92aaa316c54abbf4dac0de76069\",\"name\":\"Informatius\",\"image\":{\"@type\":\"ImageObject\",\"inLanguage\":\"ca\",\"@id\":\"https:\/\/www.noubarris.net\/web40\/#\/schema\/person\/image\/\",\"url\":\"https:\/\/secure.gravatar.com\/avatar\/87a3b47928835fc72c6ee5b0e1a7263ef0c2d05003a98189bc14926c5f11bcdb?s=96&d=mm&r=g\",\"contentUrl\":\"https:\/\/secure.gravatar.com\/avatar\/87a3b47928835fc72c6ee5b0e1a7263ef0c2d05003a98189bc14926c5f11bcdb?s=96&d=mm&r=g\",\"caption\":\"Informatius\"},\"url\":\"https:\/\/www.noubarris.net\/web40\/author\/tele\/\"}]}<\/script>\n<!-- \/ Yoast SEO plugin. -->","yoast_head_json":{"title":"Hist\u00f2ries de covid-es: la Xarxa de Suport de Porta - NouBarris.Net","robots":{"index":"index","follow":"follow","max-snippet":"max-snippet:-1","max-image-preview":"max-image-preview:large","max-video-preview":"max-video-preview:-1"},"canonical":"https:\/\/www.noubarris.net\/web40\/histories-de-covid-es-la-xarxa-de-suport-de-porta\/","og_locale":"ca_ES","og_type":"article","og_title":"Hist\u00f2ries de covid-es: la Xarxa de Suport de Porta - NouBarris.Net","og_description":"La solidaritat ve\u00efnal i el teixit comunitari com a oportunitat de futur Des de NouBarrisNet hem volgut obrir una finestra","og_url":"https:\/\/www.noubarris.net\/web40\/histories-de-covid-es-la-xarxa-de-suport-de-porta\/","og_site_name":"NouBarris.Net","article_publisher":"https:\/\/www.facebook.com\/NouBarris.net\/?locale=es_ES","article_published_time":"2020-05-14T22:00:53+00:00","article_modified_time":"2020-05-15T07:50:38+00:00","og_image":[{"width":768,"height":432,"url":"https:\/\/www.noubarris.net\/web40\/wp-content\/uploads\/2020\/05\/150520.jpg","type":"image\/jpeg"}],"author":"Informatius","twitter_card":"summary_large_image","twitter_creator":"@9BTV","twitter_site":"@9BTV","twitter_misc":{"Escrit per":"Informatius","Temps estimat de lectura":"7 minuts"},"schema":{"@context":"https:\/\/schema.org","@graph":[{"@type":"Article","@id":"https:\/\/www.noubarris.net\/web40\/histories-de-covid-es-la-xarxa-de-suport-de-porta\/#article","isPartOf":{"@id":"https:\/\/www.noubarris.net\/web40\/histories-de-covid-es-la-xarxa-de-suport-de-porta\/"},"author":{"name":"Informatius","@id":"https:\/\/www.noubarris.net\/web40\/#\/schema\/person\/1827f92aaa316c54abbf4dac0de76069"},"headline":"Hist\u00f2ries de covid-es: la Xarxa de Suport de Porta","datePublished":"2020-05-14T22:00:53+00:00","dateModified":"2020-05-15T07:50:38+00:00","mainEntityOfPage":{"@id":"https:\/\/www.noubarris.net\/web40\/histories-de-covid-es-la-xarxa-de-suport-de-porta\/"},"wordCount":1385,"publisher":{"@id":"https:\/\/www.noubarris.net\/web40\/#organization"},"image":{"@id":"https:\/\/www.noubarris.net\/web40\/histories-de-covid-es-la-xarxa-de-suport-de-porta\/#primaryimage"},"thumbnailUrl":"https:\/\/www.noubarris.net\/web40\/wp-content\/uploads\/2020\/05\/150520.jpg","keywords":["coronavirus","Nou Barris","Porta","Solidaritat"],"articleSection":["Nou Barris","Porta"],"inLanguage":"ca"},{"@type":"WebPage","@id":"https:\/\/www.noubarris.net\/web40\/histories-de-covid-es-la-xarxa-de-suport-de-porta\/","url":"https:\/\/www.noubarris.net\/web40\/histories-de-covid-es-la-xarxa-de-suport-de-porta\/","name":"Hist\u00f2ries de covid-es: la Xarxa de Suport de Porta - NouBarris.Net","isPartOf":{"@id":"https:\/\/www.noubarris.net\/web40\/#website"},"primaryImageOfPage":{"@id":"https:\/\/www.noubarris.net\/web40\/histories-de-covid-es-la-xarxa-de-suport-de-porta\/#primaryimage"},"image":{"@id":"https:\/\/www.noubarris.net\/web40\/histories-de-covid-es-la-xarxa-de-suport-de-porta\/#primaryimage"},"thumbnailUrl":"https:\/\/www.noubarris.net\/web40\/wp-content\/uploads\/2020\/05\/150520.jpg","datePublished":"2020-05-14T22:00:53+00:00","dateModified":"2020-05-15T07:50:38+00:00","breadcrumb":{"@id":"https:\/\/www.noubarris.net\/web40\/histories-de-covid-es-la-xarxa-de-suport-de-porta\/#breadcrumb"},"inLanguage":"ca","potentialAction":[{"@type":"ReadAction","target":["https:\/\/www.noubarris.net\/web40\/histories-de-covid-es-la-xarxa-de-suport-de-porta\/"]}]},{"@type":"ImageObject","inLanguage":"ca","@id":"https:\/\/www.noubarris.net\/web40\/histories-de-covid-es-la-xarxa-de-suport-de-porta\/#primaryimage","url":"https:\/\/www.noubarris.net\/web40\/wp-content\/uploads\/2020\/05\/150520.jpg","contentUrl":"https:\/\/www.noubarris.net\/web40\/wp-content\/uploads\/2020\/05\/150520.jpg","width":768,"height":432},{"@type":"BreadcrumbList","@id":"https:\/\/www.noubarris.net\/web40\/histories-de-covid-es-la-xarxa-de-suport-de-porta\/#breadcrumb","itemListElement":[{"@type":"ListItem","position":1,"name":"Inici","item":"https:\/\/www.noubarris.net\/web40\/"},{"@type":"ListItem","position":2,"name":"Hist\u00f2ries de covid-es: la Xarxa de Suport de Porta"}]},{"@type":"WebSite","@id":"https:\/\/www.noubarris.net\/web40\/#website","url":"https:\/\/www.noubarris.net\/web40\/","name":"NouBarris.Net","description":"Seguint la vida de Nou Barris des de 1985","publisher":{"@id":"https:\/\/www.noubarris.net\/web40\/#organization"},"potentialAction":[{"@type":"SearchAction","target":{"@type":"EntryPoint","urlTemplate":"https:\/\/www.noubarris.net\/web40\/?s={search_term_string}"},"query-input":{"@type":"PropertyValueSpecification","valueRequired":true,"valueName":"search_term_string"}}],"inLanguage":"ca"},{"@type":"Organization","@id":"https:\/\/www.noubarris.net\/web40\/#organization","name":"NouBarris.Net","url":"https:\/\/www.noubarris.net\/web40\/","logo":{"@type":"ImageObject","inLanguage":"ca","@id":"https:\/\/www.noubarris.net\/web40\/#\/schema\/logo\/image\/","url":"https:\/\/www.noubarris.net\/web40\/wp-content\/uploads\/2024\/11\/cropped-cropped-LOGO_9BTV-2024_Insta-1.jpg","contentUrl":"https:\/\/www.noubarris.net\/web40\/wp-content\/uploads\/2024\/11\/cropped-cropped-LOGO_9BTV-2024_Insta-1.jpg","width":512,"height":512,"caption":"NouBarris.Net"},"image":{"@id":"https:\/\/www.noubarris.net\/web40\/#\/schema\/logo\/image\/"},"sameAs":["https:\/\/www.facebook.com\/NouBarris.net\/?locale=es_ES","https:\/\/x.com\/9BTV"]},{"@type":"Person","@id":"https:\/\/www.noubarris.net\/web40\/#\/schema\/person\/1827f92aaa316c54abbf4dac0de76069","name":"Informatius","image":{"@type":"ImageObject","inLanguage":"ca","@id":"https:\/\/www.noubarris.net\/web40\/#\/schema\/person\/image\/","url":"https:\/\/secure.gravatar.com\/avatar\/87a3b47928835fc72c6ee5b0e1a7263ef0c2d05003a98189bc14926c5f11bcdb?s=96&d=mm&r=g","contentUrl":"https:\/\/secure.gravatar.com\/avatar\/87a3b47928835fc72c6ee5b0e1a7263ef0c2d05003a98189bc14926c5f11bcdb?s=96&d=mm&r=g","caption":"Informatius"},"url":"https:\/\/www.noubarris.net\/web40\/author\/tele\/"}]}},"_links":{"self":[{"href":"https:\/\/www.noubarris.net\/web40\/wp-json\/wp\/v2\/posts\/75732","targetHints":{"allow":["GET"]}}],"collection":[{"href":"https:\/\/www.noubarris.net\/web40\/wp-json\/wp\/v2\/posts"}],"about":[{"href":"https:\/\/www.noubarris.net\/web40\/wp-json\/wp\/v2\/types\/post"}],"author":[{"embeddable":true,"href":"https:\/\/www.noubarris.net\/web40\/wp-json\/wp\/v2\/users\/2"}],"replies":[{"embeddable":true,"href":"https:\/\/www.noubarris.net\/web40\/wp-json\/wp\/v2\/comments?post=75732"}],"version-history":[{"count":0,"href":"https:\/\/www.noubarris.net\/web40\/wp-json\/wp\/v2\/posts\/75732\/revisions"}],"wp:featuredmedia":[{"embeddable":true,"href":"https:\/\/www.noubarris.net\/web40\/wp-json\/wp\/v2\/media\/75734"}],"wp:attachment":[{"href":"https:\/\/www.noubarris.net\/web40\/wp-json\/wp\/v2\/media?parent=75732"}],"wp:term":[{"taxonomy":"category","embeddable":true,"href":"https:\/\/www.noubarris.net\/web40\/wp-json\/wp\/v2\/categories?post=75732"},{"taxonomy":"post_tag","embeddable":true,"href":"https:\/\/www.noubarris.net\/web40\/wp-json\/wp\/v2\/tags?post=75732"}],"curies":[{"name":"wp","href":"https:\/\/api.w.org\/{rel}","templated":true}]}}