{"id":75742,"date":"2020-05-17T00:00:15","date_gmt":"2020-05-16T22:00:15","guid":{"rendered":"http:\/\/www.noubarris.net\/web40\/?p=75742"},"modified":"2020-05-15T12:18:38","modified_gmt":"2020-05-15T10:18:38","slug":"la-covid-19-a-nou-barris-en-fotografies-de-lorena-sopena","status":"publish","type":"post","link":"https:\/\/www.noubarris.net\/web40\/la-covid-19-a-nou-barris-en-fotografies-de-lorena-sopena\/","title":{"rendered":"La Covid-19 a Nou Barris, en fotografies de Lorena Sopena"},"content":{"rendered":"<p><strong>Can Bast\u00e9 exposa virtualment un recull de les instant\u00e0nies de la jove activista<\/strong><\/p>\n<p>La ve\u00efna i activista noubarrienca Lorena Sopena<a href=\"https:\/\/www.canbaste.com\/covid-19-a-nou-barris\/\" target=\"_blank\" rel=\"noopener noreferrer\"> exposa en els murs virtuals de Can Bast\u00e9<\/a> un recull d\u2019algunes de les moltes fotografies que ha fet en les darreres setmanes, per immortalitzar escenes i escenaris in\u00e8dits fins ara. \u201cAquesta crisi ens ha deixat, i entenc que ens seguir\u00e0 deixant, imatges tant ic\u00f2niques com surrealistes; de les primeres mascaretes pel carrer, als Mossos d\u2019Esquadra repartint mascaretes al metro, una realitat que sense esperar-ho se\u2019ns va alterar, i ha canviat per complet els nostres par\u00e0metres de vida i estabilitat, aix\u00ed com ha trencat la normalitat amb la qual viv\u00edem, que sovint, podr\u00edem assenyalar com un problema de l\u2019estructura en la qual s\u2019ha sustentat el sistema.\u201d, assegura des del web del centre c\u00edvic.<\/p>\n<p>M\u00e9s enll\u00e0 d\u2019aquestes imatges de la pand\u00e8mia, Lorena Sopena ha volgut visibilitzar el col\u00b7lectiu que m\u00e9s problemes ha tingut per confinar-se: les persones sense llar. Per aquesta ra\u00f3, ha fet un seguiment a tres dels joves que han acampat prop de l\u2019alberg de Nou Barris, a falta d\u2019alternatives. Un fotoreportatge que ha publicat, en col\u00b7laboraci\u00f3 amb Anna San Clemente a <a href=\"https:\/\/www.elsaltodiario.com\/barcelona\/sin-techo-nou-barris-coronavirus-exclusion-social\" target=\"_blank\" rel=\"noopener noreferrer\">El Salto Diario<\/a>. Ens ho explicava fa uns dies, <a href=\"https:\/\/www.noubarris.net\/web40\/?p=75592\">en el seu testimoni a les Hist\u00f2ries de Covid-es<\/a>, i a l\u2019exposici\u00f3 virtual de Can Bast\u00e9 hi podeu trobar algunes de les fotografies d\u2019aquesta investigaci\u00f3 i l\u2019acompanyament que els ha fet Sopena i els companys de la xarxa de suport del 3 Voltes Rebel.<\/p>\n<p>Tamb\u00e9 ha volgut immortalitzar la part m\u00e9s positiva d\u2019aquesta pand\u00e8mia: la solidaritat. \u201cHe fotografiat la gran i imprescindible tasca de la Xarxa de Suport del 3VR, i de la Xarxa de Teixidores de Nou Barris, que han abastit de mascaretes des de l\u2019Hospital de Sant Pau, fins a les treballadores dels mercats del districte.\u201d<\/p>\n","protected":false},"excerpt":{"rendered":"<p>Can Bast\u00e9 exposa virtualment un recull de les instant\u00e0nies de la jove activista La ve\u00efna i activista noubarrienca Lorena Sopena<\/p>\n","protected":false},"author":2,"featured_media":75745,"comment_status":"closed","ping_status":"closed","sticky":false,"template":"","format":"standard","meta":{"colormag_page_layout":"default_layout","_monsterinsights_skip_tracking":false,"_monsterinsights_sitenote_active":false,"_monsterinsights_sitenote_note":"","_monsterinsights_sitenote_category":0,"footnotes":""},"categories":[129,1],"tags":[88,640,266,319,638],"class_list":["post-75742","post","type-post","status-publish","format-standard","has-post-thumbnail","hentry","category-cultura","category-nou-barris","tag-can-baste","tag-coronavirus","tag-fotografia","tag-nou-barris","tag-sensellarisme"],"yoast_head":"<!-- This site is optimized with the Yoast SEO plugin v25.3 - https:\/\/yoast.com\/wordpress\/plugins\/seo\/ -->\n<title>La Covid-19 a Nou Barris, en fotografies de Lorena Sopena - NouBarris.Net<\/title>\n<meta name=\"robots\" content=\"index, follow, max-snippet:-1, max-image-preview:large, max-video-preview:-1\" \/>\n<link rel=\"canonical\" href=\"https:\/\/www.noubarris.net\/web40\/la-covid-19-a-nou-barris-en-fotografies-de-lorena-sopena\/\" \/>\n<meta property=\"og:locale\" content=\"ca_ES\" \/>\n<meta property=\"og:type\" content=\"article\" \/>\n<meta property=\"og:title\" content=\"La Covid-19 a Nou Barris, en fotografies de Lorena Sopena - NouBarris.Net\" \/>\n<meta property=\"og:description\" content=\"Can Bast\u00e9 exposa virtualment un recull de les instant\u00e0nies de la jove activista La ve\u00efna i activista noubarrienca Lorena Sopena\" \/>\n<meta property=\"og:url\" content=\"https:\/\/www.noubarris.net\/web40\/la-covid-19-a-nou-barris-en-fotografies-de-lorena-sopena\/\" \/>\n<meta property=\"og:site_name\" content=\"NouBarris.Net\" \/>\n<meta property=\"article:publisher\" content=\"https:\/\/www.facebook.com\/NouBarris.net\/?locale=es_ES\" \/>\n<meta property=\"article:published_time\" content=\"2020-05-16T22:00:15+00:00\" \/>\n<meta property=\"og:image\" content=\"https:\/\/www.noubarris.net\/web40\/wp-content\/uploads\/2020\/05\/170520.jpg\" \/>\n\t<meta property=\"og:image:width\" content=\"768\" \/>\n\t<meta property=\"og:image:height\" content=\"432\" \/>\n\t<meta property=\"og:image:type\" content=\"image\/jpeg\" \/>\n<meta name=\"author\" content=\"Informatius\" \/>\n<meta name=\"twitter:card\" content=\"summary_large_image\" \/>\n<meta name=\"twitter:creator\" content=\"@9BTV\" \/>\n<meta name=\"twitter:site\" content=\"@9BTV\" \/>\n<meta name=\"twitter:label1\" content=\"Escrit per\" \/>\n\t<meta name=\"twitter:data1\" content=\"Informatius\" \/>\n\t<meta name=\"twitter:label2\" content=\"Temps estimat de lectura\" \/>\n\t<meta name=\"twitter:data2\" content=\"2 minuts\" \/>\n<script type=\"application\/ld+json\" class=\"yoast-schema-graph\">{\"@context\":\"https:\/\/schema.org\",\"@graph\":[{\"@type\":\"Article\",\"@id\":\"https:\/\/www.noubarris.net\/web40\/la-covid-19-a-nou-barris-en-fotografies-de-lorena-sopena\/#article\",\"isPartOf\":{\"@id\":\"https:\/\/www.noubarris.net\/web40\/la-covid-19-a-nou-barris-en-fotografies-de-lorena-sopena\/\"},\"author\":{\"name\":\"Informatius\",\"@id\":\"https:\/\/www.noubarris.net\/web40\/#\/schema\/person\/1827f92aaa316c54abbf4dac0de76069\"},\"headline\":\"La Covid-19 a Nou Barris, en fotografies de Lorena Sopena\",\"datePublished\":\"2020-05-16T22:00:15+00:00\",\"mainEntityOfPage\":{\"@id\":\"https:\/\/www.noubarris.net\/web40\/la-covid-19-a-nou-barris-en-fotografies-de-lorena-sopena\/\"},\"wordCount\":337,\"publisher\":{\"@id\":\"https:\/\/www.noubarris.net\/web40\/#organization\"},\"image\":{\"@id\":\"https:\/\/www.noubarris.net\/web40\/la-covid-19-a-nou-barris-en-fotografies-de-lorena-sopena\/#primaryimage\"},\"thumbnailUrl\":\"https:\/\/www.noubarris.net\/web40\/wp-content\/uploads\/2020\/05\/170520.jpg\",\"keywords\":[\"Can Bast\u00e9\",\"coronavirus\",\"Fotografia\",\"Nou Barris\",\"sensellarisme\"],\"articleSection\":[\"Cultura\",\"Nou Barris\"],\"inLanguage\":\"ca\"},{\"@type\":\"WebPage\",\"@id\":\"https:\/\/www.noubarris.net\/web40\/la-covid-19-a-nou-barris-en-fotografies-de-lorena-sopena\/\",\"url\":\"https:\/\/www.noubarris.net\/web40\/la-covid-19-a-nou-barris-en-fotografies-de-lorena-sopena\/\",\"name\":\"La Covid-19 a Nou Barris, en fotografies de Lorena Sopena - NouBarris.Net\",\"isPartOf\":{\"@id\":\"https:\/\/www.noubarris.net\/web40\/#website\"},\"primaryImageOfPage\":{\"@id\":\"https:\/\/www.noubarris.net\/web40\/la-covid-19-a-nou-barris-en-fotografies-de-lorena-sopena\/#primaryimage\"},\"image\":{\"@id\":\"https:\/\/www.noubarris.net\/web40\/la-covid-19-a-nou-barris-en-fotografies-de-lorena-sopena\/#primaryimage\"},\"thumbnailUrl\":\"https:\/\/www.noubarris.net\/web40\/wp-content\/uploads\/2020\/05\/170520.jpg\",\"datePublished\":\"2020-05-16T22:00:15+00:00\",\"breadcrumb\":{\"@id\":\"https:\/\/www.noubarris.net\/web40\/la-covid-19-a-nou-barris-en-fotografies-de-lorena-sopena\/#breadcrumb\"},\"inLanguage\":\"ca\",\"potentialAction\":[{\"@type\":\"ReadAction\",\"target\":[\"https:\/\/www.noubarris.net\/web40\/la-covid-19-a-nou-barris-en-fotografies-de-lorena-sopena\/\"]}]},{\"@type\":\"ImageObject\",\"inLanguage\":\"ca\",\"@id\":\"https:\/\/www.noubarris.net\/web40\/la-covid-19-a-nou-barris-en-fotografies-de-lorena-sopena\/#primaryimage\",\"url\":\"https:\/\/www.noubarris.net\/web40\/wp-content\/uploads\/2020\/05\/170520.jpg\",\"contentUrl\":\"https:\/\/www.noubarris.net\/web40\/wp-content\/uploads\/2020\/05\/170520.jpg\",\"width\":768,\"height\":432},{\"@type\":\"BreadcrumbList\",\"@id\":\"https:\/\/www.noubarris.net\/web40\/la-covid-19-a-nou-barris-en-fotografies-de-lorena-sopena\/#breadcrumb\",\"itemListElement\":[{\"@type\":\"ListItem\",\"position\":1,\"name\":\"Inici\",\"item\":\"https:\/\/www.noubarris.net\/web40\/\"},{\"@type\":\"ListItem\",\"position\":2,\"name\":\"La Covid-19 a Nou Barris, en fotografies de Lorena Sopena\"}]},{\"@type\":\"WebSite\",\"@id\":\"https:\/\/www.noubarris.net\/web40\/#website\",\"url\":\"https:\/\/www.noubarris.net\/web40\/\",\"name\":\"NouBarris.Net\",\"description\":\"Seguint la vida de Nou Barris des de 1985\",\"publisher\":{\"@id\":\"https:\/\/www.noubarris.net\/web40\/#organization\"},\"potentialAction\":[{\"@type\":\"SearchAction\",\"target\":{\"@type\":\"EntryPoint\",\"urlTemplate\":\"https:\/\/www.noubarris.net\/web40\/?s={search_term_string}\"},\"query-input\":{\"@type\":\"PropertyValueSpecification\",\"valueRequired\":true,\"valueName\":\"search_term_string\"}}],\"inLanguage\":\"ca\"},{\"@type\":\"Organization\",\"@id\":\"https:\/\/www.noubarris.net\/web40\/#organization\",\"name\":\"NouBarris.Net\",\"url\":\"https:\/\/www.noubarris.net\/web40\/\",\"logo\":{\"@type\":\"ImageObject\",\"inLanguage\":\"ca\",\"@id\":\"https:\/\/www.noubarris.net\/web40\/#\/schema\/logo\/image\/\",\"url\":\"https:\/\/www.noubarris.net\/web40\/wp-content\/uploads\/2024\/11\/cropped-cropped-LOGO_9BTV-2024_Insta-1.jpg\",\"contentUrl\":\"https:\/\/www.noubarris.net\/web40\/wp-content\/uploads\/2024\/11\/cropped-cropped-LOGO_9BTV-2024_Insta-1.jpg\",\"width\":512,\"height\":512,\"caption\":\"NouBarris.Net\"},\"image\":{\"@id\":\"https:\/\/www.noubarris.net\/web40\/#\/schema\/logo\/image\/\"},\"sameAs\":[\"https:\/\/www.facebook.com\/NouBarris.net\/?locale=es_ES\",\"https:\/\/x.com\/9BTV\"]},{\"@type\":\"Person\",\"@id\":\"https:\/\/www.noubarris.net\/web40\/#\/schema\/person\/1827f92aaa316c54abbf4dac0de76069\",\"name\":\"Informatius\",\"image\":{\"@type\":\"ImageObject\",\"inLanguage\":\"ca\",\"@id\":\"https:\/\/www.noubarris.net\/web40\/#\/schema\/person\/image\/\",\"url\":\"https:\/\/secure.gravatar.com\/avatar\/87a3b47928835fc72c6ee5b0e1a7263ef0c2d05003a98189bc14926c5f11bcdb?s=96&d=mm&r=g\",\"contentUrl\":\"https:\/\/secure.gravatar.com\/avatar\/87a3b47928835fc72c6ee5b0e1a7263ef0c2d05003a98189bc14926c5f11bcdb?s=96&d=mm&r=g\",\"caption\":\"Informatius\"},\"url\":\"https:\/\/www.noubarris.net\/web40\/author\/tele\/\"}]}<\/script>\n<!-- \/ Yoast SEO plugin. -->","yoast_head_json":{"title":"La Covid-19 a Nou Barris, en fotografies de Lorena Sopena - NouBarris.Net","robots":{"index":"index","follow":"follow","max-snippet":"max-snippet:-1","max-image-preview":"max-image-preview:large","max-video-preview":"max-video-preview:-1"},"canonical":"https:\/\/www.noubarris.net\/web40\/la-covid-19-a-nou-barris-en-fotografies-de-lorena-sopena\/","og_locale":"ca_ES","og_type":"article","og_title":"La Covid-19 a Nou Barris, en fotografies de Lorena Sopena - NouBarris.Net","og_description":"Can Bast\u00e9 exposa virtualment un recull de les instant\u00e0nies de la jove activista La ve\u00efna i activista noubarrienca Lorena Sopena","og_url":"https:\/\/www.noubarris.net\/web40\/la-covid-19-a-nou-barris-en-fotografies-de-lorena-sopena\/","og_site_name":"NouBarris.Net","article_publisher":"https:\/\/www.facebook.com\/NouBarris.net\/?locale=es_ES","article_published_time":"2020-05-16T22:00:15+00:00","og_image":[{"width":768,"height":432,"url":"https:\/\/www.noubarris.net\/web40\/wp-content\/uploads\/2020\/05\/170520.jpg","type":"image\/jpeg"}],"author":"Informatius","twitter_card":"summary_large_image","twitter_creator":"@9BTV","twitter_site":"@9BTV","twitter_misc":{"Escrit per":"Informatius","Temps estimat de lectura":"2 minuts"},"schema":{"@context":"https:\/\/schema.org","@graph":[{"@type":"Article","@id":"https:\/\/www.noubarris.net\/web40\/la-covid-19-a-nou-barris-en-fotografies-de-lorena-sopena\/#article","isPartOf":{"@id":"https:\/\/www.noubarris.net\/web40\/la-covid-19-a-nou-barris-en-fotografies-de-lorena-sopena\/"},"author":{"name":"Informatius","@id":"https:\/\/www.noubarris.net\/web40\/#\/schema\/person\/1827f92aaa316c54abbf4dac0de76069"},"headline":"La Covid-19 a Nou Barris, en fotografies de Lorena Sopena","datePublished":"2020-05-16T22:00:15+00:00","mainEntityOfPage":{"@id":"https:\/\/www.noubarris.net\/web40\/la-covid-19-a-nou-barris-en-fotografies-de-lorena-sopena\/"},"wordCount":337,"publisher":{"@id":"https:\/\/www.noubarris.net\/web40\/#organization"},"image":{"@id":"https:\/\/www.noubarris.net\/web40\/la-covid-19-a-nou-barris-en-fotografies-de-lorena-sopena\/#primaryimage"},"thumbnailUrl":"https:\/\/www.noubarris.net\/web40\/wp-content\/uploads\/2020\/05\/170520.jpg","keywords":["Can Bast\u00e9","coronavirus","Fotografia","Nou Barris","sensellarisme"],"articleSection":["Cultura","Nou Barris"],"inLanguage":"ca"},{"@type":"WebPage","@id":"https:\/\/www.noubarris.net\/web40\/la-covid-19-a-nou-barris-en-fotografies-de-lorena-sopena\/","url":"https:\/\/www.noubarris.net\/web40\/la-covid-19-a-nou-barris-en-fotografies-de-lorena-sopena\/","name":"La Covid-19 a Nou Barris, en fotografies de Lorena Sopena - NouBarris.Net","isPartOf":{"@id":"https:\/\/www.noubarris.net\/web40\/#website"},"primaryImageOfPage":{"@id":"https:\/\/www.noubarris.net\/web40\/la-covid-19-a-nou-barris-en-fotografies-de-lorena-sopena\/#primaryimage"},"image":{"@id":"https:\/\/www.noubarris.net\/web40\/la-covid-19-a-nou-barris-en-fotografies-de-lorena-sopena\/#primaryimage"},"thumbnailUrl":"https:\/\/www.noubarris.net\/web40\/wp-content\/uploads\/2020\/05\/170520.jpg","datePublished":"2020-05-16T22:00:15+00:00","breadcrumb":{"@id":"https:\/\/www.noubarris.net\/web40\/la-covid-19-a-nou-barris-en-fotografies-de-lorena-sopena\/#breadcrumb"},"inLanguage":"ca","potentialAction":[{"@type":"ReadAction","target":["https:\/\/www.noubarris.net\/web40\/la-covid-19-a-nou-barris-en-fotografies-de-lorena-sopena\/"]}]},{"@type":"ImageObject","inLanguage":"ca","@id":"https:\/\/www.noubarris.net\/web40\/la-covid-19-a-nou-barris-en-fotografies-de-lorena-sopena\/#primaryimage","url":"https:\/\/www.noubarris.net\/web40\/wp-content\/uploads\/2020\/05\/170520.jpg","contentUrl":"https:\/\/www.noubarris.net\/web40\/wp-content\/uploads\/2020\/05\/170520.jpg","width":768,"height":432},{"@type":"BreadcrumbList","@id":"https:\/\/www.noubarris.net\/web40\/la-covid-19-a-nou-barris-en-fotografies-de-lorena-sopena\/#breadcrumb","itemListElement":[{"@type":"ListItem","position":1,"name":"Inici","item":"https:\/\/www.noubarris.net\/web40\/"},{"@type":"ListItem","position":2,"name":"La Covid-19 a Nou Barris, en fotografies de Lorena Sopena"}]},{"@type":"WebSite","@id":"https:\/\/www.noubarris.net\/web40\/#website","url":"https:\/\/www.noubarris.net\/web40\/","name":"NouBarris.Net","description":"Seguint la vida de Nou Barris des de 1985","publisher":{"@id":"https:\/\/www.noubarris.net\/web40\/#organization"},"potentialAction":[{"@type":"SearchAction","target":{"@type":"EntryPoint","urlTemplate":"https:\/\/www.noubarris.net\/web40\/?s={search_term_string}"},"query-input":{"@type":"PropertyValueSpecification","valueRequired":true,"valueName":"search_term_string"}}],"inLanguage":"ca"},{"@type":"Organization","@id":"https:\/\/www.noubarris.net\/web40\/#organization","name":"NouBarris.Net","url":"https:\/\/www.noubarris.net\/web40\/","logo":{"@type":"ImageObject","inLanguage":"ca","@id":"https:\/\/www.noubarris.net\/web40\/#\/schema\/logo\/image\/","url":"https:\/\/www.noubarris.net\/web40\/wp-content\/uploads\/2024\/11\/cropped-cropped-LOGO_9BTV-2024_Insta-1.jpg","contentUrl":"https:\/\/www.noubarris.net\/web40\/wp-content\/uploads\/2024\/11\/cropped-cropped-LOGO_9BTV-2024_Insta-1.jpg","width":512,"height":512,"caption":"NouBarris.Net"},"image":{"@id":"https:\/\/www.noubarris.net\/web40\/#\/schema\/logo\/image\/"},"sameAs":["https:\/\/www.facebook.com\/NouBarris.net\/?locale=es_ES","https:\/\/x.com\/9BTV"]},{"@type":"Person","@id":"https:\/\/www.noubarris.net\/web40\/#\/schema\/person\/1827f92aaa316c54abbf4dac0de76069","name":"Informatius","image":{"@type":"ImageObject","inLanguage":"ca","@id":"https:\/\/www.noubarris.net\/web40\/#\/schema\/person\/image\/","url":"https:\/\/secure.gravatar.com\/avatar\/87a3b47928835fc72c6ee5b0e1a7263ef0c2d05003a98189bc14926c5f11bcdb?s=96&d=mm&r=g","contentUrl":"https:\/\/secure.gravatar.com\/avatar\/87a3b47928835fc72c6ee5b0e1a7263ef0c2d05003a98189bc14926c5f11bcdb?s=96&d=mm&r=g","caption":"Informatius"},"url":"https:\/\/www.noubarris.net\/web40\/author\/tele\/"}]}},"_links":{"self":[{"href":"https:\/\/www.noubarris.net\/web40\/wp-json\/wp\/v2\/posts\/75742","targetHints":{"allow":["GET"]}}],"collection":[{"href":"https:\/\/www.noubarris.net\/web40\/wp-json\/wp\/v2\/posts"}],"about":[{"href":"https:\/\/www.noubarris.net\/web40\/wp-json\/wp\/v2\/types\/post"}],"author":[{"embeddable":true,"href":"https:\/\/www.noubarris.net\/web40\/wp-json\/wp\/v2\/users\/2"}],"replies":[{"embeddable":true,"href":"https:\/\/www.noubarris.net\/web40\/wp-json\/wp\/v2\/comments?post=75742"}],"version-history":[{"count":0,"href":"https:\/\/www.noubarris.net\/web40\/wp-json\/wp\/v2\/posts\/75742\/revisions"}],"wp:featuredmedia":[{"embeddable":true,"href":"https:\/\/www.noubarris.net\/web40\/wp-json\/wp\/v2\/media\/75745"}],"wp:attachment":[{"href":"https:\/\/www.noubarris.net\/web40\/wp-json\/wp\/v2\/media?parent=75742"}],"wp:term":[{"taxonomy":"category","embeddable":true,"href":"https:\/\/www.noubarris.net\/web40\/wp-json\/wp\/v2\/categories?post=75742"},{"taxonomy":"post_tag","embeddable":true,"href":"https:\/\/www.noubarris.net\/web40\/wp-json\/wp\/v2\/tags?post=75742"}],"curies":[{"name":"wp","href":"https:\/\/api.w.org\/{rel}","templated":true}]}}