{"id":75747,"date":"2020-05-16T00:00:24","date_gmt":"2020-05-15T22:00:24","guid":{"rendered":"http:\/\/www.noubarris.net\/web40\/?p=75747"},"modified":"2020-05-15T20:06:04","modified_gmt":"2020-05-15T18:06:04","slug":"un-cap-de-setmana-dactes-confinats-contra-la-lgbti-fobia","status":"publish","type":"post","link":"https:\/\/www.noubarris.net\/web40\/un-cap-de-setmana-dactes-confinats-contra-la-lgbti-fobia\/","title":{"rendered":"Un cap de setmana d&#8217;actes confinats contra la LGBTI-f\u00f2bia"},"content":{"rendered":"<p><strong>El col\u00b7lectiu Nou Barris LGTBI convida a penjar pancartes als balcons i a unir-se a una cassolada aquest vespre<\/strong><\/p>\n<p>Dem\u00e0 es commemora el Dia Internacional Contra l&#8217;Homof\u00f2bia, la Transf\u00f2bia i la Bif\u00f2bia. Es va triar el 17 de maig per recordar que aquell dia del 1990 l&#8217;Organitzaci\u00f3 Mundial de la Salut va desclassificar l&#8217;homosexualitat com a malaltia mental. Aquest any no hi hauran manifestacions ni grans actes al carrer per l&#8217;estat d&#8217;alarma, i l&#8217;agenda reivindicativa s&#8217;ha adaptat a les circumst\u00e0ncies.<\/p>\n<p>Aquest vespre, les diverses entitats del m\u00f3n LGBTI han convocat a tota Catalunya una cassolada contra l&#8217;LGBTI-f\u00f2bia a les 20.30h, des dels balcons. En el cas de Nou Barris, s&#8217;afegeix la possibilitat d&#8217;apropar-se, complint les mesures de seguretat, a la pla\u00e7a de la Rep\u00fablica.<br \/>\nEl col\u00b7lectiu del districte, <a href=\"https:\/\/twitter.com\/NouBarrisLGBTI\" target=\"_blank\" rel=\"noopener noreferrer\">Nou Barris LGBTI<\/a> organitza avui a les 19h, a m\u00e9s, una xerrada i un v\u00eddeo en streaming, <a href=\"https:\/\/www.youtube.com\/channel\/UCrVWariTU3GpJtjnjuCCcnw\">a trav\u00e9s del seu canal de Youtube<\/a>, al voltant del tema del sexili, acr\u00f2nim de sexual + exili. Volen obrir el debat sobre aquest terme, el sexili, que fa refer\u00e8ncia a la fugida que emprenen les persones LGTBI de zones rurals i petites viles cap a la gran ciutat amb la intenci\u00f3 de deixar enrere la pressi\u00f3 social i la discriminaci\u00f3, i trobar a l&#8217;\u00e0rea urbana anonimat i un cercle &#8216;friendly&#8217;. Seguint aquesta l\u00ednia, l&#8217;entitat noubarrienca posa a debat tamb\u00e9 la necessitat de descentralitzar i desconcentrar aquestes \u00e0rees d&#8217;ambient t\u00edpiques, com ara el &#8216;Gaixample&#8217;, la zona de l&#8217;Eixample coneguda per concentrar un gran nombre d&#8217;establiments orientats i regentats per persones del m\u00f3n LGBTI.<\/p>\n<p>De cara a dem\u00e0, fan una crida a penjar pancartes reivindicatives dels balcons. En el seu cas, el lema que han triat aquest any \u00e9s &#8220;A #NouBarris, contra l&#8217;LGBTI-f\u00f2bia, responem totes!&#8221;<\/p>\n<p>Dissabte:<\/p>\n<p>19h Xerrada sobre el sexili.<\/p>\n<p>20.30 h #Cassolada16M a tots els balcons, i a la pla\u00e7a de la Rep\u00fablica (amb mesures de seguretat).<\/p>\n<p>Diumenge:<\/p>\n<p>Penja al teu balc\u00f3 una pancarta!<\/p>\n<p>13h Acte Pol\u00edtic online<\/p>\n","protected":false},"excerpt":{"rendered":"<p>El col\u00b7lectiu Nou Barris LGTBI convida a penjar pancartes als balcons i a unir-se a una cassolada aquest vespre Dem\u00e0<\/p>\n","protected":false},"author":2,"featured_media":75748,"comment_status":"closed","ping_status":"closed","sticky":false,"template":"","format":"standard","meta":{"colormag_page_layout":"default_layout","_monsterinsights_skip_tracking":false,"_monsterinsights_sitenote_active":false,"_monsterinsights_sitenote_note":"","_monsterinsights_sitenote_category":0,"footnotes":""},"categories":[1,124],"tags":[618,319],"class_list":["post-75747","post","type-post","status-publish","format-standard","has-post-thumbnail","hentry","category-nou-barris","category-societat","tag-lgtbi","tag-nou-barris"],"yoast_head":"<!-- This site is optimized with the Yoast SEO plugin v25.3 - https:\/\/yoast.com\/wordpress\/plugins\/seo\/ -->\n<title>Un cap de setmana d&#039;actes confinats contra la LGBTI-f\u00f2bia - NouBarris.Net<\/title>\n<meta name=\"robots\" content=\"index, follow, max-snippet:-1, max-image-preview:large, max-video-preview:-1\" \/>\n<link rel=\"canonical\" href=\"https:\/\/www.noubarris.net\/web40\/un-cap-de-setmana-dactes-confinats-contra-la-lgbti-fobia\/\" \/>\n<meta property=\"og:locale\" content=\"ca_ES\" \/>\n<meta property=\"og:type\" content=\"article\" \/>\n<meta property=\"og:title\" content=\"Un cap de setmana d&#039;actes confinats contra la LGBTI-f\u00f2bia - NouBarris.Net\" \/>\n<meta property=\"og:description\" content=\"El col\u00b7lectiu Nou Barris LGTBI convida a penjar pancartes als balcons i a unir-se a una cassolada aquest vespre Dem\u00e0\" \/>\n<meta property=\"og:url\" content=\"https:\/\/www.noubarris.net\/web40\/un-cap-de-setmana-dactes-confinats-contra-la-lgbti-fobia\/\" \/>\n<meta property=\"og:site_name\" content=\"NouBarris.Net\" \/>\n<meta property=\"article:publisher\" content=\"https:\/\/www.facebook.com\/NouBarris.net\/?locale=es_ES\" \/>\n<meta property=\"article:published_time\" content=\"2020-05-15T22:00:24+00:00\" \/>\n<meta property=\"og:image\" content=\"https:\/\/www.noubarris.net\/web40\/wp-content\/uploads\/2020\/05\/160520.jpg\" \/>\n\t<meta property=\"og:image:width\" content=\"768\" \/>\n\t<meta property=\"og:image:height\" content=\"432\" \/>\n\t<meta property=\"og:image:type\" content=\"image\/jpeg\" \/>\n<meta name=\"author\" content=\"Informatius\" \/>\n<meta name=\"twitter:card\" content=\"summary_large_image\" \/>\n<meta name=\"twitter:creator\" content=\"@9BTV\" \/>\n<meta name=\"twitter:site\" content=\"@9BTV\" \/>\n<meta name=\"twitter:label1\" content=\"Escrit per\" \/>\n\t<meta name=\"twitter:data1\" content=\"Informatius\" \/>\n\t<meta name=\"twitter:label2\" content=\"Temps estimat de lectura\" \/>\n\t<meta name=\"twitter:data2\" content=\"2 minuts\" \/>\n<script type=\"application\/ld+json\" class=\"yoast-schema-graph\">{\"@context\":\"https:\/\/schema.org\",\"@graph\":[{\"@type\":\"Article\",\"@id\":\"https:\/\/www.noubarris.net\/web40\/un-cap-de-setmana-dactes-confinats-contra-la-lgbti-fobia\/#article\",\"isPartOf\":{\"@id\":\"https:\/\/www.noubarris.net\/web40\/un-cap-de-setmana-dactes-confinats-contra-la-lgbti-fobia\/\"},\"author\":{\"name\":\"Informatius\",\"@id\":\"https:\/\/www.noubarris.net\/web40\/#\/schema\/person\/1827f92aaa316c54abbf4dac0de76069\"},\"headline\":\"Un cap de setmana d&#8217;actes confinats contra la LGBTI-f\u00f2bia\",\"datePublished\":\"2020-05-15T22:00:24+00:00\",\"mainEntityOfPage\":{\"@id\":\"https:\/\/www.noubarris.net\/web40\/un-cap-de-setmana-dactes-confinats-contra-la-lgbti-fobia\/\"},\"wordCount\":370,\"publisher\":{\"@id\":\"https:\/\/www.noubarris.net\/web40\/#organization\"},\"image\":{\"@id\":\"https:\/\/www.noubarris.net\/web40\/un-cap-de-setmana-dactes-confinats-contra-la-lgbti-fobia\/#primaryimage\"},\"thumbnailUrl\":\"https:\/\/www.noubarris.net\/web40\/wp-content\/uploads\/2020\/05\/160520.jpg\",\"keywords\":[\"LGTBI\",\"Nou Barris\"],\"articleSection\":[\"Nou Barris\",\"Societat\"],\"inLanguage\":\"ca\"},{\"@type\":\"WebPage\",\"@id\":\"https:\/\/www.noubarris.net\/web40\/un-cap-de-setmana-dactes-confinats-contra-la-lgbti-fobia\/\",\"url\":\"https:\/\/www.noubarris.net\/web40\/un-cap-de-setmana-dactes-confinats-contra-la-lgbti-fobia\/\",\"name\":\"Un cap de setmana d'actes confinats contra la LGBTI-f\u00f2bia - NouBarris.Net\",\"isPartOf\":{\"@id\":\"https:\/\/www.noubarris.net\/web40\/#website\"},\"primaryImageOfPage\":{\"@id\":\"https:\/\/www.noubarris.net\/web40\/un-cap-de-setmana-dactes-confinats-contra-la-lgbti-fobia\/#primaryimage\"},\"image\":{\"@id\":\"https:\/\/www.noubarris.net\/web40\/un-cap-de-setmana-dactes-confinats-contra-la-lgbti-fobia\/#primaryimage\"},\"thumbnailUrl\":\"https:\/\/www.noubarris.net\/web40\/wp-content\/uploads\/2020\/05\/160520.jpg\",\"datePublished\":\"2020-05-15T22:00:24+00:00\",\"breadcrumb\":{\"@id\":\"https:\/\/www.noubarris.net\/web40\/un-cap-de-setmana-dactes-confinats-contra-la-lgbti-fobia\/#breadcrumb\"},\"inLanguage\":\"ca\",\"potentialAction\":[{\"@type\":\"ReadAction\",\"target\":[\"https:\/\/www.noubarris.net\/web40\/un-cap-de-setmana-dactes-confinats-contra-la-lgbti-fobia\/\"]}]},{\"@type\":\"ImageObject\",\"inLanguage\":\"ca\",\"@id\":\"https:\/\/www.noubarris.net\/web40\/un-cap-de-setmana-dactes-confinats-contra-la-lgbti-fobia\/#primaryimage\",\"url\":\"https:\/\/www.noubarris.net\/web40\/wp-content\/uploads\/2020\/05\/160520.jpg\",\"contentUrl\":\"https:\/\/www.noubarris.net\/web40\/wp-content\/uploads\/2020\/05\/160520.jpg\",\"width\":768,\"height\":432},{\"@type\":\"BreadcrumbList\",\"@id\":\"https:\/\/www.noubarris.net\/web40\/un-cap-de-setmana-dactes-confinats-contra-la-lgbti-fobia\/#breadcrumb\",\"itemListElement\":[{\"@type\":\"ListItem\",\"position\":1,\"name\":\"Inici\",\"item\":\"https:\/\/www.noubarris.net\/web40\/\"},{\"@type\":\"ListItem\",\"position\":2,\"name\":\"Un cap de setmana d&#8217;actes confinats contra la LGBTI-f\u00f2bia\"}]},{\"@type\":\"WebSite\",\"@id\":\"https:\/\/www.noubarris.net\/web40\/#website\",\"url\":\"https:\/\/www.noubarris.net\/web40\/\",\"name\":\"NouBarris.Net\",\"description\":\"Seguint la vida de Nou Barris des de 1985\",\"publisher\":{\"@id\":\"https:\/\/www.noubarris.net\/web40\/#organization\"},\"potentialAction\":[{\"@type\":\"SearchAction\",\"target\":{\"@type\":\"EntryPoint\",\"urlTemplate\":\"https:\/\/www.noubarris.net\/web40\/?s={search_term_string}\"},\"query-input\":{\"@type\":\"PropertyValueSpecification\",\"valueRequired\":true,\"valueName\":\"search_term_string\"}}],\"inLanguage\":\"ca\"},{\"@type\":\"Organization\",\"@id\":\"https:\/\/www.noubarris.net\/web40\/#organization\",\"name\":\"NouBarris.Net\",\"url\":\"https:\/\/www.noubarris.net\/web40\/\",\"logo\":{\"@type\":\"ImageObject\",\"inLanguage\":\"ca\",\"@id\":\"https:\/\/www.noubarris.net\/web40\/#\/schema\/logo\/image\/\",\"url\":\"https:\/\/www.noubarris.net\/web40\/wp-content\/uploads\/2024\/11\/cropped-cropped-LOGO_9BTV-2024_Insta-1.jpg\",\"contentUrl\":\"https:\/\/www.noubarris.net\/web40\/wp-content\/uploads\/2024\/11\/cropped-cropped-LOGO_9BTV-2024_Insta-1.jpg\",\"width\":512,\"height\":512,\"caption\":\"NouBarris.Net\"},\"image\":{\"@id\":\"https:\/\/www.noubarris.net\/web40\/#\/schema\/logo\/image\/\"},\"sameAs\":[\"https:\/\/www.facebook.com\/NouBarris.net\/?locale=es_ES\",\"https:\/\/x.com\/9BTV\"]},{\"@type\":\"Person\",\"@id\":\"https:\/\/www.noubarris.net\/web40\/#\/schema\/person\/1827f92aaa316c54abbf4dac0de76069\",\"name\":\"Informatius\",\"image\":{\"@type\":\"ImageObject\",\"inLanguage\":\"ca\",\"@id\":\"https:\/\/www.noubarris.net\/web40\/#\/schema\/person\/image\/\",\"url\":\"https:\/\/secure.gravatar.com\/avatar\/87a3b47928835fc72c6ee5b0e1a7263ef0c2d05003a98189bc14926c5f11bcdb?s=96&d=mm&r=g\",\"contentUrl\":\"https:\/\/secure.gravatar.com\/avatar\/87a3b47928835fc72c6ee5b0e1a7263ef0c2d05003a98189bc14926c5f11bcdb?s=96&d=mm&r=g\",\"caption\":\"Informatius\"},\"url\":\"https:\/\/www.noubarris.net\/web40\/author\/tele\/\"}]}<\/script>\n<!-- \/ Yoast SEO plugin. -->","yoast_head_json":{"title":"Un cap de setmana d'actes confinats contra la LGBTI-f\u00f2bia - NouBarris.Net","robots":{"index":"index","follow":"follow","max-snippet":"max-snippet:-1","max-image-preview":"max-image-preview:large","max-video-preview":"max-video-preview:-1"},"canonical":"https:\/\/www.noubarris.net\/web40\/un-cap-de-setmana-dactes-confinats-contra-la-lgbti-fobia\/","og_locale":"ca_ES","og_type":"article","og_title":"Un cap de setmana d'actes confinats contra la LGBTI-f\u00f2bia - NouBarris.Net","og_description":"El col\u00b7lectiu Nou Barris LGTBI convida a penjar pancartes als balcons i a unir-se a una cassolada aquest vespre Dem\u00e0","og_url":"https:\/\/www.noubarris.net\/web40\/un-cap-de-setmana-dactes-confinats-contra-la-lgbti-fobia\/","og_site_name":"NouBarris.Net","article_publisher":"https:\/\/www.facebook.com\/NouBarris.net\/?locale=es_ES","article_published_time":"2020-05-15T22:00:24+00:00","og_image":[{"width":768,"height":432,"url":"https:\/\/www.noubarris.net\/web40\/wp-content\/uploads\/2020\/05\/160520.jpg","type":"image\/jpeg"}],"author":"Informatius","twitter_card":"summary_large_image","twitter_creator":"@9BTV","twitter_site":"@9BTV","twitter_misc":{"Escrit per":"Informatius","Temps estimat de lectura":"2 minuts"},"schema":{"@context":"https:\/\/schema.org","@graph":[{"@type":"Article","@id":"https:\/\/www.noubarris.net\/web40\/un-cap-de-setmana-dactes-confinats-contra-la-lgbti-fobia\/#article","isPartOf":{"@id":"https:\/\/www.noubarris.net\/web40\/un-cap-de-setmana-dactes-confinats-contra-la-lgbti-fobia\/"},"author":{"name":"Informatius","@id":"https:\/\/www.noubarris.net\/web40\/#\/schema\/person\/1827f92aaa316c54abbf4dac0de76069"},"headline":"Un cap de setmana d&#8217;actes confinats contra la LGBTI-f\u00f2bia","datePublished":"2020-05-15T22:00:24+00:00","mainEntityOfPage":{"@id":"https:\/\/www.noubarris.net\/web40\/un-cap-de-setmana-dactes-confinats-contra-la-lgbti-fobia\/"},"wordCount":370,"publisher":{"@id":"https:\/\/www.noubarris.net\/web40\/#organization"},"image":{"@id":"https:\/\/www.noubarris.net\/web40\/un-cap-de-setmana-dactes-confinats-contra-la-lgbti-fobia\/#primaryimage"},"thumbnailUrl":"https:\/\/www.noubarris.net\/web40\/wp-content\/uploads\/2020\/05\/160520.jpg","keywords":["LGTBI","Nou Barris"],"articleSection":["Nou Barris","Societat"],"inLanguage":"ca"},{"@type":"WebPage","@id":"https:\/\/www.noubarris.net\/web40\/un-cap-de-setmana-dactes-confinats-contra-la-lgbti-fobia\/","url":"https:\/\/www.noubarris.net\/web40\/un-cap-de-setmana-dactes-confinats-contra-la-lgbti-fobia\/","name":"Un cap de setmana d'actes confinats contra la LGBTI-f\u00f2bia - NouBarris.Net","isPartOf":{"@id":"https:\/\/www.noubarris.net\/web40\/#website"},"primaryImageOfPage":{"@id":"https:\/\/www.noubarris.net\/web40\/un-cap-de-setmana-dactes-confinats-contra-la-lgbti-fobia\/#primaryimage"},"image":{"@id":"https:\/\/www.noubarris.net\/web40\/un-cap-de-setmana-dactes-confinats-contra-la-lgbti-fobia\/#primaryimage"},"thumbnailUrl":"https:\/\/www.noubarris.net\/web40\/wp-content\/uploads\/2020\/05\/160520.jpg","datePublished":"2020-05-15T22:00:24+00:00","breadcrumb":{"@id":"https:\/\/www.noubarris.net\/web40\/un-cap-de-setmana-dactes-confinats-contra-la-lgbti-fobia\/#breadcrumb"},"inLanguage":"ca","potentialAction":[{"@type":"ReadAction","target":["https:\/\/www.noubarris.net\/web40\/un-cap-de-setmana-dactes-confinats-contra-la-lgbti-fobia\/"]}]},{"@type":"ImageObject","inLanguage":"ca","@id":"https:\/\/www.noubarris.net\/web40\/un-cap-de-setmana-dactes-confinats-contra-la-lgbti-fobia\/#primaryimage","url":"https:\/\/www.noubarris.net\/web40\/wp-content\/uploads\/2020\/05\/160520.jpg","contentUrl":"https:\/\/www.noubarris.net\/web40\/wp-content\/uploads\/2020\/05\/160520.jpg","width":768,"height":432},{"@type":"BreadcrumbList","@id":"https:\/\/www.noubarris.net\/web40\/un-cap-de-setmana-dactes-confinats-contra-la-lgbti-fobia\/#breadcrumb","itemListElement":[{"@type":"ListItem","position":1,"name":"Inici","item":"https:\/\/www.noubarris.net\/web40\/"},{"@type":"ListItem","position":2,"name":"Un cap de setmana d&#8217;actes confinats contra la LGBTI-f\u00f2bia"}]},{"@type":"WebSite","@id":"https:\/\/www.noubarris.net\/web40\/#website","url":"https:\/\/www.noubarris.net\/web40\/","name":"NouBarris.Net","description":"Seguint la vida de Nou Barris des de 1985","publisher":{"@id":"https:\/\/www.noubarris.net\/web40\/#organization"},"potentialAction":[{"@type":"SearchAction","target":{"@type":"EntryPoint","urlTemplate":"https:\/\/www.noubarris.net\/web40\/?s={search_term_string}"},"query-input":{"@type":"PropertyValueSpecification","valueRequired":true,"valueName":"search_term_string"}}],"inLanguage":"ca"},{"@type":"Organization","@id":"https:\/\/www.noubarris.net\/web40\/#organization","name":"NouBarris.Net","url":"https:\/\/www.noubarris.net\/web40\/","logo":{"@type":"ImageObject","inLanguage":"ca","@id":"https:\/\/www.noubarris.net\/web40\/#\/schema\/logo\/image\/","url":"https:\/\/www.noubarris.net\/web40\/wp-content\/uploads\/2024\/11\/cropped-cropped-LOGO_9BTV-2024_Insta-1.jpg","contentUrl":"https:\/\/www.noubarris.net\/web40\/wp-content\/uploads\/2024\/11\/cropped-cropped-LOGO_9BTV-2024_Insta-1.jpg","width":512,"height":512,"caption":"NouBarris.Net"},"image":{"@id":"https:\/\/www.noubarris.net\/web40\/#\/schema\/logo\/image\/"},"sameAs":["https:\/\/www.facebook.com\/NouBarris.net\/?locale=es_ES","https:\/\/x.com\/9BTV"]},{"@type":"Person","@id":"https:\/\/www.noubarris.net\/web40\/#\/schema\/person\/1827f92aaa316c54abbf4dac0de76069","name":"Informatius","image":{"@type":"ImageObject","inLanguage":"ca","@id":"https:\/\/www.noubarris.net\/web40\/#\/schema\/person\/image\/","url":"https:\/\/secure.gravatar.com\/avatar\/87a3b47928835fc72c6ee5b0e1a7263ef0c2d05003a98189bc14926c5f11bcdb?s=96&d=mm&r=g","contentUrl":"https:\/\/secure.gravatar.com\/avatar\/87a3b47928835fc72c6ee5b0e1a7263ef0c2d05003a98189bc14926c5f11bcdb?s=96&d=mm&r=g","caption":"Informatius"},"url":"https:\/\/www.noubarris.net\/web40\/author\/tele\/"}]}},"_links":{"self":[{"href":"https:\/\/www.noubarris.net\/web40\/wp-json\/wp\/v2\/posts\/75747","targetHints":{"allow":["GET"]}}],"collection":[{"href":"https:\/\/www.noubarris.net\/web40\/wp-json\/wp\/v2\/posts"}],"about":[{"href":"https:\/\/www.noubarris.net\/web40\/wp-json\/wp\/v2\/types\/post"}],"author":[{"embeddable":true,"href":"https:\/\/www.noubarris.net\/web40\/wp-json\/wp\/v2\/users\/2"}],"replies":[{"embeddable":true,"href":"https:\/\/www.noubarris.net\/web40\/wp-json\/wp\/v2\/comments?post=75747"}],"version-history":[{"count":0,"href":"https:\/\/www.noubarris.net\/web40\/wp-json\/wp\/v2\/posts\/75747\/revisions"}],"wp:featuredmedia":[{"embeddable":true,"href":"https:\/\/www.noubarris.net\/web40\/wp-json\/wp\/v2\/media\/75748"}],"wp:attachment":[{"href":"https:\/\/www.noubarris.net\/web40\/wp-json\/wp\/v2\/media?parent=75747"}],"wp:term":[{"taxonomy":"category","embeddable":true,"href":"https:\/\/www.noubarris.net\/web40\/wp-json\/wp\/v2\/categories?post=75747"},{"taxonomy":"post_tag","embeddable":true,"href":"https:\/\/www.noubarris.net\/web40\/wp-json\/wp\/v2\/tags?post=75747"}],"curies":[{"name":"wp","href":"https:\/\/api.w.org\/{rel}","templated":true}]}}