{"id":75753,"date":"2020-05-19T00:00:08","date_gmt":"2020-05-18T22:00:08","guid":{"rendered":"http:\/\/www.noubarris.net\/web40\/?p=75753"},"modified":"2020-05-15T21:18:41","modified_gmt":"2020-05-15T19:18:41","slug":"histories-de-covid-es-des-de-la-defensa-de-la-salut-publica-sap-muntanya","status":"publish","type":"post","link":"https:\/\/www.noubarris.net\/web40\/histories-de-covid-es-des-de-la-defensa-de-la-salut-publica-sap-muntanya\/","title":{"rendered":"Hist\u00f2ries de Covid-es: des de la defensa de la salut p\u00fablica, SAP Muntanya"},"content":{"rendered":"<p><strong>\u201cEsperem que haguem apr\u00e8s que ens va la vida amb un sistema sanitari que est\u00e0 retallat, maltractat, i que li hem de donar la volta\u201d<\/strong><\/p>\n<p>Des de NouBarrisNet hem volgut obrir una finestra i colar-nos en diverses llars noubarrienques per descobrir com estan vivint els ve\u00efns i ve\u00efnes aquest temps tan excepcional. En cada entrega us apropem un punt de vista particular i les preocupacions, la professionalitat, l\u2019optimisme, l\u2019entrega i la solidaritat dels noubarriencs.<\/p>\n<p>En aquest cap\u00edtol tenim a la Trini Cuesta, membre de la Vocalia de Salut de l\u2019AV Guineueta i de la coordinadora d\u2019entitats de la SAP Muntanya, l\u2019\u00e0rea sanit\u00e0ria a la qual pertany Nou Barris. Fa molts anys que lluiten contra les retallades i per la millora de l\u2019assist\u00e8ncia als diversos CAP i al nostre hospital de refer\u00e8ncia, la Vall d\u2019Hebron, per\u00f2 arran aquesta crisi, encara estan m\u00e9s conven\u00e7uts que cal continuar amb les reivindicacions.<\/p>\n<p><iframe loading=\"lazy\" src=\"https:\/\/www.youtube.com\/embed\/GrNS08WnLWA\" width=\"560\" height=\"315\" frameborder=\"0\" allowfullscreen=\"allowfullscreen\"><\/iframe><\/p>\n<p>Trini Cuesta ens reconeix que el confinament no ha estat especialment dur a nivell personal. \u201cHo hem portat de la millor manera possible. Comparteixo la vida amb la meva parella, som dues persones adultes, no hem tingut cap problema de salut, m\u00e9s enll\u00e0 del primer estat de xoc dels primers dies, com suposo que la majoria de gent.\u201d<\/p>\n<p>Per\u00f2 superada la sorpresa del primer moment, les entitats ve\u00efnals que conformen la coordinadora del SAP Muntanya es van posar a treballar. \u201cLa primera causa de preocupaci\u00f3 va ser pensar en la poblaci\u00f3 del nostre districte, colpejada ja abans per la crisi. Qu\u00e8 li podia suposar aquest confinament? De sobte, persones grans, molt vulnerables, fam\u00edlies monoparentals o fam\u00edlies en general, no anaven a tenir ingressos ni les necessitats b\u00e0siques cobertes amb el confinament. Vam comen\u00e7ar a treballar juntament amb altres entitats del districte creant xarxes de suport, contactant amb Serveis Socials. I sembla que s\u2019ha fet un bon treball. \u00c9s una soluci\u00f3 pal\u00b7liativa, no est\u00e0 solucionat. Una reflexi\u00f3 que hem fet moltes vegades a casa \u00e9s que el coronavirus acabar\u00e0 marxant tard o d\u2019hora, per\u00f2 les seq\u00fceles que deixar\u00e0 ser\u00e0 el virus de la precarietat, de la desigualtat, de la pobresa&#8230; i aquest virus \u00e9s el que tamb\u00e9 hem d\u2019intentar d\u2019erradicar.\u201d<\/p>\n<p><strong>Seguiment de prop<\/strong><\/p>\n<p>Des de la coordinadora d\u2019entitats del SAP Muntanya han mantingut en tot moment contacte amb els professionals de la Vall d\u2019Hebron i dels diferents CAP, per con\u00e8ixer de primera m\u00e0 la situaci\u00f3 que s\u2019hi vivia. \u201cSempre preocupant-nos per les seves necessitats. Hi havia alguns CAP amb molt personal de baixa, contagiats, han viscut situacions molt complicades i per a nosaltres era important tenir aquest contacte i oferir-los col\u00b7laboraci\u00f3. A partir del CAP, si detectaven casos de vulnerabilitat, junt amb Serveis Socials, pod\u00edem intervenir&#8230; tot aquest entramat de xarxa social ha estat molt important.\u201d<\/p>\n<p>Tamb\u00e9 han intercedit entre els centres sanitaris i les fam\u00edlies. \u201cHem at\u00e8s a persones que ens han trucat desesperades perqu\u00e8 l\u2019ambul\u00e0ncia s\u2019havia emportat el seu familiar i no en sabien res. Hem tingut trucades de persones que estaven en risc perqu\u00e8 no se les havia at\u00e8s amb un problema de salut greu. Amb tota la vor\u00e0gine que ha viscut l\u2019hospital doncs era comprensible, per\u00f2 hi havia temes d\u2019oncologia greu que no podien esperar.\u201d I del resultat de les gestions n\u2019estan bens satisfets. \u201cHem de celebrar que des de l\u2019hospital sempre hem tingut molt bona resposta. Felicitats a tanta gent que ha treballant tant per tenir cura de nosaltres.\u201d<\/p>\n<p><strong>Campanya \u2018Cap CAP tancat\u2019<\/strong><\/p>\n<p>Des que va comen\u00e7ar la pand\u00e8mia, la coordinadora ha engegat diverses campanyes. La primera va ser \u2018Cap CAP tancat\u2019. \u201cHi va haver un moment en qu\u00e8 Nou Barris era el districte amb m\u00e9s gent contagiada de tota Barcelona. I aleshores ens anaven arribant not\u00edcies que intentaven emportar-se personal dels CAP a altre recursos sanitaris, com els hospitals de campanya o el pavell\u00f3 de la Vall d\u2019Hebron, i anaven a deixar els centre de salut a mig gas o els anaven a tancar. Hi havia la possibilitat. R\u00e0pidament vam engegar una campanya que es deia \u201cCap CAP tancat\u201d. En menys de 24 hores ten\u00edem un munt de fotografies de persones que participaven a la campanya, vam aconseguir que no es tanquessin els centres de salut del nostre districte i, a m\u00e9s, a proposta b\u00e0sicament dels equips d\u2019atenci\u00f3 prim\u00e0ria, els centres de salut van quedar oberts els caps de setmana, dissabtes i diumenges.\u201d<\/p>\n<p><strong>La campanya pels PCR<\/strong><\/p>\n<p>Aquests dies tamb\u00e9 han pujat a les xarxes socials les imatges de la segona campanya que han engegat, la que demana els tests PCR, per detectar els contagis, als CAP, com una manera de detectar focus i a\u00efllar-los. Aix\u00f2 s\u00ed, els tests sempre per a persones amb s\u00edmptomes sospitosos de la Covid-19. \u201cEls metges de fam\u00edlia la setmana passada ens deien que no en tenien, mentre que les autoritats sanit\u00e0ries deien a trav\u00e9s dels mitjans de comunicaci\u00f3 que anaven a arribar ja els tests. En dos dies vam tenir m\u00e9s de 700 fotografies de persones que volien col\u00b7laborar amb la campanya \u201cPCR a prim\u00e0ria ja!\u201d i a dia d\u2019avui ja sabem que estan arribant els tests a una gran part de centres de salut.\u201d<\/p>\n<p><strong>Les resid\u00e8ncies de gent gran<\/strong><\/p>\n<p>Aquestes dues lluites es van lliurar sobretot a les xarxes socials. La que acaben de comen\u00e7ar \u00e9s m\u00e9s seriosa, i pretenen que sigui als jutjats. \u201cUna altra gran campanya que hem fet juntament amb altres col\u00b7lectius com Marea Blanca i la Coordinadora de Resid\u00e8ncies 5+1 \u00e9s denunciar la cat\u00e0strofe a les resid\u00e8ncies de gent gran. Ha estat el col\u00b7lectiu que m\u00e9s ha patit, creiem que s\u2019ha faltat al deure d\u2019assist\u00e8ncia. \u00c9s una campanya que hem comen\u00e7at amb una den\u00fancia a fiscalia. Seguirem intentant que no es torni a repetir el que ha passat, s\u2019ha sacrificat a una poblaci\u00f3 indefensa.\u201d<\/p>\n<p>Un futur de lluita<\/p>\n<p>Davant tot aquest panorama, la Trini afirma que caldr\u00e0 reivindicar i molt la sanitat p\u00fablica. \u201cQuin futur preveiem? Molt complicat. Les necessitats socials i sanit\u00e0ries continuaran augmentant. No sabem quan es reprendran les activitats normalitzades, de totes aquestes activitats que s\u2019han deixat de fer, com operacions quir\u00fargiques, proves diagn\u00f2stiques, reprendre l\u2019activitat normalitzada als CAP. L\u2019\u00fanic que podem dir \u00e9s que seguim en un proc\u00e9s complicat. Nosaltres com SAP Muntanya i amb les entitats del districte i de fora del districte continuarem treballant per intentar que la poblaci\u00f3 no quedi desatesa. I sobretot fem una crida a seguir tenint molta cura amb les normes de seguretat. Arribar\u00e0 el dia en qu\u00e8 podrem tornar a trepitjar el carrer novament. Esperem que haguem apr\u00e8s alguna cosa de tot aix\u00f2 i \u00e9s que ens va la vida amb un sistema sanitari que est\u00e0 retallat, maltractat, amb el personal precaritzat. Hem de donar-li la volta i nom\u00e9s ho podrem fer si col\u00b7lectivament prenem consci\u00e8ncia que \u00e9s necessari, com un servei p\u00fablic essencial, defensar-ho a capa i espada. No pot tornar a passar el que ha passat. Fa anys que denunciem les retallades, les privatitzacions, la precarietat. B\u00e0sicament volem fora a la sanitat privada, volem un sistema sanitari 100% i universal, que no deixi ning\u00fa fora. Millorar el sistema sanitari amb els recursos que necessiti, els pressupostos que necessita. Arribar\u00e0 el moment en qu\u00e8 ens veurem als carrers, de nou, segur.\u201d<\/p>\n","protected":false},"excerpt":{"rendered":"<p>\u201cEsperem que haguem apr\u00e8s que ens va la vida amb un sistema sanitari que est\u00e0 retallat, maltractat, i que li<\/p>\n","protected":false},"author":2,"featured_media":75754,"comment_status":"closed","ping_status":"closed","sticky":false,"template":"","format":"standard","meta":{"colormag_page_layout":"default_layout","_monsterinsights_skip_tracking":false,"_monsterinsights_sitenote_active":false,"_monsterinsights_sitenote_note":"","_monsterinsights_sitenote_category":0,"footnotes":""},"categories":[1,124],"tags":[640,319,272,584],"class_list":["post-75753","post","type-post","status-publish","format-standard","has-post-thumbnail","hentry","category-nou-barris","category-societat","tag-coronavirus","tag-nou-barris","tag-salut","tag-sap-muntanya"],"yoast_head":"<!-- This site is optimized with the Yoast SEO plugin v25.3 - https:\/\/yoast.com\/wordpress\/plugins\/seo\/ -->\n<title>Hist\u00f2ries de Covid-es: des de la defensa de la salut p\u00fablica, SAP Muntanya - NouBarris.Net<\/title>\n<meta name=\"robots\" content=\"index, follow, max-snippet:-1, max-image-preview:large, max-video-preview:-1\" \/>\n<link rel=\"canonical\" href=\"https:\/\/www.noubarris.net\/web40\/histories-de-covid-es-des-de-la-defensa-de-la-salut-publica-sap-muntanya\/\" \/>\n<meta property=\"og:locale\" content=\"ca_ES\" \/>\n<meta property=\"og:type\" content=\"article\" \/>\n<meta property=\"og:title\" content=\"Hist\u00f2ries de Covid-es: des de la defensa de la salut p\u00fablica, SAP Muntanya - NouBarris.Net\" \/>\n<meta property=\"og:description\" content=\"\u201cEsperem que haguem apr\u00e8s que ens va la vida amb un sistema sanitari que est\u00e0 retallat, maltractat, i que li\" \/>\n<meta property=\"og:url\" content=\"https:\/\/www.noubarris.net\/web40\/histories-de-covid-es-des-de-la-defensa-de-la-salut-publica-sap-muntanya\/\" \/>\n<meta property=\"og:site_name\" content=\"NouBarris.Net\" \/>\n<meta property=\"article:publisher\" content=\"https:\/\/www.facebook.com\/NouBarris.net\/?locale=es_ES\" \/>\n<meta property=\"article:published_time\" content=\"2020-05-18T22:00:08+00:00\" \/>\n<meta property=\"og:image\" content=\"https:\/\/www.noubarris.net\/web40\/wp-content\/uploads\/2020\/05\/190520.jpg\" \/>\n\t<meta property=\"og:image:width\" content=\"768\" \/>\n\t<meta property=\"og:image:height\" content=\"432\" \/>\n\t<meta property=\"og:image:type\" content=\"image\/jpeg\" \/>\n<meta name=\"author\" content=\"Informatius\" \/>\n<meta name=\"twitter:card\" content=\"summary_large_image\" \/>\n<meta name=\"twitter:creator\" content=\"@9BTV\" \/>\n<meta name=\"twitter:site\" content=\"@9BTV\" \/>\n<meta name=\"twitter:label1\" content=\"Escrit per\" \/>\n\t<meta name=\"twitter:data1\" content=\"Informatius\" \/>\n\t<meta name=\"twitter:label2\" content=\"Temps estimat de lectura\" \/>\n\t<meta name=\"twitter:data2\" content=\"6 minuts\" \/>\n<script type=\"application\/ld+json\" class=\"yoast-schema-graph\">{\"@context\":\"https:\/\/schema.org\",\"@graph\":[{\"@type\":\"Article\",\"@id\":\"https:\/\/www.noubarris.net\/web40\/histories-de-covid-es-des-de-la-defensa-de-la-salut-publica-sap-muntanya\/#article\",\"isPartOf\":{\"@id\":\"https:\/\/www.noubarris.net\/web40\/histories-de-covid-es-des-de-la-defensa-de-la-salut-publica-sap-muntanya\/\"},\"author\":{\"name\":\"Informatius\",\"@id\":\"https:\/\/www.noubarris.net\/web40\/#\/schema\/person\/1827f92aaa316c54abbf4dac0de76069\"},\"headline\":\"Hist\u00f2ries de Covid-es: des de la defensa de la salut p\u00fablica, SAP Muntanya\",\"datePublished\":\"2020-05-18T22:00:08+00:00\",\"mainEntityOfPage\":{\"@id\":\"https:\/\/www.noubarris.net\/web40\/histories-de-covid-es-des-de-la-defensa-de-la-salut-publica-sap-muntanya\/\"},\"wordCount\":1292,\"publisher\":{\"@id\":\"https:\/\/www.noubarris.net\/web40\/#organization\"},\"image\":{\"@id\":\"https:\/\/www.noubarris.net\/web40\/histories-de-covid-es-des-de-la-defensa-de-la-salut-publica-sap-muntanya\/#primaryimage\"},\"thumbnailUrl\":\"https:\/\/www.noubarris.net\/web40\/wp-content\/uploads\/2020\/05\/190520.jpg\",\"keywords\":[\"coronavirus\",\"Nou Barris\",\"Salut\",\"SAP Muntanya\"],\"articleSection\":[\"Nou Barris\",\"Societat\"],\"inLanguage\":\"ca\"},{\"@type\":\"WebPage\",\"@id\":\"https:\/\/www.noubarris.net\/web40\/histories-de-covid-es-des-de-la-defensa-de-la-salut-publica-sap-muntanya\/\",\"url\":\"https:\/\/www.noubarris.net\/web40\/histories-de-covid-es-des-de-la-defensa-de-la-salut-publica-sap-muntanya\/\",\"name\":\"Hist\u00f2ries de Covid-es: des de la defensa de la salut p\u00fablica, SAP Muntanya - NouBarris.Net\",\"isPartOf\":{\"@id\":\"https:\/\/www.noubarris.net\/web40\/#website\"},\"primaryImageOfPage\":{\"@id\":\"https:\/\/www.noubarris.net\/web40\/histories-de-covid-es-des-de-la-defensa-de-la-salut-publica-sap-muntanya\/#primaryimage\"},\"image\":{\"@id\":\"https:\/\/www.noubarris.net\/web40\/histories-de-covid-es-des-de-la-defensa-de-la-salut-publica-sap-muntanya\/#primaryimage\"},\"thumbnailUrl\":\"https:\/\/www.noubarris.net\/web40\/wp-content\/uploads\/2020\/05\/190520.jpg\",\"datePublished\":\"2020-05-18T22:00:08+00:00\",\"breadcrumb\":{\"@id\":\"https:\/\/www.noubarris.net\/web40\/histories-de-covid-es-des-de-la-defensa-de-la-salut-publica-sap-muntanya\/#breadcrumb\"},\"inLanguage\":\"ca\",\"potentialAction\":[{\"@type\":\"ReadAction\",\"target\":[\"https:\/\/www.noubarris.net\/web40\/histories-de-covid-es-des-de-la-defensa-de-la-salut-publica-sap-muntanya\/\"]}]},{\"@type\":\"ImageObject\",\"inLanguage\":\"ca\",\"@id\":\"https:\/\/www.noubarris.net\/web40\/histories-de-covid-es-des-de-la-defensa-de-la-salut-publica-sap-muntanya\/#primaryimage\",\"url\":\"https:\/\/www.noubarris.net\/web40\/wp-content\/uploads\/2020\/05\/190520.jpg\",\"contentUrl\":\"https:\/\/www.noubarris.net\/web40\/wp-content\/uploads\/2020\/05\/190520.jpg\",\"width\":768,\"height\":432},{\"@type\":\"BreadcrumbList\",\"@id\":\"https:\/\/www.noubarris.net\/web40\/histories-de-covid-es-des-de-la-defensa-de-la-salut-publica-sap-muntanya\/#breadcrumb\",\"itemListElement\":[{\"@type\":\"ListItem\",\"position\":1,\"name\":\"Inici\",\"item\":\"https:\/\/www.noubarris.net\/web40\/\"},{\"@type\":\"ListItem\",\"position\":2,\"name\":\"Hist\u00f2ries de Covid-es: des de la defensa de la salut p\u00fablica, SAP Muntanya\"}]},{\"@type\":\"WebSite\",\"@id\":\"https:\/\/www.noubarris.net\/web40\/#website\",\"url\":\"https:\/\/www.noubarris.net\/web40\/\",\"name\":\"NouBarris.Net\",\"description\":\"Seguint la vida de Nou Barris des de 1985\",\"publisher\":{\"@id\":\"https:\/\/www.noubarris.net\/web40\/#organization\"},\"potentialAction\":[{\"@type\":\"SearchAction\",\"target\":{\"@type\":\"EntryPoint\",\"urlTemplate\":\"https:\/\/www.noubarris.net\/web40\/?s={search_term_string}\"},\"query-input\":{\"@type\":\"PropertyValueSpecification\",\"valueRequired\":true,\"valueName\":\"search_term_string\"}}],\"inLanguage\":\"ca\"},{\"@type\":\"Organization\",\"@id\":\"https:\/\/www.noubarris.net\/web40\/#organization\",\"name\":\"NouBarris.Net\",\"url\":\"https:\/\/www.noubarris.net\/web40\/\",\"logo\":{\"@type\":\"ImageObject\",\"inLanguage\":\"ca\",\"@id\":\"https:\/\/www.noubarris.net\/web40\/#\/schema\/logo\/image\/\",\"url\":\"https:\/\/www.noubarris.net\/web40\/wp-content\/uploads\/2024\/11\/cropped-cropped-LOGO_9BTV-2024_Insta-1.jpg\",\"contentUrl\":\"https:\/\/www.noubarris.net\/web40\/wp-content\/uploads\/2024\/11\/cropped-cropped-LOGO_9BTV-2024_Insta-1.jpg\",\"width\":512,\"height\":512,\"caption\":\"NouBarris.Net\"},\"image\":{\"@id\":\"https:\/\/www.noubarris.net\/web40\/#\/schema\/logo\/image\/\"},\"sameAs\":[\"https:\/\/www.facebook.com\/NouBarris.net\/?locale=es_ES\",\"https:\/\/x.com\/9BTV\"]},{\"@type\":\"Person\",\"@id\":\"https:\/\/www.noubarris.net\/web40\/#\/schema\/person\/1827f92aaa316c54abbf4dac0de76069\",\"name\":\"Informatius\",\"image\":{\"@type\":\"ImageObject\",\"inLanguage\":\"ca\",\"@id\":\"https:\/\/www.noubarris.net\/web40\/#\/schema\/person\/image\/\",\"url\":\"https:\/\/secure.gravatar.com\/avatar\/87a3b47928835fc72c6ee5b0e1a7263ef0c2d05003a98189bc14926c5f11bcdb?s=96&d=mm&r=g\",\"contentUrl\":\"https:\/\/secure.gravatar.com\/avatar\/87a3b47928835fc72c6ee5b0e1a7263ef0c2d05003a98189bc14926c5f11bcdb?s=96&d=mm&r=g\",\"caption\":\"Informatius\"},\"url\":\"https:\/\/www.noubarris.net\/web40\/author\/tele\/\"}]}<\/script>\n<!-- \/ Yoast SEO plugin. -->","yoast_head_json":{"title":"Hist\u00f2ries de Covid-es: des de la defensa de la salut p\u00fablica, SAP Muntanya - NouBarris.Net","robots":{"index":"index","follow":"follow","max-snippet":"max-snippet:-1","max-image-preview":"max-image-preview:large","max-video-preview":"max-video-preview:-1"},"canonical":"https:\/\/www.noubarris.net\/web40\/histories-de-covid-es-des-de-la-defensa-de-la-salut-publica-sap-muntanya\/","og_locale":"ca_ES","og_type":"article","og_title":"Hist\u00f2ries de Covid-es: des de la defensa de la salut p\u00fablica, SAP Muntanya - NouBarris.Net","og_description":"\u201cEsperem que haguem apr\u00e8s que ens va la vida amb un sistema sanitari que est\u00e0 retallat, maltractat, i que li","og_url":"https:\/\/www.noubarris.net\/web40\/histories-de-covid-es-des-de-la-defensa-de-la-salut-publica-sap-muntanya\/","og_site_name":"NouBarris.Net","article_publisher":"https:\/\/www.facebook.com\/NouBarris.net\/?locale=es_ES","article_published_time":"2020-05-18T22:00:08+00:00","og_image":[{"width":768,"height":432,"url":"https:\/\/www.noubarris.net\/web40\/wp-content\/uploads\/2020\/05\/190520.jpg","type":"image\/jpeg"}],"author":"Informatius","twitter_card":"summary_large_image","twitter_creator":"@9BTV","twitter_site":"@9BTV","twitter_misc":{"Escrit per":"Informatius","Temps estimat de lectura":"6 minuts"},"schema":{"@context":"https:\/\/schema.org","@graph":[{"@type":"Article","@id":"https:\/\/www.noubarris.net\/web40\/histories-de-covid-es-des-de-la-defensa-de-la-salut-publica-sap-muntanya\/#article","isPartOf":{"@id":"https:\/\/www.noubarris.net\/web40\/histories-de-covid-es-des-de-la-defensa-de-la-salut-publica-sap-muntanya\/"},"author":{"name":"Informatius","@id":"https:\/\/www.noubarris.net\/web40\/#\/schema\/person\/1827f92aaa316c54abbf4dac0de76069"},"headline":"Hist\u00f2ries de Covid-es: des de la defensa de la salut p\u00fablica, SAP Muntanya","datePublished":"2020-05-18T22:00:08+00:00","mainEntityOfPage":{"@id":"https:\/\/www.noubarris.net\/web40\/histories-de-covid-es-des-de-la-defensa-de-la-salut-publica-sap-muntanya\/"},"wordCount":1292,"publisher":{"@id":"https:\/\/www.noubarris.net\/web40\/#organization"},"image":{"@id":"https:\/\/www.noubarris.net\/web40\/histories-de-covid-es-des-de-la-defensa-de-la-salut-publica-sap-muntanya\/#primaryimage"},"thumbnailUrl":"https:\/\/www.noubarris.net\/web40\/wp-content\/uploads\/2020\/05\/190520.jpg","keywords":["coronavirus","Nou Barris","Salut","SAP Muntanya"],"articleSection":["Nou Barris","Societat"],"inLanguage":"ca"},{"@type":"WebPage","@id":"https:\/\/www.noubarris.net\/web40\/histories-de-covid-es-des-de-la-defensa-de-la-salut-publica-sap-muntanya\/","url":"https:\/\/www.noubarris.net\/web40\/histories-de-covid-es-des-de-la-defensa-de-la-salut-publica-sap-muntanya\/","name":"Hist\u00f2ries de Covid-es: des de la defensa de la salut p\u00fablica, SAP Muntanya - NouBarris.Net","isPartOf":{"@id":"https:\/\/www.noubarris.net\/web40\/#website"},"primaryImageOfPage":{"@id":"https:\/\/www.noubarris.net\/web40\/histories-de-covid-es-des-de-la-defensa-de-la-salut-publica-sap-muntanya\/#primaryimage"},"image":{"@id":"https:\/\/www.noubarris.net\/web40\/histories-de-covid-es-des-de-la-defensa-de-la-salut-publica-sap-muntanya\/#primaryimage"},"thumbnailUrl":"https:\/\/www.noubarris.net\/web40\/wp-content\/uploads\/2020\/05\/190520.jpg","datePublished":"2020-05-18T22:00:08+00:00","breadcrumb":{"@id":"https:\/\/www.noubarris.net\/web40\/histories-de-covid-es-des-de-la-defensa-de-la-salut-publica-sap-muntanya\/#breadcrumb"},"inLanguage":"ca","potentialAction":[{"@type":"ReadAction","target":["https:\/\/www.noubarris.net\/web40\/histories-de-covid-es-des-de-la-defensa-de-la-salut-publica-sap-muntanya\/"]}]},{"@type":"ImageObject","inLanguage":"ca","@id":"https:\/\/www.noubarris.net\/web40\/histories-de-covid-es-des-de-la-defensa-de-la-salut-publica-sap-muntanya\/#primaryimage","url":"https:\/\/www.noubarris.net\/web40\/wp-content\/uploads\/2020\/05\/190520.jpg","contentUrl":"https:\/\/www.noubarris.net\/web40\/wp-content\/uploads\/2020\/05\/190520.jpg","width":768,"height":432},{"@type":"BreadcrumbList","@id":"https:\/\/www.noubarris.net\/web40\/histories-de-covid-es-des-de-la-defensa-de-la-salut-publica-sap-muntanya\/#breadcrumb","itemListElement":[{"@type":"ListItem","position":1,"name":"Inici","item":"https:\/\/www.noubarris.net\/web40\/"},{"@type":"ListItem","position":2,"name":"Hist\u00f2ries de Covid-es: des de la defensa de la salut p\u00fablica, SAP Muntanya"}]},{"@type":"WebSite","@id":"https:\/\/www.noubarris.net\/web40\/#website","url":"https:\/\/www.noubarris.net\/web40\/","name":"NouBarris.Net","description":"Seguint la vida de Nou Barris des de 1985","publisher":{"@id":"https:\/\/www.noubarris.net\/web40\/#organization"},"potentialAction":[{"@type":"SearchAction","target":{"@type":"EntryPoint","urlTemplate":"https:\/\/www.noubarris.net\/web40\/?s={search_term_string}"},"query-input":{"@type":"PropertyValueSpecification","valueRequired":true,"valueName":"search_term_string"}}],"inLanguage":"ca"},{"@type":"Organization","@id":"https:\/\/www.noubarris.net\/web40\/#organization","name":"NouBarris.Net","url":"https:\/\/www.noubarris.net\/web40\/","logo":{"@type":"ImageObject","inLanguage":"ca","@id":"https:\/\/www.noubarris.net\/web40\/#\/schema\/logo\/image\/","url":"https:\/\/www.noubarris.net\/web40\/wp-content\/uploads\/2024\/11\/cropped-cropped-LOGO_9BTV-2024_Insta-1.jpg","contentUrl":"https:\/\/www.noubarris.net\/web40\/wp-content\/uploads\/2024\/11\/cropped-cropped-LOGO_9BTV-2024_Insta-1.jpg","width":512,"height":512,"caption":"NouBarris.Net"},"image":{"@id":"https:\/\/www.noubarris.net\/web40\/#\/schema\/logo\/image\/"},"sameAs":["https:\/\/www.facebook.com\/NouBarris.net\/?locale=es_ES","https:\/\/x.com\/9BTV"]},{"@type":"Person","@id":"https:\/\/www.noubarris.net\/web40\/#\/schema\/person\/1827f92aaa316c54abbf4dac0de76069","name":"Informatius","image":{"@type":"ImageObject","inLanguage":"ca","@id":"https:\/\/www.noubarris.net\/web40\/#\/schema\/person\/image\/","url":"https:\/\/secure.gravatar.com\/avatar\/87a3b47928835fc72c6ee5b0e1a7263ef0c2d05003a98189bc14926c5f11bcdb?s=96&d=mm&r=g","contentUrl":"https:\/\/secure.gravatar.com\/avatar\/87a3b47928835fc72c6ee5b0e1a7263ef0c2d05003a98189bc14926c5f11bcdb?s=96&d=mm&r=g","caption":"Informatius"},"url":"https:\/\/www.noubarris.net\/web40\/author\/tele\/"}]}},"_links":{"self":[{"href":"https:\/\/www.noubarris.net\/web40\/wp-json\/wp\/v2\/posts\/75753","targetHints":{"allow":["GET"]}}],"collection":[{"href":"https:\/\/www.noubarris.net\/web40\/wp-json\/wp\/v2\/posts"}],"about":[{"href":"https:\/\/www.noubarris.net\/web40\/wp-json\/wp\/v2\/types\/post"}],"author":[{"embeddable":true,"href":"https:\/\/www.noubarris.net\/web40\/wp-json\/wp\/v2\/users\/2"}],"replies":[{"embeddable":true,"href":"https:\/\/www.noubarris.net\/web40\/wp-json\/wp\/v2\/comments?post=75753"}],"version-history":[{"count":0,"href":"https:\/\/www.noubarris.net\/web40\/wp-json\/wp\/v2\/posts\/75753\/revisions"}],"wp:featuredmedia":[{"embeddable":true,"href":"https:\/\/www.noubarris.net\/web40\/wp-json\/wp\/v2\/media\/75754"}],"wp:attachment":[{"href":"https:\/\/www.noubarris.net\/web40\/wp-json\/wp\/v2\/media?parent=75753"}],"wp:term":[{"taxonomy":"category","embeddable":true,"href":"https:\/\/www.noubarris.net\/web40\/wp-json\/wp\/v2\/categories?post=75753"},{"taxonomy":"post_tag","embeddable":true,"href":"https:\/\/www.noubarris.net\/web40\/wp-json\/wp\/v2\/tags?post=75753"}],"curies":[{"name":"wp","href":"https:\/\/api.w.org\/{rel}","templated":true}]}}