{"id":75756,"date":"2020-05-18T00:00:29","date_gmt":"2020-05-17T22:00:29","guid":{"rendered":"http:\/\/www.noubarris.net\/web40\/?p=75756"},"modified":"2020-05-17T14:18:37","modified_gmt":"2020-05-17T12:18:37","slug":"histories-de-covid-es-des-de-la-xarxa-de-suport-de-3voltes-rebel","status":"publish","type":"post","link":"https:\/\/www.noubarris.net\/web40\/histories-de-covid-es-des-de-la-xarxa-de-suport-de-3voltes-rebel\/","title":{"rendered":"Hist\u00f2ries de Covid-es: des de la Xarxa de suport de 3Voltes Rebel"},"content":{"rendered":"<p><strong>D\u2019ajudar la gent gran del barri, a portar aliments i material escolar a les fam\u00edlies vulnerables<\/strong><\/p>\n<p>Des de NouBarrisNet hem volgut obrir una finestra i colar-nos en diverses llars noubarrienques per descobrir com estan vivint els ve\u00efns i ve\u00efnes aquest temps tan excepcional. En cada entrega us apropem un punt de vista particular i les preocupacions, la professionalitat, l\u2019optimisme, l\u2019entrega i la solidaritat dels noubarriencs.<\/p>\n<p>La Mireia participa en diverses iniciatives solid\u00e0ries, com l\u2019associaci\u00f3 Lola no est\u00e0s Sola, dedicada a dones sense llar, i la Xarxa de suport del casal 3Voltes Rebel. Dins aquest darrer teixit, s\u2019ha implicat en el repartiment d\u2019aliments per als col\u00b7lectius m\u00e9s vulnerables davant la Covid-19. Distingeix dues fases a la xarxa: primer la m\u00e9s agra\u00efda, la del suport a la gent gran. La segona, la m\u00e9s dolorosa, l\u2019actual de repartir aliments per a fam\u00edlies que s\u2019han quedat sense recursos i buscar material escolar i eines perqu\u00e8 els infants puguin seguir el ritme de l\u2019escola.<\/p>\n<p><iframe loading=\"lazy\" src=\"https:\/\/www.youtube.com\/embed\/VYXFf6JNEI4\" width=\"560\" height=\"315\" frameborder=\"0\" allowfullscreen=\"allowfullscreen\"><\/iframe><\/p>\n<p>Es va apuntar a la xarxa solid\u00e0ria del 3Voltes Rebel al principi del confinament. \u201cL\u2019empresa em va fer un ERTO i estic confinada a casa, amb la fam\u00edlia. Vaig veure que tenia un temps i una energia per aprofitar i vaig decidir apuntar-me a fer un voluntariat. Vaig veure que dins el casal 3VR hi havia aquesta xarxa de suport i crec que em vaig apuntar en el minut zero. Aquesta col\u00b7laboraci\u00f3 va comen\u00e7ar per donar suport sobretot als avis, que tenien restringides les sortides, per evitar que es moguessin pels carrers, en ser personal de risc, i mirar de fer-los compres, passejar les mascotes, agafar enc\u00e0rrecs de les farm\u00e0cies. De seguida es va posar en marxa i de seguida hi va haver voluntaris que s\u2019hi van apuntar. Despr\u00e9s, la xarxa ha anat creant altres espais de suport i de col\u00b7laboraci\u00f3, per\u00f2 aquesta va ser una miqueta l\u2019entrada.\u201d<\/p>\n<p>De mica en mica, a trav\u00e9s del boca-orella entre ve\u00efns i ve\u00efnes, i amb la col\u00b7laboraci\u00f3 de comer\u00e7os i farm\u00e0cies, han elaborat un llistat de gent gran a la qual donar suport amb les compres m\u00e9s b\u00e0siques per\u00f2 tamb\u00e9 amb altres tamb\u00e9 important per a aquest ve\u00efnat, com podien ser revistes per passar el temps confinat. A m\u00e9s d\u2019aquests enc\u00e0rrecs, la Mireia tamb\u00e9 es va apuntar a repartir aliments i \u00e0pats d\u2019altres iniciatives, com la que la cadena de restaurants Sagardi va posar en marxa per abastir la gent gran. \u201cHa estat una experi\u00e8ncia molt maca\u201d, afirma.<\/p>\n<p><strong>Mesures de seguretat i algunes multes<\/strong><\/p>\n<p>La tasca dels voluntaris no ha estat f\u00e0cil. D\u2019una banda, les mesures de seguretat han estat sempre molt importants, per evitar portar la Covid-19 a la gent gran que volen ajudar. \u201cJa no tant pel que tu et puguis exposar, que jo no soc persona de risc, ni per les persones amb les que convisc, que tampoc s\u00f3n persones de risc, per\u00f2 s\u00ed que all\u00e0 on anaves a portar el menjar o els enc\u00e0rrecs, sempre anaves amb les mesures de prevenci\u00f3: amb les mascaretes, els gels, les pantalles en molts casos,&#8230; i tamb\u00e9 amb controls de la temperatura perqu\u00e8 no hi hagu\u00e9s cap problema, que el teu cos no estigu\u00e9s desenvolupant cap malaltia sense que te n\u2019adonessis. Sempre amb les m\u00e0ximes mesures de seguretat.\u201d<\/p>\n<p>D\u2019altra banda, alguns voluntaris han rebut multes durant el confinament, tot i portar justificants de responsabilitat. \u201cAix\u00ed com amb la iniciativa de Sagardi no hem tingut cap problema, en el cas de les xarxes, sobretot al principi, que hi havia un punt incert, alguns companys \u00a0han tingut problemes, han rebut multes per estar donant un servei. Tot i que an\u00e0vem amb molta cura, encara que fessis el paperet aquest de responsabilitat de qu\u00e8 el teu despla\u00e7ament estava justificat, hem tingut problemes. Ara la veritat \u00e9s que, parlo personalment, la persecuci\u00f3 no \u00e9s tan alta. Tamb\u00e9 el confinament \u00e9s una mica m\u00e9s lleu i no et demanen tant on vas i per qu\u00e8 hi vas.\u201d<\/p>\n<p><strong>Acompanyament a una gent gran agra\u00efda<\/strong><\/p>\n<p>Reconeix que la tasca amb la gent gran anava m\u00e9s enll\u00e0 del fet de portar all\u00f2 que necessitaven. Tamb\u00e9 han hagut de fer-los entendre les raons per mantenir el confinament. \u201cMoltes vegades el missatge ha quedat com molt dilu\u00eft de \u2018em castigaran, em multaran&#8230;\u2019. No, no \u00e9s aquest el fet. \u2018Ho fem nosaltres perqu\u00e8 tu no t\u2019exposis\u2019. I trencar la barrera aquesta de \u2018no \u00e9s que no estigui perm\u00e8s, \u00e9s que no \u00e9s bo per a tu\u2019 amb explicacions, amb acompanyament, i sobretot fer-los entendre que aquesta \u00e9s una situaci\u00f3 temporal, per\u00f2 molt seriosa. Moltes vegades veuen altres persones que no estaven portant la situaci\u00f3 de forma tan rigorosa i costava una mica, i m\u00e9s segons anaven passant els dies.\u201d<\/p>\n<p>Com a recompensa s\u2019han endut sobretot l\u2019agra\u00efment dels ve\u00efns m\u00e9s gran, sovint en forma de regals. \u201cS\u2019ha generat molta complicitat, molt agra\u00efment. A casa ens hem fet un tip de gaudir del que les \u00e0vies i els avis ens cuinaven perqu\u00e8 no podien demostrar l\u2019agra\u00efment d\u2019altra manera, i quan no et regalaven unes llimones, et donaven unes magdalenes o et cuinaven algun plat per mostrar l\u2019agra\u00efment que desperta la solidaritat. \u00c9s molt tendre.\u201d<\/p>\n<p><strong>Una segona fase protagonitzada per les fam\u00edlies vulnerables<\/strong><\/p>\n<p>Quan parla del suport a la gent gran, la Mireia no pot evitar somriure. Un somriure que s\u2019esvaeix quan parla de la situaci\u00f3 actual, les fam\u00edlies vulnerables. \u201cServeis Socials est\u00e0 desbordat. Moltes fam\u00edlies vivien de l\u2019economia submergida i ara s\u2019han quedat sense ingressos ni reconeixement. Tenim fam\u00edlies que realment no tenen per menjar ni recursos i aqu\u00ed estem lluitant cada dia per fer-los arribar, per exemple, els aliments dels bancs d\u2019aliments, que no tenen capacitat distributiva, i els fem arribar a trav\u00e9s de les xarxes\u201d.<\/p>\n<p>Encara m\u00e9s injust li sembla la situaci\u00f3 que ha de viure els nens i nenes. \u201cLes escoles estan proposant eines i formes de treballar que, sobretot a Nou Barris, amb la poblaci\u00f3 que sabem que tenim, si un nen s\u2019ha de connectar sense tenir un ordinador \u00e9s com impossible i actualment la guerra va en aquest sentit. \u00c9s una situaci\u00f3 molt injusta i m\u00e9s dolorosa, que t\u00e9 menys explicaci\u00f3 que la dels avis. Perqu\u00e8 era m\u00e9s f\u00e0cil explicar-li als avis. Ara explica-li a un nen perqu\u00e8 no t\u00e9 els mateixos drets a tenir les mateixes eines que un altre company.\u201d Per aquesta ra\u00f3, les xarxes de suport del districte estan fent una crida a donar material escolar i ordinadors per a aquests alumnes.<\/p>\n<p><strong>Solidaritat i ganes de retrobades<\/strong><\/p>\n<p>La Mireia confia que tot aquest moviment solidari no s\u2019aturi junt amb el confinament. \u201cS\u2019ha despertat una solidaritat que molaria que se li don\u00e9s continu\u00eftat, que es valor\u00e9s pel que \u00e9s, i que es vei\u00e9s que la gent est\u00e0 disposada a ajudar i que no som nom\u00e9s m\u00e0quines de produir per a empreses, sin\u00f3 tamb\u00e9 gent a la que ens mouen altres inquietuds. I tamb\u00e9 penso que una de les coses que ens ha passat a tots plegats \u00e9s que ens hem donat de nassos amb la societat que tenim. Tots dorm\u00edem molt tranquils pensant que tothom podia acudir a Serveis Socials si tenien un problema, i als albergs per a sensesostre, que podem donar donacions al Banc d\u2019Aliments i ens quedem tranquils, i a l\u2019hora de la veritat s\u2019ha demostrat que no estem tant forts en aquest sentit, que hi ha gent que no t\u00e9 recursos, que vivim en una ciutat que \u00e9s preciosa, soc una enamorada de Barcelona i el meu barri, per\u00f2 que realment \u00e9s molt dur quan no tens res. I d\u2019aquest no tenir ens hem adonat ara els que potser s\u00ed que no hem de passar tantes pen\u00faries, els que tenim m\u00e9s o menys per anar menjant cada dia, ara ens estem adonant d\u2019aquella gent que no en t\u00e9 per passar com nosaltres.\u201d<\/p>\n<p>I com pr\u00e0cticament tothom, desitja recuperar les retrobades amb els \u00e9ssers estimats. \u201cEstar amb els amics, poder fer una abra\u00e7ada al meu fill que ja no viu a casa, poder veure la fam\u00edlia, aix\u00f2 \u00e9s el que m\u00e9s trobo a faltar. I poder fer una assemblea amb Lola no est\u00e1s Sola que no sigui a trav\u00e9s d\u2019una pantalla&#8230; aix\u00f2 \u00e9s el que m\u00e9s trobo a faltar. Hem posat en valor aix\u00f2, la import\u00e0ncia de les relacions socials.\u201d<\/p>\n","protected":false},"excerpt":{"rendered":"<p>D\u2019ajudar la gent gran del barri, a portar aliments i material escolar a les fam\u00edlies vulnerables Des de NouBarrisNet hem<\/p>\n","protected":false},"author":2,"featured_media":75758,"comment_status":"closed","ping_status":"closed","sticky":false,"template":"","format":"standard","meta":{"colormag_page_layout":"default_layout","_monsterinsights_skip_tracking":false,"_monsterinsights_sitenote_active":false,"_monsterinsights_sitenote_note":"","_monsterinsights_sitenote_category":0,"footnotes":""},"categories":[1],"tags":[640,319,385],"class_list":["post-75756","post","type-post","status-publish","format-standard","has-post-thumbnail","hentry","category-nou-barris","tag-coronavirus","tag-nou-barris","tag-solidaritat"],"yoast_head":"<!-- This site is optimized with the Yoast SEO plugin v25.3 - https:\/\/yoast.com\/wordpress\/plugins\/seo\/ -->\n<title>Hist\u00f2ries de Covid-es: des de la Xarxa de suport de 3Voltes Rebel - NouBarris.Net<\/title>\n<meta name=\"robots\" content=\"index, follow, max-snippet:-1, max-image-preview:large, max-video-preview:-1\" \/>\n<link rel=\"canonical\" href=\"https:\/\/www.noubarris.net\/web40\/histories-de-covid-es-des-de-la-xarxa-de-suport-de-3voltes-rebel\/\" \/>\n<meta property=\"og:locale\" content=\"ca_ES\" \/>\n<meta property=\"og:type\" content=\"article\" \/>\n<meta property=\"og:title\" content=\"Hist\u00f2ries de Covid-es: des de la Xarxa de suport de 3Voltes Rebel - NouBarris.Net\" \/>\n<meta property=\"og:description\" content=\"D\u2019ajudar la gent gran del barri, a portar aliments i material escolar a les fam\u00edlies vulnerables Des de NouBarrisNet hem\" \/>\n<meta property=\"og:url\" content=\"https:\/\/www.noubarris.net\/web40\/histories-de-covid-es-des-de-la-xarxa-de-suport-de-3voltes-rebel\/\" \/>\n<meta property=\"og:site_name\" content=\"NouBarris.Net\" \/>\n<meta property=\"article:publisher\" content=\"https:\/\/www.facebook.com\/NouBarris.net\/?locale=es_ES\" \/>\n<meta property=\"article:published_time\" content=\"2020-05-17T22:00:29+00:00\" \/>\n<meta property=\"og:image\" content=\"https:\/\/www.noubarris.net\/web40\/wp-content\/uploads\/2020\/05\/180520.jpg\" \/>\n\t<meta property=\"og:image:width\" content=\"768\" \/>\n\t<meta property=\"og:image:height\" content=\"432\" \/>\n\t<meta property=\"og:image:type\" content=\"image\/jpeg\" \/>\n<meta name=\"author\" content=\"Informatius\" \/>\n<meta name=\"twitter:card\" content=\"summary_large_image\" \/>\n<meta name=\"twitter:creator\" content=\"@9BTV\" \/>\n<meta name=\"twitter:site\" content=\"@9BTV\" \/>\n<meta name=\"twitter:label1\" content=\"Escrit per\" \/>\n\t<meta name=\"twitter:data1\" content=\"Informatius\" \/>\n\t<meta name=\"twitter:label2\" content=\"Temps estimat de lectura\" \/>\n\t<meta name=\"twitter:data2\" content=\"7 minuts\" \/>\n<script type=\"application\/ld+json\" class=\"yoast-schema-graph\">{\"@context\":\"https:\/\/schema.org\",\"@graph\":[{\"@type\":\"Article\",\"@id\":\"https:\/\/www.noubarris.net\/web40\/histories-de-covid-es-des-de-la-xarxa-de-suport-de-3voltes-rebel\/#article\",\"isPartOf\":{\"@id\":\"https:\/\/www.noubarris.net\/web40\/histories-de-covid-es-des-de-la-xarxa-de-suport-de-3voltes-rebel\/\"},\"author\":{\"name\":\"Informatius\",\"@id\":\"https:\/\/www.noubarris.net\/web40\/#\/schema\/person\/1827f92aaa316c54abbf4dac0de76069\"},\"headline\":\"Hist\u00f2ries de Covid-es: des de la Xarxa de suport de 3Voltes Rebel\",\"datePublished\":\"2020-05-17T22:00:29+00:00\",\"mainEntityOfPage\":{\"@id\":\"https:\/\/www.noubarris.net\/web40\/histories-de-covid-es-des-de-la-xarxa-de-suport-de-3voltes-rebel\/\"},\"wordCount\":1490,\"publisher\":{\"@id\":\"https:\/\/www.noubarris.net\/web40\/#organization\"},\"image\":{\"@id\":\"https:\/\/www.noubarris.net\/web40\/histories-de-covid-es-des-de-la-xarxa-de-suport-de-3voltes-rebel\/#primaryimage\"},\"thumbnailUrl\":\"https:\/\/www.noubarris.net\/web40\/wp-content\/uploads\/2020\/05\/180520.jpg\",\"keywords\":[\"coronavirus\",\"Nou Barris\",\"Solidaritat\"],\"articleSection\":[\"Nou Barris\"],\"inLanguage\":\"ca\"},{\"@type\":\"WebPage\",\"@id\":\"https:\/\/www.noubarris.net\/web40\/histories-de-covid-es-des-de-la-xarxa-de-suport-de-3voltes-rebel\/\",\"url\":\"https:\/\/www.noubarris.net\/web40\/histories-de-covid-es-des-de-la-xarxa-de-suport-de-3voltes-rebel\/\",\"name\":\"Hist\u00f2ries de Covid-es: des de la Xarxa de suport de 3Voltes Rebel - NouBarris.Net\",\"isPartOf\":{\"@id\":\"https:\/\/www.noubarris.net\/web40\/#website\"},\"primaryImageOfPage\":{\"@id\":\"https:\/\/www.noubarris.net\/web40\/histories-de-covid-es-des-de-la-xarxa-de-suport-de-3voltes-rebel\/#primaryimage\"},\"image\":{\"@id\":\"https:\/\/www.noubarris.net\/web40\/histories-de-covid-es-des-de-la-xarxa-de-suport-de-3voltes-rebel\/#primaryimage\"},\"thumbnailUrl\":\"https:\/\/www.noubarris.net\/web40\/wp-content\/uploads\/2020\/05\/180520.jpg\",\"datePublished\":\"2020-05-17T22:00:29+00:00\",\"breadcrumb\":{\"@id\":\"https:\/\/www.noubarris.net\/web40\/histories-de-covid-es-des-de-la-xarxa-de-suport-de-3voltes-rebel\/#breadcrumb\"},\"inLanguage\":\"ca\",\"potentialAction\":[{\"@type\":\"ReadAction\",\"target\":[\"https:\/\/www.noubarris.net\/web40\/histories-de-covid-es-des-de-la-xarxa-de-suport-de-3voltes-rebel\/\"]}]},{\"@type\":\"ImageObject\",\"inLanguage\":\"ca\",\"@id\":\"https:\/\/www.noubarris.net\/web40\/histories-de-covid-es-des-de-la-xarxa-de-suport-de-3voltes-rebel\/#primaryimage\",\"url\":\"https:\/\/www.noubarris.net\/web40\/wp-content\/uploads\/2020\/05\/180520.jpg\",\"contentUrl\":\"https:\/\/www.noubarris.net\/web40\/wp-content\/uploads\/2020\/05\/180520.jpg\",\"width\":768,\"height\":432},{\"@type\":\"BreadcrumbList\",\"@id\":\"https:\/\/www.noubarris.net\/web40\/histories-de-covid-es-des-de-la-xarxa-de-suport-de-3voltes-rebel\/#breadcrumb\",\"itemListElement\":[{\"@type\":\"ListItem\",\"position\":1,\"name\":\"Inici\",\"item\":\"https:\/\/www.noubarris.net\/web40\/\"},{\"@type\":\"ListItem\",\"position\":2,\"name\":\"Hist\u00f2ries de Covid-es: des de la Xarxa de suport de 3Voltes Rebel\"}]},{\"@type\":\"WebSite\",\"@id\":\"https:\/\/www.noubarris.net\/web40\/#website\",\"url\":\"https:\/\/www.noubarris.net\/web40\/\",\"name\":\"NouBarris.Net\",\"description\":\"Seguint la vida de Nou Barris des de 1985\",\"publisher\":{\"@id\":\"https:\/\/www.noubarris.net\/web40\/#organization\"},\"potentialAction\":[{\"@type\":\"SearchAction\",\"target\":{\"@type\":\"EntryPoint\",\"urlTemplate\":\"https:\/\/www.noubarris.net\/web40\/?s={search_term_string}\"},\"query-input\":{\"@type\":\"PropertyValueSpecification\",\"valueRequired\":true,\"valueName\":\"search_term_string\"}}],\"inLanguage\":\"ca\"},{\"@type\":\"Organization\",\"@id\":\"https:\/\/www.noubarris.net\/web40\/#organization\",\"name\":\"NouBarris.Net\",\"url\":\"https:\/\/www.noubarris.net\/web40\/\",\"logo\":{\"@type\":\"ImageObject\",\"inLanguage\":\"ca\",\"@id\":\"https:\/\/www.noubarris.net\/web40\/#\/schema\/logo\/image\/\",\"url\":\"https:\/\/www.noubarris.net\/web40\/wp-content\/uploads\/2024\/11\/cropped-cropped-LOGO_9BTV-2024_Insta-1.jpg\",\"contentUrl\":\"https:\/\/www.noubarris.net\/web40\/wp-content\/uploads\/2024\/11\/cropped-cropped-LOGO_9BTV-2024_Insta-1.jpg\",\"width\":512,\"height\":512,\"caption\":\"NouBarris.Net\"},\"image\":{\"@id\":\"https:\/\/www.noubarris.net\/web40\/#\/schema\/logo\/image\/\"},\"sameAs\":[\"https:\/\/www.facebook.com\/NouBarris.net\/?locale=es_ES\",\"https:\/\/x.com\/9BTV\"]},{\"@type\":\"Person\",\"@id\":\"https:\/\/www.noubarris.net\/web40\/#\/schema\/person\/1827f92aaa316c54abbf4dac0de76069\",\"name\":\"Informatius\",\"image\":{\"@type\":\"ImageObject\",\"inLanguage\":\"ca\",\"@id\":\"https:\/\/www.noubarris.net\/web40\/#\/schema\/person\/image\/\",\"url\":\"https:\/\/secure.gravatar.com\/avatar\/87a3b47928835fc72c6ee5b0e1a7263ef0c2d05003a98189bc14926c5f11bcdb?s=96&d=mm&r=g\",\"contentUrl\":\"https:\/\/secure.gravatar.com\/avatar\/87a3b47928835fc72c6ee5b0e1a7263ef0c2d05003a98189bc14926c5f11bcdb?s=96&d=mm&r=g\",\"caption\":\"Informatius\"},\"url\":\"https:\/\/www.noubarris.net\/web40\/author\/tele\/\"}]}<\/script>\n<!-- \/ Yoast SEO plugin. -->","yoast_head_json":{"title":"Hist\u00f2ries de Covid-es: des de la Xarxa de suport de 3Voltes Rebel - NouBarris.Net","robots":{"index":"index","follow":"follow","max-snippet":"max-snippet:-1","max-image-preview":"max-image-preview:large","max-video-preview":"max-video-preview:-1"},"canonical":"https:\/\/www.noubarris.net\/web40\/histories-de-covid-es-des-de-la-xarxa-de-suport-de-3voltes-rebel\/","og_locale":"ca_ES","og_type":"article","og_title":"Hist\u00f2ries de Covid-es: des de la Xarxa de suport de 3Voltes Rebel - NouBarris.Net","og_description":"D\u2019ajudar la gent gran del barri, a portar aliments i material escolar a les fam\u00edlies vulnerables Des de NouBarrisNet hem","og_url":"https:\/\/www.noubarris.net\/web40\/histories-de-covid-es-des-de-la-xarxa-de-suport-de-3voltes-rebel\/","og_site_name":"NouBarris.Net","article_publisher":"https:\/\/www.facebook.com\/NouBarris.net\/?locale=es_ES","article_published_time":"2020-05-17T22:00:29+00:00","og_image":[{"width":768,"height":432,"url":"https:\/\/www.noubarris.net\/web40\/wp-content\/uploads\/2020\/05\/180520.jpg","type":"image\/jpeg"}],"author":"Informatius","twitter_card":"summary_large_image","twitter_creator":"@9BTV","twitter_site":"@9BTV","twitter_misc":{"Escrit per":"Informatius","Temps estimat de lectura":"7 minuts"},"schema":{"@context":"https:\/\/schema.org","@graph":[{"@type":"Article","@id":"https:\/\/www.noubarris.net\/web40\/histories-de-covid-es-des-de-la-xarxa-de-suport-de-3voltes-rebel\/#article","isPartOf":{"@id":"https:\/\/www.noubarris.net\/web40\/histories-de-covid-es-des-de-la-xarxa-de-suport-de-3voltes-rebel\/"},"author":{"name":"Informatius","@id":"https:\/\/www.noubarris.net\/web40\/#\/schema\/person\/1827f92aaa316c54abbf4dac0de76069"},"headline":"Hist\u00f2ries de Covid-es: des de la Xarxa de suport de 3Voltes Rebel","datePublished":"2020-05-17T22:00:29+00:00","mainEntityOfPage":{"@id":"https:\/\/www.noubarris.net\/web40\/histories-de-covid-es-des-de-la-xarxa-de-suport-de-3voltes-rebel\/"},"wordCount":1490,"publisher":{"@id":"https:\/\/www.noubarris.net\/web40\/#organization"},"image":{"@id":"https:\/\/www.noubarris.net\/web40\/histories-de-covid-es-des-de-la-xarxa-de-suport-de-3voltes-rebel\/#primaryimage"},"thumbnailUrl":"https:\/\/www.noubarris.net\/web40\/wp-content\/uploads\/2020\/05\/180520.jpg","keywords":["coronavirus","Nou Barris","Solidaritat"],"articleSection":["Nou Barris"],"inLanguage":"ca"},{"@type":"WebPage","@id":"https:\/\/www.noubarris.net\/web40\/histories-de-covid-es-des-de-la-xarxa-de-suport-de-3voltes-rebel\/","url":"https:\/\/www.noubarris.net\/web40\/histories-de-covid-es-des-de-la-xarxa-de-suport-de-3voltes-rebel\/","name":"Hist\u00f2ries de Covid-es: des de la Xarxa de suport de 3Voltes Rebel - NouBarris.Net","isPartOf":{"@id":"https:\/\/www.noubarris.net\/web40\/#website"},"primaryImageOfPage":{"@id":"https:\/\/www.noubarris.net\/web40\/histories-de-covid-es-des-de-la-xarxa-de-suport-de-3voltes-rebel\/#primaryimage"},"image":{"@id":"https:\/\/www.noubarris.net\/web40\/histories-de-covid-es-des-de-la-xarxa-de-suport-de-3voltes-rebel\/#primaryimage"},"thumbnailUrl":"https:\/\/www.noubarris.net\/web40\/wp-content\/uploads\/2020\/05\/180520.jpg","datePublished":"2020-05-17T22:00:29+00:00","breadcrumb":{"@id":"https:\/\/www.noubarris.net\/web40\/histories-de-covid-es-des-de-la-xarxa-de-suport-de-3voltes-rebel\/#breadcrumb"},"inLanguage":"ca","potentialAction":[{"@type":"ReadAction","target":["https:\/\/www.noubarris.net\/web40\/histories-de-covid-es-des-de-la-xarxa-de-suport-de-3voltes-rebel\/"]}]},{"@type":"ImageObject","inLanguage":"ca","@id":"https:\/\/www.noubarris.net\/web40\/histories-de-covid-es-des-de-la-xarxa-de-suport-de-3voltes-rebel\/#primaryimage","url":"https:\/\/www.noubarris.net\/web40\/wp-content\/uploads\/2020\/05\/180520.jpg","contentUrl":"https:\/\/www.noubarris.net\/web40\/wp-content\/uploads\/2020\/05\/180520.jpg","width":768,"height":432},{"@type":"BreadcrumbList","@id":"https:\/\/www.noubarris.net\/web40\/histories-de-covid-es-des-de-la-xarxa-de-suport-de-3voltes-rebel\/#breadcrumb","itemListElement":[{"@type":"ListItem","position":1,"name":"Inici","item":"https:\/\/www.noubarris.net\/web40\/"},{"@type":"ListItem","position":2,"name":"Hist\u00f2ries de Covid-es: des de la Xarxa de suport de 3Voltes Rebel"}]},{"@type":"WebSite","@id":"https:\/\/www.noubarris.net\/web40\/#website","url":"https:\/\/www.noubarris.net\/web40\/","name":"NouBarris.Net","description":"Seguint la vida de Nou Barris des de 1985","publisher":{"@id":"https:\/\/www.noubarris.net\/web40\/#organization"},"potentialAction":[{"@type":"SearchAction","target":{"@type":"EntryPoint","urlTemplate":"https:\/\/www.noubarris.net\/web40\/?s={search_term_string}"},"query-input":{"@type":"PropertyValueSpecification","valueRequired":true,"valueName":"search_term_string"}}],"inLanguage":"ca"},{"@type":"Organization","@id":"https:\/\/www.noubarris.net\/web40\/#organization","name":"NouBarris.Net","url":"https:\/\/www.noubarris.net\/web40\/","logo":{"@type":"ImageObject","inLanguage":"ca","@id":"https:\/\/www.noubarris.net\/web40\/#\/schema\/logo\/image\/","url":"https:\/\/www.noubarris.net\/web40\/wp-content\/uploads\/2024\/11\/cropped-cropped-LOGO_9BTV-2024_Insta-1.jpg","contentUrl":"https:\/\/www.noubarris.net\/web40\/wp-content\/uploads\/2024\/11\/cropped-cropped-LOGO_9BTV-2024_Insta-1.jpg","width":512,"height":512,"caption":"NouBarris.Net"},"image":{"@id":"https:\/\/www.noubarris.net\/web40\/#\/schema\/logo\/image\/"},"sameAs":["https:\/\/www.facebook.com\/NouBarris.net\/?locale=es_ES","https:\/\/x.com\/9BTV"]},{"@type":"Person","@id":"https:\/\/www.noubarris.net\/web40\/#\/schema\/person\/1827f92aaa316c54abbf4dac0de76069","name":"Informatius","image":{"@type":"ImageObject","inLanguage":"ca","@id":"https:\/\/www.noubarris.net\/web40\/#\/schema\/person\/image\/","url":"https:\/\/secure.gravatar.com\/avatar\/87a3b47928835fc72c6ee5b0e1a7263ef0c2d05003a98189bc14926c5f11bcdb?s=96&d=mm&r=g","contentUrl":"https:\/\/secure.gravatar.com\/avatar\/87a3b47928835fc72c6ee5b0e1a7263ef0c2d05003a98189bc14926c5f11bcdb?s=96&d=mm&r=g","caption":"Informatius"},"url":"https:\/\/www.noubarris.net\/web40\/author\/tele\/"}]}},"_links":{"self":[{"href":"https:\/\/www.noubarris.net\/web40\/wp-json\/wp\/v2\/posts\/75756","targetHints":{"allow":["GET"]}}],"collection":[{"href":"https:\/\/www.noubarris.net\/web40\/wp-json\/wp\/v2\/posts"}],"about":[{"href":"https:\/\/www.noubarris.net\/web40\/wp-json\/wp\/v2\/types\/post"}],"author":[{"embeddable":true,"href":"https:\/\/www.noubarris.net\/web40\/wp-json\/wp\/v2\/users\/2"}],"replies":[{"embeddable":true,"href":"https:\/\/www.noubarris.net\/web40\/wp-json\/wp\/v2\/comments?post=75756"}],"version-history":[{"count":0,"href":"https:\/\/www.noubarris.net\/web40\/wp-json\/wp\/v2\/posts\/75756\/revisions"}],"wp:featuredmedia":[{"embeddable":true,"href":"https:\/\/www.noubarris.net\/web40\/wp-json\/wp\/v2\/media\/75758"}],"wp:attachment":[{"href":"https:\/\/www.noubarris.net\/web40\/wp-json\/wp\/v2\/media?parent=75756"}],"wp:term":[{"taxonomy":"category","embeddable":true,"href":"https:\/\/www.noubarris.net\/web40\/wp-json\/wp\/v2\/categories?post=75756"},{"taxonomy":"post_tag","embeddable":true,"href":"https:\/\/www.noubarris.net\/web40\/wp-json\/wp\/v2\/tags?post=75756"}],"curies":[{"name":"wp","href":"https:\/\/api.w.org\/{rel}","templated":true}]}}