{"id":75759,"date":"2020-05-20T00:00:54","date_gmt":"2020-05-19T22:00:54","guid":{"rendered":"http:\/\/www.noubarris.net\/web40\/?p=75759"},"modified":"2020-05-17T19:34:28","modified_gmt":"2020-05-17T17:34:28","slug":"mor-pere-canovas-mestre-vitraller","status":"publish","type":"post","link":"https:\/\/www.noubarris.net\/web40\/mor-pere-canovas-mestre-vitraller\/","title":{"rendered":"Mor Pere C\u00e1novas, mestre vitraller"},"content":{"rendered":"<p><strong>L&#8217;artista de Verdum va treballar en els vitralls d&#8217;esgl\u00e9sies, catedrals i obra civil de tot el m\u00f3n<\/strong><\/p>\n<p>Aquests dies ens ha deixat un dels grans artistes de Nou Barris, Pere C\u00e1novas. Nascut a Sant Adri\u00e0 de Bes\u00f2s l&#8217;any 1930 en una fam\u00edlia humil, va esdevenir un gran professional de la restauraci\u00f3 i creaci\u00f3 del vitrall, convertint-se en mestre vitraller. Aquesta era la seva especialitat, per\u00f2 tamb\u00e9 era projectista, pintor i escultor.\u00a0 Vivia des de fa molts anys al Verdum, on tamb\u00e9 tenia el seu taller, un espai replet de pintures, pinzells i altres estris, i amb parets empaperades d&#8217;esbo\u00e7os i projectes realitzats per tot el m\u00f3n. &#8220;Potser si m\u2019hagu\u00e9s posat a pintar quadres, que n&#8217;he fet, hagu\u00e9s sigut un de tants, per\u00f2 vaig trobar la font del vitrall m\u00e9s \u00f2rfena per explotar i ha donat resultat. He batit el r\u00e8cord, he fet cinc mil metres de vitrall a Am\u00e8rica, a Alemanya, a Fran\u00e7a, i sobretot a Mallorca i Catalunya&#8221;, afirmava orgull\u00f3s.<\/p>\n<p>Alguns exemples els trobem a finestrals, murlas o rosetons de la catedral de Barcelona, a Santa Maria del Mar, la bas\u00edlica del Tibidabo o la catedral de Mallorca, per esmentar algunes de les 200 esgl\u00e9sies catalanes i balears en qu\u00e8 hi va treballar. Tamb\u00e9 s\u00f3n seves les restauracions de la cripta G\u00fcell, ja que va ser un expert en la policromia i la t\u00e8cnica d&#8217;Antoni Gaud\u00ed. I la llista s&#8217;allargaria amb els vitralls que va fer a la Rep\u00fablica Dominicana, Puerto Rico, Vene\u00e7uela, Estats Units, Jap\u00f3 i Fran\u00e7a, entre altres pa\u00efsos. A casa nostra, a Nou Barris en tenim exemplars a la parr\u00f2quia de Sant Esteve, de Porta, i de Sant Narc\u00eds, a Canyelles.<\/p>\n<p>Tot i que estava obert a tots els estils, del m\u00e9s cl\u00e0ssics als m\u00e9s abstractes, i a tots els temes, la seva especialitat eren els vitralls religiosos. \u201cHe fet tanta b\u00edblia i tant de tot que a vegades m\u2019he trobat amb capellans i els he dit: &#8216;he predicat m\u00e9s que vost\u00e8!&#8217; El dibuix l\u2019he adaptat a la meva creaci\u00f3, d\u2019\u00e8poques, dep\u00e9n del client, qui m\u2019ha demanat una cosa m\u00e9s cl\u00e0ssica, una cosa m\u00e9s atrevida, i el meu preferit \u00e9s una l\u00ednia molt espont\u00e0nia. Jo s\u00f3c pintor expresionista.&#8221;<\/p>\n<p>El 2013 va recollir tota la seva experi\u00e8ncia en un llibre, \u2018L\u2019art del vitrall\u2019. L&#8217;any seg\u00fcent, el 2014, va ser reconegut amb la Medalla d&#8217;Honor de la Ciutat.<\/p>\n","protected":false},"excerpt":{"rendered":"<p>L&#8217;artista de Verdum va treballar en els vitralls d&#8217;esgl\u00e9sies, catedrals i obra civil de tot el m\u00f3n Aquests dies ens<\/p>\n","protected":false},"author":2,"featured_media":75760,"comment_status":"closed","ping_status":"closed","sticky":false,"template":"","format":"standard","meta":{"colormag_page_layout":"default_layout","_monsterinsights_skip_tracking":false,"_monsterinsights_sitenote_active":false,"_monsterinsights_sitenote_note":"","_monsterinsights_sitenote_category":0,"footnotes":""},"categories":[129,124,141],"tags":[435,422,151],"class_list":["post-75759","post","type-post","status-publish","format-standard","has-post-thumbnail","hentry","category-cultura","category-societat","category-verdum","tag-art","tag-societat","tag-verdum"],"yoast_head":"<!-- This site is optimized with the Yoast SEO plugin v25.3 - https:\/\/yoast.com\/wordpress\/plugins\/seo\/ -->\n<title>Mor Pere C\u00e1novas, mestre vitraller - NouBarris.Net<\/title>\n<meta name=\"robots\" content=\"index, follow, max-snippet:-1, max-image-preview:large, max-video-preview:-1\" \/>\n<link rel=\"canonical\" href=\"https:\/\/www.noubarris.net\/web40\/mor-pere-canovas-mestre-vitraller\/\" \/>\n<meta property=\"og:locale\" content=\"ca_ES\" \/>\n<meta property=\"og:type\" content=\"article\" \/>\n<meta property=\"og:title\" content=\"Mor Pere C\u00e1novas, mestre vitraller - NouBarris.Net\" \/>\n<meta property=\"og:description\" content=\"L&#8217;artista de Verdum va treballar en els vitralls d&#8217;esgl\u00e9sies, catedrals i obra civil de tot el m\u00f3n Aquests dies ens\" \/>\n<meta property=\"og:url\" content=\"https:\/\/www.noubarris.net\/web40\/mor-pere-canovas-mestre-vitraller\/\" \/>\n<meta property=\"og:site_name\" content=\"NouBarris.Net\" \/>\n<meta property=\"article:publisher\" content=\"https:\/\/www.facebook.com\/NouBarris.net\/?locale=es_ES\" \/>\n<meta property=\"article:published_time\" content=\"2020-05-19T22:00:54+00:00\" \/>\n<meta property=\"og:image\" content=\"https:\/\/www.noubarris.net\/web40\/wp-content\/uploads\/2020\/05\/200520.jpg\" \/>\n\t<meta property=\"og:image:width\" content=\"768\" \/>\n\t<meta property=\"og:image:height\" content=\"432\" \/>\n\t<meta property=\"og:image:type\" content=\"image\/jpeg\" \/>\n<meta name=\"author\" content=\"Informatius\" \/>\n<meta name=\"twitter:card\" content=\"summary_large_image\" \/>\n<meta name=\"twitter:creator\" content=\"@9BTV\" \/>\n<meta name=\"twitter:site\" content=\"@9BTV\" \/>\n<meta name=\"twitter:label1\" content=\"Escrit per\" \/>\n\t<meta name=\"twitter:data1\" content=\"Informatius\" \/>\n\t<meta name=\"twitter:label2\" content=\"Temps estimat de lectura\" \/>\n\t<meta name=\"twitter:data2\" content=\"2 minuts\" \/>\n<script type=\"application\/ld+json\" class=\"yoast-schema-graph\">{\"@context\":\"https:\/\/schema.org\",\"@graph\":[{\"@type\":\"Article\",\"@id\":\"https:\/\/www.noubarris.net\/web40\/mor-pere-canovas-mestre-vitraller\/#article\",\"isPartOf\":{\"@id\":\"https:\/\/www.noubarris.net\/web40\/mor-pere-canovas-mestre-vitraller\/\"},\"author\":{\"name\":\"Informatius\",\"@id\":\"https:\/\/www.noubarris.net\/web40\/#\/schema\/person\/1827f92aaa316c54abbf4dac0de76069\"},\"headline\":\"Mor Pere C\u00e1novas, mestre vitraller\",\"datePublished\":\"2020-05-19T22:00:54+00:00\",\"mainEntityOfPage\":{\"@id\":\"https:\/\/www.noubarris.net\/web40\/mor-pere-canovas-mestre-vitraller\/\"},\"wordCount\":446,\"publisher\":{\"@id\":\"https:\/\/www.noubarris.net\/web40\/#organization\"},\"image\":{\"@id\":\"https:\/\/www.noubarris.net\/web40\/mor-pere-canovas-mestre-vitraller\/#primaryimage\"},\"thumbnailUrl\":\"https:\/\/www.noubarris.net\/web40\/wp-content\/uploads\/2020\/05\/200520.jpg\",\"keywords\":[\"art\",\"societat\",\"Verdum\"],\"articleSection\":[\"Cultura\",\"Societat\",\"Verdum\"],\"inLanguage\":\"ca\"},{\"@type\":\"WebPage\",\"@id\":\"https:\/\/www.noubarris.net\/web40\/mor-pere-canovas-mestre-vitraller\/\",\"url\":\"https:\/\/www.noubarris.net\/web40\/mor-pere-canovas-mestre-vitraller\/\",\"name\":\"Mor Pere C\u00e1novas, mestre vitraller - NouBarris.Net\",\"isPartOf\":{\"@id\":\"https:\/\/www.noubarris.net\/web40\/#website\"},\"primaryImageOfPage\":{\"@id\":\"https:\/\/www.noubarris.net\/web40\/mor-pere-canovas-mestre-vitraller\/#primaryimage\"},\"image\":{\"@id\":\"https:\/\/www.noubarris.net\/web40\/mor-pere-canovas-mestre-vitraller\/#primaryimage\"},\"thumbnailUrl\":\"https:\/\/www.noubarris.net\/web40\/wp-content\/uploads\/2020\/05\/200520.jpg\",\"datePublished\":\"2020-05-19T22:00:54+00:00\",\"breadcrumb\":{\"@id\":\"https:\/\/www.noubarris.net\/web40\/mor-pere-canovas-mestre-vitraller\/#breadcrumb\"},\"inLanguage\":\"ca\",\"potentialAction\":[{\"@type\":\"ReadAction\",\"target\":[\"https:\/\/www.noubarris.net\/web40\/mor-pere-canovas-mestre-vitraller\/\"]}]},{\"@type\":\"ImageObject\",\"inLanguage\":\"ca\",\"@id\":\"https:\/\/www.noubarris.net\/web40\/mor-pere-canovas-mestre-vitraller\/#primaryimage\",\"url\":\"https:\/\/www.noubarris.net\/web40\/wp-content\/uploads\/2020\/05\/200520.jpg\",\"contentUrl\":\"https:\/\/www.noubarris.net\/web40\/wp-content\/uploads\/2020\/05\/200520.jpg\",\"width\":768,\"height\":432},{\"@type\":\"BreadcrumbList\",\"@id\":\"https:\/\/www.noubarris.net\/web40\/mor-pere-canovas-mestre-vitraller\/#breadcrumb\",\"itemListElement\":[{\"@type\":\"ListItem\",\"position\":1,\"name\":\"Inici\",\"item\":\"https:\/\/www.noubarris.net\/web40\/\"},{\"@type\":\"ListItem\",\"position\":2,\"name\":\"Mor Pere C\u00e1novas, mestre vitraller\"}]},{\"@type\":\"WebSite\",\"@id\":\"https:\/\/www.noubarris.net\/web40\/#website\",\"url\":\"https:\/\/www.noubarris.net\/web40\/\",\"name\":\"NouBarris.Net\",\"description\":\"Seguint la vida de Nou Barris des de 1985\",\"publisher\":{\"@id\":\"https:\/\/www.noubarris.net\/web40\/#organization\"},\"potentialAction\":[{\"@type\":\"SearchAction\",\"target\":{\"@type\":\"EntryPoint\",\"urlTemplate\":\"https:\/\/www.noubarris.net\/web40\/?s={search_term_string}\"},\"query-input\":{\"@type\":\"PropertyValueSpecification\",\"valueRequired\":true,\"valueName\":\"search_term_string\"}}],\"inLanguage\":\"ca\"},{\"@type\":\"Organization\",\"@id\":\"https:\/\/www.noubarris.net\/web40\/#organization\",\"name\":\"NouBarris.Net\",\"url\":\"https:\/\/www.noubarris.net\/web40\/\",\"logo\":{\"@type\":\"ImageObject\",\"inLanguage\":\"ca\",\"@id\":\"https:\/\/www.noubarris.net\/web40\/#\/schema\/logo\/image\/\",\"url\":\"https:\/\/www.noubarris.net\/web40\/wp-content\/uploads\/2024\/11\/cropped-cropped-LOGO_9BTV-2024_Insta-1.jpg\",\"contentUrl\":\"https:\/\/www.noubarris.net\/web40\/wp-content\/uploads\/2024\/11\/cropped-cropped-LOGO_9BTV-2024_Insta-1.jpg\",\"width\":512,\"height\":512,\"caption\":\"NouBarris.Net\"},\"image\":{\"@id\":\"https:\/\/www.noubarris.net\/web40\/#\/schema\/logo\/image\/\"},\"sameAs\":[\"https:\/\/www.facebook.com\/NouBarris.net\/?locale=es_ES\",\"https:\/\/x.com\/9BTV\"]},{\"@type\":\"Person\",\"@id\":\"https:\/\/www.noubarris.net\/web40\/#\/schema\/person\/1827f92aaa316c54abbf4dac0de76069\",\"name\":\"Informatius\",\"image\":{\"@type\":\"ImageObject\",\"inLanguage\":\"ca\",\"@id\":\"https:\/\/www.noubarris.net\/web40\/#\/schema\/person\/image\/\",\"url\":\"https:\/\/secure.gravatar.com\/avatar\/87a3b47928835fc72c6ee5b0e1a7263ef0c2d05003a98189bc14926c5f11bcdb?s=96&d=mm&r=g\",\"contentUrl\":\"https:\/\/secure.gravatar.com\/avatar\/87a3b47928835fc72c6ee5b0e1a7263ef0c2d05003a98189bc14926c5f11bcdb?s=96&d=mm&r=g\",\"caption\":\"Informatius\"},\"url\":\"https:\/\/www.noubarris.net\/web40\/author\/tele\/\"}]}<\/script>\n<!-- \/ Yoast SEO plugin. -->","yoast_head_json":{"title":"Mor Pere C\u00e1novas, mestre vitraller - NouBarris.Net","robots":{"index":"index","follow":"follow","max-snippet":"max-snippet:-1","max-image-preview":"max-image-preview:large","max-video-preview":"max-video-preview:-1"},"canonical":"https:\/\/www.noubarris.net\/web40\/mor-pere-canovas-mestre-vitraller\/","og_locale":"ca_ES","og_type":"article","og_title":"Mor Pere C\u00e1novas, mestre vitraller - NouBarris.Net","og_description":"L&#8217;artista de Verdum va treballar en els vitralls d&#8217;esgl\u00e9sies, catedrals i obra civil de tot el m\u00f3n Aquests dies ens","og_url":"https:\/\/www.noubarris.net\/web40\/mor-pere-canovas-mestre-vitraller\/","og_site_name":"NouBarris.Net","article_publisher":"https:\/\/www.facebook.com\/NouBarris.net\/?locale=es_ES","article_published_time":"2020-05-19T22:00:54+00:00","og_image":[{"width":768,"height":432,"url":"https:\/\/www.noubarris.net\/web40\/wp-content\/uploads\/2020\/05\/200520.jpg","type":"image\/jpeg"}],"author":"Informatius","twitter_card":"summary_large_image","twitter_creator":"@9BTV","twitter_site":"@9BTV","twitter_misc":{"Escrit per":"Informatius","Temps estimat de lectura":"2 minuts"},"schema":{"@context":"https:\/\/schema.org","@graph":[{"@type":"Article","@id":"https:\/\/www.noubarris.net\/web40\/mor-pere-canovas-mestre-vitraller\/#article","isPartOf":{"@id":"https:\/\/www.noubarris.net\/web40\/mor-pere-canovas-mestre-vitraller\/"},"author":{"name":"Informatius","@id":"https:\/\/www.noubarris.net\/web40\/#\/schema\/person\/1827f92aaa316c54abbf4dac0de76069"},"headline":"Mor Pere C\u00e1novas, mestre vitraller","datePublished":"2020-05-19T22:00:54+00:00","mainEntityOfPage":{"@id":"https:\/\/www.noubarris.net\/web40\/mor-pere-canovas-mestre-vitraller\/"},"wordCount":446,"publisher":{"@id":"https:\/\/www.noubarris.net\/web40\/#organization"},"image":{"@id":"https:\/\/www.noubarris.net\/web40\/mor-pere-canovas-mestre-vitraller\/#primaryimage"},"thumbnailUrl":"https:\/\/www.noubarris.net\/web40\/wp-content\/uploads\/2020\/05\/200520.jpg","keywords":["art","societat","Verdum"],"articleSection":["Cultura","Societat","Verdum"],"inLanguage":"ca"},{"@type":"WebPage","@id":"https:\/\/www.noubarris.net\/web40\/mor-pere-canovas-mestre-vitraller\/","url":"https:\/\/www.noubarris.net\/web40\/mor-pere-canovas-mestre-vitraller\/","name":"Mor Pere C\u00e1novas, mestre vitraller - NouBarris.Net","isPartOf":{"@id":"https:\/\/www.noubarris.net\/web40\/#website"},"primaryImageOfPage":{"@id":"https:\/\/www.noubarris.net\/web40\/mor-pere-canovas-mestre-vitraller\/#primaryimage"},"image":{"@id":"https:\/\/www.noubarris.net\/web40\/mor-pere-canovas-mestre-vitraller\/#primaryimage"},"thumbnailUrl":"https:\/\/www.noubarris.net\/web40\/wp-content\/uploads\/2020\/05\/200520.jpg","datePublished":"2020-05-19T22:00:54+00:00","breadcrumb":{"@id":"https:\/\/www.noubarris.net\/web40\/mor-pere-canovas-mestre-vitraller\/#breadcrumb"},"inLanguage":"ca","potentialAction":[{"@type":"ReadAction","target":["https:\/\/www.noubarris.net\/web40\/mor-pere-canovas-mestre-vitraller\/"]}]},{"@type":"ImageObject","inLanguage":"ca","@id":"https:\/\/www.noubarris.net\/web40\/mor-pere-canovas-mestre-vitraller\/#primaryimage","url":"https:\/\/www.noubarris.net\/web40\/wp-content\/uploads\/2020\/05\/200520.jpg","contentUrl":"https:\/\/www.noubarris.net\/web40\/wp-content\/uploads\/2020\/05\/200520.jpg","width":768,"height":432},{"@type":"BreadcrumbList","@id":"https:\/\/www.noubarris.net\/web40\/mor-pere-canovas-mestre-vitraller\/#breadcrumb","itemListElement":[{"@type":"ListItem","position":1,"name":"Inici","item":"https:\/\/www.noubarris.net\/web40\/"},{"@type":"ListItem","position":2,"name":"Mor Pere C\u00e1novas, mestre vitraller"}]},{"@type":"WebSite","@id":"https:\/\/www.noubarris.net\/web40\/#website","url":"https:\/\/www.noubarris.net\/web40\/","name":"NouBarris.Net","description":"Seguint la vida de Nou Barris des de 1985","publisher":{"@id":"https:\/\/www.noubarris.net\/web40\/#organization"},"potentialAction":[{"@type":"SearchAction","target":{"@type":"EntryPoint","urlTemplate":"https:\/\/www.noubarris.net\/web40\/?s={search_term_string}"},"query-input":{"@type":"PropertyValueSpecification","valueRequired":true,"valueName":"search_term_string"}}],"inLanguage":"ca"},{"@type":"Organization","@id":"https:\/\/www.noubarris.net\/web40\/#organization","name":"NouBarris.Net","url":"https:\/\/www.noubarris.net\/web40\/","logo":{"@type":"ImageObject","inLanguage":"ca","@id":"https:\/\/www.noubarris.net\/web40\/#\/schema\/logo\/image\/","url":"https:\/\/www.noubarris.net\/web40\/wp-content\/uploads\/2024\/11\/cropped-cropped-LOGO_9BTV-2024_Insta-1.jpg","contentUrl":"https:\/\/www.noubarris.net\/web40\/wp-content\/uploads\/2024\/11\/cropped-cropped-LOGO_9BTV-2024_Insta-1.jpg","width":512,"height":512,"caption":"NouBarris.Net"},"image":{"@id":"https:\/\/www.noubarris.net\/web40\/#\/schema\/logo\/image\/"},"sameAs":["https:\/\/www.facebook.com\/NouBarris.net\/?locale=es_ES","https:\/\/x.com\/9BTV"]},{"@type":"Person","@id":"https:\/\/www.noubarris.net\/web40\/#\/schema\/person\/1827f92aaa316c54abbf4dac0de76069","name":"Informatius","image":{"@type":"ImageObject","inLanguage":"ca","@id":"https:\/\/www.noubarris.net\/web40\/#\/schema\/person\/image\/","url":"https:\/\/secure.gravatar.com\/avatar\/87a3b47928835fc72c6ee5b0e1a7263ef0c2d05003a98189bc14926c5f11bcdb?s=96&d=mm&r=g","contentUrl":"https:\/\/secure.gravatar.com\/avatar\/87a3b47928835fc72c6ee5b0e1a7263ef0c2d05003a98189bc14926c5f11bcdb?s=96&d=mm&r=g","caption":"Informatius"},"url":"https:\/\/www.noubarris.net\/web40\/author\/tele\/"}]}},"_links":{"self":[{"href":"https:\/\/www.noubarris.net\/web40\/wp-json\/wp\/v2\/posts\/75759","targetHints":{"allow":["GET"]}}],"collection":[{"href":"https:\/\/www.noubarris.net\/web40\/wp-json\/wp\/v2\/posts"}],"about":[{"href":"https:\/\/www.noubarris.net\/web40\/wp-json\/wp\/v2\/types\/post"}],"author":[{"embeddable":true,"href":"https:\/\/www.noubarris.net\/web40\/wp-json\/wp\/v2\/users\/2"}],"replies":[{"embeddable":true,"href":"https:\/\/www.noubarris.net\/web40\/wp-json\/wp\/v2\/comments?post=75759"}],"version-history":[{"count":0,"href":"https:\/\/www.noubarris.net\/web40\/wp-json\/wp\/v2\/posts\/75759\/revisions"}],"wp:featuredmedia":[{"embeddable":true,"href":"https:\/\/www.noubarris.net\/web40\/wp-json\/wp\/v2\/media\/75760"}],"wp:attachment":[{"href":"https:\/\/www.noubarris.net\/web40\/wp-json\/wp\/v2\/media?parent=75759"}],"wp:term":[{"taxonomy":"category","embeddable":true,"href":"https:\/\/www.noubarris.net\/web40\/wp-json\/wp\/v2\/categories?post=75759"},{"taxonomy":"post_tag","embeddable":true,"href":"https:\/\/www.noubarris.net\/web40\/wp-json\/wp\/v2\/tags?post=75759"}],"curies":[{"name":"wp","href":"https:\/\/api.w.org\/{rel}","templated":true}]}}