{"id":75888,"date":"2020-06-15T00:00:43","date_gmt":"2020-06-14T22:00:43","guid":{"rendered":"http:\/\/www.noubarris.net\/web40\/?p=75888"},"modified":"2020-06-12T13:59:37","modified_gmt":"2020-06-12T11:59:37","slug":"loac-de-nou-barris-reobre-amb-cita-previa","status":"publish","type":"post","link":"https:\/\/www.noubarris.net\/web40\/loac-de-nou-barris-reobre-amb-cita-previa\/","title":{"rendered":"L&#8217;OAC de Nou Barris reobre amb cita pr\u00e8via"},"content":{"rendered":"<p><strong>Les visites es reserven per als\u00a0tr\u00e0mits urgents que no es puguin gestionar a trav\u00e9s de canals no presencials<\/strong><\/p>\n<p>L\u2019Oficina d\u2019Atenci\u00f3 a la Ciutadania (OAC) de Nou Barris situada a la Seu del Districte reobre avui amb cita pr\u00e8via, que podeu demanar a trav\u00e9s del tel\u00e8fon gratu\u00eft 010 i a partir <a href=\"https:\/\/seuelectronica.ajuntament.barcelona.cat\/APPS\/portaltramits\/formulari\/ptbcitaprevia\/T128\/init\/ca\/PTCIU.html?\" target=\"_blank\" rel=\"noopener noreferrer\">del seu web<\/a>. Aix\u00f2 s\u00ed, les visites es reserven sempre per atendre\u00a0 tr\u00e0mits urgents que no es puguin gestionar a trav\u00e9s de canals no presencials, o en el cas que no disposeu de mitjans digitals. Mentrestant, l\u2019Ajuntament de Barcelona continuar\u00e0 atenent la ciutadania majorit\u00e0riament a trav\u00e9s del tel\u00e8fon gratu\u00eft 010, el web municipal i el portal de tr\u00e0mits.<\/p>\n<p>Aquesta i altres oficines municipals s&#8217;han reorganitzat per continuar atenent la ciutadania de forma remota, com ara el servei &#8216;L&#8217;OAC et truca&#8217; . Podreu trobar m\u00e9s informaci\u00f3 al respecte <a href=\"https:\/\/seuelectronica.ajuntament.barcelona.cat\/oficinavirtual\/ca\/tramit\/20100001515\" target=\"_blank\" rel=\"noopener noreferrer\">al web de l&#8217;Ajuntament.<\/a><\/p>\n","protected":false},"excerpt":{"rendered":"<p>Les visites es reserven per als\u00a0tr\u00e0mits urgents que no es puguin gestionar a trav\u00e9s de canals no presencials L\u2019Oficina d\u2019Atenci\u00f3<\/p>\n","protected":false},"author":2,"featured_media":75889,"comment_status":"closed","ping_status":"closed","sticky":false,"template":"","format":"standard","meta":{"colormag_page_layout":"default_layout","_monsterinsights_skip_tracking":false,"_monsterinsights_sitenote_active":false,"_monsterinsights_sitenote_note":"","_monsterinsights_sitenote_category":0,"footnotes":""},"categories":[133,124],"tags":[400,640,121,401],"class_list":["post-75888","post","type-post","status-publish","format-standard","has-post-thumbnail","hentry","category-la-guineueta","category-societat","tag-ajuntament","tag-coronavirus","tag-equipaments","tag-oac"],"yoast_head":"<!-- This site is optimized with the Yoast SEO plugin v25.3 - https:\/\/yoast.com\/wordpress\/plugins\/seo\/ -->\n<title>L&#039;OAC de Nou Barris reobre amb cita pr\u00e8via - NouBarris.Net<\/title>\n<meta name=\"robots\" content=\"index, follow, max-snippet:-1, max-image-preview:large, max-video-preview:-1\" \/>\n<link rel=\"canonical\" href=\"https:\/\/www.noubarris.net\/web40\/loac-de-nou-barris-reobre-amb-cita-previa\/\" \/>\n<meta property=\"og:locale\" content=\"ca_ES\" \/>\n<meta property=\"og:type\" content=\"article\" \/>\n<meta property=\"og:title\" content=\"L&#039;OAC de Nou Barris reobre amb cita pr\u00e8via - NouBarris.Net\" \/>\n<meta property=\"og:description\" content=\"Les visites es reserven per als\u00a0tr\u00e0mits urgents que no es puguin gestionar a trav\u00e9s de canals no presencials L\u2019Oficina d\u2019Atenci\u00f3\" \/>\n<meta property=\"og:url\" content=\"https:\/\/www.noubarris.net\/web40\/loac-de-nou-barris-reobre-amb-cita-previa\/\" \/>\n<meta property=\"og:site_name\" content=\"NouBarris.Net\" \/>\n<meta property=\"article:publisher\" content=\"https:\/\/www.facebook.com\/NouBarris.net\/?locale=es_ES\" \/>\n<meta property=\"article:published_time\" content=\"2020-06-14T22:00:43+00:00\" \/>\n<meta property=\"og:image\" content=\"https:\/\/www.noubarris.net\/web40\/wp-content\/uploads\/2020\/06\/150620.jpg\" \/>\n\t<meta property=\"og:image:width\" content=\"768\" \/>\n\t<meta property=\"og:image:height\" content=\"432\" \/>\n\t<meta property=\"og:image:type\" content=\"image\/jpeg\" \/>\n<meta name=\"author\" content=\"Informatius\" \/>\n<meta name=\"twitter:card\" content=\"summary_large_image\" \/>\n<meta name=\"twitter:creator\" content=\"@9BTV\" \/>\n<meta name=\"twitter:site\" content=\"@9BTV\" \/>\n<meta name=\"twitter:label1\" content=\"Escrit per\" \/>\n\t<meta name=\"twitter:data1\" content=\"Informatius\" \/>\n\t<meta name=\"twitter:label2\" content=\"Temps estimat de lectura\" \/>\n\t<meta name=\"twitter:data2\" content=\"1 minut\" \/>\n<script type=\"application\/ld+json\" class=\"yoast-schema-graph\">{\"@context\":\"https:\/\/schema.org\",\"@graph\":[{\"@type\":\"Article\",\"@id\":\"https:\/\/www.noubarris.net\/web40\/loac-de-nou-barris-reobre-amb-cita-previa\/#article\",\"isPartOf\":{\"@id\":\"https:\/\/www.noubarris.net\/web40\/loac-de-nou-barris-reobre-amb-cita-previa\/\"},\"author\":{\"name\":\"Informatius\",\"@id\":\"https:\/\/www.noubarris.net\/web40\/#\/schema\/person\/1827f92aaa316c54abbf4dac0de76069\"},\"headline\":\"L&#8217;OAC de Nou Barris reobre amb cita pr\u00e8via\",\"datePublished\":\"2020-06-14T22:00:43+00:00\",\"mainEntityOfPage\":{\"@id\":\"https:\/\/www.noubarris.net\/web40\/loac-de-nou-barris-reobre-amb-cita-previa\/\"},\"wordCount\":169,\"publisher\":{\"@id\":\"https:\/\/www.noubarris.net\/web40\/#organization\"},\"image\":{\"@id\":\"https:\/\/www.noubarris.net\/web40\/loac-de-nou-barris-reobre-amb-cita-previa\/#primaryimage\"},\"thumbnailUrl\":\"https:\/\/www.noubarris.net\/web40\/wp-content\/uploads\/2020\/06\/150620.jpg\",\"keywords\":[\"Ajuntament\",\"coronavirus\",\"Equipaments\",\"OAC\"],\"articleSection\":[\"La Guineueta\",\"Societat\"],\"inLanguage\":\"ca\"},{\"@type\":\"WebPage\",\"@id\":\"https:\/\/www.noubarris.net\/web40\/loac-de-nou-barris-reobre-amb-cita-previa\/\",\"url\":\"https:\/\/www.noubarris.net\/web40\/loac-de-nou-barris-reobre-amb-cita-previa\/\",\"name\":\"L'OAC de Nou Barris reobre amb cita pr\u00e8via - NouBarris.Net\",\"isPartOf\":{\"@id\":\"https:\/\/www.noubarris.net\/web40\/#website\"},\"primaryImageOfPage\":{\"@id\":\"https:\/\/www.noubarris.net\/web40\/loac-de-nou-barris-reobre-amb-cita-previa\/#primaryimage\"},\"image\":{\"@id\":\"https:\/\/www.noubarris.net\/web40\/loac-de-nou-barris-reobre-amb-cita-previa\/#primaryimage\"},\"thumbnailUrl\":\"https:\/\/www.noubarris.net\/web40\/wp-content\/uploads\/2020\/06\/150620.jpg\",\"datePublished\":\"2020-06-14T22:00:43+00:00\",\"breadcrumb\":{\"@id\":\"https:\/\/www.noubarris.net\/web40\/loac-de-nou-barris-reobre-amb-cita-previa\/#breadcrumb\"},\"inLanguage\":\"ca\",\"potentialAction\":[{\"@type\":\"ReadAction\",\"target\":[\"https:\/\/www.noubarris.net\/web40\/loac-de-nou-barris-reobre-amb-cita-previa\/\"]}]},{\"@type\":\"ImageObject\",\"inLanguage\":\"ca\",\"@id\":\"https:\/\/www.noubarris.net\/web40\/loac-de-nou-barris-reobre-amb-cita-previa\/#primaryimage\",\"url\":\"https:\/\/www.noubarris.net\/web40\/wp-content\/uploads\/2020\/06\/150620.jpg\",\"contentUrl\":\"https:\/\/www.noubarris.net\/web40\/wp-content\/uploads\/2020\/06\/150620.jpg\",\"width\":768,\"height\":432},{\"@type\":\"BreadcrumbList\",\"@id\":\"https:\/\/www.noubarris.net\/web40\/loac-de-nou-barris-reobre-amb-cita-previa\/#breadcrumb\",\"itemListElement\":[{\"@type\":\"ListItem\",\"position\":1,\"name\":\"Inici\",\"item\":\"https:\/\/www.noubarris.net\/web40\/\"},{\"@type\":\"ListItem\",\"position\":2,\"name\":\"L&#8217;OAC de Nou Barris reobre amb cita pr\u00e8via\"}]},{\"@type\":\"WebSite\",\"@id\":\"https:\/\/www.noubarris.net\/web40\/#website\",\"url\":\"https:\/\/www.noubarris.net\/web40\/\",\"name\":\"NouBarris.Net\",\"description\":\"Seguint la vida de Nou Barris des de 1985\",\"publisher\":{\"@id\":\"https:\/\/www.noubarris.net\/web40\/#organization\"},\"potentialAction\":[{\"@type\":\"SearchAction\",\"target\":{\"@type\":\"EntryPoint\",\"urlTemplate\":\"https:\/\/www.noubarris.net\/web40\/?s={search_term_string}\"},\"query-input\":{\"@type\":\"PropertyValueSpecification\",\"valueRequired\":true,\"valueName\":\"search_term_string\"}}],\"inLanguage\":\"ca\"},{\"@type\":\"Organization\",\"@id\":\"https:\/\/www.noubarris.net\/web40\/#organization\",\"name\":\"NouBarris.Net\",\"url\":\"https:\/\/www.noubarris.net\/web40\/\",\"logo\":{\"@type\":\"ImageObject\",\"inLanguage\":\"ca\",\"@id\":\"https:\/\/www.noubarris.net\/web40\/#\/schema\/logo\/image\/\",\"url\":\"https:\/\/www.noubarris.net\/web40\/wp-content\/uploads\/2024\/11\/cropped-cropped-LOGO_9BTV-2024_Insta-1.jpg\",\"contentUrl\":\"https:\/\/www.noubarris.net\/web40\/wp-content\/uploads\/2024\/11\/cropped-cropped-LOGO_9BTV-2024_Insta-1.jpg\",\"width\":512,\"height\":512,\"caption\":\"NouBarris.Net\"},\"image\":{\"@id\":\"https:\/\/www.noubarris.net\/web40\/#\/schema\/logo\/image\/\"},\"sameAs\":[\"https:\/\/www.facebook.com\/NouBarris.net\/?locale=es_ES\",\"https:\/\/x.com\/9BTV\"]},{\"@type\":\"Person\",\"@id\":\"https:\/\/www.noubarris.net\/web40\/#\/schema\/person\/1827f92aaa316c54abbf4dac0de76069\",\"name\":\"Informatius\",\"image\":{\"@type\":\"ImageObject\",\"inLanguage\":\"ca\",\"@id\":\"https:\/\/www.noubarris.net\/web40\/#\/schema\/person\/image\/\",\"url\":\"https:\/\/secure.gravatar.com\/avatar\/87a3b47928835fc72c6ee5b0e1a7263ef0c2d05003a98189bc14926c5f11bcdb?s=96&d=mm&r=g\",\"contentUrl\":\"https:\/\/secure.gravatar.com\/avatar\/87a3b47928835fc72c6ee5b0e1a7263ef0c2d05003a98189bc14926c5f11bcdb?s=96&d=mm&r=g\",\"caption\":\"Informatius\"},\"url\":\"https:\/\/www.noubarris.net\/web40\/author\/tele\/\"}]}<\/script>\n<!-- \/ Yoast SEO plugin. -->","yoast_head_json":{"title":"L'OAC de Nou Barris reobre amb cita pr\u00e8via - NouBarris.Net","robots":{"index":"index","follow":"follow","max-snippet":"max-snippet:-1","max-image-preview":"max-image-preview:large","max-video-preview":"max-video-preview:-1"},"canonical":"https:\/\/www.noubarris.net\/web40\/loac-de-nou-barris-reobre-amb-cita-previa\/","og_locale":"ca_ES","og_type":"article","og_title":"L'OAC de Nou Barris reobre amb cita pr\u00e8via - NouBarris.Net","og_description":"Les visites es reserven per als\u00a0tr\u00e0mits urgents que no es puguin gestionar a trav\u00e9s de canals no presencials L\u2019Oficina d\u2019Atenci\u00f3","og_url":"https:\/\/www.noubarris.net\/web40\/loac-de-nou-barris-reobre-amb-cita-previa\/","og_site_name":"NouBarris.Net","article_publisher":"https:\/\/www.facebook.com\/NouBarris.net\/?locale=es_ES","article_published_time":"2020-06-14T22:00:43+00:00","og_image":[{"width":768,"height":432,"url":"https:\/\/www.noubarris.net\/web40\/wp-content\/uploads\/2020\/06\/150620.jpg","type":"image\/jpeg"}],"author":"Informatius","twitter_card":"summary_large_image","twitter_creator":"@9BTV","twitter_site":"@9BTV","twitter_misc":{"Escrit per":"Informatius","Temps estimat de lectura":"1 minut"},"schema":{"@context":"https:\/\/schema.org","@graph":[{"@type":"Article","@id":"https:\/\/www.noubarris.net\/web40\/loac-de-nou-barris-reobre-amb-cita-previa\/#article","isPartOf":{"@id":"https:\/\/www.noubarris.net\/web40\/loac-de-nou-barris-reobre-amb-cita-previa\/"},"author":{"name":"Informatius","@id":"https:\/\/www.noubarris.net\/web40\/#\/schema\/person\/1827f92aaa316c54abbf4dac0de76069"},"headline":"L&#8217;OAC de Nou Barris reobre amb cita pr\u00e8via","datePublished":"2020-06-14T22:00:43+00:00","mainEntityOfPage":{"@id":"https:\/\/www.noubarris.net\/web40\/loac-de-nou-barris-reobre-amb-cita-previa\/"},"wordCount":169,"publisher":{"@id":"https:\/\/www.noubarris.net\/web40\/#organization"},"image":{"@id":"https:\/\/www.noubarris.net\/web40\/loac-de-nou-barris-reobre-amb-cita-previa\/#primaryimage"},"thumbnailUrl":"https:\/\/www.noubarris.net\/web40\/wp-content\/uploads\/2020\/06\/150620.jpg","keywords":["Ajuntament","coronavirus","Equipaments","OAC"],"articleSection":["La Guineueta","Societat"],"inLanguage":"ca"},{"@type":"WebPage","@id":"https:\/\/www.noubarris.net\/web40\/loac-de-nou-barris-reobre-amb-cita-previa\/","url":"https:\/\/www.noubarris.net\/web40\/loac-de-nou-barris-reobre-amb-cita-previa\/","name":"L'OAC de Nou Barris reobre amb cita pr\u00e8via - NouBarris.Net","isPartOf":{"@id":"https:\/\/www.noubarris.net\/web40\/#website"},"primaryImageOfPage":{"@id":"https:\/\/www.noubarris.net\/web40\/loac-de-nou-barris-reobre-amb-cita-previa\/#primaryimage"},"image":{"@id":"https:\/\/www.noubarris.net\/web40\/loac-de-nou-barris-reobre-amb-cita-previa\/#primaryimage"},"thumbnailUrl":"https:\/\/www.noubarris.net\/web40\/wp-content\/uploads\/2020\/06\/150620.jpg","datePublished":"2020-06-14T22:00:43+00:00","breadcrumb":{"@id":"https:\/\/www.noubarris.net\/web40\/loac-de-nou-barris-reobre-amb-cita-previa\/#breadcrumb"},"inLanguage":"ca","potentialAction":[{"@type":"ReadAction","target":["https:\/\/www.noubarris.net\/web40\/loac-de-nou-barris-reobre-amb-cita-previa\/"]}]},{"@type":"ImageObject","inLanguage":"ca","@id":"https:\/\/www.noubarris.net\/web40\/loac-de-nou-barris-reobre-amb-cita-previa\/#primaryimage","url":"https:\/\/www.noubarris.net\/web40\/wp-content\/uploads\/2020\/06\/150620.jpg","contentUrl":"https:\/\/www.noubarris.net\/web40\/wp-content\/uploads\/2020\/06\/150620.jpg","width":768,"height":432},{"@type":"BreadcrumbList","@id":"https:\/\/www.noubarris.net\/web40\/loac-de-nou-barris-reobre-amb-cita-previa\/#breadcrumb","itemListElement":[{"@type":"ListItem","position":1,"name":"Inici","item":"https:\/\/www.noubarris.net\/web40\/"},{"@type":"ListItem","position":2,"name":"L&#8217;OAC de Nou Barris reobre amb cita pr\u00e8via"}]},{"@type":"WebSite","@id":"https:\/\/www.noubarris.net\/web40\/#website","url":"https:\/\/www.noubarris.net\/web40\/","name":"NouBarris.Net","description":"Seguint la vida de Nou Barris des de 1985","publisher":{"@id":"https:\/\/www.noubarris.net\/web40\/#organization"},"potentialAction":[{"@type":"SearchAction","target":{"@type":"EntryPoint","urlTemplate":"https:\/\/www.noubarris.net\/web40\/?s={search_term_string}"},"query-input":{"@type":"PropertyValueSpecification","valueRequired":true,"valueName":"search_term_string"}}],"inLanguage":"ca"},{"@type":"Organization","@id":"https:\/\/www.noubarris.net\/web40\/#organization","name":"NouBarris.Net","url":"https:\/\/www.noubarris.net\/web40\/","logo":{"@type":"ImageObject","inLanguage":"ca","@id":"https:\/\/www.noubarris.net\/web40\/#\/schema\/logo\/image\/","url":"https:\/\/www.noubarris.net\/web40\/wp-content\/uploads\/2024\/11\/cropped-cropped-LOGO_9BTV-2024_Insta-1.jpg","contentUrl":"https:\/\/www.noubarris.net\/web40\/wp-content\/uploads\/2024\/11\/cropped-cropped-LOGO_9BTV-2024_Insta-1.jpg","width":512,"height":512,"caption":"NouBarris.Net"},"image":{"@id":"https:\/\/www.noubarris.net\/web40\/#\/schema\/logo\/image\/"},"sameAs":["https:\/\/www.facebook.com\/NouBarris.net\/?locale=es_ES","https:\/\/x.com\/9BTV"]},{"@type":"Person","@id":"https:\/\/www.noubarris.net\/web40\/#\/schema\/person\/1827f92aaa316c54abbf4dac0de76069","name":"Informatius","image":{"@type":"ImageObject","inLanguage":"ca","@id":"https:\/\/www.noubarris.net\/web40\/#\/schema\/person\/image\/","url":"https:\/\/secure.gravatar.com\/avatar\/87a3b47928835fc72c6ee5b0e1a7263ef0c2d05003a98189bc14926c5f11bcdb?s=96&d=mm&r=g","contentUrl":"https:\/\/secure.gravatar.com\/avatar\/87a3b47928835fc72c6ee5b0e1a7263ef0c2d05003a98189bc14926c5f11bcdb?s=96&d=mm&r=g","caption":"Informatius"},"url":"https:\/\/www.noubarris.net\/web40\/author\/tele\/"}]}},"_links":{"self":[{"href":"https:\/\/www.noubarris.net\/web40\/wp-json\/wp\/v2\/posts\/75888","targetHints":{"allow":["GET"]}}],"collection":[{"href":"https:\/\/www.noubarris.net\/web40\/wp-json\/wp\/v2\/posts"}],"about":[{"href":"https:\/\/www.noubarris.net\/web40\/wp-json\/wp\/v2\/types\/post"}],"author":[{"embeddable":true,"href":"https:\/\/www.noubarris.net\/web40\/wp-json\/wp\/v2\/users\/2"}],"replies":[{"embeddable":true,"href":"https:\/\/www.noubarris.net\/web40\/wp-json\/wp\/v2\/comments?post=75888"}],"version-history":[{"count":0,"href":"https:\/\/www.noubarris.net\/web40\/wp-json\/wp\/v2\/posts\/75888\/revisions"}],"wp:featuredmedia":[{"embeddable":true,"href":"https:\/\/www.noubarris.net\/web40\/wp-json\/wp\/v2\/media\/75889"}],"wp:attachment":[{"href":"https:\/\/www.noubarris.net\/web40\/wp-json\/wp\/v2\/media?parent=75888"}],"wp:term":[{"taxonomy":"category","embeddable":true,"href":"https:\/\/www.noubarris.net\/web40\/wp-json\/wp\/v2\/categories?post=75888"},{"taxonomy":"post_tag","embeddable":true,"href":"https:\/\/www.noubarris.net\/web40\/wp-json\/wp\/v2\/tags?post=75888"}],"curies":[{"name":"wp","href":"https:\/\/api.w.org\/{rel}","templated":true}]}}