{"id":75893,"date":"2020-06-16T00:00:58","date_gmt":"2020-06-15T22:00:58","guid":{"rendered":"http:\/\/www.noubarris.net\/web40\/?p=75893"},"modified":"2020-06-15T14:44:16","modified_gmt":"2020-06-15T12:44:16","slug":"lesglesia-del-mental-a-lespera-del-vitralls-per-tornar-a-lluir-com-abans","status":"publish","type":"post","link":"https:\/\/www.noubarris.net\/web40\/lesglesia-del-mental-a-lespera-del-vitralls-per-tornar-a-lluir-com-abans\/","title":{"rendered":"L\u2019esgl\u00e9sia del Mental a l\u2019espera del vitralls per tornar a lluir com abans"},"content":{"rendered":"<p>La irrupci\u00f3 de la covid-19 n\u2019ha aturat les obres, per\u00f2 l\u2019esgl\u00e9sia de Sant Rafael, tamb\u00e9 coneguda com la del Mental, llueix ja una fa\u00e7ana restaurada i herm\u00e8tica. S\u2019hi han instal\u00b7lat noves portes i finestres que protegeixen l\u2019interior dels coloms, que havien malm\u00e8s molt l\u2019interior del temple en els 30 anys d\u2019aband\u00f3 de l\u2019edifici. Aquestes finestres, per\u00f2, haurien de ser provisionals, ja que romanen pendents de rehabilitar els vitralls originals.<\/p>\n<p>Aquests vitralls mostraven imatges de diversos sants, com ara Sant Rafael, patr\u00f3 de la medicina. Tot i trobar-se en mal estat, encara es podien recuperar. La idea \u00e9s fer-ho a partir dels documents que es conserven a l&#8217;Arxiu Hist\u00f2ric de Roquetes- Nou Barris. \u201cEls tenim una mica documentats, per\u00f2 no gaire perqu\u00e8 no ens han deixat entrar darrerament a l&#8217;interior de l&#8217;esgl\u00e9sia. &#8211; explica Arnaldo Gil de l&#8217;Arxiu Hist\u00f2ric Roquetes-Nou Barris-\u00a0 Abans de les obres van venir assessorar-se sobre com eren els vitralls antics i creiem que ser\u00e0 la base per al treball que estan fent de reconstrucci\u00f3 dels finestrals.\u201d Aquesta tasca, segons els acords entre Arquebisbat i Ajuntament, haur\u00e0 d\u2019assumir-la l\u2019Esgl\u00e9sia. Mentrestant, s\u2019hi ha col\u00b7locat vidres transparents a les finestres, aix\u00ed com al porxo de l\u2019entrada.<\/p>\n<p><img loading=\"lazy\" decoding=\"async\" class=\"aligncenter wp-image-673422 size-full\" src=\"https:\/\/img.beteve.cat\/wp-content\/uploads\/2020\/06\/vitralls-esglesia-mental.jpg\" alt=\"vitralls esgl\u00e9sia mental\" width=\"1600\" height=\"1119\" data-wp-editing=\"1\" \/><\/p>\n<p>Pel que fa a la fa\u00e7ana, ha recuperat l\u2019esplendor. Un cop estabilitzada l\u2019estructura, s\u2019han eliminat les esquerdes i s\u2019ha eliminat un dels problemes principals: s\u2019ha impermeabilitzat la part baixa. Abans de les obres, bona part de la fa\u00e7ana es trobava enterrada en un parterre que salvava el desnivell el carrer. Aix\u00f2 havia provocat filtracions i humitats als murs.<\/p>\n<p>L\u2019esgl\u00e9sia formava part del recinte de l\u2019Institut mental de la Santa Creu<a href=\"https:\/\/beteve.cat\/general\/centenari-institut-mental-santa-creu-sant-pau\/\">,<\/a> que va entrar en funcionament el 1889 i va tancar l\u2019any 1986. L\u2019Ajuntament va iniciar al 2019 les obres de rehabilitaci\u00f3 i consolidaci\u00f3 estructural de l\u2019esgl\u00e9sia, que forma part del patrimoni hist\u00f2ric de titularitat municipal. S\u2019han hagut de reparar, amb un pressupost d\u20191,9 milions d\u2019euros, els desperfectes de m\u00e9s de 30 anys de degradaci\u00f3 i aband\u00f3. Els membres de l\u2019arxiu van documentar l\u2019interior de l\u2019esgl\u00e9sia als anys vuitanta, un cop l\u2019edifici ja havia estat dessacralitzat i abandonat. Una degradaci\u00f3 que va anar a pitjor amb el temps, fins arribar als petits despreniments dels darrers anys.\u00a0 \u201cEl record que tinc de llavors es el terra ple de Zotal i els excrements de colom, tamb\u00e9 recordo haver pujat al campanar a veure les campanes i que a l&#8217;escala hi havia tota la maquin\u00e0ria de les campanes per fer-les funcionar\u201d, recorda Arnaldo Gil.\u00a0 Les obres de rehabilitaci\u00f3 de la fa\u00e7ana de l&#8217;esgl\u00e9sia haurien d\u2019haver acabat el passat mes d\u2019octubre per\u00f2 les tasques es van allargar i la covid-19 no ha perm\u00e8s concloure encara aquesta primera fase de rehabilitaci\u00f3.<\/p>\n<p>Un cop acabada la primera fase d\u2019obres, l\u2019Ajuntament passar\u00e0 el testimoni a l\u2019Arquebisbat, que ha de decorar i condicionar l\u2019espai interior per traslladar-hi la parr\u00f2quia de Sant Rafael, actualment ubicada en uns locals propers. A m\u00e9s, el pla urban\u00edstic tamb\u00e9 inclou la construcci\u00f3 de les noves oficines parroquials a la part del darrere del temple. Ser\u00e0 un espai cobert, entre la fa\u00e7ana posterior i la pla\u00e7a del Mercat de la Guineueta. Amb tota la reforma, el barri guanyar\u00e0 una nova zona d\u2019estada.<\/p>\n","protected":false},"excerpt":{"rendered":"<p>La irrupci\u00f3 de la covid-19 n\u2019ha aturat les obres, per\u00f2 l\u2019esgl\u00e9sia de Sant Rafael, tamb\u00e9 coneguda com la del Mental,<\/p>\n","protected":false},"author":2,"featured_media":75894,"comment_status":"closed","ping_status":"closed","sticky":false,"template":"","format":"standard","meta":{"colormag_page_layout":"default_layout","_monsterinsights_skip_tracking":false,"_monsterinsights_sitenote_active":false,"_monsterinsights_sitenote_note":"","_monsterinsights_sitenote_category":0,"footnotes":""},"categories":[133,302],"tags":[358,47,360,235,315],"class_list":["post-75893","post","type-post","status-publish","format-standard","has-post-thumbnail","hentry","category-la-guineueta","category-urbanisme","tag-esglesia-mental","tag-la-guineueta","tag-obres","tag-patrimoni","tag-rehabilitacio"],"yoast_head":"<!-- This site is optimized with the Yoast SEO plugin v25.3 - https:\/\/yoast.com\/wordpress\/plugins\/seo\/ -->\n<title>L\u2019esgl\u00e9sia del Mental a l\u2019espera del vitralls per tornar a lluir com abans - NouBarris.Net<\/title>\n<meta name=\"robots\" content=\"index, follow, max-snippet:-1, max-image-preview:large, max-video-preview:-1\" \/>\n<link rel=\"canonical\" href=\"https:\/\/www.noubarris.net\/web40\/lesglesia-del-mental-a-lespera-del-vitralls-per-tornar-a-lluir-com-abans\/\" \/>\n<meta property=\"og:locale\" content=\"ca_ES\" \/>\n<meta property=\"og:type\" content=\"article\" \/>\n<meta property=\"og:title\" content=\"L\u2019esgl\u00e9sia del Mental a l\u2019espera del vitralls per tornar a lluir com abans - NouBarris.Net\" \/>\n<meta property=\"og:description\" content=\"La irrupci\u00f3 de la covid-19 n\u2019ha aturat les obres, per\u00f2 l\u2019esgl\u00e9sia de Sant Rafael, tamb\u00e9 coneguda com la del Mental,\" \/>\n<meta property=\"og:url\" content=\"https:\/\/www.noubarris.net\/web40\/lesglesia-del-mental-a-lespera-del-vitralls-per-tornar-a-lluir-com-abans\/\" \/>\n<meta property=\"og:site_name\" content=\"NouBarris.Net\" \/>\n<meta property=\"article:publisher\" content=\"https:\/\/www.facebook.com\/NouBarris.net\/?locale=es_ES\" \/>\n<meta property=\"article:published_time\" content=\"2020-06-15T22:00:58+00:00\" \/>\n<meta property=\"og:image\" content=\"https:\/\/www.noubarris.net\/web40\/wp-content\/uploads\/2020\/06\/160620_esglesia_mental.jpg\" \/>\n\t<meta property=\"og:image:width\" content=\"768\" \/>\n\t<meta property=\"og:image:height\" content=\"432\" \/>\n\t<meta property=\"og:image:type\" content=\"image\/jpeg\" \/>\n<meta name=\"author\" content=\"Informatius\" \/>\n<meta name=\"twitter:card\" content=\"summary_large_image\" \/>\n<meta name=\"twitter:creator\" content=\"@9BTV\" \/>\n<meta name=\"twitter:site\" content=\"@9BTV\" \/>\n<meta name=\"twitter:label1\" content=\"Escrit per\" \/>\n\t<meta name=\"twitter:data1\" content=\"Informatius\" \/>\n\t<meta name=\"twitter:label2\" content=\"Temps estimat de lectura\" \/>\n\t<meta name=\"twitter:data2\" content=\"3 minuts\" \/>\n<script type=\"application\/ld+json\" class=\"yoast-schema-graph\">{\"@context\":\"https:\/\/schema.org\",\"@graph\":[{\"@type\":\"Article\",\"@id\":\"https:\/\/www.noubarris.net\/web40\/lesglesia-del-mental-a-lespera-del-vitralls-per-tornar-a-lluir-com-abans\/#article\",\"isPartOf\":{\"@id\":\"https:\/\/www.noubarris.net\/web40\/lesglesia-del-mental-a-lespera-del-vitralls-per-tornar-a-lluir-com-abans\/\"},\"author\":{\"name\":\"Informatius\",\"@id\":\"https:\/\/www.noubarris.net\/web40\/#\/schema\/person\/1827f92aaa316c54abbf4dac0de76069\"},\"headline\":\"L\u2019esgl\u00e9sia del Mental a l\u2019espera del vitralls per tornar a lluir com abans\",\"datePublished\":\"2020-06-15T22:00:58+00:00\",\"mainEntityOfPage\":{\"@id\":\"https:\/\/www.noubarris.net\/web40\/lesglesia-del-mental-a-lespera-del-vitralls-per-tornar-a-lluir-com-abans\/\"},\"wordCount\":600,\"publisher\":{\"@id\":\"https:\/\/www.noubarris.net\/web40\/#organization\"},\"image\":{\"@id\":\"https:\/\/www.noubarris.net\/web40\/lesglesia-del-mental-a-lespera-del-vitralls-per-tornar-a-lluir-com-abans\/#primaryimage\"},\"thumbnailUrl\":\"https:\/\/www.noubarris.net\/web40\/wp-content\/uploads\/2020\/06\/160620_esglesia_mental.jpg\",\"keywords\":[\"Esgl\u00e9sia mental\",\"La Guineueta\",\"Obres\",\"patrimoni\",\"Rehabilitaci\u00f3\"],\"articleSection\":[\"La Guineueta\",\"Urbanisme\"],\"inLanguage\":\"ca\"},{\"@type\":\"WebPage\",\"@id\":\"https:\/\/www.noubarris.net\/web40\/lesglesia-del-mental-a-lespera-del-vitralls-per-tornar-a-lluir-com-abans\/\",\"url\":\"https:\/\/www.noubarris.net\/web40\/lesglesia-del-mental-a-lespera-del-vitralls-per-tornar-a-lluir-com-abans\/\",\"name\":\"L\u2019esgl\u00e9sia del Mental a l\u2019espera del vitralls per tornar a lluir com abans - NouBarris.Net\",\"isPartOf\":{\"@id\":\"https:\/\/www.noubarris.net\/web40\/#website\"},\"primaryImageOfPage\":{\"@id\":\"https:\/\/www.noubarris.net\/web40\/lesglesia-del-mental-a-lespera-del-vitralls-per-tornar-a-lluir-com-abans\/#primaryimage\"},\"image\":{\"@id\":\"https:\/\/www.noubarris.net\/web40\/lesglesia-del-mental-a-lespera-del-vitralls-per-tornar-a-lluir-com-abans\/#primaryimage\"},\"thumbnailUrl\":\"https:\/\/www.noubarris.net\/web40\/wp-content\/uploads\/2020\/06\/160620_esglesia_mental.jpg\",\"datePublished\":\"2020-06-15T22:00:58+00:00\",\"breadcrumb\":{\"@id\":\"https:\/\/www.noubarris.net\/web40\/lesglesia-del-mental-a-lespera-del-vitralls-per-tornar-a-lluir-com-abans\/#breadcrumb\"},\"inLanguage\":\"ca\",\"potentialAction\":[{\"@type\":\"ReadAction\",\"target\":[\"https:\/\/www.noubarris.net\/web40\/lesglesia-del-mental-a-lespera-del-vitralls-per-tornar-a-lluir-com-abans\/\"]}]},{\"@type\":\"ImageObject\",\"inLanguage\":\"ca\",\"@id\":\"https:\/\/www.noubarris.net\/web40\/lesglesia-del-mental-a-lespera-del-vitralls-per-tornar-a-lluir-com-abans\/#primaryimage\",\"url\":\"https:\/\/www.noubarris.net\/web40\/wp-content\/uploads\/2020\/06\/160620_esglesia_mental.jpg\",\"contentUrl\":\"https:\/\/www.noubarris.net\/web40\/wp-content\/uploads\/2020\/06\/160620_esglesia_mental.jpg\",\"width\":768,\"height\":432,\"caption\":\"esgl\u00e9sia mental\"},{\"@type\":\"BreadcrumbList\",\"@id\":\"https:\/\/www.noubarris.net\/web40\/lesglesia-del-mental-a-lespera-del-vitralls-per-tornar-a-lluir-com-abans\/#breadcrumb\",\"itemListElement\":[{\"@type\":\"ListItem\",\"position\":1,\"name\":\"Inici\",\"item\":\"https:\/\/www.noubarris.net\/web40\/\"},{\"@type\":\"ListItem\",\"position\":2,\"name\":\"L\u2019esgl\u00e9sia del Mental a l\u2019espera del vitralls per tornar a lluir com abans\"}]},{\"@type\":\"WebSite\",\"@id\":\"https:\/\/www.noubarris.net\/web40\/#website\",\"url\":\"https:\/\/www.noubarris.net\/web40\/\",\"name\":\"NouBarris.Net\",\"description\":\"Seguint la vida de Nou Barris des de 1985\",\"publisher\":{\"@id\":\"https:\/\/www.noubarris.net\/web40\/#organization\"},\"potentialAction\":[{\"@type\":\"SearchAction\",\"target\":{\"@type\":\"EntryPoint\",\"urlTemplate\":\"https:\/\/www.noubarris.net\/web40\/?s={search_term_string}\"},\"query-input\":{\"@type\":\"PropertyValueSpecification\",\"valueRequired\":true,\"valueName\":\"search_term_string\"}}],\"inLanguage\":\"ca\"},{\"@type\":\"Organization\",\"@id\":\"https:\/\/www.noubarris.net\/web40\/#organization\",\"name\":\"NouBarris.Net\",\"url\":\"https:\/\/www.noubarris.net\/web40\/\",\"logo\":{\"@type\":\"ImageObject\",\"inLanguage\":\"ca\",\"@id\":\"https:\/\/www.noubarris.net\/web40\/#\/schema\/logo\/image\/\",\"url\":\"https:\/\/www.noubarris.net\/web40\/wp-content\/uploads\/2024\/11\/cropped-cropped-LOGO_9BTV-2024_Insta-1.jpg\",\"contentUrl\":\"https:\/\/www.noubarris.net\/web40\/wp-content\/uploads\/2024\/11\/cropped-cropped-LOGO_9BTV-2024_Insta-1.jpg\",\"width\":512,\"height\":512,\"caption\":\"NouBarris.Net\"},\"image\":{\"@id\":\"https:\/\/www.noubarris.net\/web40\/#\/schema\/logo\/image\/\"},\"sameAs\":[\"https:\/\/www.facebook.com\/NouBarris.net\/?locale=es_ES\",\"https:\/\/x.com\/9BTV\"]},{\"@type\":\"Person\",\"@id\":\"https:\/\/www.noubarris.net\/web40\/#\/schema\/person\/1827f92aaa316c54abbf4dac0de76069\",\"name\":\"Informatius\",\"image\":{\"@type\":\"ImageObject\",\"inLanguage\":\"ca\",\"@id\":\"https:\/\/www.noubarris.net\/web40\/#\/schema\/person\/image\/\",\"url\":\"https:\/\/secure.gravatar.com\/avatar\/87a3b47928835fc72c6ee5b0e1a7263ef0c2d05003a98189bc14926c5f11bcdb?s=96&d=mm&r=g\",\"contentUrl\":\"https:\/\/secure.gravatar.com\/avatar\/87a3b47928835fc72c6ee5b0e1a7263ef0c2d05003a98189bc14926c5f11bcdb?s=96&d=mm&r=g\",\"caption\":\"Informatius\"},\"url\":\"https:\/\/www.noubarris.net\/web40\/author\/tele\/\"}]}<\/script>\n<!-- \/ Yoast SEO plugin. -->","yoast_head_json":{"title":"L\u2019esgl\u00e9sia del Mental a l\u2019espera del vitralls per tornar a lluir com abans - NouBarris.Net","robots":{"index":"index","follow":"follow","max-snippet":"max-snippet:-1","max-image-preview":"max-image-preview:large","max-video-preview":"max-video-preview:-1"},"canonical":"https:\/\/www.noubarris.net\/web40\/lesglesia-del-mental-a-lespera-del-vitralls-per-tornar-a-lluir-com-abans\/","og_locale":"ca_ES","og_type":"article","og_title":"L\u2019esgl\u00e9sia del Mental a l\u2019espera del vitralls per tornar a lluir com abans - NouBarris.Net","og_description":"La irrupci\u00f3 de la covid-19 n\u2019ha aturat les obres, per\u00f2 l\u2019esgl\u00e9sia de Sant Rafael, tamb\u00e9 coneguda com la del Mental,","og_url":"https:\/\/www.noubarris.net\/web40\/lesglesia-del-mental-a-lespera-del-vitralls-per-tornar-a-lluir-com-abans\/","og_site_name":"NouBarris.Net","article_publisher":"https:\/\/www.facebook.com\/NouBarris.net\/?locale=es_ES","article_published_time":"2020-06-15T22:00:58+00:00","og_image":[{"width":768,"height":432,"url":"https:\/\/www.noubarris.net\/web40\/wp-content\/uploads\/2020\/06\/160620_esglesia_mental.jpg","type":"image\/jpeg"}],"author":"Informatius","twitter_card":"summary_large_image","twitter_creator":"@9BTV","twitter_site":"@9BTV","twitter_misc":{"Escrit per":"Informatius","Temps estimat de lectura":"3 minuts"},"schema":{"@context":"https:\/\/schema.org","@graph":[{"@type":"Article","@id":"https:\/\/www.noubarris.net\/web40\/lesglesia-del-mental-a-lespera-del-vitralls-per-tornar-a-lluir-com-abans\/#article","isPartOf":{"@id":"https:\/\/www.noubarris.net\/web40\/lesglesia-del-mental-a-lespera-del-vitralls-per-tornar-a-lluir-com-abans\/"},"author":{"name":"Informatius","@id":"https:\/\/www.noubarris.net\/web40\/#\/schema\/person\/1827f92aaa316c54abbf4dac0de76069"},"headline":"L\u2019esgl\u00e9sia del Mental a l\u2019espera del vitralls per tornar a lluir com abans","datePublished":"2020-06-15T22:00:58+00:00","mainEntityOfPage":{"@id":"https:\/\/www.noubarris.net\/web40\/lesglesia-del-mental-a-lespera-del-vitralls-per-tornar-a-lluir-com-abans\/"},"wordCount":600,"publisher":{"@id":"https:\/\/www.noubarris.net\/web40\/#organization"},"image":{"@id":"https:\/\/www.noubarris.net\/web40\/lesglesia-del-mental-a-lespera-del-vitralls-per-tornar-a-lluir-com-abans\/#primaryimage"},"thumbnailUrl":"https:\/\/www.noubarris.net\/web40\/wp-content\/uploads\/2020\/06\/160620_esglesia_mental.jpg","keywords":["Esgl\u00e9sia mental","La Guineueta","Obres","patrimoni","Rehabilitaci\u00f3"],"articleSection":["La Guineueta","Urbanisme"],"inLanguage":"ca"},{"@type":"WebPage","@id":"https:\/\/www.noubarris.net\/web40\/lesglesia-del-mental-a-lespera-del-vitralls-per-tornar-a-lluir-com-abans\/","url":"https:\/\/www.noubarris.net\/web40\/lesglesia-del-mental-a-lespera-del-vitralls-per-tornar-a-lluir-com-abans\/","name":"L\u2019esgl\u00e9sia del Mental a l\u2019espera del vitralls per tornar a lluir com abans - NouBarris.Net","isPartOf":{"@id":"https:\/\/www.noubarris.net\/web40\/#website"},"primaryImageOfPage":{"@id":"https:\/\/www.noubarris.net\/web40\/lesglesia-del-mental-a-lespera-del-vitralls-per-tornar-a-lluir-com-abans\/#primaryimage"},"image":{"@id":"https:\/\/www.noubarris.net\/web40\/lesglesia-del-mental-a-lespera-del-vitralls-per-tornar-a-lluir-com-abans\/#primaryimage"},"thumbnailUrl":"https:\/\/www.noubarris.net\/web40\/wp-content\/uploads\/2020\/06\/160620_esglesia_mental.jpg","datePublished":"2020-06-15T22:00:58+00:00","breadcrumb":{"@id":"https:\/\/www.noubarris.net\/web40\/lesglesia-del-mental-a-lespera-del-vitralls-per-tornar-a-lluir-com-abans\/#breadcrumb"},"inLanguage":"ca","potentialAction":[{"@type":"ReadAction","target":["https:\/\/www.noubarris.net\/web40\/lesglesia-del-mental-a-lespera-del-vitralls-per-tornar-a-lluir-com-abans\/"]}]},{"@type":"ImageObject","inLanguage":"ca","@id":"https:\/\/www.noubarris.net\/web40\/lesglesia-del-mental-a-lespera-del-vitralls-per-tornar-a-lluir-com-abans\/#primaryimage","url":"https:\/\/www.noubarris.net\/web40\/wp-content\/uploads\/2020\/06\/160620_esglesia_mental.jpg","contentUrl":"https:\/\/www.noubarris.net\/web40\/wp-content\/uploads\/2020\/06\/160620_esglesia_mental.jpg","width":768,"height":432,"caption":"esgl\u00e9sia mental"},{"@type":"BreadcrumbList","@id":"https:\/\/www.noubarris.net\/web40\/lesglesia-del-mental-a-lespera-del-vitralls-per-tornar-a-lluir-com-abans\/#breadcrumb","itemListElement":[{"@type":"ListItem","position":1,"name":"Inici","item":"https:\/\/www.noubarris.net\/web40\/"},{"@type":"ListItem","position":2,"name":"L\u2019esgl\u00e9sia del Mental a l\u2019espera del vitralls per tornar a lluir com abans"}]},{"@type":"WebSite","@id":"https:\/\/www.noubarris.net\/web40\/#website","url":"https:\/\/www.noubarris.net\/web40\/","name":"NouBarris.Net","description":"Seguint la vida de Nou Barris des de 1985","publisher":{"@id":"https:\/\/www.noubarris.net\/web40\/#organization"},"potentialAction":[{"@type":"SearchAction","target":{"@type":"EntryPoint","urlTemplate":"https:\/\/www.noubarris.net\/web40\/?s={search_term_string}"},"query-input":{"@type":"PropertyValueSpecification","valueRequired":true,"valueName":"search_term_string"}}],"inLanguage":"ca"},{"@type":"Organization","@id":"https:\/\/www.noubarris.net\/web40\/#organization","name":"NouBarris.Net","url":"https:\/\/www.noubarris.net\/web40\/","logo":{"@type":"ImageObject","inLanguage":"ca","@id":"https:\/\/www.noubarris.net\/web40\/#\/schema\/logo\/image\/","url":"https:\/\/www.noubarris.net\/web40\/wp-content\/uploads\/2024\/11\/cropped-cropped-LOGO_9BTV-2024_Insta-1.jpg","contentUrl":"https:\/\/www.noubarris.net\/web40\/wp-content\/uploads\/2024\/11\/cropped-cropped-LOGO_9BTV-2024_Insta-1.jpg","width":512,"height":512,"caption":"NouBarris.Net"},"image":{"@id":"https:\/\/www.noubarris.net\/web40\/#\/schema\/logo\/image\/"},"sameAs":["https:\/\/www.facebook.com\/NouBarris.net\/?locale=es_ES","https:\/\/x.com\/9BTV"]},{"@type":"Person","@id":"https:\/\/www.noubarris.net\/web40\/#\/schema\/person\/1827f92aaa316c54abbf4dac0de76069","name":"Informatius","image":{"@type":"ImageObject","inLanguage":"ca","@id":"https:\/\/www.noubarris.net\/web40\/#\/schema\/person\/image\/","url":"https:\/\/secure.gravatar.com\/avatar\/87a3b47928835fc72c6ee5b0e1a7263ef0c2d05003a98189bc14926c5f11bcdb?s=96&d=mm&r=g","contentUrl":"https:\/\/secure.gravatar.com\/avatar\/87a3b47928835fc72c6ee5b0e1a7263ef0c2d05003a98189bc14926c5f11bcdb?s=96&d=mm&r=g","caption":"Informatius"},"url":"https:\/\/www.noubarris.net\/web40\/author\/tele\/"}]}},"_links":{"self":[{"href":"https:\/\/www.noubarris.net\/web40\/wp-json\/wp\/v2\/posts\/75893","targetHints":{"allow":["GET"]}}],"collection":[{"href":"https:\/\/www.noubarris.net\/web40\/wp-json\/wp\/v2\/posts"}],"about":[{"href":"https:\/\/www.noubarris.net\/web40\/wp-json\/wp\/v2\/types\/post"}],"author":[{"embeddable":true,"href":"https:\/\/www.noubarris.net\/web40\/wp-json\/wp\/v2\/users\/2"}],"replies":[{"embeddable":true,"href":"https:\/\/www.noubarris.net\/web40\/wp-json\/wp\/v2\/comments?post=75893"}],"version-history":[{"count":0,"href":"https:\/\/www.noubarris.net\/web40\/wp-json\/wp\/v2\/posts\/75893\/revisions"}],"wp:featuredmedia":[{"embeddable":true,"href":"https:\/\/www.noubarris.net\/web40\/wp-json\/wp\/v2\/media\/75894"}],"wp:attachment":[{"href":"https:\/\/www.noubarris.net\/web40\/wp-json\/wp\/v2\/media?parent=75893"}],"wp:term":[{"taxonomy":"category","embeddable":true,"href":"https:\/\/www.noubarris.net\/web40\/wp-json\/wp\/v2\/categories?post=75893"},{"taxonomy":"post_tag","embeddable":true,"href":"https:\/\/www.noubarris.net\/web40\/wp-json\/wp\/v2\/tags?post=75893"}],"curies":[{"name":"wp","href":"https:\/\/api.w.org\/{rel}","templated":true}]}}