{"id":75898,"date":"2020-06-17T00:00:56","date_gmt":"2020-06-16T22:00:56","guid":{"rendered":"http:\/\/www.noubarris.net\/web40\/?p=75898"},"modified":"2020-06-16T13:40:28","modified_gmt":"2020-06-16T11:40:28","slug":"un-punt-dassessorament-veinal-telematic-a-ciutat-meridiana","status":"publish","type":"post","link":"https:\/\/www.noubarris.net\/web40\/un-punt-dassessorament-veinal-telematic-a-ciutat-meridiana\/","title":{"rendered":"Un punt d\u2019assessorament ve\u00efnal telem\u00e0tic a Ciutat Meridiana"},"content":{"rendered":"<p><strong>L\u2019associaci\u00f3 de ve\u00efns ajuda a gestionar tr\u00e0mits i els ajuts a les fam\u00edlies sense recursos<\/strong><\/p>\n<p>A partir d\u2019aquesta setmana l\u2019AV de Ciutat Meridiana acull un projecte per ajudar les fam\u00edlies de la Zona Nord sense recursos. Des de l\u2019entitat s\u2019ha detectat que molts ve\u00efns necessiten suport per fer els tr\u00e0mits telem\u00e0tics i sol\u00b7licitar les ajudes incloses dins la campanya Covid-19. L\u2019atenci\u00f3 es fa de dilluns a divendres al local de l\u2019associaci\u00f3, sempre amb cita pr\u00e8via. El servei nom\u00e9s s\u2019irrompr\u00e0 els dies que hi hagin programats desnonaments, la fins ara principal lluita de l\u2019AV de Ciutat Meridiana.<\/p>\n<p>Des de l\u2019entitat es va detectar ben aviat que la manca de recursos tecnol\u00f2gics i de connexi\u00f3 de moltes fam\u00edlies seria un problema per tramitar moltes de les gestions que principalment es fan per la via telem\u00e0tica per la covid-19. \u201cVam fer una diagnosi al barri per veure quines necessitats hi havia. \u2013 explica Filiberto Bravo, president de l\u2019AV de Ciutat Meridiana \u2013 Vam comprovar que el tema dels aliments estava cobert per serveis socials, per\u00f2 calia ajudar les fam\u00edlies a fer la declaraci\u00f3 de la renta, donar-se d\u2019alta a la seguretat social, demanar els ajuts per internet.\u201d Segons l\u2019entitat moltes fam\u00edlies vivien angoixades per no poder ni saber com gestionar tots aquests tr\u00e0mits. \u00c9s per aquest motiu que van decidir engegar un projecte des de l\u2019associaci\u00f3. \u201cL\u2019Ajuntament encara no ens ha acabat de donar el vist-i-plau, per\u00f2 hem decidit tirar pel dret, perqu\u00e8 el barri ho necessita &#8211; \u00a0comenta Bravo &#8211; Creiem que cal refor\u00e7ar l\u2019atenci\u00f3 per aquesta banda, tot i que des de l\u2019Ajuntament se\u2019ns ha dit que ja hi ha un servei contractat creiem que cal fer-ho des del ve\u00efnat.\u201d<\/p>\n<p><strong>Volunt\u00e0ries que assessoren sobre qualsevol tr\u00e0mit<\/strong><\/p>\n<p>El servei es gestiona a partir de cinc persones volunt\u00e0ries que assessoren els ve\u00efns per aconseguir des d\u2019una c\u00f2pia del padr\u00f3 a la renda m\u00ednima. En aquests primers dies s\u2019estan formant les persones que atendran els ve\u00efns per dur a terme les diferents gestions. &#8220;Sol\u00b7licitar ajudes de pobresa energ\u00e8tica, ajudes al lloguer, assessorament en estrangeria, alimentaci\u00f3, tr\u00e0mits per donar-se d&#8217;alta a la seguretat social&#8230; -explica Gladys Tantalian, una de les cinc volunt\u00e0ries del punt d&#8217;assessorament- El que procurem \u00e9s donar suport, gestionar l&#8217;estat d&#8217;ansietat que ara tenen les fam\u00edlies per no tenir aquests recursos inform\u00e0tics en ordre&#8221;.<\/p>\n<p>Al mateix temps s\u2019est\u00e0 condicionant el local de l\u2019AV de Ciutat Meridiana amb mampares i altres sistemes per garantir les mesures sanit\u00e0ries. \u201cEns hem assessorat a partir de les mesures que se\u2019ls hi van passar al Casal de Barri de la Prosperitat per poder obrir l\u2019equipament. Tot just hem comen\u00e7at ara i ja de bon mat\u00ed hem rebut quatre o cinc trucades de persones que demanaven cita pr\u00e8via.\u201d, comenta Filiberto Bravo.<\/p>\n<p><strong>Un servei que arriba per quedar-se un temps<\/strong><\/p>\n<p>Per a l\u2019AV de Ciutat Meridiana aquest servei \u00e9s molt necessari ara, per\u00f2 tamb\u00e9 de cara al futur. Des de l\u2019entitat es plantegen el projecte com un servei a llarg termini, amb la intenci\u00f3 d\u2019una continu\u00eftat despr\u00e9s de l\u2019estiu. A m\u00e9s, des de l\u2019associaci\u00f3 s\u2019estan organitzant altres projectes relacionats amb els recursos tecnol\u00f2gics i la inf\u00e0ncia.<\/p>\n","protected":false},"excerpt":{"rendered":"<p>L\u2019associaci\u00f3 de ve\u00efns ajuda a gestionar tr\u00e0mits i els ajuts a les fam\u00edlies sense recursos A partir d\u2019aquesta setmana l\u2019AV<\/p>\n","protected":false},"author":2,"featured_media":75899,"comment_status":"closed","ping_status":"closed","sticky":false,"template":"","format":"standard","meta":{"colormag_page_layout":"default_layout","_monsterinsights_skip_tracking":false,"_monsterinsights_sitenote_active":false,"_monsterinsights_sitenote_note":"","_monsterinsights_sitenote_category":0,"footnotes":""},"categories":[132,124],"tags":[645,54,264,385],"class_list":["post-75898","post","type-post","status-publish","format-standard","has-post-thumbnail","hentry","category-ciutat-meridiana","category-societat","tag-av-ciutat-meridiana","tag-ciutat-meridiana","tag-pobresa","tag-solidaritat"],"yoast_head":"<!-- This site is optimized with the Yoast SEO plugin v25.3 - https:\/\/yoast.com\/wordpress\/plugins\/seo\/ -->\n<title>Un punt d\u2019assessorament ve\u00efnal telem\u00e0tic a Ciutat Meridiana - NouBarris.Net<\/title>\n<meta name=\"robots\" content=\"index, follow, max-snippet:-1, max-image-preview:large, max-video-preview:-1\" \/>\n<link rel=\"canonical\" href=\"https:\/\/www.noubarris.net\/web40\/un-punt-dassessorament-veinal-telematic-a-ciutat-meridiana\/\" \/>\n<meta property=\"og:locale\" content=\"ca_ES\" \/>\n<meta property=\"og:type\" content=\"article\" \/>\n<meta property=\"og:title\" content=\"Un punt d\u2019assessorament ve\u00efnal telem\u00e0tic a Ciutat Meridiana - NouBarris.Net\" \/>\n<meta property=\"og:description\" content=\"L\u2019associaci\u00f3 de ve\u00efns ajuda a gestionar tr\u00e0mits i els ajuts a les fam\u00edlies sense recursos A partir d\u2019aquesta setmana l\u2019AV\" \/>\n<meta property=\"og:url\" content=\"https:\/\/www.noubarris.net\/web40\/un-punt-dassessorament-veinal-telematic-a-ciutat-meridiana\/\" \/>\n<meta property=\"og:site_name\" content=\"NouBarris.Net\" \/>\n<meta property=\"article:publisher\" content=\"https:\/\/www.facebook.com\/NouBarris.net\/?locale=es_ES\" \/>\n<meta property=\"article:published_time\" content=\"2020-06-16T22:00:56+00:00\" \/>\n<meta property=\"og:image\" content=\"https:\/\/www.noubarris.net\/web40\/wp-content\/uploads\/2020\/06\/170620.jpg\" \/>\n\t<meta property=\"og:image:width\" content=\"768\" \/>\n\t<meta property=\"og:image:height\" content=\"432\" \/>\n\t<meta property=\"og:image:type\" content=\"image\/jpeg\" \/>\n<meta name=\"author\" content=\"Informatius\" \/>\n<meta name=\"twitter:card\" content=\"summary_large_image\" \/>\n<meta name=\"twitter:creator\" content=\"@9BTV\" \/>\n<meta name=\"twitter:site\" content=\"@9BTV\" \/>\n<meta name=\"twitter:label1\" content=\"Escrit per\" \/>\n\t<meta name=\"twitter:data1\" content=\"Informatius\" \/>\n\t<meta name=\"twitter:label2\" content=\"Temps estimat de lectura\" \/>\n\t<meta name=\"twitter:data2\" content=\"3 minuts\" \/>\n<script type=\"application\/ld+json\" class=\"yoast-schema-graph\">{\"@context\":\"https:\/\/schema.org\",\"@graph\":[{\"@type\":\"Article\",\"@id\":\"https:\/\/www.noubarris.net\/web40\/un-punt-dassessorament-veinal-telematic-a-ciutat-meridiana\/#article\",\"isPartOf\":{\"@id\":\"https:\/\/www.noubarris.net\/web40\/un-punt-dassessorament-veinal-telematic-a-ciutat-meridiana\/\"},\"author\":{\"name\":\"Informatius\",\"@id\":\"https:\/\/www.noubarris.net\/web40\/#\/schema\/person\/1827f92aaa316c54abbf4dac0de76069\"},\"headline\":\"Un punt d\u2019assessorament ve\u00efnal telem\u00e0tic a Ciutat Meridiana\",\"datePublished\":\"2020-06-16T22:00:56+00:00\",\"mainEntityOfPage\":{\"@id\":\"https:\/\/www.noubarris.net\/web40\/un-punt-dassessorament-veinal-telematic-a-ciutat-meridiana\/\"},\"wordCount\":599,\"publisher\":{\"@id\":\"https:\/\/www.noubarris.net\/web40\/#organization\"},\"image\":{\"@id\":\"https:\/\/www.noubarris.net\/web40\/un-punt-dassessorament-veinal-telematic-a-ciutat-meridiana\/#primaryimage\"},\"thumbnailUrl\":\"https:\/\/www.noubarris.net\/web40\/wp-content\/uploads\/2020\/06\/170620.jpg\",\"keywords\":[\"AV Ciutat Meridiana\",\"Ciutat Meridiana\",\"Pobresa\",\"Solidaritat\"],\"articleSection\":[\"Ciutat Meridiana\",\"Societat\"],\"inLanguage\":\"ca\"},{\"@type\":\"WebPage\",\"@id\":\"https:\/\/www.noubarris.net\/web40\/un-punt-dassessorament-veinal-telematic-a-ciutat-meridiana\/\",\"url\":\"https:\/\/www.noubarris.net\/web40\/un-punt-dassessorament-veinal-telematic-a-ciutat-meridiana\/\",\"name\":\"Un punt d\u2019assessorament ve\u00efnal telem\u00e0tic a Ciutat Meridiana - NouBarris.Net\",\"isPartOf\":{\"@id\":\"https:\/\/www.noubarris.net\/web40\/#website\"},\"primaryImageOfPage\":{\"@id\":\"https:\/\/www.noubarris.net\/web40\/un-punt-dassessorament-veinal-telematic-a-ciutat-meridiana\/#primaryimage\"},\"image\":{\"@id\":\"https:\/\/www.noubarris.net\/web40\/un-punt-dassessorament-veinal-telematic-a-ciutat-meridiana\/#primaryimage\"},\"thumbnailUrl\":\"https:\/\/www.noubarris.net\/web40\/wp-content\/uploads\/2020\/06\/170620.jpg\",\"datePublished\":\"2020-06-16T22:00:56+00:00\",\"breadcrumb\":{\"@id\":\"https:\/\/www.noubarris.net\/web40\/un-punt-dassessorament-veinal-telematic-a-ciutat-meridiana\/#breadcrumb\"},\"inLanguage\":\"ca\",\"potentialAction\":[{\"@type\":\"ReadAction\",\"target\":[\"https:\/\/www.noubarris.net\/web40\/un-punt-dassessorament-veinal-telematic-a-ciutat-meridiana\/\"]}]},{\"@type\":\"ImageObject\",\"inLanguage\":\"ca\",\"@id\":\"https:\/\/www.noubarris.net\/web40\/un-punt-dassessorament-veinal-telematic-a-ciutat-meridiana\/#primaryimage\",\"url\":\"https:\/\/www.noubarris.net\/web40\/wp-content\/uploads\/2020\/06\/170620.jpg\",\"contentUrl\":\"https:\/\/www.noubarris.net\/web40\/wp-content\/uploads\/2020\/06\/170620.jpg\",\"width\":768,\"height\":432},{\"@type\":\"BreadcrumbList\",\"@id\":\"https:\/\/www.noubarris.net\/web40\/un-punt-dassessorament-veinal-telematic-a-ciutat-meridiana\/#breadcrumb\",\"itemListElement\":[{\"@type\":\"ListItem\",\"position\":1,\"name\":\"Inici\",\"item\":\"https:\/\/www.noubarris.net\/web40\/\"},{\"@type\":\"ListItem\",\"position\":2,\"name\":\"Un punt d\u2019assessorament ve\u00efnal telem\u00e0tic a Ciutat Meridiana\"}]},{\"@type\":\"WebSite\",\"@id\":\"https:\/\/www.noubarris.net\/web40\/#website\",\"url\":\"https:\/\/www.noubarris.net\/web40\/\",\"name\":\"NouBarris.Net\",\"description\":\"Seguint la vida de Nou Barris des de 1985\",\"publisher\":{\"@id\":\"https:\/\/www.noubarris.net\/web40\/#organization\"},\"potentialAction\":[{\"@type\":\"SearchAction\",\"target\":{\"@type\":\"EntryPoint\",\"urlTemplate\":\"https:\/\/www.noubarris.net\/web40\/?s={search_term_string}\"},\"query-input\":{\"@type\":\"PropertyValueSpecification\",\"valueRequired\":true,\"valueName\":\"search_term_string\"}}],\"inLanguage\":\"ca\"},{\"@type\":\"Organization\",\"@id\":\"https:\/\/www.noubarris.net\/web40\/#organization\",\"name\":\"NouBarris.Net\",\"url\":\"https:\/\/www.noubarris.net\/web40\/\",\"logo\":{\"@type\":\"ImageObject\",\"inLanguage\":\"ca\",\"@id\":\"https:\/\/www.noubarris.net\/web40\/#\/schema\/logo\/image\/\",\"url\":\"https:\/\/www.noubarris.net\/web40\/wp-content\/uploads\/2024\/11\/cropped-cropped-LOGO_9BTV-2024_Insta-1.jpg\",\"contentUrl\":\"https:\/\/www.noubarris.net\/web40\/wp-content\/uploads\/2024\/11\/cropped-cropped-LOGO_9BTV-2024_Insta-1.jpg\",\"width\":512,\"height\":512,\"caption\":\"NouBarris.Net\"},\"image\":{\"@id\":\"https:\/\/www.noubarris.net\/web40\/#\/schema\/logo\/image\/\"},\"sameAs\":[\"https:\/\/www.facebook.com\/NouBarris.net\/?locale=es_ES\",\"https:\/\/x.com\/9BTV\"]},{\"@type\":\"Person\",\"@id\":\"https:\/\/www.noubarris.net\/web40\/#\/schema\/person\/1827f92aaa316c54abbf4dac0de76069\",\"name\":\"Informatius\",\"image\":{\"@type\":\"ImageObject\",\"inLanguage\":\"ca\",\"@id\":\"https:\/\/www.noubarris.net\/web40\/#\/schema\/person\/image\/\",\"url\":\"https:\/\/secure.gravatar.com\/avatar\/87a3b47928835fc72c6ee5b0e1a7263ef0c2d05003a98189bc14926c5f11bcdb?s=96&d=mm&r=g\",\"contentUrl\":\"https:\/\/secure.gravatar.com\/avatar\/87a3b47928835fc72c6ee5b0e1a7263ef0c2d05003a98189bc14926c5f11bcdb?s=96&d=mm&r=g\",\"caption\":\"Informatius\"},\"url\":\"https:\/\/www.noubarris.net\/web40\/author\/tele\/\"}]}<\/script>\n<!-- \/ Yoast SEO plugin. -->","yoast_head_json":{"title":"Un punt d\u2019assessorament ve\u00efnal telem\u00e0tic a Ciutat Meridiana - NouBarris.Net","robots":{"index":"index","follow":"follow","max-snippet":"max-snippet:-1","max-image-preview":"max-image-preview:large","max-video-preview":"max-video-preview:-1"},"canonical":"https:\/\/www.noubarris.net\/web40\/un-punt-dassessorament-veinal-telematic-a-ciutat-meridiana\/","og_locale":"ca_ES","og_type":"article","og_title":"Un punt d\u2019assessorament ve\u00efnal telem\u00e0tic a Ciutat Meridiana - NouBarris.Net","og_description":"L\u2019associaci\u00f3 de ve\u00efns ajuda a gestionar tr\u00e0mits i els ajuts a les fam\u00edlies sense recursos A partir d\u2019aquesta setmana l\u2019AV","og_url":"https:\/\/www.noubarris.net\/web40\/un-punt-dassessorament-veinal-telematic-a-ciutat-meridiana\/","og_site_name":"NouBarris.Net","article_publisher":"https:\/\/www.facebook.com\/NouBarris.net\/?locale=es_ES","article_published_time":"2020-06-16T22:00:56+00:00","og_image":[{"width":768,"height":432,"url":"https:\/\/www.noubarris.net\/web40\/wp-content\/uploads\/2020\/06\/170620.jpg","type":"image\/jpeg"}],"author":"Informatius","twitter_card":"summary_large_image","twitter_creator":"@9BTV","twitter_site":"@9BTV","twitter_misc":{"Escrit per":"Informatius","Temps estimat de lectura":"3 minuts"},"schema":{"@context":"https:\/\/schema.org","@graph":[{"@type":"Article","@id":"https:\/\/www.noubarris.net\/web40\/un-punt-dassessorament-veinal-telematic-a-ciutat-meridiana\/#article","isPartOf":{"@id":"https:\/\/www.noubarris.net\/web40\/un-punt-dassessorament-veinal-telematic-a-ciutat-meridiana\/"},"author":{"name":"Informatius","@id":"https:\/\/www.noubarris.net\/web40\/#\/schema\/person\/1827f92aaa316c54abbf4dac0de76069"},"headline":"Un punt d\u2019assessorament ve\u00efnal telem\u00e0tic a Ciutat Meridiana","datePublished":"2020-06-16T22:00:56+00:00","mainEntityOfPage":{"@id":"https:\/\/www.noubarris.net\/web40\/un-punt-dassessorament-veinal-telematic-a-ciutat-meridiana\/"},"wordCount":599,"publisher":{"@id":"https:\/\/www.noubarris.net\/web40\/#organization"},"image":{"@id":"https:\/\/www.noubarris.net\/web40\/un-punt-dassessorament-veinal-telematic-a-ciutat-meridiana\/#primaryimage"},"thumbnailUrl":"https:\/\/www.noubarris.net\/web40\/wp-content\/uploads\/2020\/06\/170620.jpg","keywords":["AV Ciutat Meridiana","Ciutat Meridiana","Pobresa","Solidaritat"],"articleSection":["Ciutat Meridiana","Societat"],"inLanguage":"ca"},{"@type":"WebPage","@id":"https:\/\/www.noubarris.net\/web40\/un-punt-dassessorament-veinal-telematic-a-ciutat-meridiana\/","url":"https:\/\/www.noubarris.net\/web40\/un-punt-dassessorament-veinal-telematic-a-ciutat-meridiana\/","name":"Un punt d\u2019assessorament ve\u00efnal telem\u00e0tic a Ciutat Meridiana - NouBarris.Net","isPartOf":{"@id":"https:\/\/www.noubarris.net\/web40\/#website"},"primaryImageOfPage":{"@id":"https:\/\/www.noubarris.net\/web40\/un-punt-dassessorament-veinal-telematic-a-ciutat-meridiana\/#primaryimage"},"image":{"@id":"https:\/\/www.noubarris.net\/web40\/un-punt-dassessorament-veinal-telematic-a-ciutat-meridiana\/#primaryimage"},"thumbnailUrl":"https:\/\/www.noubarris.net\/web40\/wp-content\/uploads\/2020\/06\/170620.jpg","datePublished":"2020-06-16T22:00:56+00:00","breadcrumb":{"@id":"https:\/\/www.noubarris.net\/web40\/un-punt-dassessorament-veinal-telematic-a-ciutat-meridiana\/#breadcrumb"},"inLanguage":"ca","potentialAction":[{"@type":"ReadAction","target":["https:\/\/www.noubarris.net\/web40\/un-punt-dassessorament-veinal-telematic-a-ciutat-meridiana\/"]}]},{"@type":"ImageObject","inLanguage":"ca","@id":"https:\/\/www.noubarris.net\/web40\/un-punt-dassessorament-veinal-telematic-a-ciutat-meridiana\/#primaryimage","url":"https:\/\/www.noubarris.net\/web40\/wp-content\/uploads\/2020\/06\/170620.jpg","contentUrl":"https:\/\/www.noubarris.net\/web40\/wp-content\/uploads\/2020\/06\/170620.jpg","width":768,"height":432},{"@type":"BreadcrumbList","@id":"https:\/\/www.noubarris.net\/web40\/un-punt-dassessorament-veinal-telematic-a-ciutat-meridiana\/#breadcrumb","itemListElement":[{"@type":"ListItem","position":1,"name":"Inici","item":"https:\/\/www.noubarris.net\/web40\/"},{"@type":"ListItem","position":2,"name":"Un punt d\u2019assessorament ve\u00efnal telem\u00e0tic a Ciutat Meridiana"}]},{"@type":"WebSite","@id":"https:\/\/www.noubarris.net\/web40\/#website","url":"https:\/\/www.noubarris.net\/web40\/","name":"NouBarris.Net","description":"Seguint la vida de Nou Barris des de 1985","publisher":{"@id":"https:\/\/www.noubarris.net\/web40\/#organization"},"potentialAction":[{"@type":"SearchAction","target":{"@type":"EntryPoint","urlTemplate":"https:\/\/www.noubarris.net\/web40\/?s={search_term_string}"},"query-input":{"@type":"PropertyValueSpecification","valueRequired":true,"valueName":"search_term_string"}}],"inLanguage":"ca"},{"@type":"Organization","@id":"https:\/\/www.noubarris.net\/web40\/#organization","name":"NouBarris.Net","url":"https:\/\/www.noubarris.net\/web40\/","logo":{"@type":"ImageObject","inLanguage":"ca","@id":"https:\/\/www.noubarris.net\/web40\/#\/schema\/logo\/image\/","url":"https:\/\/www.noubarris.net\/web40\/wp-content\/uploads\/2024\/11\/cropped-cropped-LOGO_9BTV-2024_Insta-1.jpg","contentUrl":"https:\/\/www.noubarris.net\/web40\/wp-content\/uploads\/2024\/11\/cropped-cropped-LOGO_9BTV-2024_Insta-1.jpg","width":512,"height":512,"caption":"NouBarris.Net"},"image":{"@id":"https:\/\/www.noubarris.net\/web40\/#\/schema\/logo\/image\/"},"sameAs":["https:\/\/www.facebook.com\/NouBarris.net\/?locale=es_ES","https:\/\/x.com\/9BTV"]},{"@type":"Person","@id":"https:\/\/www.noubarris.net\/web40\/#\/schema\/person\/1827f92aaa316c54abbf4dac0de76069","name":"Informatius","image":{"@type":"ImageObject","inLanguage":"ca","@id":"https:\/\/www.noubarris.net\/web40\/#\/schema\/person\/image\/","url":"https:\/\/secure.gravatar.com\/avatar\/87a3b47928835fc72c6ee5b0e1a7263ef0c2d05003a98189bc14926c5f11bcdb?s=96&d=mm&r=g","contentUrl":"https:\/\/secure.gravatar.com\/avatar\/87a3b47928835fc72c6ee5b0e1a7263ef0c2d05003a98189bc14926c5f11bcdb?s=96&d=mm&r=g","caption":"Informatius"},"url":"https:\/\/www.noubarris.net\/web40\/author\/tele\/"}]}},"_links":{"self":[{"href":"https:\/\/www.noubarris.net\/web40\/wp-json\/wp\/v2\/posts\/75898","targetHints":{"allow":["GET"]}}],"collection":[{"href":"https:\/\/www.noubarris.net\/web40\/wp-json\/wp\/v2\/posts"}],"about":[{"href":"https:\/\/www.noubarris.net\/web40\/wp-json\/wp\/v2\/types\/post"}],"author":[{"embeddable":true,"href":"https:\/\/www.noubarris.net\/web40\/wp-json\/wp\/v2\/users\/2"}],"replies":[{"embeddable":true,"href":"https:\/\/www.noubarris.net\/web40\/wp-json\/wp\/v2\/comments?post=75898"}],"version-history":[{"count":0,"href":"https:\/\/www.noubarris.net\/web40\/wp-json\/wp\/v2\/posts\/75898\/revisions"}],"wp:featuredmedia":[{"embeddable":true,"href":"https:\/\/www.noubarris.net\/web40\/wp-json\/wp\/v2\/media\/75899"}],"wp:attachment":[{"href":"https:\/\/www.noubarris.net\/web40\/wp-json\/wp\/v2\/media?parent=75898"}],"wp:term":[{"taxonomy":"category","embeddable":true,"href":"https:\/\/www.noubarris.net\/web40\/wp-json\/wp\/v2\/categories?post=75898"},{"taxonomy":"post_tag","embeddable":true,"href":"https:\/\/www.noubarris.net\/web40\/wp-json\/wp\/v2\/tags?post=75898"}],"curies":[{"name":"wp","href":"https:\/\/api.w.org\/{rel}","templated":true}]}}