{"id":76354,"date":"2020-09-29T00:00:33","date_gmt":"2020-09-28T22:00:33","guid":{"rendered":"http:\/\/www.noubarris.net\/web40\/?p=76354"},"modified":"2020-09-28T14:51:52","modified_gmt":"2020-09-28T12:51:52","slug":"50-anys-de-les-associacions-de-veins-a-nou-barris","status":"publish","type":"post","link":"https:\/\/www.noubarris.net\/web40\/50-anys-de-les-associacions-de-veins-a-nou-barris\/","title":{"rendered":"50 anys de les associacions de ve\u00efns a Nou Barris"},"content":{"rendered":"<p><strong>El moviment ciutad\u00e0 ha estat un factor clau en la transformaci\u00f3 dels barris <\/strong><\/p>\n<p>Nascudes a la tardor del franquisme, les associacions de ve\u00efns es converteixen en un agent clau en la transformaci\u00f3 del barris del districte. L\u201911 d\u2019abril de 1970 es formalitzava oficialment a Nou Barris la primera associaci\u00f3 de ve\u00efns. El moviment ve\u00efnal sorgeix de la necessitat de dignificar uns barris amb moltes mancances. \u201cEstem parlant de barris que es van autoconstruir el clavegueram, amb manca de serveis essencials, gaireb\u00e9 sense transport, etc.\u201d, puntalitza Pep Ortiz, membre de la Coordinadora d\u2019Entitats i Associacions de Ve\u00efns de Nou Barris.<\/p>\n<p>Les associacions han volgut dedicar aquest any a celebrar el 50\u00e8 aniversari amb una edici\u00f3 especial del Clatellot, la revista que des de fa 8 anys recull les demandes i preocupacions dels diferents barris. Tamb\u00e9 amb la col\u00b7laboraci\u00f3 de l\u2019Arxiu Hist\u00f2ric de Roquetes &#8211; Nou Barris que ha preparat passejades presencials i virtuals per explicar des dels carrers les lluites ve\u00efnals que han transformat els barris.<\/p>\n<p>Sense aquestes lluites ciutadanes no hauria estat possible aconseguir bona part d\u2019aquests canvis. \u201cSi fem una mirada enrere per recordar com era fa 50 anys Nou Barris, veurem tot el que hem fet. \u2013 recorda Pep Ortiz- Han estat anys de lluita, assemblees i reivindicacions. Sense el moviment ciutad\u00e0 de les associacions de ve\u00efns molt dif\u00edcilment tindr\u00edem el Nou Barris actual, amb les coses bones i dolentes.\u201d<\/p>\n<p>A Nou Barris la uni\u00f3 sempre ha fet m\u00e9s for\u00e7a. Per aquest motiu les associacions de ve\u00efns del districte han treballat conjuntament en moltes lluites. \u00c9s el cas de les lluites que s\u2019han unificat a partir de la Coordinadora d\u2019Entitats i Associacions de Ve\u00efns de Nou Barris. Tamb\u00e9 campanyes com la de 9Barris Cabrejada va demostrar la for\u00e7a de totes les entitats del districte.<\/p>\n<p>El futur de les associacions passa ara per rejovenir les entitats amb les noves generacions. \u201cAra estem passant una mala ratxa, per\u00f2 aix\u00f2 pot canviar en un no res &#8211; comenta Antonio Silva, membre de la CAVNB i l\u2019arxiu \u2013 El moviment associatiu no est\u00e0 en crisi, en el moment que falti un fanal la cosa es pot tornar a reactivar. El moviment associatiu \u00e9s una escola que no es pot deixar perdre, perqu\u00e8 \u00e9s l\u2019escola del carrer.\u201d<\/p>\n","protected":false},"excerpt":{"rendered":"<p>El moviment ciutad\u00e0 ha estat un factor clau en la transformaci\u00f3 dels barris Nascudes a la tardor del franquisme, les<\/p>\n","protected":false},"author":2,"featured_media":76356,"comment_status":"closed","ping_status":"closed","sticky":false,"template":"","format":"standard","meta":{"colormag_page_layout":"default_layout","_monsterinsights_skip_tracking":false,"_monsterinsights_sitenote_active":false,"_monsterinsights_sitenote_note":"","_monsterinsights_sitenote_category":0,"footnotes":""},"categories":[1,124],"tags":[169,471,319],"class_list":["post-76354","post","type-post","status-publish","format-standard","has-post-thumbnail","hentry","category-nou-barris","category-societat","tag-arxiu-historic-de-roquetes-nou-barris","tag-lluites-veinals","tag-nou-barris"],"yoast_head":"<!-- This site is optimized with the Yoast SEO plugin v25.3 - https:\/\/yoast.com\/wordpress\/plugins\/seo\/ -->\n<title>50 anys de les associacions de ve\u00efns a Nou Barris - NouBarris.Net<\/title>\n<meta name=\"robots\" content=\"index, follow, max-snippet:-1, max-image-preview:large, max-video-preview:-1\" \/>\n<link rel=\"canonical\" href=\"https:\/\/www.noubarris.net\/web40\/50-anys-de-les-associacions-de-veins-a-nou-barris\/\" \/>\n<meta property=\"og:locale\" content=\"ca_ES\" \/>\n<meta property=\"og:type\" content=\"article\" \/>\n<meta property=\"og:title\" content=\"50 anys de les associacions de ve\u00efns a Nou Barris - NouBarris.Net\" \/>\n<meta property=\"og:description\" content=\"El moviment ciutad\u00e0 ha estat un factor clau en la transformaci\u00f3 dels barris Nascudes a la tardor del franquisme, les\" \/>\n<meta property=\"og:url\" content=\"https:\/\/www.noubarris.net\/web40\/50-anys-de-les-associacions-de-veins-a-nou-barris\/\" \/>\n<meta property=\"og:site_name\" content=\"NouBarris.Net\" \/>\n<meta property=\"article:publisher\" content=\"https:\/\/www.facebook.com\/NouBarris.net\/?locale=es_ES\" \/>\n<meta property=\"article:published_time\" content=\"2020-09-28T22:00:33+00:00\" \/>\n<meta property=\"og:image\" content=\"https:\/\/www.noubarris.net\/web40\/wp-content\/uploads\/2020\/09\/290920.gif\" \/>\n\t<meta property=\"og:image:width\" content=\"768\" \/>\n\t<meta property=\"og:image:height\" content=\"432\" \/>\n\t<meta property=\"og:image:type\" content=\"image\/gif\" \/>\n<meta name=\"author\" content=\"Informatius\" \/>\n<meta name=\"twitter:card\" content=\"summary_large_image\" \/>\n<meta name=\"twitter:creator\" content=\"@9BTV\" \/>\n<meta name=\"twitter:site\" content=\"@9BTV\" \/>\n<meta name=\"twitter:label1\" content=\"Escrit per\" \/>\n\t<meta name=\"twitter:data1\" content=\"Informatius\" \/>\n\t<meta name=\"twitter:label2\" content=\"Temps estimat de lectura\" \/>\n\t<meta name=\"twitter:data2\" content=\"2 minuts\" \/>\n<script type=\"application\/ld+json\" class=\"yoast-schema-graph\">{\"@context\":\"https:\/\/schema.org\",\"@graph\":[{\"@type\":\"Article\",\"@id\":\"https:\/\/www.noubarris.net\/web40\/50-anys-de-les-associacions-de-veins-a-nou-barris\/#article\",\"isPartOf\":{\"@id\":\"https:\/\/www.noubarris.net\/web40\/50-anys-de-les-associacions-de-veins-a-nou-barris\/\"},\"author\":{\"name\":\"Informatius\",\"@id\":\"https:\/\/www.noubarris.net\/web40\/#\/schema\/person\/1827f92aaa316c54abbf4dac0de76069\"},\"headline\":\"50 anys de les associacions de ve\u00efns a Nou Barris\",\"datePublished\":\"2020-09-28T22:00:33+00:00\",\"mainEntityOfPage\":{\"@id\":\"https:\/\/www.noubarris.net\/web40\/50-anys-de-les-associacions-de-veins-a-nou-barris\/\"},\"wordCount\":401,\"publisher\":{\"@id\":\"https:\/\/www.noubarris.net\/web40\/#organization\"},\"image\":{\"@id\":\"https:\/\/www.noubarris.net\/web40\/50-anys-de-les-associacions-de-veins-a-nou-barris\/#primaryimage\"},\"thumbnailUrl\":\"https:\/\/www.noubarris.net\/web40\/wp-content\/uploads\/2020\/09\/290920.gif\",\"keywords\":[\"Arxiu Hist\u00f2ric de Roquetes \u2013 Nou Barris\",\"lluites ve\u00efnals\",\"Nou Barris\"],\"articleSection\":[\"Nou Barris\",\"Societat\"],\"inLanguage\":\"ca\"},{\"@type\":\"WebPage\",\"@id\":\"https:\/\/www.noubarris.net\/web40\/50-anys-de-les-associacions-de-veins-a-nou-barris\/\",\"url\":\"https:\/\/www.noubarris.net\/web40\/50-anys-de-les-associacions-de-veins-a-nou-barris\/\",\"name\":\"50 anys de les associacions de ve\u00efns a Nou Barris - NouBarris.Net\",\"isPartOf\":{\"@id\":\"https:\/\/www.noubarris.net\/web40\/#website\"},\"primaryImageOfPage\":{\"@id\":\"https:\/\/www.noubarris.net\/web40\/50-anys-de-les-associacions-de-veins-a-nou-barris\/#primaryimage\"},\"image\":{\"@id\":\"https:\/\/www.noubarris.net\/web40\/50-anys-de-les-associacions-de-veins-a-nou-barris\/#primaryimage\"},\"thumbnailUrl\":\"https:\/\/www.noubarris.net\/web40\/wp-content\/uploads\/2020\/09\/290920.gif\",\"datePublished\":\"2020-09-28T22:00:33+00:00\",\"breadcrumb\":{\"@id\":\"https:\/\/www.noubarris.net\/web40\/50-anys-de-les-associacions-de-veins-a-nou-barris\/#breadcrumb\"},\"inLanguage\":\"ca\",\"potentialAction\":[{\"@type\":\"ReadAction\",\"target\":[\"https:\/\/www.noubarris.net\/web40\/50-anys-de-les-associacions-de-veins-a-nou-barris\/\"]}]},{\"@type\":\"ImageObject\",\"inLanguage\":\"ca\",\"@id\":\"https:\/\/www.noubarris.net\/web40\/50-anys-de-les-associacions-de-veins-a-nou-barris\/#primaryimage\",\"url\":\"https:\/\/www.noubarris.net\/web40\/wp-content\/uploads\/2020\/09\/290920.gif\",\"contentUrl\":\"https:\/\/www.noubarris.net\/web40\/wp-content\/uploads\/2020\/09\/290920.gif\",\"width\":768,\"height\":432},{\"@type\":\"BreadcrumbList\",\"@id\":\"https:\/\/www.noubarris.net\/web40\/50-anys-de-les-associacions-de-veins-a-nou-barris\/#breadcrumb\",\"itemListElement\":[{\"@type\":\"ListItem\",\"position\":1,\"name\":\"Inici\",\"item\":\"https:\/\/www.noubarris.net\/web40\/\"},{\"@type\":\"ListItem\",\"position\":2,\"name\":\"50 anys de les associacions de ve\u00efns a Nou Barris\"}]},{\"@type\":\"WebSite\",\"@id\":\"https:\/\/www.noubarris.net\/web40\/#website\",\"url\":\"https:\/\/www.noubarris.net\/web40\/\",\"name\":\"NouBarris.Net\",\"description\":\"Seguint la vida de Nou Barris des de 1985\",\"publisher\":{\"@id\":\"https:\/\/www.noubarris.net\/web40\/#organization\"},\"potentialAction\":[{\"@type\":\"SearchAction\",\"target\":{\"@type\":\"EntryPoint\",\"urlTemplate\":\"https:\/\/www.noubarris.net\/web40\/?s={search_term_string}\"},\"query-input\":{\"@type\":\"PropertyValueSpecification\",\"valueRequired\":true,\"valueName\":\"search_term_string\"}}],\"inLanguage\":\"ca\"},{\"@type\":\"Organization\",\"@id\":\"https:\/\/www.noubarris.net\/web40\/#organization\",\"name\":\"NouBarris.Net\",\"url\":\"https:\/\/www.noubarris.net\/web40\/\",\"logo\":{\"@type\":\"ImageObject\",\"inLanguage\":\"ca\",\"@id\":\"https:\/\/www.noubarris.net\/web40\/#\/schema\/logo\/image\/\",\"url\":\"https:\/\/www.noubarris.net\/web40\/wp-content\/uploads\/2024\/11\/cropped-cropped-LOGO_9BTV-2024_Insta-1.jpg\",\"contentUrl\":\"https:\/\/www.noubarris.net\/web40\/wp-content\/uploads\/2024\/11\/cropped-cropped-LOGO_9BTV-2024_Insta-1.jpg\",\"width\":512,\"height\":512,\"caption\":\"NouBarris.Net\"},\"image\":{\"@id\":\"https:\/\/www.noubarris.net\/web40\/#\/schema\/logo\/image\/\"},\"sameAs\":[\"https:\/\/www.facebook.com\/NouBarris.net\/?locale=es_ES\",\"https:\/\/x.com\/9BTV\"]},{\"@type\":\"Person\",\"@id\":\"https:\/\/www.noubarris.net\/web40\/#\/schema\/person\/1827f92aaa316c54abbf4dac0de76069\",\"name\":\"Informatius\",\"image\":{\"@type\":\"ImageObject\",\"inLanguage\":\"ca\",\"@id\":\"https:\/\/www.noubarris.net\/web40\/#\/schema\/person\/image\/\",\"url\":\"https:\/\/secure.gravatar.com\/avatar\/87a3b47928835fc72c6ee5b0e1a7263ef0c2d05003a98189bc14926c5f11bcdb?s=96&d=mm&r=g\",\"contentUrl\":\"https:\/\/secure.gravatar.com\/avatar\/87a3b47928835fc72c6ee5b0e1a7263ef0c2d05003a98189bc14926c5f11bcdb?s=96&d=mm&r=g\",\"caption\":\"Informatius\"},\"url\":\"https:\/\/www.noubarris.net\/web40\/author\/tele\/\"}]}<\/script>\n<!-- \/ Yoast SEO plugin. -->","yoast_head_json":{"title":"50 anys de les associacions de ve\u00efns a Nou Barris - NouBarris.Net","robots":{"index":"index","follow":"follow","max-snippet":"max-snippet:-1","max-image-preview":"max-image-preview:large","max-video-preview":"max-video-preview:-1"},"canonical":"https:\/\/www.noubarris.net\/web40\/50-anys-de-les-associacions-de-veins-a-nou-barris\/","og_locale":"ca_ES","og_type":"article","og_title":"50 anys de les associacions de ve\u00efns a Nou Barris - NouBarris.Net","og_description":"El moviment ciutad\u00e0 ha estat un factor clau en la transformaci\u00f3 dels barris Nascudes a la tardor del franquisme, les","og_url":"https:\/\/www.noubarris.net\/web40\/50-anys-de-les-associacions-de-veins-a-nou-barris\/","og_site_name":"NouBarris.Net","article_publisher":"https:\/\/www.facebook.com\/NouBarris.net\/?locale=es_ES","article_published_time":"2020-09-28T22:00:33+00:00","og_image":[{"width":768,"height":432,"url":"https:\/\/www.noubarris.net\/web40\/wp-content\/uploads\/2020\/09\/290920.gif","type":"image\/gif"}],"author":"Informatius","twitter_card":"summary_large_image","twitter_creator":"@9BTV","twitter_site":"@9BTV","twitter_misc":{"Escrit per":"Informatius","Temps estimat de lectura":"2 minuts"},"schema":{"@context":"https:\/\/schema.org","@graph":[{"@type":"Article","@id":"https:\/\/www.noubarris.net\/web40\/50-anys-de-les-associacions-de-veins-a-nou-barris\/#article","isPartOf":{"@id":"https:\/\/www.noubarris.net\/web40\/50-anys-de-les-associacions-de-veins-a-nou-barris\/"},"author":{"name":"Informatius","@id":"https:\/\/www.noubarris.net\/web40\/#\/schema\/person\/1827f92aaa316c54abbf4dac0de76069"},"headline":"50 anys de les associacions de ve\u00efns a Nou Barris","datePublished":"2020-09-28T22:00:33+00:00","mainEntityOfPage":{"@id":"https:\/\/www.noubarris.net\/web40\/50-anys-de-les-associacions-de-veins-a-nou-barris\/"},"wordCount":401,"publisher":{"@id":"https:\/\/www.noubarris.net\/web40\/#organization"},"image":{"@id":"https:\/\/www.noubarris.net\/web40\/50-anys-de-les-associacions-de-veins-a-nou-barris\/#primaryimage"},"thumbnailUrl":"https:\/\/www.noubarris.net\/web40\/wp-content\/uploads\/2020\/09\/290920.gif","keywords":["Arxiu Hist\u00f2ric de Roquetes \u2013 Nou Barris","lluites ve\u00efnals","Nou Barris"],"articleSection":["Nou Barris","Societat"],"inLanguage":"ca"},{"@type":"WebPage","@id":"https:\/\/www.noubarris.net\/web40\/50-anys-de-les-associacions-de-veins-a-nou-barris\/","url":"https:\/\/www.noubarris.net\/web40\/50-anys-de-les-associacions-de-veins-a-nou-barris\/","name":"50 anys de les associacions de ve\u00efns a Nou Barris - NouBarris.Net","isPartOf":{"@id":"https:\/\/www.noubarris.net\/web40\/#website"},"primaryImageOfPage":{"@id":"https:\/\/www.noubarris.net\/web40\/50-anys-de-les-associacions-de-veins-a-nou-barris\/#primaryimage"},"image":{"@id":"https:\/\/www.noubarris.net\/web40\/50-anys-de-les-associacions-de-veins-a-nou-barris\/#primaryimage"},"thumbnailUrl":"https:\/\/www.noubarris.net\/web40\/wp-content\/uploads\/2020\/09\/290920.gif","datePublished":"2020-09-28T22:00:33+00:00","breadcrumb":{"@id":"https:\/\/www.noubarris.net\/web40\/50-anys-de-les-associacions-de-veins-a-nou-barris\/#breadcrumb"},"inLanguage":"ca","potentialAction":[{"@type":"ReadAction","target":["https:\/\/www.noubarris.net\/web40\/50-anys-de-les-associacions-de-veins-a-nou-barris\/"]}]},{"@type":"ImageObject","inLanguage":"ca","@id":"https:\/\/www.noubarris.net\/web40\/50-anys-de-les-associacions-de-veins-a-nou-barris\/#primaryimage","url":"https:\/\/www.noubarris.net\/web40\/wp-content\/uploads\/2020\/09\/290920.gif","contentUrl":"https:\/\/www.noubarris.net\/web40\/wp-content\/uploads\/2020\/09\/290920.gif","width":768,"height":432},{"@type":"BreadcrumbList","@id":"https:\/\/www.noubarris.net\/web40\/50-anys-de-les-associacions-de-veins-a-nou-barris\/#breadcrumb","itemListElement":[{"@type":"ListItem","position":1,"name":"Inici","item":"https:\/\/www.noubarris.net\/web40\/"},{"@type":"ListItem","position":2,"name":"50 anys de les associacions de ve\u00efns a Nou Barris"}]},{"@type":"WebSite","@id":"https:\/\/www.noubarris.net\/web40\/#website","url":"https:\/\/www.noubarris.net\/web40\/","name":"NouBarris.Net","description":"Seguint la vida de Nou Barris des de 1985","publisher":{"@id":"https:\/\/www.noubarris.net\/web40\/#organization"},"potentialAction":[{"@type":"SearchAction","target":{"@type":"EntryPoint","urlTemplate":"https:\/\/www.noubarris.net\/web40\/?s={search_term_string}"},"query-input":{"@type":"PropertyValueSpecification","valueRequired":true,"valueName":"search_term_string"}}],"inLanguage":"ca"},{"@type":"Organization","@id":"https:\/\/www.noubarris.net\/web40\/#organization","name":"NouBarris.Net","url":"https:\/\/www.noubarris.net\/web40\/","logo":{"@type":"ImageObject","inLanguage":"ca","@id":"https:\/\/www.noubarris.net\/web40\/#\/schema\/logo\/image\/","url":"https:\/\/www.noubarris.net\/web40\/wp-content\/uploads\/2024\/11\/cropped-cropped-LOGO_9BTV-2024_Insta-1.jpg","contentUrl":"https:\/\/www.noubarris.net\/web40\/wp-content\/uploads\/2024\/11\/cropped-cropped-LOGO_9BTV-2024_Insta-1.jpg","width":512,"height":512,"caption":"NouBarris.Net"},"image":{"@id":"https:\/\/www.noubarris.net\/web40\/#\/schema\/logo\/image\/"},"sameAs":["https:\/\/www.facebook.com\/NouBarris.net\/?locale=es_ES","https:\/\/x.com\/9BTV"]},{"@type":"Person","@id":"https:\/\/www.noubarris.net\/web40\/#\/schema\/person\/1827f92aaa316c54abbf4dac0de76069","name":"Informatius","image":{"@type":"ImageObject","inLanguage":"ca","@id":"https:\/\/www.noubarris.net\/web40\/#\/schema\/person\/image\/","url":"https:\/\/secure.gravatar.com\/avatar\/87a3b47928835fc72c6ee5b0e1a7263ef0c2d05003a98189bc14926c5f11bcdb?s=96&d=mm&r=g","contentUrl":"https:\/\/secure.gravatar.com\/avatar\/87a3b47928835fc72c6ee5b0e1a7263ef0c2d05003a98189bc14926c5f11bcdb?s=96&d=mm&r=g","caption":"Informatius"},"url":"https:\/\/www.noubarris.net\/web40\/author\/tele\/"}]}},"_links":{"self":[{"href":"https:\/\/www.noubarris.net\/web40\/wp-json\/wp\/v2\/posts\/76354","targetHints":{"allow":["GET"]}}],"collection":[{"href":"https:\/\/www.noubarris.net\/web40\/wp-json\/wp\/v2\/posts"}],"about":[{"href":"https:\/\/www.noubarris.net\/web40\/wp-json\/wp\/v2\/types\/post"}],"author":[{"embeddable":true,"href":"https:\/\/www.noubarris.net\/web40\/wp-json\/wp\/v2\/users\/2"}],"replies":[{"embeddable":true,"href":"https:\/\/www.noubarris.net\/web40\/wp-json\/wp\/v2\/comments?post=76354"}],"version-history":[{"count":2,"href":"https:\/\/www.noubarris.net\/web40\/wp-json\/wp\/v2\/posts\/76354\/revisions"}],"predecessor-version":[{"id":76358,"href":"https:\/\/www.noubarris.net\/web40\/wp-json\/wp\/v2\/posts\/76354\/revisions\/76358"}],"wp:featuredmedia":[{"embeddable":true,"href":"https:\/\/www.noubarris.net\/web40\/wp-json\/wp\/v2\/media\/76356"}],"wp:attachment":[{"href":"https:\/\/www.noubarris.net\/web40\/wp-json\/wp\/v2\/media?parent=76354"}],"wp:term":[{"taxonomy":"category","embeddable":true,"href":"https:\/\/www.noubarris.net\/web40\/wp-json\/wp\/v2\/categories?post=76354"},{"taxonomy":"post_tag","embeddable":true,"href":"https:\/\/www.noubarris.net\/web40\/wp-json\/wp\/v2\/tags?post=76354"}],"curies":[{"name":"wp","href":"https:\/\/api.w.org\/{rel}","templated":true}]}}