{"id":76360,"date":"2020-09-30T00:00:53","date_gmt":"2020-09-29T22:00:53","guid":{"rendered":"http:\/\/www.noubarris.net\/web40\/?p=76360"},"modified":"2020-09-29T15:47:16","modified_gmt":"2020-09-29T13:47:16","slug":"les-dones-sortides-del-trac-de-teresa-herrera","status":"publish","type":"post","link":"https:\/\/www.noubarris.net\/web40\/les-dones-sortides-del-trac-de-teresa-herrera\/","title":{"rendered":"Les dones sortides del tra\u00e7 de Teresa Herrera"},"content":{"rendered":"<p><strong>La il\u00b7lustradora exposa a Torre Llobeta el cos i m\u00f3n \u00edntim femen\u00ed \u00a0<\/strong><\/p>\n<p>Teresa Herrero, il\u00b7lustradora i artista multidisciplinar, ha portat algunes de les seves dones al centre c\u00edvic Torre Llobeta. Il\u00b7lustracions que capten moments \u00edntims de dones voluptuoses, misterioses, quotidianes o orientals, en escenes que semblen a vegades retalls de la vida real i, altres cops, escenes pr\u00e0cticament on\u00edriques o del cinema.<\/p>\n<p>Fa unes 30 anys que Herrero es dedica a la il\u00b7lustraci\u00f3. A l\u2019exposici\u00f3 \u2018Tra\u00e7\u2019 ha aportat un conjunt d\u2019il\u00b7lustracions sobre fusta amb un llenguatge \u00edntim i una est\u00e8tica molt personal. \u201cM\u2019agrada donar una mica, compartir, tot el que \u00e9s el m\u00f3n de la dona, el que portem a dins, donar visibilitat a aquest m\u00f3n una m\u00e9s de somnis, del que no es veu. I treballar molt el cos de la dona i les seves virtuts. \u201d, explica la il\u00b7lustradora. Per donar vida a aquestes dones Herrera combina t\u00e8cniques tradicionals amb el collage. \u201cUtilitzo acr\u00edlics, utilitzo colors, tintes&#8230; i molt de collage. M\u2019agraden molt els papers estampats, m\u2019agrada molt enganxar pedres de la platja, vidres, petxinetes&#8230;\u201d, comenta l\u2019artista.<\/p>\n<p>A la mostra, ha convidat els visitants a ficar-se a la pell d\u2019aquestes dones, imaginar-se el seu m\u00f3n i triar un nom per a elles. De mica en mica ha anat batejant en un petit r\u00e8tol sota els quadres, les protagonistes de l\u2019exposici\u00f3.<\/p>\n<p>L\u2019exposici\u00f3 \u2018Tra\u00e7\u2019 s\u2019emmarca dins el cicle Il\u00b7lustrats del centre c\u00edvic Torre Llobeta. Una cita anual que omple la masia d\u2019activitats relacionades amb la il\u00b7lustraci\u00f3, amb l\u2019objectiu d\u2019apropar totes les possibilitats que ofereix aquesta art al gran p\u00fablic. Durant gaireb\u00e9 dues setmanes s\u2019han organitzat tallers de creaci\u00f3 i de foment a la lectura a traves dels llibres il\u00b7lustrats, xerrades i una sessi\u00f3 d&#8217;urban sketching.<\/p>\n<p>&nbsp;<\/p>\n<p>&nbsp;<\/p>\n","protected":false},"excerpt":{"rendered":"<p>La il\u00b7lustradora exposa a Torre Llobeta el cos i m\u00f3n \u00edntim femen\u00ed \u00a0 Teresa Herrero, il\u00b7lustradora i artista multidisciplinar, ha<\/p>\n","protected":false},"author":2,"featured_media":76361,"comment_status":"closed","ping_status":"closed","sticky":false,"template":"","format":"standard","meta":{"colormag_page_layout":"default_layout","_monsterinsights_skip_tracking":false,"_monsterinsights_sitenote_active":false,"_monsterinsights_sitenote_note":"","_monsterinsights_sitenote_category":0,"footnotes":""},"categories":[129,142],"tags":[435,525,268],"class_list":["post-76360","post","type-post","status-publish","format-standard","has-post-thumbnail","hentry","category-cultura","category-vilapicina-i-la-torre-llobeta","tag-art","tag-centre-civic-torre-llobeta","tag-exposicio"],"yoast_head":"<!-- This site is optimized with the Yoast SEO plugin v25.3 - https:\/\/yoast.com\/wordpress\/plugins\/seo\/ -->\n<title>Les dones sortides del tra\u00e7 de Teresa Herrera - NouBarris.Net<\/title>\n<meta name=\"robots\" content=\"index, follow, max-snippet:-1, max-image-preview:large, max-video-preview:-1\" \/>\n<link rel=\"canonical\" href=\"https:\/\/www.noubarris.net\/web40\/les-dones-sortides-del-trac-de-teresa-herrera\/\" \/>\n<meta property=\"og:locale\" content=\"ca_ES\" \/>\n<meta property=\"og:type\" content=\"article\" \/>\n<meta property=\"og:title\" content=\"Les dones sortides del tra\u00e7 de Teresa Herrera - NouBarris.Net\" \/>\n<meta property=\"og:description\" content=\"La il\u00b7lustradora exposa a Torre Llobeta el cos i m\u00f3n \u00edntim femen\u00ed \u00a0 Teresa Herrero, il\u00b7lustradora i artista multidisciplinar, ha\" \/>\n<meta property=\"og:url\" content=\"https:\/\/www.noubarris.net\/web40\/les-dones-sortides-del-trac-de-teresa-herrera\/\" \/>\n<meta property=\"og:site_name\" content=\"NouBarris.Net\" \/>\n<meta property=\"article:publisher\" content=\"https:\/\/www.facebook.com\/NouBarris.net\/?locale=es_ES\" \/>\n<meta property=\"article:published_time\" content=\"2020-09-29T22:00:53+00:00\" \/>\n<meta property=\"og:image\" content=\"https:\/\/www.noubarris.net\/web40\/wp-content\/uploads\/2020\/09\/300920.jpg\" \/>\n\t<meta property=\"og:image:width\" content=\"768\" \/>\n\t<meta property=\"og:image:height\" content=\"432\" \/>\n\t<meta property=\"og:image:type\" content=\"image\/jpeg\" \/>\n<meta name=\"author\" content=\"Informatius\" \/>\n<meta name=\"twitter:card\" content=\"summary_large_image\" \/>\n<meta name=\"twitter:creator\" content=\"@9BTV\" \/>\n<meta name=\"twitter:site\" content=\"@9BTV\" \/>\n<meta name=\"twitter:label1\" content=\"Escrit per\" \/>\n\t<meta name=\"twitter:data1\" content=\"Informatius\" \/>\n\t<meta name=\"twitter:label2\" content=\"Temps estimat de lectura\" \/>\n\t<meta name=\"twitter:data2\" content=\"2 minuts\" \/>\n<script type=\"application\/ld+json\" class=\"yoast-schema-graph\">{\"@context\":\"https:\/\/schema.org\",\"@graph\":[{\"@type\":\"Article\",\"@id\":\"https:\/\/www.noubarris.net\/web40\/les-dones-sortides-del-trac-de-teresa-herrera\/#article\",\"isPartOf\":{\"@id\":\"https:\/\/www.noubarris.net\/web40\/les-dones-sortides-del-trac-de-teresa-herrera\/\"},\"author\":{\"name\":\"Informatius\",\"@id\":\"https:\/\/www.noubarris.net\/web40\/#\/schema\/person\/1827f92aaa316c54abbf4dac0de76069\"},\"headline\":\"Les dones sortides del tra\u00e7 de Teresa Herrera\",\"datePublished\":\"2020-09-29T22:00:53+00:00\",\"mainEntityOfPage\":{\"@id\":\"https:\/\/www.noubarris.net\/web40\/les-dones-sortides-del-trac-de-teresa-herrera\/\"},\"wordCount\":331,\"publisher\":{\"@id\":\"https:\/\/www.noubarris.net\/web40\/#organization\"},\"image\":{\"@id\":\"https:\/\/www.noubarris.net\/web40\/les-dones-sortides-del-trac-de-teresa-herrera\/#primaryimage\"},\"thumbnailUrl\":\"https:\/\/www.noubarris.net\/web40\/wp-content\/uploads\/2020\/09\/300920.jpg\",\"keywords\":[\"art\",\"centre c\u00edvic Torre Llobeta\",\"Exposici\u00f3\"],\"articleSection\":[\"Cultura\",\"Vilapicina i la Torre Llobeta\"],\"inLanguage\":\"ca\"},{\"@type\":\"WebPage\",\"@id\":\"https:\/\/www.noubarris.net\/web40\/les-dones-sortides-del-trac-de-teresa-herrera\/\",\"url\":\"https:\/\/www.noubarris.net\/web40\/les-dones-sortides-del-trac-de-teresa-herrera\/\",\"name\":\"Les dones sortides del tra\u00e7 de Teresa Herrera - NouBarris.Net\",\"isPartOf\":{\"@id\":\"https:\/\/www.noubarris.net\/web40\/#website\"},\"primaryImageOfPage\":{\"@id\":\"https:\/\/www.noubarris.net\/web40\/les-dones-sortides-del-trac-de-teresa-herrera\/#primaryimage\"},\"image\":{\"@id\":\"https:\/\/www.noubarris.net\/web40\/les-dones-sortides-del-trac-de-teresa-herrera\/#primaryimage\"},\"thumbnailUrl\":\"https:\/\/www.noubarris.net\/web40\/wp-content\/uploads\/2020\/09\/300920.jpg\",\"datePublished\":\"2020-09-29T22:00:53+00:00\",\"breadcrumb\":{\"@id\":\"https:\/\/www.noubarris.net\/web40\/les-dones-sortides-del-trac-de-teresa-herrera\/#breadcrumb\"},\"inLanguage\":\"ca\",\"potentialAction\":[{\"@type\":\"ReadAction\",\"target\":[\"https:\/\/www.noubarris.net\/web40\/les-dones-sortides-del-trac-de-teresa-herrera\/\"]}]},{\"@type\":\"ImageObject\",\"inLanguage\":\"ca\",\"@id\":\"https:\/\/www.noubarris.net\/web40\/les-dones-sortides-del-trac-de-teresa-herrera\/#primaryimage\",\"url\":\"https:\/\/www.noubarris.net\/web40\/wp-content\/uploads\/2020\/09\/300920.jpg\",\"contentUrl\":\"https:\/\/www.noubarris.net\/web40\/wp-content\/uploads\/2020\/09\/300920.jpg\",\"width\":768,\"height\":432},{\"@type\":\"BreadcrumbList\",\"@id\":\"https:\/\/www.noubarris.net\/web40\/les-dones-sortides-del-trac-de-teresa-herrera\/#breadcrumb\",\"itemListElement\":[{\"@type\":\"ListItem\",\"position\":1,\"name\":\"Inici\",\"item\":\"https:\/\/www.noubarris.net\/web40\/\"},{\"@type\":\"ListItem\",\"position\":2,\"name\":\"Les dones sortides del tra\u00e7 de Teresa Herrera\"}]},{\"@type\":\"WebSite\",\"@id\":\"https:\/\/www.noubarris.net\/web40\/#website\",\"url\":\"https:\/\/www.noubarris.net\/web40\/\",\"name\":\"NouBarris.Net\",\"description\":\"Seguint la vida de Nou Barris des de 1985\",\"publisher\":{\"@id\":\"https:\/\/www.noubarris.net\/web40\/#organization\"},\"potentialAction\":[{\"@type\":\"SearchAction\",\"target\":{\"@type\":\"EntryPoint\",\"urlTemplate\":\"https:\/\/www.noubarris.net\/web40\/?s={search_term_string}\"},\"query-input\":{\"@type\":\"PropertyValueSpecification\",\"valueRequired\":true,\"valueName\":\"search_term_string\"}}],\"inLanguage\":\"ca\"},{\"@type\":\"Organization\",\"@id\":\"https:\/\/www.noubarris.net\/web40\/#organization\",\"name\":\"NouBarris.Net\",\"url\":\"https:\/\/www.noubarris.net\/web40\/\",\"logo\":{\"@type\":\"ImageObject\",\"inLanguage\":\"ca\",\"@id\":\"https:\/\/www.noubarris.net\/web40\/#\/schema\/logo\/image\/\",\"url\":\"https:\/\/www.noubarris.net\/web40\/wp-content\/uploads\/2024\/11\/cropped-cropped-LOGO_9BTV-2024_Insta-1.jpg\",\"contentUrl\":\"https:\/\/www.noubarris.net\/web40\/wp-content\/uploads\/2024\/11\/cropped-cropped-LOGO_9BTV-2024_Insta-1.jpg\",\"width\":512,\"height\":512,\"caption\":\"NouBarris.Net\"},\"image\":{\"@id\":\"https:\/\/www.noubarris.net\/web40\/#\/schema\/logo\/image\/\"},\"sameAs\":[\"https:\/\/www.facebook.com\/NouBarris.net\/?locale=es_ES\",\"https:\/\/x.com\/9BTV\"]},{\"@type\":\"Person\",\"@id\":\"https:\/\/www.noubarris.net\/web40\/#\/schema\/person\/1827f92aaa316c54abbf4dac0de76069\",\"name\":\"Informatius\",\"image\":{\"@type\":\"ImageObject\",\"inLanguage\":\"ca\",\"@id\":\"https:\/\/www.noubarris.net\/web40\/#\/schema\/person\/image\/\",\"url\":\"https:\/\/secure.gravatar.com\/avatar\/87a3b47928835fc72c6ee5b0e1a7263ef0c2d05003a98189bc14926c5f11bcdb?s=96&d=mm&r=g\",\"contentUrl\":\"https:\/\/secure.gravatar.com\/avatar\/87a3b47928835fc72c6ee5b0e1a7263ef0c2d05003a98189bc14926c5f11bcdb?s=96&d=mm&r=g\",\"caption\":\"Informatius\"},\"url\":\"https:\/\/www.noubarris.net\/web40\/author\/tele\/\"}]}<\/script>\n<!-- \/ Yoast SEO plugin. -->","yoast_head_json":{"title":"Les dones sortides del tra\u00e7 de Teresa Herrera - NouBarris.Net","robots":{"index":"index","follow":"follow","max-snippet":"max-snippet:-1","max-image-preview":"max-image-preview:large","max-video-preview":"max-video-preview:-1"},"canonical":"https:\/\/www.noubarris.net\/web40\/les-dones-sortides-del-trac-de-teresa-herrera\/","og_locale":"ca_ES","og_type":"article","og_title":"Les dones sortides del tra\u00e7 de Teresa Herrera - NouBarris.Net","og_description":"La il\u00b7lustradora exposa a Torre Llobeta el cos i m\u00f3n \u00edntim femen\u00ed \u00a0 Teresa Herrero, il\u00b7lustradora i artista multidisciplinar, ha","og_url":"https:\/\/www.noubarris.net\/web40\/les-dones-sortides-del-trac-de-teresa-herrera\/","og_site_name":"NouBarris.Net","article_publisher":"https:\/\/www.facebook.com\/NouBarris.net\/?locale=es_ES","article_published_time":"2020-09-29T22:00:53+00:00","og_image":[{"width":768,"height":432,"url":"https:\/\/www.noubarris.net\/web40\/wp-content\/uploads\/2020\/09\/300920.jpg","type":"image\/jpeg"}],"author":"Informatius","twitter_card":"summary_large_image","twitter_creator":"@9BTV","twitter_site":"@9BTV","twitter_misc":{"Escrit per":"Informatius","Temps estimat de lectura":"2 minuts"},"schema":{"@context":"https:\/\/schema.org","@graph":[{"@type":"Article","@id":"https:\/\/www.noubarris.net\/web40\/les-dones-sortides-del-trac-de-teresa-herrera\/#article","isPartOf":{"@id":"https:\/\/www.noubarris.net\/web40\/les-dones-sortides-del-trac-de-teresa-herrera\/"},"author":{"name":"Informatius","@id":"https:\/\/www.noubarris.net\/web40\/#\/schema\/person\/1827f92aaa316c54abbf4dac0de76069"},"headline":"Les dones sortides del tra\u00e7 de Teresa Herrera","datePublished":"2020-09-29T22:00:53+00:00","mainEntityOfPage":{"@id":"https:\/\/www.noubarris.net\/web40\/les-dones-sortides-del-trac-de-teresa-herrera\/"},"wordCount":331,"publisher":{"@id":"https:\/\/www.noubarris.net\/web40\/#organization"},"image":{"@id":"https:\/\/www.noubarris.net\/web40\/les-dones-sortides-del-trac-de-teresa-herrera\/#primaryimage"},"thumbnailUrl":"https:\/\/www.noubarris.net\/web40\/wp-content\/uploads\/2020\/09\/300920.jpg","keywords":["art","centre c\u00edvic Torre Llobeta","Exposici\u00f3"],"articleSection":["Cultura","Vilapicina i la Torre Llobeta"],"inLanguage":"ca"},{"@type":"WebPage","@id":"https:\/\/www.noubarris.net\/web40\/les-dones-sortides-del-trac-de-teresa-herrera\/","url":"https:\/\/www.noubarris.net\/web40\/les-dones-sortides-del-trac-de-teresa-herrera\/","name":"Les dones sortides del tra\u00e7 de Teresa Herrera - NouBarris.Net","isPartOf":{"@id":"https:\/\/www.noubarris.net\/web40\/#website"},"primaryImageOfPage":{"@id":"https:\/\/www.noubarris.net\/web40\/les-dones-sortides-del-trac-de-teresa-herrera\/#primaryimage"},"image":{"@id":"https:\/\/www.noubarris.net\/web40\/les-dones-sortides-del-trac-de-teresa-herrera\/#primaryimage"},"thumbnailUrl":"https:\/\/www.noubarris.net\/web40\/wp-content\/uploads\/2020\/09\/300920.jpg","datePublished":"2020-09-29T22:00:53+00:00","breadcrumb":{"@id":"https:\/\/www.noubarris.net\/web40\/les-dones-sortides-del-trac-de-teresa-herrera\/#breadcrumb"},"inLanguage":"ca","potentialAction":[{"@type":"ReadAction","target":["https:\/\/www.noubarris.net\/web40\/les-dones-sortides-del-trac-de-teresa-herrera\/"]}]},{"@type":"ImageObject","inLanguage":"ca","@id":"https:\/\/www.noubarris.net\/web40\/les-dones-sortides-del-trac-de-teresa-herrera\/#primaryimage","url":"https:\/\/www.noubarris.net\/web40\/wp-content\/uploads\/2020\/09\/300920.jpg","contentUrl":"https:\/\/www.noubarris.net\/web40\/wp-content\/uploads\/2020\/09\/300920.jpg","width":768,"height":432},{"@type":"BreadcrumbList","@id":"https:\/\/www.noubarris.net\/web40\/les-dones-sortides-del-trac-de-teresa-herrera\/#breadcrumb","itemListElement":[{"@type":"ListItem","position":1,"name":"Inici","item":"https:\/\/www.noubarris.net\/web40\/"},{"@type":"ListItem","position":2,"name":"Les dones sortides del tra\u00e7 de Teresa Herrera"}]},{"@type":"WebSite","@id":"https:\/\/www.noubarris.net\/web40\/#website","url":"https:\/\/www.noubarris.net\/web40\/","name":"NouBarris.Net","description":"Seguint la vida de Nou Barris des de 1985","publisher":{"@id":"https:\/\/www.noubarris.net\/web40\/#organization"},"potentialAction":[{"@type":"SearchAction","target":{"@type":"EntryPoint","urlTemplate":"https:\/\/www.noubarris.net\/web40\/?s={search_term_string}"},"query-input":{"@type":"PropertyValueSpecification","valueRequired":true,"valueName":"search_term_string"}}],"inLanguage":"ca"},{"@type":"Organization","@id":"https:\/\/www.noubarris.net\/web40\/#organization","name":"NouBarris.Net","url":"https:\/\/www.noubarris.net\/web40\/","logo":{"@type":"ImageObject","inLanguage":"ca","@id":"https:\/\/www.noubarris.net\/web40\/#\/schema\/logo\/image\/","url":"https:\/\/www.noubarris.net\/web40\/wp-content\/uploads\/2024\/11\/cropped-cropped-LOGO_9BTV-2024_Insta-1.jpg","contentUrl":"https:\/\/www.noubarris.net\/web40\/wp-content\/uploads\/2024\/11\/cropped-cropped-LOGO_9BTV-2024_Insta-1.jpg","width":512,"height":512,"caption":"NouBarris.Net"},"image":{"@id":"https:\/\/www.noubarris.net\/web40\/#\/schema\/logo\/image\/"},"sameAs":["https:\/\/www.facebook.com\/NouBarris.net\/?locale=es_ES","https:\/\/x.com\/9BTV"]},{"@type":"Person","@id":"https:\/\/www.noubarris.net\/web40\/#\/schema\/person\/1827f92aaa316c54abbf4dac0de76069","name":"Informatius","image":{"@type":"ImageObject","inLanguage":"ca","@id":"https:\/\/www.noubarris.net\/web40\/#\/schema\/person\/image\/","url":"https:\/\/secure.gravatar.com\/avatar\/87a3b47928835fc72c6ee5b0e1a7263ef0c2d05003a98189bc14926c5f11bcdb?s=96&d=mm&r=g","contentUrl":"https:\/\/secure.gravatar.com\/avatar\/87a3b47928835fc72c6ee5b0e1a7263ef0c2d05003a98189bc14926c5f11bcdb?s=96&d=mm&r=g","caption":"Informatius"},"url":"https:\/\/www.noubarris.net\/web40\/author\/tele\/"}]}},"_links":{"self":[{"href":"https:\/\/www.noubarris.net\/web40\/wp-json\/wp\/v2\/posts\/76360","targetHints":{"allow":["GET"]}}],"collection":[{"href":"https:\/\/www.noubarris.net\/web40\/wp-json\/wp\/v2\/posts"}],"about":[{"href":"https:\/\/www.noubarris.net\/web40\/wp-json\/wp\/v2\/types\/post"}],"author":[{"embeddable":true,"href":"https:\/\/www.noubarris.net\/web40\/wp-json\/wp\/v2\/users\/2"}],"replies":[{"embeddable":true,"href":"https:\/\/www.noubarris.net\/web40\/wp-json\/wp\/v2\/comments?post=76360"}],"version-history":[{"count":1,"href":"https:\/\/www.noubarris.net\/web40\/wp-json\/wp\/v2\/posts\/76360\/revisions"}],"predecessor-version":[{"id":76362,"href":"https:\/\/www.noubarris.net\/web40\/wp-json\/wp\/v2\/posts\/76360\/revisions\/76362"}],"wp:featuredmedia":[{"embeddable":true,"href":"https:\/\/www.noubarris.net\/web40\/wp-json\/wp\/v2\/media\/76361"}],"wp:attachment":[{"href":"https:\/\/www.noubarris.net\/web40\/wp-json\/wp\/v2\/media?parent=76360"}],"wp:term":[{"taxonomy":"category","embeddable":true,"href":"https:\/\/www.noubarris.net\/web40\/wp-json\/wp\/v2\/categories?post=76360"},{"taxonomy":"post_tag","embeddable":true,"href":"https:\/\/www.noubarris.net\/web40\/wp-json\/wp\/v2\/tags?post=76360"}],"curies":[{"name":"wp","href":"https:\/\/api.w.org\/{rel}","templated":true}]}}