{"id":76415,"date":"2020-10-14T00:00:38","date_gmt":"2020-10-13T22:00:38","guid":{"rendered":"http:\/\/www.noubarris.net\/web40\/?p=76415"},"modified":"2020-10-13T15:43:04","modified_gmt":"2020-10-13T13:43:04","slug":"vallbona-estrena-el-nou-pont-de-lavinguda-de-puig-de-jorba","status":"publish","type":"post","link":"https:\/\/www.noubarris.net\/web40\/vallbona-estrena-el-nou-pont-de-lavinguda-de-puig-de-jorba\/","title":{"rendered":"Vallbona estrena el nou pont de l\u2019avinguda de Puig de Jorba"},"content":{"rendered":"<p><strong>La plataforma substitueix un pas estret i sense voreres per sobre les vies del tren<\/strong><\/p>\n<p>Els ve\u00efns i ve\u00efnes de Vallbona ja han estrenat el nou pont que salva les vies del tren a l\u2019avinguda de Puig de Jorba. En aquest punt hi havia fins a principis d\u2019any un altre pont, m\u00e9s estret i insegur, especialment per als vianants. Ara el pas ha guanyat 2 metres i mig d\u2019amplada, respecte als 4,70m que tenia el pont antic. El Pla de millores de la mobilitat al barri de Vallbona ha destinat un mili\u00f3 d\u2019euros a millorar aquest pas.<\/p>\n<p>Aquests diners, a m\u00e9s, tamb\u00e9 han servit per millorar els accessos al pont des de les dues bandes i s\u2019han refor\u00e7at els murs de contenci\u00f3. S\u2019ha modificat el tra\u00e7at a la part inferior i s\u2019ha creat una vorera, reclamada pels ve\u00efns de la zona. A m\u00e9s, el projecte tamb\u00e9 preveia renovar la xarxa d\u2019enllumenat i instal\u00b7lar-hi un nova xarxa de sanejament i de telecomunicacions.<\/p>\n","protected":false},"excerpt":{"rendered":"<p>La plataforma substitueix un pas estret i sense voreres per sobre les vies del tren Els ve\u00efns i ve\u00efnes de<\/p>\n","protected":false},"author":2,"featured_media":76417,"comment_status":"closed","ping_status":"closed","sticky":false,"template":"","format":"standard","meta":{"colormag_page_layout":"default_layout","_monsterinsights_skip_tracking":false,"_monsterinsights_sitenote_active":false,"_monsterinsights_sitenote_note":"","_monsterinsights_sitenote_category":0,"footnotes":""},"categories":[302,140],"tags":[69,55],"class_list":["post-76415","post","type-post","status-publish","format-standard","has-post-thumbnail","hentry","category-urbanisme","category-vallbona","tag-urbanisme","tag-vallbona"],"yoast_head":"<!-- This site is optimized with the Yoast SEO plugin v25.3 - https:\/\/yoast.com\/wordpress\/plugins\/seo\/ -->\n<title>Vallbona estrena el nou pont de l\u2019avinguda de Puig de Jorba - NouBarris.Net<\/title>\n<meta name=\"robots\" content=\"index, follow, max-snippet:-1, max-image-preview:large, max-video-preview:-1\" \/>\n<link rel=\"canonical\" href=\"https:\/\/www.noubarris.net\/web40\/vallbona-estrena-el-nou-pont-de-lavinguda-de-puig-de-jorba\/\" \/>\n<meta property=\"og:locale\" content=\"ca_ES\" \/>\n<meta property=\"og:type\" content=\"article\" \/>\n<meta property=\"og:title\" content=\"Vallbona estrena el nou pont de l\u2019avinguda de Puig de Jorba - NouBarris.Net\" \/>\n<meta property=\"og:description\" content=\"La plataforma substitueix un pas estret i sense voreres per sobre les vies del tren Els ve\u00efns i ve\u00efnes de\" \/>\n<meta property=\"og:url\" content=\"https:\/\/www.noubarris.net\/web40\/vallbona-estrena-el-nou-pont-de-lavinguda-de-puig-de-jorba\/\" \/>\n<meta property=\"og:site_name\" content=\"NouBarris.Net\" \/>\n<meta property=\"article:publisher\" content=\"https:\/\/www.facebook.com\/NouBarris.net\/?locale=es_ES\" \/>\n<meta property=\"article:published_time\" content=\"2020-10-13T22:00:38+00:00\" \/>\n<meta property=\"og:image\" content=\"https:\/\/www.noubarris.net\/web40\/wp-content\/uploads\/2020\/10\/141020.jpg\" \/>\n\t<meta property=\"og:image:width\" content=\"768\" \/>\n\t<meta property=\"og:image:height\" content=\"432\" \/>\n\t<meta property=\"og:image:type\" content=\"image\/jpeg\" \/>\n<meta name=\"author\" content=\"Informatius\" \/>\n<meta name=\"twitter:card\" content=\"summary_large_image\" \/>\n<meta name=\"twitter:creator\" content=\"@9BTV\" \/>\n<meta name=\"twitter:site\" content=\"@9BTV\" \/>\n<meta name=\"twitter:label1\" content=\"Escrit per\" \/>\n\t<meta name=\"twitter:data1\" content=\"Informatius\" \/>\n\t<meta name=\"twitter:label2\" content=\"Temps estimat de lectura\" \/>\n\t<meta name=\"twitter:data2\" content=\"1 minut\" \/>\n<script type=\"application\/ld+json\" class=\"yoast-schema-graph\">{\"@context\":\"https:\/\/schema.org\",\"@graph\":[{\"@type\":\"Article\",\"@id\":\"https:\/\/www.noubarris.net\/web40\/vallbona-estrena-el-nou-pont-de-lavinguda-de-puig-de-jorba\/#article\",\"isPartOf\":{\"@id\":\"https:\/\/www.noubarris.net\/web40\/vallbona-estrena-el-nou-pont-de-lavinguda-de-puig-de-jorba\/\"},\"author\":{\"name\":\"Informatius\",\"@id\":\"https:\/\/www.noubarris.net\/web40\/#\/schema\/person\/1827f92aaa316c54abbf4dac0de76069\"},\"headline\":\"Vallbona estrena el nou pont de l\u2019avinguda de Puig de Jorba\",\"datePublished\":\"2020-10-13T22:00:38+00:00\",\"mainEntityOfPage\":{\"@id\":\"https:\/\/www.noubarris.net\/web40\/vallbona-estrena-el-nou-pont-de-lavinguda-de-puig-de-jorba\/\"},\"wordCount\":189,\"publisher\":{\"@id\":\"https:\/\/www.noubarris.net\/web40\/#organization\"},\"image\":{\"@id\":\"https:\/\/www.noubarris.net\/web40\/vallbona-estrena-el-nou-pont-de-lavinguda-de-puig-de-jorba\/#primaryimage\"},\"thumbnailUrl\":\"https:\/\/www.noubarris.net\/web40\/wp-content\/uploads\/2020\/10\/141020.jpg\",\"keywords\":[\"Urbanisme\",\"Vallbona\"],\"articleSection\":[\"Urbanisme\",\"Vallbona\"],\"inLanguage\":\"ca\"},{\"@type\":\"WebPage\",\"@id\":\"https:\/\/www.noubarris.net\/web40\/vallbona-estrena-el-nou-pont-de-lavinguda-de-puig-de-jorba\/\",\"url\":\"https:\/\/www.noubarris.net\/web40\/vallbona-estrena-el-nou-pont-de-lavinguda-de-puig-de-jorba\/\",\"name\":\"Vallbona estrena el nou pont de l\u2019avinguda de Puig de Jorba - NouBarris.Net\",\"isPartOf\":{\"@id\":\"https:\/\/www.noubarris.net\/web40\/#website\"},\"primaryImageOfPage\":{\"@id\":\"https:\/\/www.noubarris.net\/web40\/vallbona-estrena-el-nou-pont-de-lavinguda-de-puig-de-jorba\/#primaryimage\"},\"image\":{\"@id\":\"https:\/\/www.noubarris.net\/web40\/vallbona-estrena-el-nou-pont-de-lavinguda-de-puig-de-jorba\/#primaryimage\"},\"thumbnailUrl\":\"https:\/\/www.noubarris.net\/web40\/wp-content\/uploads\/2020\/10\/141020.jpg\",\"datePublished\":\"2020-10-13T22:00:38+00:00\",\"breadcrumb\":{\"@id\":\"https:\/\/www.noubarris.net\/web40\/vallbona-estrena-el-nou-pont-de-lavinguda-de-puig-de-jorba\/#breadcrumb\"},\"inLanguage\":\"ca\",\"potentialAction\":[{\"@type\":\"ReadAction\",\"target\":[\"https:\/\/www.noubarris.net\/web40\/vallbona-estrena-el-nou-pont-de-lavinguda-de-puig-de-jorba\/\"]}]},{\"@type\":\"ImageObject\",\"inLanguage\":\"ca\",\"@id\":\"https:\/\/www.noubarris.net\/web40\/vallbona-estrena-el-nou-pont-de-lavinguda-de-puig-de-jorba\/#primaryimage\",\"url\":\"https:\/\/www.noubarris.net\/web40\/wp-content\/uploads\/2020\/10\/141020.jpg\",\"contentUrl\":\"https:\/\/www.noubarris.net\/web40\/wp-content\/uploads\/2020\/10\/141020.jpg\",\"width\":768,\"height\":432},{\"@type\":\"BreadcrumbList\",\"@id\":\"https:\/\/www.noubarris.net\/web40\/vallbona-estrena-el-nou-pont-de-lavinguda-de-puig-de-jorba\/#breadcrumb\",\"itemListElement\":[{\"@type\":\"ListItem\",\"position\":1,\"name\":\"Inici\",\"item\":\"https:\/\/www.noubarris.net\/web40\/\"},{\"@type\":\"ListItem\",\"position\":2,\"name\":\"Vallbona estrena el nou pont de l\u2019avinguda de Puig de Jorba\"}]},{\"@type\":\"WebSite\",\"@id\":\"https:\/\/www.noubarris.net\/web40\/#website\",\"url\":\"https:\/\/www.noubarris.net\/web40\/\",\"name\":\"NouBarris.Net\",\"description\":\"Seguint la vida de Nou Barris des de 1985\",\"publisher\":{\"@id\":\"https:\/\/www.noubarris.net\/web40\/#organization\"},\"potentialAction\":[{\"@type\":\"SearchAction\",\"target\":{\"@type\":\"EntryPoint\",\"urlTemplate\":\"https:\/\/www.noubarris.net\/web40\/?s={search_term_string}\"},\"query-input\":{\"@type\":\"PropertyValueSpecification\",\"valueRequired\":true,\"valueName\":\"search_term_string\"}}],\"inLanguage\":\"ca\"},{\"@type\":\"Organization\",\"@id\":\"https:\/\/www.noubarris.net\/web40\/#organization\",\"name\":\"NouBarris.Net\",\"url\":\"https:\/\/www.noubarris.net\/web40\/\",\"logo\":{\"@type\":\"ImageObject\",\"inLanguage\":\"ca\",\"@id\":\"https:\/\/www.noubarris.net\/web40\/#\/schema\/logo\/image\/\",\"url\":\"https:\/\/www.noubarris.net\/web40\/wp-content\/uploads\/2024\/11\/cropped-cropped-LOGO_9BTV-2024_Insta-1.jpg\",\"contentUrl\":\"https:\/\/www.noubarris.net\/web40\/wp-content\/uploads\/2024\/11\/cropped-cropped-LOGO_9BTV-2024_Insta-1.jpg\",\"width\":512,\"height\":512,\"caption\":\"NouBarris.Net\"},\"image\":{\"@id\":\"https:\/\/www.noubarris.net\/web40\/#\/schema\/logo\/image\/\"},\"sameAs\":[\"https:\/\/www.facebook.com\/NouBarris.net\/?locale=es_ES\",\"https:\/\/x.com\/9BTV\"]},{\"@type\":\"Person\",\"@id\":\"https:\/\/www.noubarris.net\/web40\/#\/schema\/person\/1827f92aaa316c54abbf4dac0de76069\",\"name\":\"Informatius\",\"image\":{\"@type\":\"ImageObject\",\"inLanguage\":\"ca\",\"@id\":\"https:\/\/www.noubarris.net\/web40\/#\/schema\/person\/image\/\",\"url\":\"https:\/\/secure.gravatar.com\/avatar\/87a3b47928835fc72c6ee5b0e1a7263ef0c2d05003a98189bc14926c5f11bcdb?s=96&d=mm&r=g\",\"contentUrl\":\"https:\/\/secure.gravatar.com\/avatar\/87a3b47928835fc72c6ee5b0e1a7263ef0c2d05003a98189bc14926c5f11bcdb?s=96&d=mm&r=g\",\"caption\":\"Informatius\"},\"url\":\"https:\/\/www.noubarris.net\/web40\/author\/tele\/\"}]}<\/script>\n<!-- \/ Yoast SEO plugin. -->","yoast_head_json":{"title":"Vallbona estrena el nou pont de l\u2019avinguda de Puig de Jorba - NouBarris.Net","robots":{"index":"index","follow":"follow","max-snippet":"max-snippet:-1","max-image-preview":"max-image-preview:large","max-video-preview":"max-video-preview:-1"},"canonical":"https:\/\/www.noubarris.net\/web40\/vallbona-estrena-el-nou-pont-de-lavinguda-de-puig-de-jorba\/","og_locale":"ca_ES","og_type":"article","og_title":"Vallbona estrena el nou pont de l\u2019avinguda de Puig de Jorba - NouBarris.Net","og_description":"La plataforma substitueix un pas estret i sense voreres per sobre les vies del tren Els ve\u00efns i ve\u00efnes de","og_url":"https:\/\/www.noubarris.net\/web40\/vallbona-estrena-el-nou-pont-de-lavinguda-de-puig-de-jorba\/","og_site_name":"NouBarris.Net","article_publisher":"https:\/\/www.facebook.com\/NouBarris.net\/?locale=es_ES","article_published_time":"2020-10-13T22:00:38+00:00","og_image":[{"width":768,"height":432,"url":"https:\/\/www.noubarris.net\/web40\/wp-content\/uploads\/2020\/10\/141020.jpg","type":"image\/jpeg"}],"author":"Informatius","twitter_card":"summary_large_image","twitter_creator":"@9BTV","twitter_site":"@9BTV","twitter_misc":{"Escrit per":"Informatius","Temps estimat de lectura":"1 minut"},"schema":{"@context":"https:\/\/schema.org","@graph":[{"@type":"Article","@id":"https:\/\/www.noubarris.net\/web40\/vallbona-estrena-el-nou-pont-de-lavinguda-de-puig-de-jorba\/#article","isPartOf":{"@id":"https:\/\/www.noubarris.net\/web40\/vallbona-estrena-el-nou-pont-de-lavinguda-de-puig-de-jorba\/"},"author":{"name":"Informatius","@id":"https:\/\/www.noubarris.net\/web40\/#\/schema\/person\/1827f92aaa316c54abbf4dac0de76069"},"headline":"Vallbona estrena el nou pont de l\u2019avinguda de Puig de Jorba","datePublished":"2020-10-13T22:00:38+00:00","mainEntityOfPage":{"@id":"https:\/\/www.noubarris.net\/web40\/vallbona-estrena-el-nou-pont-de-lavinguda-de-puig-de-jorba\/"},"wordCount":189,"publisher":{"@id":"https:\/\/www.noubarris.net\/web40\/#organization"},"image":{"@id":"https:\/\/www.noubarris.net\/web40\/vallbona-estrena-el-nou-pont-de-lavinguda-de-puig-de-jorba\/#primaryimage"},"thumbnailUrl":"https:\/\/www.noubarris.net\/web40\/wp-content\/uploads\/2020\/10\/141020.jpg","keywords":["Urbanisme","Vallbona"],"articleSection":["Urbanisme","Vallbona"],"inLanguage":"ca"},{"@type":"WebPage","@id":"https:\/\/www.noubarris.net\/web40\/vallbona-estrena-el-nou-pont-de-lavinguda-de-puig-de-jorba\/","url":"https:\/\/www.noubarris.net\/web40\/vallbona-estrena-el-nou-pont-de-lavinguda-de-puig-de-jorba\/","name":"Vallbona estrena el nou pont de l\u2019avinguda de Puig de Jorba - NouBarris.Net","isPartOf":{"@id":"https:\/\/www.noubarris.net\/web40\/#website"},"primaryImageOfPage":{"@id":"https:\/\/www.noubarris.net\/web40\/vallbona-estrena-el-nou-pont-de-lavinguda-de-puig-de-jorba\/#primaryimage"},"image":{"@id":"https:\/\/www.noubarris.net\/web40\/vallbona-estrena-el-nou-pont-de-lavinguda-de-puig-de-jorba\/#primaryimage"},"thumbnailUrl":"https:\/\/www.noubarris.net\/web40\/wp-content\/uploads\/2020\/10\/141020.jpg","datePublished":"2020-10-13T22:00:38+00:00","breadcrumb":{"@id":"https:\/\/www.noubarris.net\/web40\/vallbona-estrena-el-nou-pont-de-lavinguda-de-puig-de-jorba\/#breadcrumb"},"inLanguage":"ca","potentialAction":[{"@type":"ReadAction","target":["https:\/\/www.noubarris.net\/web40\/vallbona-estrena-el-nou-pont-de-lavinguda-de-puig-de-jorba\/"]}]},{"@type":"ImageObject","inLanguage":"ca","@id":"https:\/\/www.noubarris.net\/web40\/vallbona-estrena-el-nou-pont-de-lavinguda-de-puig-de-jorba\/#primaryimage","url":"https:\/\/www.noubarris.net\/web40\/wp-content\/uploads\/2020\/10\/141020.jpg","contentUrl":"https:\/\/www.noubarris.net\/web40\/wp-content\/uploads\/2020\/10\/141020.jpg","width":768,"height":432},{"@type":"BreadcrumbList","@id":"https:\/\/www.noubarris.net\/web40\/vallbona-estrena-el-nou-pont-de-lavinguda-de-puig-de-jorba\/#breadcrumb","itemListElement":[{"@type":"ListItem","position":1,"name":"Inici","item":"https:\/\/www.noubarris.net\/web40\/"},{"@type":"ListItem","position":2,"name":"Vallbona estrena el nou pont de l\u2019avinguda de Puig de Jorba"}]},{"@type":"WebSite","@id":"https:\/\/www.noubarris.net\/web40\/#website","url":"https:\/\/www.noubarris.net\/web40\/","name":"NouBarris.Net","description":"Seguint la vida de Nou Barris des de 1985","publisher":{"@id":"https:\/\/www.noubarris.net\/web40\/#organization"},"potentialAction":[{"@type":"SearchAction","target":{"@type":"EntryPoint","urlTemplate":"https:\/\/www.noubarris.net\/web40\/?s={search_term_string}"},"query-input":{"@type":"PropertyValueSpecification","valueRequired":true,"valueName":"search_term_string"}}],"inLanguage":"ca"},{"@type":"Organization","@id":"https:\/\/www.noubarris.net\/web40\/#organization","name":"NouBarris.Net","url":"https:\/\/www.noubarris.net\/web40\/","logo":{"@type":"ImageObject","inLanguage":"ca","@id":"https:\/\/www.noubarris.net\/web40\/#\/schema\/logo\/image\/","url":"https:\/\/www.noubarris.net\/web40\/wp-content\/uploads\/2024\/11\/cropped-cropped-LOGO_9BTV-2024_Insta-1.jpg","contentUrl":"https:\/\/www.noubarris.net\/web40\/wp-content\/uploads\/2024\/11\/cropped-cropped-LOGO_9BTV-2024_Insta-1.jpg","width":512,"height":512,"caption":"NouBarris.Net"},"image":{"@id":"https:\/\/www.noubarris.net\/web40\/#\/schema\/logo\/image\/"},"sameAs":["https:\/\/www.facebook.com\/NouBarris.net\/?locale=es_ES","https:\/\/x.com\/9BTV"]},{"@type":"Person","@id":"https:\/\/www.noubarris.net\/web40\/#\/schema\/person\/1827f92aaa316c54abbf4dac0de76069","name":"Informatius","image":{"@type":"ImageObject","inLanguage":"ca","@id":"https:\/\/www.noubarris.net\/web40\/#\/schema\/person\/image\/","url":"https:\/\/secure.gravatar.com\/avatar\/87a3b47928835fc72c6ee5b0e1a7263ef0c2d05003a98189bc14926c5f11bcdb?s=96&d=mm&r=g","contentUrl":"https:\/\/secure.gravatar.com\/avatar\/87a3b47928835fc72c6ee5b0e1a7263ef0c2d05003a98189bc14926c5f11bcdb?s=96&d=mm&r=g","caption":"Informatius"},"url":"https:\/\/www.noubarris.net\/web40\/author\/tele\/"}]}},"_links":{"self":[{"href":"https:\/\/www.noubarris.net\/web40\/wp-json\/wp\/v2\/posts\/76415","targetHints":{"allow":["GET"]}}],"collection":[{"href":"https:\/\/www.noubarris.net\/web40\/wp-json\/wp\/v2\/posts"}],"about":[{"href":"https:\/\/www.noubarris.net\/web40\/wp-json\/wp\/v2\/types\/post"}],"author":[{"embeddable":true,"href":"https:\/\/www.noubarris.net\/web40\/wp-json\/wp\/v2\/users\/2"}],"replies":[{"embeddable":true,"href":"https:\/\/www.noubarris.net\/web40\/wp-json\/wp\/v2\/comments?post=76415"}],"version-history":[{"count":1,"href":"https:\/\/www.noubarris.net\/web40\/wp-json\/wp\/v2\/posts\/76415\/revisions"}],"predecessor-version":[{"id":76416,"href":"https:\/\/www.noubarris.net\/web40\/wp-json\/wp\/v2\/posts\/76415\/revisions\/76416"}],"wp:featuredmedia":[{"embeddable":true,"href":"https:\/\/www.noubarris.net\/web40\/wp-json\/wp\/v2\/media\/76417"}],"wp:attachment":[{"href":"https:\/\/www.noubarris.net\/web40\/wp-json\/wp\/v2\/media?parent=76415"}],"wp:term":[{"taxonomy":"category","embeddable":true,"href":"https:\/\/www.noubarris.net\/web40\/wp-json\/wp\/v2\/categories?post=76415"},{"taxonomy":"post_tag","embeddable":true,"href":"https:\/\/www.noubarris.net\/web40\/wp-json\/wp\/v2\/tags?post=76415"}],"curies":[{"name":"wp","href":"https:\/\/api.w.org\/{rel}","templated":true}]}}