{"id":76418,"date":"2020-10-15T00:00:52","date_gmt":"2020-10-14T22:00:52","guid":{"rendered":"http:\/\/www.noubarris.net\/web40\/?p=76418"},"modified":"2020-10-14T14:50:40","modified_gmt":"2020-10-14T12:50:40","slug":"la-desfilada-de-les-roquetes-amb-mascaretes","status":"publish","type":"post","link":"https:\/\/www.noubarris.net\/web40\/la-desfilada-de-les-roquetes-amb-mascaretes\/","title":{"rendered":"La desfilada de les Roquetes amb mascaretes"},"content":{"rendered":"<p><strong>Les dones tiren endavant la festa per reivindicar la cultura segura<\/strong><\/p>\n<p>El barri de les Roquetes recupera aquesta setmana l\u2019esperit de la seva festa major, que van haver d\u2019ajornar al juny per la covid-19. Han tingut poc temps, per\u00f2 en un mes han organitzat tres jornades &#8211; <a href=\"https:\/\/docs.google.com\/forms\/d\/e\/1FAIpQLSdDuOiCjQ_eAcBE2Hxh90ZHrdgAS8YwVuv_yQ9KfASbUDk3WQ\/viewform?gxids=7628\" target=\"_blank\" rel=\"noopener noreferrer\">amb reserva pr\u00e8via en aquest enlla\u00e7-<\/a> que comencen avui amb l&#8217;espectacle d&#8217;animaci\u00f3 infantil de la companyia M\u00e9s Tum\u00e0cat, i continuaran dissabte, amb el Dia de la Pinya i la fira d\u2019arts de carrer. Finalment diumenge hi haur\u00e0 una passejada hist\u00f2rica i una de les cites estrelles de les festes del barri: la desfilada de la Roquetes Fashion, Wood and Food Week, coneguda tamb\u00e9 com la 08042, el codi postal del barri. El local de l\u2019associaci\u00f3 de ve\u00efns torna a ser un hurac\u00e0 d\u2019activitat per cosir i dissenyar els darrers vestits que falten per a la col\u00b7lecci\u00f3 d\u2019enguany. Com a novetat, un complement indispensable: les mascaretes.<\/p>\n<p>Ser\u00e0 una desfilada amb menys participants i amb uns dissenys m\u00e9s senzills, ja que han tingut poc m\u00e9s d\u2019un mes per confeccionar les peces, per\u00f2 amb la il\u00b7lusi\u00f3 de recuperar la trobada i defensar la cultura com a espai segur. \u201cLa covid-19 no pot amb nosaltres. Despr\u00e9s de tant temps tancats, els ve\u00efns i ve\u00efnes es mereixien poder gaudir una mica. Ho farem amb totes les mesures de seguretat, per\u00f2 volem reivindicar que a les Roquetes la cultura no s\u2019atura, que la cultura \u00e9s segura- afirma Marcela Iturriaga, de l\u2019AV Roquetes- Seran vestits m\u00e9s senzills per\u00f2 lluiran igualment.\u201d \u201c\u00c9s molt important per a nosaltres, sobretot per a les dones que participen als tallers, perqu\u00e8 visibilitza la feina que fan durant tot l\u2019any. Normalment triguem cinc mesos i ho hem fet en un, per\u00f2 vam decidir que la covid-19 no podria amb nosaltres.\u201d, assegura Amparo Iturriaga, tamb\u00e9 de l\u2019AV Roquetes. Enguany, est\u00e0 previst que la desfilada es pugui seguir en directe telem\u00e0ticament.<\/p>\n<p>Dins les mesures de seguretat covid-19 no pot faltar la mascareta, que forma part de la imatge de les ve\u00efnes que sortiran a desfilar a la pla\u00e7a de les Roquetes. \u201cHem fet mascaretes amb tela hidr\u00f2fuga, FPP2, que van a joc amb els vestits. S\u00f3n imprescindibles i desfilaran amb elles. A m\u00e9s, hem preparat mascaretes per a les persones que participen als tallers de M\u00e9s per menys, de costura, bricolatge i cuina, perqu\u00e8 no tothom pot comprar-se una mascareta per a cada dia.\u201d, explica Amparo.<\/p>\n<p>I \u00e9s que la desfilada, que va comen\u00e7ar fa m\u00e9s de deu anys per empoderar les dones del barri davant la crisi del 2007, s\u2019ha ampliat amb els anys. Ara d\u2019unes 30 persones amb dissenys de costura, entre els quals el tradicional vestit de n\u00favia, tamb\u00e9 es mostraran obres de bricolatge i receptes de cuina que, aquest any, no es podran tastar per protocol.<\/p>\n","protected":false},"excerpt":{"rendered":"<p>Les dones tiren endavant la festa per reivindicar la cultura segura El barri de les Roquetes recupera aquesta setmana l\u2019esperit<\/p>\n","protected":false},"author":2,"featured_media":76420,"comment_status":"closed","ping_status":"closed","sticky":false,"template":"","format":"standard","meta":{"colormag_page_layout":"default_layout","_monsterinsights_skip_tracking":false,"_monsterinsights_sitenote_active":false,"_monsterinsights_sitenote_note":"","_monsterinsights_sitenote_category":0,"footnotes":""},"categories":[129,136],"tags":[640,64,81],"class_list":["post-76418","post","type-post","status-publish","format-standard","has-post-thumbnail","hentry","category-cultura","category-les-roquetes","tag-coronavirus","tag-festes","tag-roquetes-fashion-week"],"yoast_head":"<!-- This site is optimized with the Yoast SEO plugin v25.3 - https:\/\/yoast.com\/wordpress\/plugins\/seo\/ -->\n<title>La desfilada de les Roquetes amb mascaretes - NouBarris.Net<\/title>\n<meta name=\"robots\" content=\"index, follow, max-snippet:-1, max-image-preview:large, max-video-preview:-1\" \/>\n<link rel=\"canonical\" href=\"https:\/\/www.noubarris.net\/web40\/la-desfilada-de-les-roquetes-amb-mascaretes\/\" \/>\n<meta property=\"og:locale\" content=\"ca_ES\" \/>\n<meta property=\"og:type\" content=\"article\" \/>\n<meta property=\"og:title\" content=\"La desfilada de les Roquetes amb mascaretes - NouBarris.Net\" \/>\n<meta property=\"og:description\" content=\"Les dones tiren endavant la festa per reivindicar la cultura segura El barri de les Roquetes recupera aquesta setmana l\u2019esperit\" \/>\n<meta property=\"og:url\" content=\"https:\/\/www.noubarris.net\/web40\/la-desfilada-de-les-roquetes-amb-mascaretes\/\" \/>\n<meta property=\"og:site_name\" content=\"NouBarris.Net\" \/>\n<meta property=\"article:publisher\" content=\"https:\/\/www.facebook.com\/NouBarris.net\/?locale=es_ES\" \/>\n<meta property=\"article:published_time\" content=\"2020-10-14T22:00:52+00:00\" \/>\n<meta property=\"og:image\" content=\"https:\/\/www.noubarris.net\/web40\/wp-content\/uploads\/2020\/10\/151020.jpg\" \/>\n\t<meta property=\"og:image:width\" content=\"768\" \/>\n\t<meta property=\"og:image:height\" content=\"432\" \/>\n\t<meta property=\"og:image:type\" content=\"image\/jpeg\" \/>\n<meta name=\"author\" content=\"Informatius\" \/>\n<meta name=\"twitter:card\" content=\"summary_large_image\" \/>\n<meta name=\"twitter:creator\" content=\"@9BTV\" \/>\n<meta name=\"twitter:site\" content=\"@9BTV\" \/>\n<meta name=\"twitter:label1\" content=\"Escrit per\" \/>\n\t<meta name=\"twitter:data1\" content=\"Informatius\" \/>\n\t<meta name=\"twitter:label2\" content=\"Temps estimat de lectura\" \/>\n\t<meta name=\"twitter:data2\" content=\"2 minuts\" \/>\n<script type=\"application\/ld+json\" class=\"yoast-schema-graph\">{\"@context\":\"https:\/\/schema.org\",\"@graph\":[{\"@type\":\"Article\",\"@id\":\"https:\/\/www.noubarris.net\/web40\/la-desfilada-de-les-roquetes-amb-mascaretes\/#article\",\"isPartOf\":{\"@id\":\"https:\/\/www.noubarris.net\/web40\/la-desfilada-de-les-roquetes-amb-mascaretes\/\"},\"author\":{\"name\":\"Informatius\",\"@id\":\"https:\/\/www.noubarris.net\/web40\/#\/schema\/person\/1827f92aaa316c54abbf4dac0de76069\"},\"headline\":\"La desfilada de les Roquetes amb mascaretes\",\"datePublished\":\"2020-10-14T22:00:52+00:00\",\"mainEntityOfPage\":{\"@id\":\"https:\/\/www.noubarris.net\/web40\/la-desfilada-de-les-roquetes-amb-mascaretes\/\"},\"wordCount\":505,\"publisher\":{\"@id\":\"https:\/\/www.noubarris.net\/web40\/#organization\"},\"image\":{\"@id\":\"https:\/\/www.noubarris.net\/web40\/la-desfilada-de-les-roquetes-amb-mascaretes\/#primaryimage\"},\"thumbnailUrl\":\"https:\/\/www.noubarris.net\/web40\/wp-content\/uploads\/2020\/10\/151020.jpg\",\"keywords\":[\"coronavirus\",\"Festes\",\"Roquetes fashion week\"],\"articleSection\":[\"Cultura\",\"Les Roquetes\"],\"inLanguage\":\"ca\"},{\"@type\":\"WebPage\",\"@id\":\"https:\/\/www.noubarris.net\/web40\/la-desfilada-de-les-roquetes-amb-mascaretes\/\",\"url\":\"https:\/\/www.noubarris.net\/web40\/la-desfilada-de-les-roquetes-amb-mascaretes\/\",\"name\":\"La desfilada de les Roquetes amb mascaretes - NouBarris.Net\",\"isPartOf\":{\"@id\":\"https:\/\/www.noubarris.net\/web40\/#website\"},\"primaryImageOfPage\":{\"@id\":\"https:\/\/www.noubarris.net\/web40\/la-desfilada-de-les-roquetes-amb-mascaretes\/#primaryimage\"},\"image\":{\"@id\":\"https:\/\/www.noubarris.net\/web40\/la-desfilada-de-les-roquetes-amb-mascaretes\/#primaryimage\"},\"thumbnailUrl\":\"https:\/\/www.noubarris.net\/web40\/wp-content\/uploads\/2020\/10\/151020.jpg\",\"datePublished\":\"2020-10-14T22:00:52+00:00\",\"breadcrumb\":{\"@id\":\"https:\/\/www.noubarris.net\/web40\/la-desfilada-de-les-roquetes-amb-mascaretes\/#breadcrumb\"},\"inLanguage\":\"ca\",\"potentialAction\":[{\"@type\":\"ReadAction\",\"target\":[\"https:\/\/www.noubarris.net\/web40\/la-desfilada-de-les-roquetes-amb-mascaretes\/\"]}]},{\"@type\":\"ImageObject\",\"inLanguage\":\"ca\",\"@id\":\"https:\/\/www.noubarris.net\/web40\/la-desfilada-de-les-roquetes-amb-mascaretes\/#primaryimage\",\"url\":\"https:\/\/www.noubarris.net\/web40\/wp-content\/uploads\/2020\/10\/151020.jpg\",\"contentUrl\":\"https:\/\/www.noubarris.net\/web40\/wp-content\/uploads\/2020\/10\/151020.jpg\",\"width\":768,\"height\":432},{\"@type\":\"BreadcrumbList\",\"@id\":\"https:\/\/www.noubarris.net\/web40\/la-desfilada-de-les-roquetes-amb-mascaretes\/#breadcrumb\",\"itemListElement\":[{\"@type\":\"ListItem\",\"position\":1,\"name\":\"Inici\",\"item\":\"https:\/\/www.noubarris.net\/web40\/\"},{\"@type\":\"ListItem\",\"position\":2,\"name\":\"La desfilada de les Roquetes amb mascaretes\"}]},{\"@type\":\"WebSite\",\"@id\":\"https:\/\/www.noubarris.net\/web40\/#website\",\"url\":\"https:\/\/www.noubarris.net\/web40\/\",\"name\":\"NouBarris.Net\",\"description\":\"Seguint la vida de Nou Barris des de 1985\",\"publisher\":{\"@id\":\"https:\/\/www.noubarris.net\/web40\/#organization\"},\"potentialAction\":[{\"@type\":\"SearchAction\",\"target\":{\"@type\":\"EntryPoint\",\"urlTemplate\":\"https:\/\/www.noubarris.net\/web40\/?s={search_term_string}\"},\"query-input\":{\"@type\":\"PropertyValueSpecification\",\"valueRequired\":true,\"valueName\":\"search_term_string\"}}],\"inLanguage\":\"ca\"},{\"@type\":\"Organization\",\"@id\":\"https:\/\/www.noubarris.net\/web40\/#organization\",\"name\":\"NouBarris.Net\",\"url\":\"https:\/\/www.noubarris.net\/web40\/\",\"logo\":{\"@type\":\"ImageObject\",\"inLanguage\":\"ca\",\"@id\":\"https:\/\/www.noubarris.net\/web40\/#\/schema\/logo\/image\/\",\"url\":\"https:\/\/www.noubarris.net\/web40\/wp-content\/uploads\/2024\/11\/cropped-cropped-LOGO_9BTV-2024_Insta-1.jpg\",\"contentUrl\":\"https:\/\/www.noubarris.net\/web40\/wp-content\/uploads\/2024\/11\/cropped-cropped-LOGO_9BTV-2024_Insta-1.jpg\",\"width\":512,\"height\":512,\"caption\":\"NouBarris.Net\"},\"image\":{\"@id\":\"https:\/\/www.noubarris.net\/web40\/#\/schema\/logo\/image\/\"},\"sameAs\":[\"https:\/\/www.facebook.com\/NouBarris.net\/?locale=es_ES\",\"https:\/\/x.com\/9BTV\"]},{\"@type\":\"Person\",\"@id\":\"https:\/\/www.noubarris.net\/web40\/#\/schema\/person\/1827f92aaa316c54abbf4dac0de76069\",\"name\":\"Informatius\",\"image\":{\"@type\":\"ImageObject\",\"inLanguage\":\"ca\",\"@id\":\"https:\/\/www.noubarris.net\/web40\/#\/schema\/person\/image\/\",\"url\":\"https:\/\/secure.gravatar.com\/avatar\/87a3b47928835fc72c6ee5b0e1a7263ef0c2d05003a98189bc14926c5f11bcdb?s=96&d=mm&r=g\",\"contentUrl\":\"https:\/\/secure.gravatar.com\/avatar\/87a3b47928835fc72c6ee5b0e1a7263ef0c2d05003a98189bc14926c5f11bcdb?s=96&d=mm&r=g\",\"caption\":\"Informatius\"},\"url\":\"https:\/\/www.noubarris.net\/web40\/author\/tele\/\"}]}<\/script>\n<!-- \/ Yoast SEO plugin. -->","yoast_head_json":{"title":"La desfilada de les Roquetes amb mascaretes - NouBarris.Net","robots":{"index":"index","follow":"follow","max-snippet":"max-snippet:-1","max-image-preview":"max-image-preview:large","max-video-preview":"max-video-preview:-1"},"canonical":"https:\/\/www.noubarris.net\/web40\/la-desfilada-de-les-roquetes-amb-mascaretes\/","og_locale":"ca_ES","og_type":"article","og_title":"La desfilada de les Roquetes amb mascaretes - NouBarris.Net","og_description":"Les dones tiren endavant la festa per reivindicar la cultura segura El barri de les Roquetes recupera aquesta setmana l\u2019esperit","og_url":"https:\/\/www.noubarris.net\/web40\/la-desfilada-de-les-roquetes-amb-mascaretes\/","og_site_name":"NouBarris.Net","article_publisher":"https:\/\/www.facebook.com\/NouBarris.net\/?locale=es_ES","article_published_time":"2020-10-14T22:00:52+00:00","og_image":[{"width":768,"height":432,"url":"https:\/\/www.noubarris.net\/web40\/wp-content\/uploads\/2020\/10\/151020.jpg","type":"image\/jpeg"}],"author":"Informatius","twitter_card":"summary_large_image","twitter_creator":"@9BTV","twitter_site":"@9BTV","twitter_misc":{"Escrit per":"Informatius","Temps estimat de lectura":"2 minuts"},"schema":{"@context":"https:\/\/schema.org","@graph":[{"@type":"Article","@id":"https:\/\/www.noubarris.net\/web40\/la-desfilada-de-les-roquetes-amb-mascaretes\/#article","isPartOf":{"@id":"https:\/\/www.noubarris.net\/web40\/la-desfilada-de-les-roquetes-amb-mascaretes\/"},"author":{"name":"Informatius","@id":"https:\/\/www.noubarris.net\/web40\/#\/schema\/person\/1827f92aaa316c54abbf4dac0de76069"},"headline":"La desfilada de les Roquetes amb mascaretes","datePublished":"2020-10-14T22:00:52+00:00","mainEntityOfPage":{"@id":"https:\/\/www.noubarris.net\/web40\/la-desfilada-de-les-roquetes-amb-mascaretes\/"},"wordCount":505,"publisher":{"@id":"https:\/\/www.noubarris.net\/web40\/#organization"},"image":{"@id":"https:\/\/www.noubarris.net\/web40\/la-desfilada-de-les-roquetes-amb-mascaretes\/#primaryimage"},"thumbnailUrl":"https:\/\/www.noubarris.net\/web40\/wp-content\/uploads\/2020\/10\/151020.jpg","keywords":["coronavirus","Festes","Roquetes fashion week"],"articleSection":["Cultura","Les Roquetes"],"inLanguage":"ca"},{"@type":"WebPage","@id":"https:\/\/www.noubarris.net\/web40\/la-desfilada-de-les-roquetes-amb-mascaretes\/","url":"https:\/\/www.noubarris.net\/web40\/la-desfilada-de-les-roquetes-amb-mascaretes\/","name":"La desfilada de les Roquetes amb mascaretes - NouBarris.Net","isPartOf":{"@id":"https:\/\/www.noubarris.net\/web40\/#website"},"primaryImageOfPage":{"@id":"https:\/\/www.noubarris.net\/web40\/la-desfilada-de-les-roquetes-amb-mascaretes\/#primaryimage"},"image":{"@id":"https:\/\/www.noubarris.net\/web40\/la-desfilada-de-les-roquetes-amb-mascaretes\/#primaryimage"},"thumbnailUrl":"https:\/\/www.noubarris.net\/web40\/wp-content\/uploads\/2020\/10\/151020.jpg","datePublished":"2020-10-14T22:00:52+00:00","breadcrumb":{"@id":"https:\/\/www.noubarris.net\/web40\/la-desfilada-de-les-roquetes-amb-mascaretes\/#breadcrumb"},"inLanguage":"ca","potentialAction":[{"@type":"ReadAction","target":["https:\/\/www.noubarris.net\/web40\/la-desfilada-de-les-roquetes-amb-mascaretes\/"]}]},{"@type":"ImageObject","inLanguage":"ca","@id":"https:\/\/www.noubarris.net\/web40\/la-desfilada-de-les-roquetes-amb-mascaretes\/#primaryimage","url":"https:\/\/www.noubarris.net\/web40\/wp-content\/uploads\/2020\/10\/151020.jpg","contentUrl":"https:\/\/www.noubarris.net\/web40\/wp-content\/uploads\/2020\/10\/151020.jpg","width":768,"height":432},{"@type":"BreadcrumbList","@id":"https:\/\/www.noubarris.net\/web40\/la-desfilada-de-les-roquetes-amb-mascaretes\/#breadcrumb","itemListElement":[{"@type":"ListItem","position":1,"name":"Inici","item":"https:\/\/www.noubarris.net\/web40\/"},{"@type":"ListItem","position":2,"name":"La desfilada de les Roquetes amb mascaretes"}]},{"@type":"WebSite","@id":"https:\/\/www.noubarris.net\/web40\/#website","url":"https:\/\/www.noubarris.net\/web40\/","name":"NouBarris.Net","description":"Seguint la vida de Nou Barris des de 1985","publisher":{"@id":"https:\/\/www.noubarris.net\/web40\/#organization"},"potentialAction":[{"@type":"SearchAction","target":{"@type":"EntryPoint","urlTemplate":"https:\/\/www.noubarris.net\/web40\/?s={search_term_string}"},"query-input":{"@type":"PropertyValueSpecification","valueRequired":true,"valueName":"search_term_string"}}],"inLanguage":"ca"},{"@type":"Organization","@id":"https:\/\/www.noubarris.net\/web40\/#organization","name":"NouBarris.Net","url":"https:\/\/www.noubarris.net\/web40\/","logo":{"@type":"ImageObject","inLanguage":"ca","@id":"https:\/\/www.noubarris.net\/web40\/#\/schema\/logo\/image\/","url":"https:\/\/www.noubarris.net\/web40\/wp-content\/uploads\/2024\/11\/cropped-cropped-LOGO_9BTV-2024_Insta-1.jpg","contentUrl":"https:\/\/www.noubarris.net\/web40\/wp-content\/uploads\/2024\/11\/cropped-cropped-LOGO_9BTV-2024_Insta-1.jpg","width":512,"height":512,"caption":"NouBarris.Net"},"image":{"@id":"https:\/\/www.noubarris.net\/web40\/#\/schema\/logo\/image\/"},"sameAs":["https:\/\/www.facebook.com\/NouBarris.net\/?locale=es_ES","https:\/\/x.com\/9BTV"]},{"@type":"Person","@id":"https:\/\/www.noubarris.net\/web40\/#\/schema\/person\/1827f92aaa316c54abbf4dac0de76069","name":"Informatius","image":{"@type":"ImageObject","inLanguage":"ca","@id":"https:\/\/www.noubarris.net\/web40\/#\/schema\/person\/image\/","url":"https:\/\/secure.gravatar.com\/avatar\/87a3b47928835fc72c6ee5b0e1a7263ef0c2d05003a98189bc14926c5f11bcdb?s=96&d=mm&r=g","contentUrl":"https:\/\/secure.gravatar.com\/avatar\/87a3b47928835fc72c6ee5b0e1a7263ef0c2d05003a98189bc14926c5f11bcdb?s=96&d=mm&r=g","caption":"Informatius"},"url":"https:\/\/www.noubarris.net\/web40\/author\/tele\/"}]}},"_links":{"self":[{"href":"https:\/\/www.noubarris.net\/web40\/wp-json\/wp\/v2\/posts\/76418","targetHints":{"allow":["GET"]}}],"collection":[{"href":"https:\/\/www.noubarris.net\/web40\/wp-json\/wp\/v2\/posts"}],"about":[{"href":"https:\/\/www.noubarris.net\/web40\/wp-json\/wp\/v2\/types\/post"}],"author":[{"embeddable":true,"href":"https:\/\/www.noubarris.net\/web40\/wp-json\/wp\/v2\/users\/2"}],"replies":[{"embeddable":true,"href":"https:\/\/www.noubarris.net\/web40\/wp-json\/wp\/v2\/comments?post=76418"}],"version-history":[{"count":2,"href":"https:\/\/www.noubarris.net\/web40\/wp-json\/wp\/v2\/posts\/76418\/revisions"}],"predecessor-version":[{"id":76422,"href":"https:\/\/www.noubarris.net\/web40\/wp-json\/wp\/v2\/posts\/76418\/revisions\/76422"}],"wp:featuredmedia":[{"embeddable":true,"href":"https:\/\/www.noubarris.net\/web40\/wp-json\/wp\/v2\/media\/76420"}],"wp:attachment":[{"href":"https:\/\/www.noubarris.net\/web40\/wp-json\/wp\/v2\/media?parent=76418"}],"wp:term":[{"taxonomy":"category","embeddable":true,"href":"https:\/\/www.noubarris.net\/web40\/wp-json\/wp\/v2\/categories?post=76418"},{"taxonomy":"post_tag","embeddable":true,"href":"https:\/\/www.noubarris.net\/web40\/wp-json\/wp\/v2\/tags?post=76418"}],"curies":[{"name":"wp","href":"https:\/\/api.w.org\/{rel}","templated":true}]}}