{"id":76423,"date":"2020-10-16T00:00:51","date_gmt":"2020-10-15T22:00:51","guid":{"rendered":"http:\/\/www.noubarris.net\/web40\/?p=76423"},"modified":"2020-10-15T15:49:41","modified_gmt":"2020-10-15T13:49:41","slug":"el-pla-de-barris-samplia-a-verdum-can-peguera-el-turo-de-la-peira-i-la-prosperitat","status":"publish","type":"post","link":"https:\/\/www.noubarris.net\/web40\/el-pla-de-barris-samplia-a-verdum-can-peguera-el-turo-de-la-peira-i-la-prosperitat\/","title":{"rendered":"El Pla de Barris s\u2019amplia a Verdum, Can Peguera, el Tur\u00f3 de la Peira i la Prosperitat"},"content":{"rendered":"<p><strong>\u00a0Comen\u00e7a el proc\u00e9s participatiu amb una mirada que afegeix el factor clim\u00e0tic i les desigualtats<\/strong><\/p>\n<p>Nou Barris incorpora Verdum, Can Peguera, el Tur\u00f3 de la Peira i la Prosperitat al Pla de Barris de 2021 a 2024. Aquests barris se sumen als de la Zona Nord, la Trinitat Nova i Roquetes. Els plans nous quedaran configurats de la seg\u00fcent manera:<\/p>\n<ul>\n<li>PdB de Zona Nord<\/li>\n<li>PdB de la Trinitat Nova<\/li>\n<li>PdB de les Roquetes i Verdum<\/li>\n<li>PdB del Tur\u00f3 de la Peira i Can Peguera<\/li>\n<li>PdB de la Prosperitat<\/li>\n<\/ul>\n<p>Amb un pressupost total de 150 milions d\u2019euros, el Pla de Barris impulsar\u00e0 programes amb l&#8217;objectiu de generar noves oportunitats en els \u00e0mbits m\u00e9s determinants de generaci\u00f3 de desigualtats, com s\u00f3n l\u2019educaci\u00f3, la salut, l\u2019habitatge, l\u2019ocupaci\u00f3, la qualitat de l\u2019espai p\u00fablic. A m\u00e9s, aquest nou pla tindr\u00e0 una mirada m\u00e9s intensa a la vulnerabilitat vinculada a la sostenibilitat ambiental i l\u2019emerg\u00e8ncia clim\u00e0tica.<\/p>\n<p>El pla inclou accions com la millora de la tasca educativa dels centres, l\u2019ampliaci\u00f3 dels centres, o la incorporaci\u00f3 de les arts, la cultura o nous perfils professionals. En aquesta edici\u00f3 es tindr\u00e0 una especial atenci\u00f3 en la reducci\u00f3 de l\u2019escletxa digital, s\u2019ampliar\u00e0 l\u2019oferta d\u2019extraescolars i lleure amb una vessant educativa. Pel que fa a la salut, es promouran programes com la Xarxa sense Gravetat que aborda la salut mental i emocional, d\u2019altres que treballen per un envelliment saludable o la salut sexual reproductiva i, d\u2019altres que apostin per millorar els h\u00e0bits saludables.<\/p>\n<p>Una de les prioritats del pla continuar\u00e0 sent el treball per la cohesi\u00f3 dels barris, refor\u00e7ant el seu teixit comunitari. Els esfor\u00e7os se centraran a millorar els equipaments de proximitat, refor\u00e7ar la identitat de barri, treballar pel reconeixement de la diversitat cultural i d\u2019origen, abordar l\u2019esport i la cultura com a eines de transformaci\u00f3 social o reduir la desigualtat que afecta especialment les dones.<\/p>\n<p>En aquesta edici\u00f3 es continua el programa de rehabilitaci\u00f3 de Finques d\u2019Alta Complexitat que garanteix un acompanyament t\u00e8cnic i social a les finques m\u00e9s vulnerables. Tamb\u00e9 el foment de l\u2019activitat econ\u00f2mica i l\u2019ocupaci\u00f3 de qualitat continuar\u00e0 sent una prioritat. En aquesta edici\u00f3 s\u2019intensificar\u00e0 el treball amb el comer\u00e7 de proximitat i se seguir\u00e0 apostant per enfortir i impulsar les empreses i els projectes econ\u00f2mics de proximitat, arrelats al territori.<\/p>\n<p>El Pla de Barris seguir\u00e0 buscant generar espais quotidians de relaci\u00f3, inclusius, accessibles, intergeneracionals, que permetin usos diversos i que fomentin la relaci\u00f3 entre ve\u00efns i ve\u00efnes. Paral\u00b7lelament tamb\u00e9 es posar\u00e0 l\u2019accent en fer barris m\u00e9s accessibles i connectats.<\/p>\n<p>En el nou Pla de Barris s\u2019afegeix el factor clim\u00e0tic i ambiental i les desigualtats que aquest vector t\u00e9 sobre la poblaci\u00f3 vulnerable. Se seguir\u00e0 promovent una rehabilitaci\u00f3 energ\u00e8tica dels edificis, es promouran sistemes d\u2019energia verda amb retorn social, es treballar\u00e0 per afavorir la mobilitat no contaminant, per reduir els impactes de soroll i cotxes, i s\u2019explorar\u00e0 una xarxa d\u2019espais de proximitat, clim\u00e0ticament confortables.<\/p>\n<p>La definici\u00f3 de les noves l\u00ednies de treball i \u00e0mbits d\u2019intervenci\u00f3 i la concreci\u00f3 en accions dels diversos plans es fa en di\u00e0leg i coproducci\u00f3 amb el teixit social i comunitari de cadascun dels barris. El proc\u00e9s de participaci\u00f3 comen\u00e7a aquesta tardor i acabar\u00e0 a finals d\u2019any, per poder comen\u00e7ar a desplegar el nou Pla amb les accions consensuades a partir del gener de 2021.<\/p>\n","protected":false},"excerpt":{"rendered":"<p>\u00a0Comen\u00e7a el proc\u00e9s participatiu amb una mirada que afegeix el factor clim\u00e0tic i les desigualtats Nou Barris incorpora Verdum, Can<\/p>\n","protected":false},"author":2,"featured_media":76427,"comment_status":"closed","ping_status":"closed","sticky":false,"template":"","format":"standard","meta":{"colormag_page_layout":"default_layout","_monsterinsights_skip_tracking":false,"_monsterinsights_sitenote_active":false,"_monsterinsights_sitenote_note":"","_monsterinsights_sitenote_category":0,"footnotes":""},"categories":[1],"tags":[319,327,530],"class_list":["post-76423","post","type-post","status-publish","format-standard","has-post-thumbnail","hentry","category-nou-barris","tag-nou-barris","tag-participacio","tag-pla-de-barris"],"yoast_head":"<!-- This site is optimized with the Yoast SEO plugin v25.3 - https:\/\/yoast.com\/wordpress\/plugins\/seo\/ -->\n<title>El Pla de Barris s\u2019amplia a Verdum, Can Peguera, el Tur\u00f3 de la Peira i la Prosperitat - NouBarris.Net<\/title>\n<meta name=\"robots\" content=\"index, follow, max-snippet:-1, max-image-preview:large, max-video-preview:-1\" \/>\n<link rel=\"canonical\" href=\"https:\/\/www.noubarris.net\/web40\/el-pla-de-barris-samplia-a-verdum-can-peguera-el-turo-de-la-peira-i-la-prosperitat\/\" \/>\n<meta property=\"og:locale\" content=\"ca_ES\" \/>\n<meta property=\"og:type\" content=\"article\" \/>\n<meta property=\"og:title\" content=\"El Pla de Barris s\u2019amplia a Verdum, Can Peguera, el Tur\u00f3 de la Peira i la Prosperitat - NouBarris.Net\" \/>\n<meta property=\"og:description\" content=\"\u00a0Comen\u00e7a el proc\u00e9s participatiu amb una mirada que afegeix el factor clim\u00e0tic i les desigualtats Nou Barris incorpora Verdum, Can\" \/>\n<meta property=\"og:url\" content=\"https:\/\/www.noubarris.net\/web40\/el-pla-de-barris-samplia-a-verdum-can-peguera-el-turo-de-la-peira-i-la-prosperitat\/\" \/>\n<meta property=\"og:site_name\" content=\"NouBarris.Net\" \/>\n<meta property=\"article:publisher\" content=\"https:\/\/www.facebook.com\/NouBarris.net\/?locale=es_ES\" \/>\n<meta property=\"article:published_time\" content=\"2020-10-15T22:00:51+00:00\" \/>\n<meta property=\"og:image\" content=\"https:\/\/www.noubarris.net\/web40\/wp-content\/uploads\/2020\/10\/161020.jpg\" \/>\n\t<meta property=\"og:image:width\" content=\"768\" \/>\n\t<meta property=\"og:image:height\" content=\"432\" \/>\n\t<meta property=\"og:image:type\" content=\"image\/jpeg\" \/>\n<meta name=\"author\" content=\"Informatius\" \/>\n<meta name=\"twitter:card\" content=\"summary_large_image\" \/>\n<meta name=\"twitter:creator\" content=\"@9BTV\" \/>\n<meta name=\"twitter:site\" content=\"@9BTV\" \/>\n<meta name=\"twitter:label1\" content=\"Escrit per\" \/>\n\t<meta name=\"twitter:data1\" content=\"Informatius\" \/>\n\t<meta name=\"twitter:label2\" content=\"Temps estimat de lectura\" \/>\n\t<meta name=\"twitter:data2\" content=\"3 minuts\" \/>\n<script type=\"application\/ld+json\" class=\"yoast-schema-graph\">{\"@context\":\"https:\/\/schema.org\",\"@graph\":[{\"@type\":\"Article\",\"@id\":\"https:\/\/www.noubarris.net\/web40\/el-pla-de-barris-samplia-a-verdum-can-peguera-el-turo-de-la-peira-i-la-prosperitat\/#article\",\"isPartOf\":{\"@id\":\"https:\/\/www.noubarris.net\/web40\/el-pla-de-barris-samplia-a-verdum-can-peguera-el-turo-de-la-peira-i-la-prosperitat\/\"},\"author\":{\"name\":\"Informatius\",\"@id\":\"https:\/\/www.noubarris.net\/web40\/#\/schema\/person\/1827f92aaa316c54abbf4dac0de76069\"},\"headline\":\"El Pla de Barris s\u2019amplia a Verdum, Can Peguera, el Tur\u00f3 de la Peira i la Prosperitat\",\"datePublished\":\"2020-10-15T22:00:51+00:00\",\"mainEntityOfPage\":{\"@id\":\"https:\/\/www.noubarris.net\/web40\/el-pla-de-barris-samplia-a-verdum-can-peguera-el-turo-de-la-peira-i-la-prosperitat\/\"},\"wordCount\":616,\"publisher\":{\"@id\":\"https:\/\/www.noubarris.net\/web40\/#organization\"},\"image\":{\"@id\":\"https:\/\/www.noubarris.net\/web40\/el-pla-de-barris-samplia-a-verdum-can-peguera-el-turo-de-la-peira-i-la-prosperitat\/#primaryimage\"},\"thumbnailUrl\":\"https:\/\/www.noubarris.net\/web40\/wp-content\/uploads\/2020\/10\/161020.jpg\",\"keywords\":[\"Nou Barris\",\"Participaci\u00f3\",\"pla de barris\"],\"articleSection\":[\"Nou Barris\"],\"inLanguage\":\"ca\"},{\"@type\":\"WebPage\",\"@id\":\"https:\/\/www.noubarris.net\/web40\/el-pla-de-barris-samplia-a-verdum-can-peguera-el-turo-de-la-peira-i-la-prosperitat\/\",\"url\":\"https:\/\/www.noubarris.net\/web40\/el-pla-de-barris-samplia-a-verdum-can-peguera-el-turo-de-la-peira-i-la-prosperitat\/\",\"name\":\"El Pla de Barris s\u2019amplia a Verdum, Can Peguera, el Tur\u00f3 de la Peira i la Prosperitat - NouBarris.Net\",\"isPartOf\":{\"@id\":\"https:\/\/www.noubarris.net\/web40\/#website\"},\"primaryImageOfPage\":{\"@id\":\"https:\/\/www.noubarris.net\/web40\/el-pla-de-barris-samplia-a-verdum-can-peguera-el-turo-de-la-peira-i-la-prosperitat\/#primaryimage\"},\"image\":{\"@id\":\"https:\/\/www.noubarris.net\/web40\/el-pla-de-barris-samplia-a-verdum-can-peguera-el-turo-de-la-peira-i-la-prosperitat\/#primaryimage\"},\"thumbnailUrl\":\"https:\/\/www.noubarris.net\/web40\/wp-content\/uploads\/2020\/10\/161020.jpg\",\"datePublished\":\"2020-10-15T22:00:51+00:00\",\"breadcrumb\":{\"@id\":\"https:\/\/www.noubarris.net\/web40\/el-pla-de-barris-samplia-a-verdum-can-peguera-el-turo-de-la-peira-i-la-prosperitat\/#breadcrumb\"},\"inLanguage\":\"ca\",\"potentialAction\":[{\"@type\":\"ReadAction\",\"target\":[\"https:\/\/www.noubarris.net\/web40\/el-pla-de-barris-samplia-a-verdum-can-peguera-el-turo-de-la-peira-i-la-prosperitat\/\"]}]},{\"@type\":\"ImageObject\",\"inLanguage\":\"ca\",\"@id\":\"https:\/\/www.noubarris.net\/web40\/el-pla-de-barris-samplia-a-verdum-can-peguera-el-turo-de-la-peira-i-la-prosperitat\/#primaryimage\",\"url\":\"https:\/\/www.noubarris.net\/web40\/wp-content\/uploads\/2020\/10\/161020.jpg\",\"contentUrl\":\"https:\/\/www.noubarris.net\/web40\/wp-content\/uploads\/2020\/10\/161020.jpg\",\"width\":768,\"height\":432},{\"@type\":\"BreadcrumbList\",\"@id\":\"https:\/\/www.noubarris.net\/web40\/el-pla-de-barris-samplia-a-verdum-can-peguera-el-turo-de-la-peira-i-la-prosperitat\/#breadcrumb\",\"itemListElement\":[{\"@type\":\"ListItem\",\"position\":1,\"name\":\"Inici\",\"item\":\"https:\/\/www.noubarris.net\/web40\/\"},{\"@type\":\"ListItem\",\"position\":2,\"name\":\"El Pla de Barris s\u2019amplia a Verdum, Can Peguera, el Tur\u00f3 de la Peira i la Prosperitat\"}]},{\"@type\":\"WebSite\",\"@id\":\"https:\/\/www.noubarris.net\/web40\/#website\",\"url\":\"https:\/\/www.noubarris.net\/web40\/\",\"name\":\"NouBarris.Net\",\"description\":\"Seguint la vida de Nou Barris des de 1985\",\"publisher\":{\"@id\":\"https:\/\/www.noubarris.net\/web40\/#organization\"},\"potentialAction\":[{\"@type\":\"SearchAction\",\"target\":{\"@type\":\"EntryPoint\",\"urlTemplate\":\"https:\/\/www.noubarris.net\/web40\/?s={search_term_string}\"},\"query-input\":{\"@type\":\"PropertyValueSpecification\",\"valueRequired\":true,\"valueName\":\"search_term_string\"}}],\"inLanguage\":\"ca\"},{\"@type\":\"Organization\",\"@id\":\"https:\/\/www.noubarris.net\/web40\/#organization\",\"name\":\"NouBarris.Net\",\"url\":\"https:\/\/www.noubarris.net\/web40\/\",\"logo\":{\"@type\":\"ImageObject\",\"inLanguage\":\"ca\",\"@id\":\"https:\/\/www.noubarris.net\/web40\/#\/schema\/logo\/image\/\",\"url\":\"https:\/\/www.noubarris.net\/web40\/wp-content\/uploads\/2024\/11\/cropped-cropped-LOGO_9BTV-2024_Insta-1.jpg\",\"contentUrl\":\"https:\/\/www.noubarris.net\/web40\/wp-content\/uploads\/2024\/11\/cropped-cropped-LOGO_9BTV-2024_Insta-1.jpg\",\"width\":512,\"height\":512,\"caption\":\"NouBarris.Net\"},\"image\":{\"@id\":\"https:\/\/www.noubarris.net\/web40\/#\/schema\/logo\/image\/\"},\"sameAs\":[\"https:\/\/www.facebook.com\/NouBarris.net\/?locale=es_ES\",\"https:\/\/x.com\/9BTV\"]},{\"@type\":\"Person\",\"@id\":\"https:\/\/www.noubarris.net\/web40\/#\/schema\/person\/1827f92aaa316c54abbf4dac0de76069\",\"name\":\"Informatius\",\"image\":{\"@type\":\"ImageObject\",\"inLanguage\":\"ca\",\"@id\":\"https:\/\/www.noubarris.net\/web40\/#\/schema\/person\/image\/\",\"url\":\"https:\/\/secure.gravatar.com\/avatar\/87a3b47928835fc72c6ee5b0e1a7263ef0c2d05003a98189bc14926c5f11bcdb?s=96&d=mm&r=g\",\"contentUrl\":\"https:\/\/secure.gravatar.com\/avatar\/87a3b47928835fc72c6ee5b0e1a7263ef0c2d05003a98189bc14926c5f11bcdb?s=96&d=mm&r=g\",\"caption\":\"Informatius\"},\"url\":\"https:\/\/www.noubarris.net\/web40\/author\/tele\/\"}]}<\/script>\n<!-- \/ Yoast SEO plugin. -->","yoast_head_json":{"title":"El Pla de Barris s\u2019amplia a Verdum, Can Peguera, el Tur\u00f3 de la Peira i la Prosperitat - NouBarris.Net","robots":{"index":"index","follow":"follow","max-snippet":"max-snippet:-1","max-image-preview":"max-image-preview:large","max-video-preview":"max-video-preview:-1"},"canonical":"https:\/\/www.noubarris.net\/web40\/el-pla-de-barris-samplia-a-verdum-can-peguera-el-turo-de-la-peira-i-la-prosperitat\/","og_locale":"ca_ES","og_type":"article","og_title":"El Pla de Barris s\u2019amplia a Verdum, Can Peguera, el Tur\u00f3 de la Peira i la Prosperitat - NouBarris.Net","og_description":"\u00a0Comen\u00e7a el proc\u00e9s participatiu amb una mirada que afegeix el factor clim\u00e0tic i les desigualtats Nou Barris incorpora Verdum, Can","og_url":"https:\/\/www.noubarris.net\/web40\/el-pla-de-barris-samplia-a-verdum-can-peguera-el-turo-de-la-peira-i-la-prosperitat\/","og_site_name":"NouBarris.Net","article_publisher":"https:\/\/www.facebook.com\/NouBarris.net\/?locale=es_ES","article_published_time":"2020-10-15T22:00:51+00:00","og_image":[{"width":768,"height":432,"url":"https:\/\/www.noubarris.net\/web40\/wp-content\/uploads\/2020\/10\/161020.jpg","type":"image\/jpeg"}],"author":"Informatius","twitter_card":"summary_large_image","twitter_creator":"@9BTV","twitter_site":"@9BTV","twitter_misc":{"Escrit per":"Informatius","Temps estimat de lectura":"3 minuts"},"schema":{"@context":"https:\/\/schema.org","@graph":[{"@type":"Article","@id":"https:\/\/www.noubarris.net\/web40\/el-pla-de-barris-samplia-a-verdum-can-peguera-el-turo-de-la-peira-i-la-prosperitat\/#article","isPartOf":{"@id":"https:\/\/www.noubarris.net\/web40\/el-pla-de-barris-samplia-a-verdum-can-peguera-el-turo-de-la-peira-i-la-prosperitat\/"},"author":{"name":"Informatius","@id":"https:\/\/www.noubarris.net\/web40\/#\/schema\/person\/1827f92aaa316c54abbf4dac0de76069"},"headline":"El Pla de Barris s\u2019amplia a Verdum, Can Peguera, el Tur\u00f3 de la Peira i la Prosperitat","datePublished":"2020-10-15T22:00:51+00:00","mainEntityOfPage":{"@id":"https:\/\/www.noubarris.net\/web40\/el-pla-de-barris-samplia-a-verdum-can-peguera-el-turo-de-la-peira-i-la-prosperitat\/"},"wordCount":616,"publisher":{"@id":"https:\/\/www.noubarris.net\/web40\/#organization"},"image":{"@id":"https:\/\/www.noubarris.net\/web40\/el-pla-de-barris-samplia-a-verdum-can-peguera-el-turo-de-la-peira-i-la-prosperitat\/#primaryimage"},"thumbnailUrl":"https:\/\/www.noubarris.net\/web40\/wp-content\/uploads\/2020\/10\/161020.jpg","keywords":["Nou Barris","Participaci\u00f3","pla de barris"],"articleSection":["Nou Barris"],"inLanguage":"ca"},{"@type":"WebPage","@id":"https:\/\/www.noubarris.net\/web40\/el-pla-de-barris-samplia-a-verdum-can-peguera-el-turo-de-la-peira-i-la-prosperitat\/","url":"https:\/\/www.noubarris.net\/web40\/el-pla-de-barris-samplia-a-verdum-can-peguera-el-turo-de-la-peira-i-la-prosperitat\/","name":"El Pla de Barris s\u2019amplia a Verdum, Can Peguera, el Tur\u00f3 de la Peira i la Prosperitat - NouBarris.Net","isPartOf":{"@id":"https:\/\/www.noubarris.net\/web40\/#website"},"primaryImageOfPage":{"@id":"https:\/\/www.noubarris.net\/web40\/el-pla-de-barris-samplia-a-verdum-can-peguera-el-turo-de-la-peira-i-la-prosperitat\/#primaryimage"},"image":{"@id":"https:\/\/www.noubarris.net\/web40\/el-pla-de-barris-samplia-a-verdum-can-peguera-el-turo-de-la-peira-i-la-prosperitat\/#primaryimage"},"thumbnailUrl":"https:\/\/www.noubarris.net\/web40\/wp-content\/uploads\/2020\/10\/161020.jpg","datePublished":"2020-10-15T22:00:51+00:00","breadcrumb":{"@id":"https:\/\/www.noubarris.net\/web40\/el-pla-de-barris-samplia-a-verdum-can-peguera-el-turo-de-la-peira-i-la-prosperitat\/#breadcrumb"},"inLanguage":"ca","potentialAction":[{"@type":"ReadAction","target":["https:\/\/www.noubarris.net\/web40\/el-pla-de-barris-samplia-a-verdum-can-peguera-el-turo-de-la-peira-i-la-prosperitat\/"]}]},{"@type":"ImageObject","inLanguage":"ca","@id":"https:\/\/www.noubarris.net\/web40\/el-pla-de-barris-samplia-a-verdum-can-peguera-el-turo-de-la-peira-i-la-prosperitat\/#primaryimage","url":"https:\/\/www.noubarris.net\/web40\/wp-content\/uploads\/2020\/10\/161020.jpg","contentUrl":"https:\/\/www.noubarris.net\/web40\/wp-content\/uploads\/2020\/10\/161020.jpg","width":768,"height":432},{"@type":"BreadcrumbList","@id":"https:\/\/www.noubarris.net\/web40\/el-pla-de-barris-samplia-a-verdum-can-peguera-el-turo-de-la-peira-i-la-prosperitat\/#breadcrumb","itemListElement":[{"@type":"ListItem","position":1,"name":"Inici","item":"https:\/\/www.noubarris.net\/web40\/"},{"@type":"ListItem","position":2,"name":"El Pla de Barris s\u2019amplia a Verdum, Can Peguera, el Tur\u00f3 de la Peira i la Prosperitat"}]},{"@type":"WebSite","@id":"https:\/\/www.noubarris.net\/web40\/#website","url":"https:\/\/www.noubarris.net\/web40\/","name":"NouBarris.Net","description":"Seguint la vida de Nou Barris des de 1985","publisher":{"@id":"https:\/\/www.noubarris.net\/web40\/#organization"},"potentialAction":[{"@type":"SearchAction","target":{"@type":"EntryPoint","urlTemplate":"https:\/\/www.noubarris.net\/web40\/?s={search_term_string}"},"query-input":{"@type":"PropertyValueSpecification","valueRequired":true,"valueName":"search_term_string"}}],"inLanguage":"ca"},{"@type":"Organization","@id":"https:\/\/www.noubarris.net\/web40\/#organization","name":"NouBarris.Net","url":"https:\/\/www.noubarris.net\/web40\/","logo":{"@type":"ImageObject","inLanguage":"ca","@id":"https:\/\/www.noubarris.net\/web40\/#\/schema\/logo\/image\/","url":"https:\/\/www.noubarris.net\/web40\/wp-content\/uploads\/2024\/11\/cropped-cropped-LOGO_9BTV-2024_Insta-1.jpg","contentUrl":"https:\/\/www.noubarris.net\/web40\/wp-content\/uploads\/2024\/11\/cropped-cropped-LOGO_9BTV-2024_Insta-1.jpg","width":512,"height":512,"caption":"NouBarris.Net"},"image":{"@id":"https:\/\/www.noubarris.net\/web40\/#\/schema\/logo\/image\/"},"sameAs":["https:\/\/www.facebook.com\/NouBarris.net\/?locale=es_ES","https:\/\/x.com\/9BTV"]},{"@type":"Person","@id":"https:\/\/www.noubarris.net\/web40\/#\/schema\/person\/1827f92aaa316c54abbf4dac0de76069","name":"Informatius","image":{"@type":"ImageObject","inLanguage":"ca","@id":"https:\/\/www.noubarris.net\/web40\/#\/schema\/person\/image\/","url":"https:\/\/secure.gravatar.com\/avatar\/87a3b47928835fc72c6ee5b0e1a7263ef0c2d05003a98189bc14926c5f11bcdb?s=96&d=mm&r=g","contentUrl":"https:\/\/secure.gravatar.com\/avatar\/87a3b47928835fc72c6ee5b0e1a7263ef0c2d05003a98189bc14926c5f11bcdb?s=96&d=mm&r=g","caption":"Informatius"},"url":"https:\/\/www.noubarris.net\/web40\/author\/tele\/"}]}},"_links":{"self":[{"href":"https:\/\/www.noubarris.net\/web40\/wp-json\/wp\/v2\/posts\/76423","targetHints":{"allow":["GET"]}}],"collection":[{"href":"https:\/\/www.noubarris.net\/web40\/wp-json\/wp\/v2\/posts"}],"about":[{"href":"https:\/\/www.noubarris.net\/web40\/wp-json\/wp\/v2\/types\/post"}],"author":[{"embeddable":true,"href":"https:\/\/www.noubarris.net\/web40\/wp-json\/wp\/v2\/users\/2"}],"replies":[{"embeddable":true,"href":"https:\/\/www.noubarris.net\/web40\/wp-json\/wp\/v2\/comments?post=76423"}],"version-history":[{"count":2,"href":"https:\/\/www.noubarris.net\/web40\/wp-json\/wp\/v2\/posts\/76423\/revisions"}],"predecessor-version":[{"id":76426,"href":"https:\/\/www.noubarris.net\/web40\/wp-json\/wp\/v2\/posts\/76423\/revisions\/76426"}],"wp:featuredmedia":[{"embeddable":true,"href":"https:\/\/www.noubarris.net\/web40\/wp-json\/wp\/v2\/media\/76427"}],"wp:attachment":[{"href":"https:\/\/www.noubarris.net\/web40\/wp-json\/wp\/v2\/media?parent=76423"}],"wp:term":[{"taxonomy":"category","embeddable":true,"href":"https:\/\/www.noubarris.net\/web40\/wp-json\/wp\/v2\/categories?post=76423"},{"taxonomy":"post_tag","embeddable":true,"href":"https:\/\/www.noubarris.net\/web40\/wp-json\/wp\/v2\/tags?post=76423"}],"curies":[{"name":"wp","href":"https:\/\/api.w.org\/{rel}","templated":true}]}}