{"id":76428,"date":"2020-10-17T00:00:41","date_gmt":"2020-10-16T22:00:41","guid":{"rendered":"http:\/\/www.noubarris.net\/web40\/?p=76428"},"modified":"2020-10-16T14:35:31","modified_gmt":"2020-10-16T12:35:31","slug":"millores-daccessibilitat-al-casal-de-gent-gran-i-el-cem-turo-des-del-carrer-del-doctor-pi-i-molist","status":"publish","type":"post","link":"https:\/\/www.noubarris.net\/web40\/millores-daccessibilitat-al-casal-de-gent-gran-i-el-cem-turo-des-del-carrer-del-doctor-pi-i-molist\/","title":{"rendered":"Millores d\u2019accessibilitat al casal de gent gran i el CEM Tur\u00f3 des del carrer del Doctor Pi i Molist"},"content":{"rendered":"<p><strong>L\u2019Ajuntament ha adaptat les rampes, baranes i \u00a0escales del passatge de Ricard Canals <\/strong><\/p>\n<p>L\u2019any passat es va inaugurar el CEM Tur\u00f3 i la urbanitzaci\u00f3 del seu entorn. Quedava, per\u00f2, un tema pendent: l\u2019adaptaci\u00f3 de l\u2019acc\u00e9s des del carrer del Doctor Pi i Molist. Despr\u00e9s de les queixes de l\u2019AV del Tur\u00f3 de la Peira, l\u2019Ajuntament ha adaptat un dels accessos, el del passatge de Ricard Canals. Un acc\u00e9s que facilita tamb\u00e9 que la gent gran del barri pugui accedir al seu casal.<\/p>\n<p>S\u2019han reformat les rampes i les escales del passatge per adaptar-les a les normatives. Tamb\u00e9 s\u2019han substitu\u00eft les baranes i passamans. A m\u00e9s, s\u2019ha fet una nova pavimentaci\u00f3 que evitar els problemes d\u2019evacuaci\u00f3 amb l\u2019aigua de la pluja.<\/p>\n<p>Durant aquests el mesos d\u2019obres, el passatge ha estat tancat i \u00e9s per aix\u00f2 que s\u2019hi va instal\u00b7lar un sistema provisional de rampes al passatge paral\u00b7lel, situat a uns cent metres. En un principi el projecte arquitect\u00f2nic del CEM Tur\u00f3 i els entorns preveia adaptar les escales d\u2019aquest passatge paral\u00b7lel, per\u00f2 finalment es va descartar per dificultats t\u00e8cniques.<\/p>\n","protected":false},"excerpt":{"rendered":"<p>L\u2019Ajuntament ha adaptat les rampes, baranes i \u00a0escales del passatge de Ricard Canals L\u2019any passat es va inaugurar el CEM<\/p>\n","protected":false},"author":2,"featured_media":76429,"comment_status":"closed","ping_status":"closed","sticky":false,"template":"","format":"standard","meta":{"colormag_page_layout":"default_layout","_monsterinsights_skip_tracking":false,"_monsterinsights_sitenote_active":false,"_monsterinsights_sitenote_note":"","_monsterinsights_sitenote_category":0,"footnotes":""},"categories":[139,302],"tags":[374,542,246,360],"class_list":["post-76428","post","type-post","status-publish","format-standard","has-post-thumbnail","hentry","category-el-turo-de-la-peira","category-urbanisme","tag-accessibilitat","tag-casal-gent-gran","tag-el-turo-de-la-peira","tag-obres"],"yoast_head":"<!-- This site is optimized with the Yoast SEO plugin v25.3 - https:\/\/yoast.com\/wordpress\/plugins\/seo\/ -->\n<title>Millores d\u2019accessibilitat al casal de gent gran i el CEM Tur\u00f3 des del carrer del Doctor Pi i Molist - NouBarris.Net<\/title>\n<meta name=\"robots\" content=\"index, follow, max-snippet:-1, max-image-preview:large, max-video-preview:-1\" \/>\n<link rel=\"canonical\" href=\"https:\/\/www.noubarris.net\/web40\/millores-daccessibilitat-al-casal-de-gent-gran-i-el-cem-turo-des-del-carrer-del-doctor-pi-i-molist\/\" \/>\n<meta property=\"og:locale\" content=\"ca_ES\" \/>\n<meta property=\"og:type\" content=\"article\" \/>\n<meta property=\"og:title\" content=\"Millores d\u2019accessibilitat al casal de gent gran i el CEM Tur\u00f3 des del carrer del Doctor Pi i Molist - NouBarris.Net\" \/>\n<meta property=\"og:description\" content=\"L\u2019Ajuntament ha adaptat les rampes, baranes i \u00a0escales del passatge de Ricard Canals L\u2019any passat es va inaugurar el CEM\" \/>\n<meta property=\"og:url\" content=\"https:\/\/www.noubarris.net\/web40\/millores-daccessibilitat-al-casal-de-gent-gran-i-el-cem-turo-des-del-carrer-del-doctor-pi-i-molist\/\" \/>\n<meta property=\"og:site_name\" content=\"NouBarris.Net\" \/>\n<meta property=\"article:publisher\" content=\"https:\/\/www.facebook.com\/NouBarris.net\/?locale=es_ES\" \/>\n<meta property=\"article:published_time\" content=\"2020-10-16T22:00:41+00:00\" \/>\n<meta property=\"og:image\" content=\"https:\/\/www.noubarris.net\/web40\/wp-content\/uploads\/2020\/10\/171020.jpg\" \/>\n\t<meta property=\"og:image:width\" content=\"768\" \/>\n\t<meta property=\"og:image:height\" content=\"432\" \/>\n\t<meta property=\"og:image:type\" content=\"image\/jpeg\" \/>\n<meta name=\"author\" content=\"Informatius\" \/>\n<meta name=\"twitter:card\" content=\"summary_large_image\" \/>\n<meta name=\"twitter:creator\" content=\"@9BTV\" \/>\n<meta name=\"twitter:site\" content=\"@9BTV\" \/>\n<meta name=\"twitter:label1\" content=\"Escrit per\" \/>\n\t<meta name=\"twitter:data1\" content=\"Informatius\" \/>\n\t<meta name=\"twitter:label2\" content=\"Temps estimat de lectura\" \/>\n\t<meta name=\"twitter:data2\" content=\"1 minut\" \/>\n<script type=\"application\/ld+json\" class=\"yoast-schema-graph\">{\"@context\":\"https:\/\/schema.org\",\"@graph\":[{\"@type\":\"Article\",\"@id\":\"https:\/\/www.noubarris.net\/web40\/millores-daccessibilitat-al-casal-de-gent-gran-i-el-cem-turo-des-del-carrer-del-doctor-pi-i-molist\/#article\",\"isPartOf\":{\"@id\":\"https:\/\/www.noubarris.net\/web40\/millores-daccessibilitat-al-casal-de-gent-gran-i-el-cem-turo-des-del-carrer-del-doctor-pi-i-molist\/\"},\"author\":{\"name\":\"Informatius\",\"@id\":\"https:\/\/www.noubarris.net\/web40\/#\/schema\/person\/1827f92aaa316c54abbf4dac0de76069\"},\"headline\":\"Millores d\u2019accessibilitat al casal de gent gran i el CEM Tur\u00f3 des del carrer del Doctor Pi i Molist\",\"datePublished\":\"2020-10-16T22:00:41+00:00\",\"mainEntityOfPage\":{\"@id\":\"https:\/\/www.noubarris.net\/web40\/millores-daccessibilitat-al-casal-de-gent-gran-i-el-cem-turo-des-del-carrer-del-doctor-pi-i-molist\/\"},\"wordCount\":222,\"publisher\":{\"@id\":\"https:\/\/www.noubarris.net\/web40\/#organization\"},\"image\":{\"@id\":\"https:\/\/www.noubarris.net\/web40\/millores-daccessibilitat-al-casal-de-gent-gran-i-el-cem-turo-des-del-carrer-del-doctor-pi-i-molist\/#primaryimage\"},\"thumbnailUrl\":\"https:\/\/www.noubarris.net\/web40\/wp-content\/uploads\/2020\/10\/171020.jpg\",\"keywords\":[\"Accessibilitat\",\"casal gent gran\",\"El Tur\u00f3 de la Peira\",\"Obres\"],\"articleSection\":[\"El Tur\u00f3 de la Peira\",\"Urbanisme\"],\"inLanguage\":\"ca\"},{\"@type\":\"WebPage\",\"@id\":\"https:\/\/www.noubarris.net\/web40\/millores-daccessibilitat-al-casal-de-gent-gran-i-el-cem-turo-des-del-carrer-del-doctor-pi-i-molist\/\",\"url\":\"https:\/\/www.noubarris.net\/web40\/millores-daccessibilitat-al-casal-de-gent-gran-i-el-cem-turo-des-del-carrer-del-doctor-pi-i-molist\/\",\"name\":\"Millores d\u2019accessibilitat al casal de gent gran i el CEM Tur\u00f3 des del carrer del Doctor Pi i Molist - NouBarris.Net\",\"isPartOf\":{\"@id\":\"https:\/\/www.noubarris.net\/web40\/#website\"},\"primaryImageOfPage\":{\"@id\":\"https:\/\/www.noubarris.net\/web40\/millores-daccessibilitat-al-casal-de-gent-gran-i-el-cem-turo-des-del-carrer-del-doctor-pi-i-molist\/#primaryimage\"},\"image\":{\"@id\":\"https:\/\/www.noubarris.net\/web40\/millores-daccessibilitat-al-casal-de-gent-gran-i-el-cem-turo-des-del-carrer-del-doctor-pi-i-molist\/#primaryimage\"},\"thumbnailUrl\":\"https:\/\/www.noubarris.net\/web40\/wp-content\/uploads\/2020\/10\/171020.jpg\",\"datePublished\":\"2020-10-16T22:00:41+00:00\",\"breadcrumb\":{\"@id\":\"https:\/\/www.noubarris.net\/web40\/millores-daccessibilitat-al-casal-de-gent-gran-i-el-cem-turo-des-del-carrer-del-doctor-pi-i-molist\/#breadcrumb\"},\"inLanguage\":\"ca\",\"potentialAction\":[{\"@type\":\"ReadAction\",\"target\":[\"https:\/\/www.noubarris.net\/web40\/millores-daccessibilitat-al-casal-de-gent-gran-i-el-cem-turo-des-del-carrer-del-doctor-pi-i-molist\/\"]}]},{\"@type\":\"ImageObject\",\"inLanguage\":\"ca\",\"@id\":\"https:\/\/www.noubarris.net\/web40\/millores-daccessibilitat-al-casal-de-gent-gran-i-el-cem-turo-des-del-carrer-del-doctor-pi-i-molist\/#primaryimage\",\"url\":\"https:\/\/www.noubarris.net\/web40\/wp-content\/uploads\/2020\/10\/171020.jpg\",\"contentUrl\":\"https:\/\/www.noubarris.net\/web40\/wp-content\/uploads\/2020\/10\/171020.jpg\",\"width\":768,\"height\":432},{\"@type\":\"BreadcrumbList\",\"@id\":\"https:\/\/www.noubarris.net\/web40\/millores-daccessibilitat-al-casal-de-gent-gran-i-el-cem-turo-des-del-carrer-del-doctor-pi-i-molist\/#breadcrumb\",\"itemListElement\":[{\"@type\":\"ListItem\",\"position\":1,\"name\":\"Inici\",\"item\":\"https:\/\/www.noubarris.net\/web40\/\"},{\"@type\":\"ListItem\",\"position\":2,\"name\":\"Millores d\u2019accessibilitat al casal de gent gran i el CEM Tur\u00f3 des del carrer del Doctor Pi i Molist\"}]},{\"@type\":\"WebSite\",\"@id\":\"https:\/\/www.noubarris.net\/web40\/#website\",\"url\":\"https:\/\/www.noubarris.net\/web40\/\",\"name\":\"NouBarris.Net\",\"description\":\"Seguint la vida de Nou Barris des de 1985\",\"publisher\":{\"@id\":\"https:\/\/www.noubarris.net\/web40\/#organization\"},\"potentialAction\":[{\"@type\":\"SearchAction\",\"target\":{\"@type\":\"EntryPoint\",\"urlTemplate\":\"https:\/\/www.noubarris.net\/web40\/?s={search_term_string}\"},\"query-input\":{\"@type\":\"PropertyValueSpecification\",\"valueRequired\":true,\"valueName\":\"search_term_string\"}}],\"inLanguage\":\"ca\"},{\"@type\":\"Organization\",\"@id\":\"https:\/\/www.noubarris.net\/web40\/#organization\",\"name\":\"NouBarris.Net\",\"url\":\"https:\/\/www.noubarris.net\/web40\/\",\"logo\":{\"@type\":\"ImageObject\",\"inLanguage\":\"ca\",\"@id\":\"https:\/\/www.noubarris.net\/web40\/#\/schema\/logo\/image\/\",\"url\":\"https:\/\/www.noubarris.net\/web40\/wp-content\/uploads\/2024\/11\/cropped-cropped-LOGO_9BTV-2024_Insta-1.jpg\",\"contentUrl\":\"https:\/\/www.noubarris.net\/web40\/wp-content\/uploads\/2024\/11\/cropped-cropped-LOGO_9BTV-2024_Insta-1.jpg\",\"width\":512,\"height\":512,\"caption\":\"NouBarris.Net\"},\"image\":{\"@id\":\"https:\/\/www.noubarris.net\/web40\/#\/schema\/logo\/image\/\"},\"sameAs\":[\"https:\/\/www.facebook.com\/NouBarris.net\/?locale=es_ES\",\"https:\/\/x.com\/9BTV\"]},{\"@type\":\"Person\",\"@id\":\"https:\/\/www.noubarris.net\/web40\/#\/schema\/person\/1827f92aaa316c54abbf4dac0de76069\",\"name\":\"Informatius\",\"image\":{\"@type\":\"ImageObject\",\"inLanguage\":\"ca\",\"@id\":\"https:\/\/www.noubarris.net\/web40\/#\/schema\/person\/image\/\",\"url\":\"https:\/\/secure.gravatar.com\/avatar\/87a3b47928835fc72c6ee5b0e1a7263ef0c2d05003a98189bc14926c5f11bcdb?s=96&d=mm&r=g\",\"contentUrl\":\"https:\/\/secure.gravatar.com\/avatar\/87a3b47928835fc72c6ee5b0e1a7263ef0c2d05003a98189bc14926c5f11bcdb?s=96&d=mm&r=g\",\"caption\":\"Informatius\"},\"url\":\"https:\/\/www.noubarris.net\/web40\/author\/tele\/\"}]}<\/script>\n<!-- \/ Yoast SEO plugin. -->","yoast_head_json":{"title":"Millores d\u2019accessibilitat al casal de gent gran i el CEM Tur\u00f3 des del carrer del Doctor Pi i Molist - NouBarris.Net","robots":{"index":"index","follow":"follow","max-snippet":"max-snippet:-1","max-image-preview":"max-image-preview:large","max-video-preview":"max-video-preview:-1"},"canonical":"https:\/\/www.noubarris.net\/web40\/millores-daccessibilitat-al-casal-de-gent-gran-i-el-cem-turo-des-del-carrer-del-doctor-pi-i-molist\/","og_locale":"ca_ES","og_type":"article","og_title":"Millores d\u2019accessibilitat al casal de gent gran i el CEM Tur\u00f3 des del carrer del Doctor Pi i Molist - NouBarris.Net","og_description":"L\u2019Ajuntament ha adaptat les rampes, baranes i \u00a0escales del passatge de Ricard Canals L\u2019any passat es va inaugurar el CEM","og_url":"https:\/\/www.noubarris.net\/web40\/millores-daccessibilitat-al-casal-de-gent-gran-i-el-cem-turo-des-del-carrer-del-doctor-pi-i-molist\/","og_site_name":"NouBarris.Net","article_publisher":"https:\/\/www.facebook.com\/NouBarris.net\/?locale=es_ES","article_published_time":"2020-10-16T22:00:41+00:00","og_image":[{"width":768,"height":432,"url":"https:\/\/www.noubarris.net\/web40\/wp-content\/uploads\/2020\/10\/171020.jpg","type":"image\/jpeg"}],"author":"Informatius","twitter_card":"summary_large_image","twitter_creator":"@9BTV","twitter_site":"@9BTV","twitter_misc":{"Escrit per":"Informatius","Temps estimat de lectura":"1 minut"},"schema":{"@context":"https:\/\/schema.org","@graph":[{"@type":"Article","@id":"https:\/\/www.noubarris.net\/web40\/millores-daccessibilitat-al-casal-de-gent-gran-i-el-cem-turo-des-del-carrer-del-doctor-pi-i-molist\/#article","isPartOf":{"@id":"https:\/\/www.noubarris.net\/web40\/millores-daccessibilitat-al-casal-de-gent-gran-i-el-cem-turo-des-del-carrer-del-doctor-pi-i-molist\/"},"author":{"name":"Informatius","@id":"https:\/\/www.noubarris.net\/web40\/#\/schema\/person\/1827f92aaa316c54abbf4dac0de76069"},"headline":"Millores d\u2019accessibilitat al casal de gent gran i el CEM Tur\u00f3 des del carrer del Doctor Pi i Molist","datePublished":"2020-10-16T22:00:41+00:00","mainEntityOfPage":{"@id":"https:\/\/www.noubarris.net\/web40\/millores-daccessibilitat-al-casal-de-gent-gran-i-el-cem-turo-des-del-carrer-del-doctor-pi-i-molist\/"},"wordCount":222,"publisher":{"@id":"https:\/\/www.noubarris.net\/web40\/#organization"},"image":{"@id":"https:\/\/www.noubarris.net\/web40\/millores-daccessibilitat-al-casal-de-gent-gran-i-el-cem-turo-des-del-carrer-del-doctor-pi-i-molist\/#primaryimage"},"thumbnailUrl":"https:\/\/www.noubarris.net\/web40\/wp-content\/uploads\/2020\/10\/171020.jpg","keywords":["Accessibilitat","casal gent gran","El Tur\u00f3 de la Peira","Obres"],"articleSection":["El Tur\u00f3 de la Peira","Urbanisme"],"inLanguage":"ca"},{"@type":"WebPage","@id":"https:\/\/www.noubarris.net\/web40\/millores-daccessibilitat-al-casal-de-gent-gran-i-el-cem-turo-des-del-carrer-del-doctor-pi-i-molist\/","url":"https:\/\/www.noubarris.net\/web40\/millores-daccessibilitat-al-casal-de-gent-gran-i-el-cem-turo-des-del-carrer-del-doctor-pi-i-molist\/","name":"Millores d\u2019accessibilitat al casal de gent gran i el CEM Tur\u00f3 des del carrer del Doctor Pi i Molist - NouBarris.Net","isPartOf":{"@id":"https:\/\/www.noubarris.net\/web40\/#website"},"primaryImageOfPage":{"@id":"https:\/\/www.noubarris.net\/web40\/millores-daccessibilitat-al-casal-de-gent-gran-i-el-cem-turo-des-del-carrer-del-doctor-pi-i-molist\/#primaryimage"},"image":{"@id":"https:\/\/www.noubarris.net\/web40\/millores-daccessibilitat-al-casal-de-gent-gran-i-el-cem-turo-des-del-carrer-del-doctor-pi-i-molist\/#primaryimage"},"thumbnailUrl":"https:\/\/www.noubarris.net\/web40\/wp-content\/uploads\/2020\/10\/171020.jpg","datePublished":"2020-10-16T22:00:41+00:00","breadcrumb":{"@id":"https:\/\/www.noubarris.net\/web40\/millores-daccessibilitat-al-casal-de-gent-gran-i-el-cem-turo-des-del-carrer-del-doctor-pi-i-molist\/#breadcrumb"},"inLanguage":"ca","potentialAction":[{"@type":"ReadAction","target":["https:\/\/www.noubarris.net\/web40\/millores-daccessibilitat-al-casal-de-gent-gran-i-el-cem-turo-des-del-carrer-del-doctor-pi-i-molist\/"]}]},{"@type":"ImageObject","inLanguage":"ca","@id":"https:\/\/www.noubarris.net\/web40\/millores-daccessibilitat-al-casal-de-gent-gran-i-el-cem-turo-des-del-carrer-del-doctor-pi-i-molist\/#primaryimage","url":"https:\/\/www.noubarris.net\/web40\/wp-content\/uploads\/2020\/10\/171020.jpg","contentUrl":"https:\/\/www.noubarris.net\/web40\/wp-content\/uploads\/2020\/10\/171020.jpg","width":768,"height":432},{"@type":"BreadcrumbList","@id":"https:\/\/www.noubarris.net\/web40\/millores-daccessibilitat-al-casal-de-gent-gran-i-el-cem-turo-des-del-carrer-del-doctor-pi-i-molist\/#breadcrumb","itemListElement":[{"@type":"ListItem","position":1,"name":"Inici","item":"https:\/\/www.noubarris.net\/web40\/"},{"@type":"ListItem","position":2,"name":"Millores d\u2019accessibilitat al casal de gent gran i el CEM Tur\u00f3 des del carrer del Doctor Pi i Molist"}]},{"@type":"WebSite","@id":"https:\/\/www.noubarris.net\/web40\/#website","url":"https:\/\/www.noubarris.net\/web40\/","name":"NouBarris.Net","description":"Seguint la vida de Nou Barris des de 1985","publisher":{"@id":"https:\/\/www.noubarris.net\/web40\/#organization"},"potentialAction":[{"@type":"SearchAction","target":{"@type":"EntryPoint","urlTemplate":"https:\/\/www.noubarris.net\/web40\/?s={search_term_string}"},"query-input":{"@type":"PropertyValueSpecification","valueRequired":true,"valueName":"search_term_string"}}],"inLanguage":"ca"},{"@type":"Organization","@id":"https:\/\/www.noubarris.net\/web40\/#organization","name":"NouBarris.Net","url":"https:\/\/www.noubarris.net\/web40\/","logo":{"@type":"ImageObject","inLanguage":"ca","@id":"https:\/\/www.noubarris.net\/web40\/#\/schema\/logo\/image\/","url":"https:\/\/www.noubarris.net\/web40\/wp-content\/uploads\/2024\/11\/cropped-cropped-LOGO_9BTV-2024_Insta-1.jpg","contentUrl":"https:\/\/www.noubarris.net\/web40\/wp-content\/uploads\/2024\/11\/cropped-cropped-LOGO_9BTV-2024_Insta-1.jpg","width":512,"height":512,"caption":"NouBarris.Net"},"image":{"@id":"https:\/\/www.noubarris.net\/web40\/#\/schema\/logo\/image\/"},"sameAs":["https:\/\/www.facebook.com\/NouBarris.net\/?locale=es_ES","https:\/\/x.com\/9BTV"]},{"@type":"Person","@id":"https:\/\/www.noubarris.net\/web40\/#\/schema\/person\/1827f92aaa316c54abbf4dac0de76069","name":"Informatius","image":{"@type":"ImageObject","inLanguage":"ca","@id":"https:\/\/www.noubarris.net\/web40\/#\/schema\/person\/image\/","url":"https:\/\/secure.gravatar.com\/avatar\/87a3b47928835fc72c6ee5b0e1a7263ef0c2d05003a98189bc14926c5f11bcdb?s=96&d=mm&r=g","contentUrl":"https:\/\/secure.gravatar.com\/avatar\/87a3b47928835fc72c6ee5b0e1a7263ef0c2d05003a98189bc14926c5f11bcdb?s=96&d=mm&r=g","caption":"Informatius"},"url":"https:\/\/www.noubarris.net\/web40\/author\/tele\/"}]}},"_links":{"self":[{"href":"https:\/\/www.noubarris.net\/web40\/wp-json\/wp\/v2\/posts\/76428","targetHints":{"allow":["GET"]}}],"collection":[{"href":"https:\/\/www.noubarris.net\/web40\/wp-json\/wp\/v2\/posts"}],"about":[{"href":"https:\/\/www.noubarris.net\/web40\/wp-json\/wp\/v2\/types\/post"}],"author":[{"embeddable":true,"href":"https:\/\/www.noubarris.net\/web40\/wp-json\/wp\/v2\/users\/2"}],"replies":[{"embeddable":true,"href":"https:\/\/www.noubarris.net\/web40\/wp-json\/wp\/v2\/comments?post=76428"}],"version-history":[{"count":1,"href":"https:\/\/www.noubarris.net\/web40\/wp-json\/wp\/v2\/posts\/76428\/revisions"}],"predecessor-version":[{"id":76430,"href":"https:\/\/www.noubarris.net\/web40\/wp-json\/wp\/v2\/posts\/76428\/revisions\/76430"}],"wp:featuredmedia":[{"embeddable":true,"href":"https:\/\/www.noubarris.net\/web40\/wp-json\/wp\/v2\/media\/76429"}],"wp:attachment":[{"href":"https:\/\/www.noubarris.net\/web40\/wp-json\/wp\/v2\/media?parent=76428"}],"wp:term":[{"taxonomy":"category","embeddable":true,"href":"https:\/\/www.noubarris.net\/web40\/wp-json\/wp\/v2\/categories?post=76428"},{"taxonomy":"post_tag","embeddable":true,"href":"https:\/\/www.noubarris.net\/web40\/wp-json\/wp\/v2\/tags?post=76428"}],"curies":[{"name":"wp","href":"https:\/\/api.w.org\/{rel}","templated":true}]}}