{"id":76432,"date":"2020-10-18T00:00:48","date_gmt":"2020-10-17T22:00:48","guid":{"rendered":"http:\/\/www.noubarris.net\/web40\/?p=76432"},"modified":"2020-10-16T14:54:24","modified_gmt":"2020-10-16T12:54:24","slug":"un-nou-punt-dinformacio-sobre-demencies-a-nou-barris","status":"publish","type":"post","link":"https:\/\/www.noubarris.net\/web40\/un-nou-punt-dinformacio-sobre-demencies-a-nou-barris\/","title":{"rendered":"Un nou Punt d&#8217;Informaci\u00f3 sobre Dem\u00e8ncies a Nou Barris"},"content":{"rendered":"<div class=\"col-xs-12 col-sm-6 pull-left\">\n<p><strong>Per poder accedir al servei ubicat a la Zona Nord cal demanar cita telef\u00f2nica\u00a0<\/strong><\/p>\n<p>La Zona Nord estrena a l&#8217;octubre el Punt d\u2019Informaci\u00f3 Sobre Dem\u00e8ncies promogut per la Fundaci\u00f3 Uszheimer amb el suport del Districte de Nou Barris. \u00c9s el segon espai d\u2019aquestes caracter\u00edstiques al districte, i, com el de la Guineueta, vol resoldre dubtes en la comprensi\u00f3 i assimilaci\u00f3 de la malaltia i en la gesti\u00f3 dels trastorns de conducta i de personalitat que hi venen vinculats. Tamb\u00e9 vol ajudar en les dificultats de com capejar la situaci\u00f3 en el domicili i en la gesti\u00f3 de l\u2019impacte psicol\u00f2gic i emocional. A m\u00e9s, ofereix informaci\u00f3 sobre els recursos de qu\u00e8 disposen les persones cuidadores.<\/p>\n<p>Ubicat al carrer Pedraforca 16, per poder accedir al servei cal demanar cita trucant al tel\u00e8fon de la Fundaci\u00f3 Uszheimer, el 93 418 65 65.\u00a0 Aquest servei \u00e9s gratu\u00eft i s\u2019adre\u00e7a a la poblaci\u00f3 en general. La informaci\u00f3, orientaci\u00f3 i assessorament sobre malalties neurodegeneratives que ofereix va a c\u00e0rrec de persones professionals especialitzades de la mateixa fundaci\u00f3.<\/p>\n<\/div>\n<div class=\"col-xs-12 col-sm-6 pull-right \">\n<div class=\"photo-galleria\">\n<div class=\"block_thumb\">\n<div class=\"thumb\"><\/div>\n<\/div>\n<div id=\"gallery-1\" class=\"gallery galleryid-996014 gallery-columns-3 gallery-size-thumbnail owl-carousel owl-theme owl-responsive-950 owl-loaded\">\n<div class=\"owl-stage-outer\"><\/div>\n<\/div>\n<\/div>\n<\/div>\n<div class=\"col-xs-12 col-sm-6 pull-left\">\n<div class=\"content\">\n<p>&nbsp;<\/p>\n<\/div>\n<\/div>\n","protected":false},"excerpt":{"rendered":"<p>Per poder accedir al servei ubicat a la Zona Nord cal demanar cita telef\u00f2nica\u00a0 La Zona Nord estrena a l&#8217;octubre<\/p>\n","protected":false},"author":2,"featured_media":76434,"comment_status":"closed","ping_status":"closed","sticky":false,"template":"","format":"standard","meta":{"colormag_page_layout":"default_layout","_monsterinsights_skip_tracking":false,"_monsterinsights_sitenote_active":false,"_monsterinsights_sitenote_note":"","_monsterinsights_sitenote_category":0,"footnotes":""},"categories":[132,124],"tags":[54,121,272,273],"class_list":["post-76432","post","type-post","status-publish","format-standard","has-post-thumbnail","hentry","category-ciutat-meridiana","category-societat","tag-ciutat-meridiana","tag-equipaments","tag-salut","tag-salut-mental"],"yoast_head":"<!-- This site is optimized with the Yoast SEO plugin v25.3 - https:\/\/yoast.com\/wordpress\/plugins\/seo\/ -->\n<title>Un nou Punt d&#039;Informaci\u00f3 sobre Dem\u00e8ncies a Nou Barris - NouBarris.Net<\/title>\n<meta name=\"robots\" content=\"index, follow, max-snippet:-1, max-image-preview:large, max-video-preview:-1\" \/>\n<link rel=\"canonical\" href=\"https:\/\/www.noubarris.net\/web40\/un-nou-punt-dinformacio-sobre-demencies-a-nou-barris\/\" \/>\n<meta property=\"og:locale\" content=\"ca_ES\" \/>\n<meta property=\"og:type\" content=\"article\" \/>\n<meta property=\"og:title\" content=\"Un nou Punt d&#039;Informaci\u00f3 sobre Dem\u00e8ncies a Nou Barris - NouBarris.Net\" \/>\n<meta property=\"og:description\" content=\"Per poder accedir al servei ubicat a la Zona Nord cal demanar cita telef\u00f2nica\u00a0 La Zona Nord estrena a l&#8217;octubre\" \/>\n<meta property=\"og:url\" content=\"https:\/\/www.noubarris.net\/web40\/un-nou-punt-dinformacio-sobre-demencies-a-nou-barris\/\" \/>\n<meta property=\"og:site_name\" content=\"NouBarris.Net\" \/>\n<meta property=\"article:publisher\" content=\"https:\/\/www.facebook.com\/NouBarris.net\/?locale=es_ES\" \/>\n<meta property=\"article:published_time\" content=\"2020-10-17T22:00:48+00:00\" \/>\n<meta property=\"og:image\" content=\"https:\/\/www.noubarris.net\/web40\/wp-content\/uploads\/2020\/10\/181020.jpg\" \/>\n\t<meta property=\"og:image:width\" content=\"768\" \/>\n\t<meta property=\"og:image:height\" content=\"432\" \/>\n\t<meta property=\"og:image:type\" content=\"image\/jpeg\" \/>\n<meta name=\"author\" content=\"Informatius\" \/>\n<meta name=\"twitter:card\" content=\"summary_large_image\" \/>\n<meta name=\"twitter:creator\" content=\"@9BTV\" \/>\n<meta name=\"twitter:site\" content=\"@9BTV\" \/>\n<meta name=\"twitter:label1\" content=\"Escrit per\" \/>\n\t<meta name=\"twitter:data1\" content=\"Informatius\" \/>\n\t<meta name=\"twitter:label2\" content=\"Temps estimat de lectura\" \/>\n\t<meta name=\"twitter:data2\" content=\"1 minut\" \/>\n<script type=\"application\/ld+json\" class=\"yoast-schema-graph\">{\"@context\":\"https:\/\/schema.org\",\"@graph\":[{\"@type\":\"Article\",\"@id\":\"https:\/\/www.noubarris.net\/web40\/un-nou-punt-dinformacio-sobre-demencies-a-nou-barris\/#article\",\"isPartOf\":{\"@id\":\"https:\/\/www.noubarris.net\/web40\/un-nou-punt-dinformacio-sobre-demencies-a-nou-barris\/\"},\"author\":{\"name\":\"Informatius\",\"@id\":\"https:\/\/www.noubarris.net\/web40\/#\/schema\/person\/1827f92aaa316c54abbf4dac0de76069\"},\"headline\":\"Un nou Punt d&#8217;Informaci\u00f3 sobre Dem\u00e8ncies a Nou Barris\",\"datePublished\":\"2020-10-17T22:00:48+00:00\",\"mainEntityOfPage\":{\"@id\":\"https:\/\/www.noubarris.net\/web40\/un-nou-punt-dinformacio-sobre-demencies-a-nou-barris\/\"},\"wordCount\":192,\"publisher\":{\"@id\":\"https:\/\/www.noubarris.net\/web40\/#organization\"},\"image\":{\"@id\":\"https:\/\/www.noubarris.net\/web40\/un-nou-punt-dinformacio-sobre-demencies-a-nou-barris\/#primaryimage\"},\"thumbnailUrl\":\"https:\/\/www.noubarris.net\/web40\/wp-content\/uploads\/2020\/10\/181020.jpg\",\"keywords\":[\"Ciutat Meridiana\",\"Equipaments\",\"Salut\",\"Salut mental\"],\"articleSection\":[\"Ciutat Meridiana\",\"Societat\"],\"inLanguage\":\"ca\"},{\"@type\":\"WebPage\",\"@id\":\"https:\/\/www.noubarris.net\/web40\/un-nou-punt-dinformacio-sobre-demencies-a-nou-barris\/\",\"url\":\"https:\/\/www.noubarris.net\/web40\/un-nou-punt-dinformacio-sobre-demencies-a-nou-barris\/\",\"name\":\"Un nou Punt d'Informaci\u00f3 sobre Dem\u00e8ncies a Nou Barris - NouBarris.Net\",\"isPartOf\":{\"@id\":\"https:\/\/www.noubarris.net\/web40\/#website\"},\"primaryImageOfPage\":{\"@id\":\"https:\/\/www.noubarris.net\/web40\/un-nou-punt-dinformacio-sobre-demencies-a-nou-barris\/#primaryimage\"},\"image\":{\"@id\":\"https:\/\/www.noubarris.net\/web40\/un-nou-punt-dinformacio-sobre-demencies-a-nou-barris\/#primaryimage\"},\"thumbnailUrl\":\"https:\/\/www.noubarris.net\/web40\/wp-content\/uploads\/2020\/10\/181020.jpg\",\"datePublished\":\"2020-10-17T22:00:48+00:00\",\"breadcrumb\":{\"@id\":\"https:\/\/www.noubarris.net\/web40\/un-nou-punt-dinformacio-sobre-demencies-a-nou-barris\/#breadcrumb\"},\"inLanguage\":\"ca\",\"potentialAction\":[{\"@type\":\"ReadAction\",\"target\":[\"https:\/\/www.noubarris.net\/web40\/un-nou-punt-dinformacio-sobre-demencies-a-nou-barris\/\"]}]},{\"@type\":\"ImageObject\",\"inLanguage\":\"ca\",\"@id\":\"https:\/\/www.noubarris.net\/web40\/un-nou-punt-dinformacio-sobre-demencies-a-nou-barris\/#primaryimage\",\"url\":\"https:\/\/www.noubarris.net\/web40\/wp-content\/uploads\/2020\/10\/181020.jpg\",\"contentUrl\":\"https:\/\/www.noubarris.net\/web40\/wp-content\/uploads\/2020\/10\/181020.jpg\",\"width\":768,\"height\":432},{\"@type\":\"BreadcrumbList\",\"@id\":\"https:\/\/www.noubarris.net\/web40\/un-nou-punt-dinformacio-sobre-demencies-a-nou-barris\/#breadcrumb\",\"itemListElement\":[{\"@type\":\"ListItem\",\"position\":1,\"name\":\"Inici\",\"item\":\"https:\/\/www.noubarris.net\/web40\/\"},{\"@type\":\"ListItem\",\"position\":2,\"name\":\"Un nou Punt d&#8217;Informaci\u00f3 sobre Dem\u00e8ncies a Nou Barris\"}]},{\"@type\":\"WebSite\",\"@id\":\"https:\/\/www.noubarris.net\/web40\/#website\",\"url\":\"https:\/\/www.noubarris.net\/web40\/\",\"name\":\"NouBarris.Net\",\"description\":\"Seguint la vida de Nou Barris des de 1985\",\"publisher\":{\"@id\":\"https:\/\/www.noubarris.net\/web40\/#organization\"},\"potentialAction\":[{\"@type\":\"SearchAction\",\"target\":{\"@type\":\"EntryPoint\",\"urlTemplate\":\"https:\/\/www.noubarris.net\/web40\/?s={search_term_string}\"},\"query-input\":{\"@type\":\"PropertyValueSpecification\",\"valueRequired\":true,\"valueName\":\"search_term_string\"}}],\"inLanguage\":\"ca\"},{\"@type\":\"Organization\",\"@id\":\"https:\/\/www.noubarris.net\/web40\/#organization\",\"name\":\"NouBarris.Net\",\"url\":\"https:\/\/www.noubarris.net\/web40\/\",\"logo\":{\"@type\":\"ImageObject\",\"inLanguage\":\"ca\",\"@id\":\"https:\/\/www.noubarris.net\/web40\/#\/schema\/logo\/image\/\",\"url\":\"https:\/\/www.noubarris.net\/web40\/wp-content\/uploads\/2024\/11\/cropped-cropped-LOGO_9BTV-2024_Insta-1.jpg\",\"contentUrl\":\"https:\/\/www.noubarris.net\/web40\/wp-content\/uploads\/2024\/11\/cropped-cropped-LOGO_9BTV-2024_Insta-1.jpg\",\"width\":512,\"height\":512,\"caption\":\"NouBarris.Net\"},\"image\":{\"@id\":\"https:\/\/www.noubarris.net\/web40\/#\/schema\/logo\/image\/\"},\"sameAs\":[\"https:\/\/www.facebook.com\/NouBarris.net\/?locale=es_ES\",\"https:\/\/x.com\/9BTV\"]},{\"@type\":\"Person\",\"@id\":\"https:\/\/www.noubarris.net\/web40\/#\/schema\/person\/1827f92aaa316c54abbf4dac0de76069\",\"name\":\"Informatius\",\"image\":{\"@type\":\"ImageObject\",\"inLanguage\":\"ca\",\"@id\":\"https:\/\/www.noubarris.net\/web40\/#\/schema\/person\/image\/\",\"url\":\"https:\/\/secure.gravatar.com\/avatar\/87a3b47928835fc72c6ee5b0e1a7263ef0c2d05003a98189bc14926c5f11bcdb?s=96&d=mm&r=g\",\"contentUrl\":\"https:\/\/secure.gravatar.com\/avatar\/87a3b47928835fc72c6ee5b0e1a7263ef0c2d05003a98189bc14926c5f11bcdb?s=96&d=mm&r=g\",\"caption\":\"Informatius\"},\"url\":\"https:\/\/www.noubarris.net\/web40\/author\/tele\/\"}]}<\/script>\n<!-- \/ Yoast SEO plugin. -->","yoast_head_json":{"title":"Un nou Punt d'Informaci\u00f3 sobre Dem\u00e8ncies a Nou Barris - NouBarris.Net","robots":{"index":"index","follow":"follow","max-snippet":"max-snippet:-1","max-image-preview":"max-image-preview:large","max-video-preview":"max-video-preview:-1"},"canonical":"https:\/\/www.noubarris.net\/web40\/un-nou-punt-dinformacio-sobre-demencies-a-nou-barris\/","og_locale":"ca_ES","og_type":"article","og_title":"Un nou Punt d'Informaci\u00f3 sobre Dem\u00e8ncies a Nou Barris - NouBarris.Net","og_description":"Per poder accedir al servei ubicat a la Zona Nord cal demanar cita telef\u00f2nica\u00a0 La Zona Nord estrena a l&#8217;octubre","og_url":"https:\/\/www.noubarris.net\/web40\/un-nou-punt-dinformacio-sobre-demencies-a-nou-barris\/","og_site_name":"NouBarris.Net","article_publisher":"https:\/\/www.facebook.com\/NouBarris.net\/?locale=es_ES","article_published_time":"2020-10-17T22:00:48+00:00","og_image":[{"width":768,"height":432,"url":"https:\/\/www.noubarris.net\/web40\/wp-content\/uploads\/2020\/10\/181020.jpg","type":"image\/jpeg"}],"author":"Informatius","twitter_card":"summary_large_image","twitter_creator":"@9BTV","twitter_site":"@9BTV","twitter_misc":{"Escrit per":"Informatius","Temps estimat de lectura":"1 minut"},"schema":{"@context":"https:\/\/schema.org","@graph":[{"@type":"Article","@id":"https:\/\/www.noubarris.net\/web40\/un-nou-punt-dinformacio-sobre-demencies-a-nou-barris\/#article","isPartOf":{"@id":"https:\/\/www.noubarris.net\/web40\/un-nou-punt-dinformacio-sobre-demencies-a-nou-barris\/"},"author":{"name":"Informatius","@id":"https:\/\/www.noubarris.net\/web40\/#\/schema\/person\/1827f92aaa316c54abbf4dac0de76069"},"headline":"Un nou Punt d&#8217;Informaci\u00f3 sobre Dem\u00e8ncies a Nou Barris","datePublished":"2020-10-17T22:00:48+00:00","mainEntityOfPage":{"@id":"https:\/\/www.noubarris.net\/web40\/un-nou-punt-dinformacio-sobre-demencies-a-nou-barris\/"},"wordCount":192,"publisher":{"@id":"https:\/\/www.noubarris.net\/web40\/#organization"},"image":{"@id":"https:\/\/www.noubarris.net\/web40\/un-nou-punt-dinformacio-sobre-demencies-a-nou-barris\/#primaryimage"},"thumbnailUrl":"https:\/\/www.noubarris.net\/web40\/wp-content\/uploads\/2020\/10\/181020.jpg","keywords":["Ciutat Meridiana","Equipaments","Salut","Salut mental"],"articleSection":["Ciutat Meridiana","Societat"],"inLanguage":"ca"},{"@type":"WebPage","@id":"https:\/\/www.noubarris.net\/web40\/un-nou-punt-dinformacio-sobre-demencies-a-nou-barris\/","url":"https:\/\/www.noubarris.net\/web40\/un-nou-punt-dinformacio-sobre-demencies-a-nou-barris\/","name":"Un nou Punt d'Informaci\u00f3 sobre Dem\u00e8ncies a Nou Barris - NouBarris.Net","isPartOf":{"@id":"https:\/\/www.noubarris.net\/web40\/#website"},"primaryImageOfPage":{"@id":"https:\/\/www.noubarris.net\/web40\/un-nou-punt-dinformacio-sobre-demencies-a-nou-barris\/#primaryimage"},"image":{"@id":"https:\/\/www.noubarris.net\/web40\/un-nou-punt-dinformacio-sobre-demencies-a-nou-barris\/#primaryimage"},"thumbnailUrl":"https:\/\/www.noubarris.net\/web40\/wp-content\/uploads\/2020\/10\/181020.jpg","datePublished":"2020-10-17T22:00:48+00:00","breadcrumb":{"@id":"https:\/\/www.noubarris.net\/web40\/un-nou-punt-dinformacio-sobre-demencies-a-nou-barris\/#breadcrumb"},"inLanguage":"ca","potentialAction":[{"@type":"ReadAction","target":["https:\/\/www.noubarris.net\/web40\/un-nou-punt-dinformacio-sobre-demencies-a-nou-barris\/"]}]},{"@type":"ImageObject","inLanguage":"ca","@id":"https:\/\/www.noubarris.net\/web40\/un-nou-punt-dinformacio-sobre-demencies-a-nou-barris\/#primaryimage","url":"https:\/\/www.noubarris.net\/web40\/wp-content\/uploads\/2020\/10\/181020.jpg","contentUrl":"https:\/\/www.noubarris.net\/web40\/wp-content\/uploads\/2020\/10\/181020.jpg","width":768,"height":432},{"@type":"BreadcrumbList","@id":"https:\/\/www.noubarris.net\/web40\/un-nou-punt-dinformacio-sobre-demencies-a-nou-barris\/#breadcrumb","itemListElement":[{"@type":"ListItem","position":1,"name":"Inici","item":"https:\/\/www.noubarris.net\/web40\/"},{"@type":"ListItem","position":2,"name":"Un nou Punt d&#8217;Informaci\u00f3 sobre Dem\u00e8ncies a Nou Barris"}]},{"@type":"WebSite","@id":"https:\/\/www.noubarris.net\/web40\/#website","url":"https:\/\/www.noubarris.net\/web40\/","name":"NouBarris.Net","description":"Seguint la vida de Nou Barris des de 1985","publisher":{"@id":"https:\/\/www.noubarris.net\/web40\/#organization"},"potentialAction":[{"@type":"SearchAction","target":{"@type":"EntryPoint","urlTemplate":"https:\/\/www.noubarris.net\/web40\/?s={search_term_string}"},"query-input":{"@type":"PropertyValueSpecification","valueRequired":true,"valueName":"search_term_string"}}],"inLanguage":"ca"},{"@type":"Organization","@id":"https:\/\/www.noubarris.net\/web40\/#organization","name":"NouBarris.Net","url":"https:\/\/www.noubarris.net\/web40\/","logo":{"@type":"ImageObject","inLanguage":"ca","@id":"https:\/\/www.noubarris.net\/web40\/#\/schema\/logo\/image\/","url":"https:\/\/www.noubarris.net\/web40\/wp-content\/uploads\/2024\/11\/cropped-cropped-LOGO_9BTV-2024_Insta-1.jpg","contentUrl":"https:\/\/www.noubarris.net\/web40\/wp-content\/uploads\/2024\/11\/cropped-cropped-LOGO_9BTV-2024_Insta-1.jpg","width":512,"height":512,"caption":"NouBarris.Net"},"image":{"@id":"https:\/\/www.noubarris.net\/web40\/#\/schema\/logo\/image\/"},"sameAs":["https:\/\/www.facebook.com\/NouBarris.net\/?locale=es_ES","https:\/\/x.com\/9BTV"]},{"@type":"Person","@id":"https:\/\/www.noubarris.net\/web40\/#\/schema\/person\/1827f92aaa316c54abbf4dac0de76069","name":"Informatius","image":{"@type":"ImageObject","inLanguage":"ca","@id":"https:\/\/www.noubarris.net\/web40\/#\/schema\/person\/image\/","url":"https:\/\/secure.gravatar.com\/avatar\/87a3b47928835fc72c6ee5b0e1a7263ef0c2d05003a98189bc14926c5f11bcdb?s=96&d=mm&r=g","contentUrl":"https:\/\/secure.gravatar.com\/avatar\/87a3b47928835fc72c6ee5b0e1a7263ef0c2d05003a98189bc14926c5f11bcdb?s=96&d=mm&r=g","caption":"Informatius"},"url":"https:\/\/www.noubarris.net\/web40\/author\/tele\/"}]}},"_links":{"self":[{"href":"https:\/\/www.noubarris.net\/web40\/wp-json\/wp\/v2\/posts\/76432","targetHints":{"allow":["GET"]}}],"collection":[{"href":"https:\/\/www.noubarris.net\/web40\/wp-json\/wp\/v2\/posts"}],"about":[{"href":"https:\/\/www.noubarris.net\/web40\/wp-json\/wp\/v2\/types\/post"}],"author":[{"embeddable":true,"href":"https:\/\/www.noubarris.net\/web40\/wp-json\/wp\/v2\/users\/2"}],"replies":[{"embeddable":true,"href":"https:\/\/www.noubarris.net\/web40\/wp-json\/wp\/v2\/comments?post=76432"}],"version-history":[{"count":1,"href":"https:\/\/www.noubarris.net\/web40\/wp-json\/wp\/v2\/posts\/76432\/revisions"}],"predecessor-version":[{"id":76433,"href":"https:\/\/www.noubarris.net\/web40\/wp-json\/wp\/v2\/posts\/76432\/revisions\/76433"}],"wp:featuredmedia":[{"embeddable":true,"href":"https:\/\/www.noubarris.net\/web40\/wp-json\/wp\/v2\/media\/76434"}],"wp:attachment":[{"href":"https:\/\/www.noubarris.net\/web40\/wp-json\/wp\/v2\/media?parent=76432"}],"wp:term":[{"taxonomy":"category","embeddable":true,"href":"https:\/\/www.noubarris.net\/web40\/wp-json\/wp\/v2\/categories?post=76432"},{"taxonomy":"post_tag","embeddable":true,"href":"https:\/\/www.noubarris.net\/web40\/wp-json\/wp\/v2\/tags?post=76432"}],"curies":[{"name":"wp","href":"https:\/\/api.w.org\/{rel}","templated":true}]}}