{"id":76435,"date":"2020-10-20T00:00:58","date_gmt":"2020-10-19T22:00:58","guid":{"rendered":"http:\/\/www.noubarris.net\/web40\/?p=76435"},"modified":"2020-10-20T09:57:24","modified_gmt":"2020-10-20T07:57:24","slug":"tanca-el-parc-del-turo-de-la-peira-per-crear-hi-un-jardi-de-nadal","status":"publish","type":"post","link":"https:\/\/www.noubarris.net\/web40\/tanca-el-parc-del-turo-de-la-peira-per-crear-hi-un-jardi-de-nadal\/","title":{"rendered":"Tanca el parc del Tur\u00f3 de la Peira per crear-hi un jard\u00ed de Nadal"},"content":{"rendered":"<p><strong>Bona part del recinte quedar\u00e0 restringit fins al 17 de gener<\/strong><\/p>\n<p>A partir d&#8217;avui queda tancat bona part del parc del Tur\u00f3 de la Peira durant tres mesos, fins al 17 de gener. Ho far\u00e0 primer preparar i despr\u00e9s per gaudir de les instal\u00b7lacions que convertiran el recinte en una mena de jard\u00ed nadalenc, amb efectes lum\u00ednics i sonors, dins el projecte Llums a la Natura. Properament l\u2019Ajuntament informar\u00e0 els ve\u00efns amb m\u00e9s detall. La idea \u00e9s promoure les visites i dinamitzar el comer\u00e7 del barri.<\/p>\n<p>Tot i que oficialment bona part del recinte es tanca avui, ja fa dies que era dif\u00edcil passejar pels camins del parc. Les m\u00e0quines treballen des de fa temps en la renovaci\u00f3 de la xarxa de llum i s\u2019estan pavimentant alguns trams, de manera que alguns dels camins ja estaven tallats.<\/p>\n<p>Fins a mitjans de gener no es podr\u00e0 fer servir l\u2019\u00e0rea de gossos, que queda dins l\u2019espai restringit. El tancament no afectar\u00e0 al camp de futbol del Tur\u00f3 de la Peira, situat dins el parc. Per accedir-hi, per\u00f2, els usuaris nom\u00e9s podran entrar pels accessos dels carrers de Beret i Travau.<\/p>\n<p>&nbsp;<\/p>\n","protected":false},"excerpt":{"rendered":"<p>Bona part del recinte quedar\u00e0 restringit fins al 17 de gener A partir d&#8217;avui queda tancat bona part del parc<\/p>\n","protected":false},"author":2,"featured_media":76437,"comment_status":"closed","ping_status":"closed","sticky":false,"template":"","format":"standard","meta":{"colormag_page_layout":"default_layout","_monsterinsights_skip_tracking":false,"_monsterinsights_sitenote_active":false,"_monsterinsights_sitenote_note":"","_monsterinsights_sitenote_category":0,"footnotes":""},"categories":[139,302],"tags":[246,352,360,413],"class_list":["post-76435","post","type-post","status-publish","format-standard","has-post-thumbnail","hentry","category-el-turo-de-la-peira","category-urbanisme","tag-el-turo-de-la-peira","tag-medi-ambient","tag-obres","tag-parcs"],"yoast_head":"<!-- This site is optimized with the Yoast SEO plugin v25.3 - https:\/\/yoast.com\/wordpress\/plugins\/seo\/ -->\n<title>Tanca el parc del Tur\u00f3 de la Peira per crear-hi un jard\u00ed de Nadal - NouBarris.Net<\/title>\n<meta name=\"robots\" content=\"index, follow, max-snippet:-1, max-image-preview:large, max-video-preview:-1\" \/>\n<link rel=\"canonical\" href=\"https:\/\/www.noubarris.net\/web40\/tanca-el-parc-del-turo-de-la-peira-per-crear-hi-un-jardi-de-nadal\/\" \/>\n<meta property=\"og:locale\" content=\"ca_ES\" \/>\n<meta property=\"og:type\" content=\"article\" \/>\n<meta property=\"og:title\" content=\"Tanca el parc del Tur\u00f3 de la Peira per crear-hi un jard\u00ed de Nadal - NouBarris.Net\" \/>\n<meta property=\"og:description\" content=\"Bona part del recinte quedar\u00e0 restringit fins al 17 de gener A partir d&#8217;avui queda tancat bona part del parc\" \/>\n<meta property=\"og:url\" content=\"https:\/\/www.noubarris.net\/web40\/tanca-el-parc-del-turo-de-la-peira-per-crear-hi-un-jardi-de-nadal\/\" \/>\n<meta property=\"og:site_name\" content=\"NouBarris.Net\" \/>\n<meta property=\"article:publisher\" content=\"https:\/\/www.facebook.com\/NouBarris.net\/?locale=es_ES\" \/>\n<meta property=\"article:published_time\" content=\"2020-10-19T22:00:58+00:00\" \/>\n<meta property=\"article:modified_time\" content=\"2020-10-20T07:57:24+00:00\" \/>\n<meta property=\"og:image\" content=\"https:\/\/www.noubarris.net\/web40\/wp-content\/uploads\/2020\/10\/191020.jpg\" \/>\n\t<meta property=\"og:image:width\" content=\"768\" \/>\n\t<meta property=\"og:image:height\" content=\"432\" \/>\n\t<meta property=\"og:image:type\" content=\"image\/jpeg\" \/>\n<meta name=\"author\" content=\"Informatius\" \/>\n<meta name=\"twitter:card\" content=\"summary_large_image\" \/>\n<meta name=\"twitter:creator\" content=\"@9BTV\" \/>\n<meta name=\"twitter:site\" content=\"@9BTV\" \/>\n<meta name=\"twitter:label1\" content=\"Escrit per\" \/>\n\t<meta name=\"twitter:data1\" content=\"Informatius\" \/>\n\t<meta name=\"twitter:label2\" content=\"Temps estimat de lectura\" \/>\n\t<meta name=\"twitter:data2\" content=\"1 minut\" \/>\n<script type=\"application\/ld+json\" class=\"yoast-schema-graph\">{\"@context\":\"https:\/\/schema.org\",\"@graph\":[{\"@type\":\"Article\",\"@id\":\"https:\/\/www.noubarris.net\/web40\/tanca-el-parc-del-turo-de-la-peira-per-crear-hi-un-jardi-de-nadal\/#article\",\"isPartOf\":{\"@id\":\"https:\/\/www.noubarris.net\/web40\/tanca-el-parc-del-turo-de-la-peira-per-crear-hi-un-jardi-de-nadal\/\"},\"author\":{\"name\":\"Informatius\",\"@id\":\"https:\/\/www.noubarris.net\/web40\/#\/schema\/person\/1827f92aaa316c54abbf4dac0de76069\"},\"headline\":\"Tanca el parc del Tur\u00f3 de la Peira per crear-hi un jard\u00ed de Nadal\",\"datePublished\":\"2020-10-19T22:00:58+00:00\",\"dateModified\":\"2020-10-20T07:57:24+00:00\",\"mainEntityOfPage\":{\"@id\":\"https:\/\/www.noubarris.net\/web40\/tanca-el-parc-del-turo-de-la-peira-per-crear-hi-un-jardi-de-nadal\/\"},\"wordCount\":214,\"publisher\":{\"@id\":\"https:\/\/www.noubarris.net\/web40\/#organization\"},\"image\":{\"@id\":\"https:\/\/www.noubarris.net\/web40\/tanca-el-parc-del-turo-de-la-peira-per-crear-hi-un-jardi-de-nadal\/#primaryimage\"},\"thumbnailUrl\":\"https:\/\/www.noubarris.net\/web40\/wp-content\/uploads\/2020\/10\/191020.jpg\",\"keywords\":[\"El Tur\u00f3 de la Peira\",\"Medi ambient\",\"Obres\",\"Parcs\"],\"articleSection\":[\"El Tur\u00f3 de la Peira\",\"Urbanisme\"],\"inLanguage\":\"ca\"},{\"@type\":\"WebPage\",\"@id\":\"https:\/\/www.noubarris.net\/web40\/tanca-el-parc-del-turo-de-la-peira-per-crear-hi-un-jardi-de-nadal\/\",\"url\":\"https:\/\/www.noubarris.net\/web40\/tanca-el-parc-del-turo-de-la-peira-per-crear-hi-un-jardi-de-nadal\/\",\"name\":\"Tanca el parc del Tur\u00f3 de la Peira per crear-hi un jard\u00ed de Nadal - NouBarris.Net\",\"isPartOf\":{\"@id\":\"https:\/\/www.noubarris.net\/web40\/#website\"},\"primaryImageOfPage\":{\"@id\":\"https:\/\/www.noubarris.net\/web40\/tanca-el-parc-del-turo-de-la-peira-per-crear-hi-un-jardi-de-nadal\/#primaryimage\"},\"image\":{\"@id\":\"https:\/\/www.noubarris.net\/web40\/tanca-el-parc-del-turo-de-la-peira-per-crear-hi-un-jardi-de-nadal\/#primaryimage\"},\"thumbnailUrl\":\"https:\/\/www.noubarris.net\/web40\/wp-content\/uploads\/2020\/10\/191020.jpg\",\"datePublished\":\"2020-10-19T22:00:58+00:00\",\"dateModified\":\"2020-10-20T07:57:24+00:00\",\"breadcrumb\":{\"@id\":\"https:\/\/www.noubarris.net\/web40\/tanca-el-parc-del-turo-de-la-peira-per-crear-hi-un-jardi-de-nadal\/#breadcrumb\"},\"inLanguage\":\"ca\",\"potentialAction\":[{\"@type\":\"ReadAction\",\"target\":[\"https:\/\/www.noubarris.net\/web40\/tanca-el-parc-del-turo-de-la-peira-per-crear-hi-un-jardi-de-nadal\/\"]}]},{\"@type\":\"ImageObject\",\"inLanguage\":\"ca\",\"@id\":\"https:\/\/www.noubarris.net\/web40\/tanca-el-parc-del-turo-de-la-peira-per-crear-hi-un-jardi-de-nadal\/#primaryimage\",\"url\":\"https:\/\/www.noubarris.net\/web40\/wp-content\/uploads\/2020\/10\/191020.jpg\",\"contentUrl\":\"https:\/\/www.noubarris.net\/web40\/wp-content\/uploads\/2020\/10\/191020.jpg\",\"width\":768,\"height\":432},{\"@type\":\"BreadcrumbList\",\"@id\":\"https:\/\/www.noubarris.net\/web40\/tanca-el-parc-del-turo-de-la-peira-per-crear-hi-un-jardi-de-nadal\/#breadcrumb\",\"itemListElement\":[{\"@type\":\"ListItem\",\"position\":1,\"name\":\"Inici\",\"item\":\"https:\/\/www.noubarris.net\/web40\/\"},{\"@type\":\"ListItem\",\"position\":2,\"name\":\"Tanca el parc del Tur\u00f3 de la Peira per crear-hi un jard\u00ed de Nadal\"}]},{\"@type\":\"WebSite\",\"@id\":\"https:\/\/www.noubarris.net\/web40\/#website\",\"url\":\"https:\/\/www.noubarris.net\/web40\/\",\"name\":\"NouBarris.Net\",\"description\":\"Seguint la vida de Nou Barris des de 1985\",\"publisher\":{\"@id\":\"https:\/\/www.noubarris.net\/web40\/#organization\"},\"potentialAction\":[{\"@type\":\"SearchAction\",\"target\":{\"@type\":\"EntryPoint\",\"urlTemplate\":\"https:\/\/www.noubarris.net\/web40\/?s={search_term_string}\"},\"query-input\":{\"@type\":\"PropertyValueSpecification\",\"valueRequired\":true,\"valueName\":\"search_term_string\"}}],\"inLanguage\":\"ca\"},{\"@type\":\"Organization\",\"@id\":\"https:\/\/www.noubarris.net\/web40\/#organization\",\"name\":\"NouBarris.Net\",\"url\":\"https:\/\/www.noubarris.net\/web40\/\",\"logo\":{\"@type\":\"ImageObject\",\"inLanguage\":\"ca\",\"@id\":\"https:\/\/www.noubarris.net\/web40\/#\/schema\/logo\/image\/\",\"url\":\"https:\/\/www.noubarris.net\/web40\/wp-content\/uploads\/2024\/11\/cropped-cropped-LOGO_9BTV-2024_Insta-1.jpg\",\"contentUrl\":\"https:\/\/www.noubarris.net\/web40\/wp-content\/uploads\/2024\/11\/cropped-cropped-LOGO_9BTV-2024_Insta-1.jpg\",\"width\":512,\"height\":512,\"caption\":\"NouBarris.Net\"},\"image\":{\"@id\":\"https:\/\/www.noubarris.net\/web40\/#\/schema\/logo\/image\/\"},\"sameAs\":[\"https:\/\/www.facebook.com\/NouBarris.net\/?locale=es_ES\",\"https:\/\/x.com\/9BTV\"]},{\"@type\":\"Person\",\"@id\":\"https:\/\/www.noubarris.net\/web40\/#\/schema\/person\/1827f92aaa316c54abbf4dac0de76069\",\"name\":\"Informatius\",\"image\":{\"@type\":\"ImageObject\",\"inLanguage\":\"ca\",\"@id\":\"https:\/\/www.noubarris.net\/web40\/#\/schema\/person\/image\/\",\"url\":\"https:\/\/secure.gravatar.com\/avatar\/87a3b47928835fc72c6ee5b0e1a7263ef0c2d05003a98189bc14926c5f11bcdb?s=96&d=mm&r=g\",\"contentUrl\":\"https:\/\/secure.gravatar.com\/avatar\/87a3b47928835fc72c6ee5b0e1a7263ef0c2d05003a98189bc14926c5f11bcdb?s=96&d=mm&r=g\",\"caption\":\"Informatius\"},\"url\":\"https:\/\/www.noubarris.net\/web40\/author\/tele\/\"}]}<\/script>\n<!-- \/ Yoast SEO plugin. -->","yoast_head_json":{"title":"Tanca el parc del Tur\u00f3 de la Peira per crear-hi un jard\u00ed de Nadal - NouBarris.Net","robots":{"index":"index","follow":"follow","max-snippet":"max-snippet:-1","max-image-preview":"max-image-preview:large","max-video-preview":"max-video-preview:-1"},"canonical":"https:\/\/www.noubarris.net\/web40\/tanca-el-parc-del-turo-de-la-peira-per-crear-hi-un-jardi-de-nadal\/","og_locale":"ca_ES","og_type":"article","og_title":"Tanca el parc del Tur\u00f3 de la Peira per crear-hi un jard\u00ed de Nadal - NouBarris.Net","og_description":"Bona part del recinte quedar\u00e0 restringit fins al 17 de gener A partir d&#8217;avui queda tancat bona part del parc","og_url":"https:\/\/www.noubarris.net\/web40\/tanca-el-parc-del-turo-de-la-peira-per-crear-hi-un-jardi-de-nadal\/","og_site_name":"NouBarris.Net","article_publisher":"https:\/\/www.facebook.com\/NouBarris.net\/?locale=es_ES","article_published_time":"2020-10-19T22:00:58+00:00","article_modified_time":"2020-10-20T07:57:24+00:00","og_image":[{"width":768,"height":432,"url":"https:\/\/www.noubarris.net\/web40\/wp-content\/uploads\/2020\/10\/191020.jpg","type":"image\/jpeg"}],"author":"Informatius","twitter_card":"summary_large_image","twitter_creator":"@9BTV","twitter_site":"@9BTV","twitter_misc":{"Escrit per":"Informatius","Temps estimat de lectura":"1 minut"},"schema":{"@context":"https:\/\/schema.org","@graph":[{"@type":"Article","@id":"https:\/\/www.noubarris.net\/web40\/tanca-el-parc-del-turo-de-la-peira-per-crear-hi-un-jardi-de-nadal\/#article","isPartOf":{"@id":"https:\/\/www.noubarris.net\/web40\/tanca-el-parc-del-turo-de-la-peira-per-crear-hi-un-jardi-de-nadal\/"},"author":{"name":"Informatius","@id":"https:\/\/www.noubarris.net\/web40\/#\/schema\/person\/1827f92aaa316c54abbf4dac0de76069"},"headline":"Tanca el parc del Tur\u00f3 de la Peira per crear-hi un jard\u00ed de Nadal","datePublished":"2020-10-19T22:00:58+00:00","dateModified":"2020-10-20T07:57:24+00:00","mainEntityOfPage":{"@id":"https:\/\/www.noubarris.net\/web40\/tanca-el-parc-del-turo-de-la-peira-per-crear-hi-un-jardi-de-nadal\/"},"wordCount":214,"publisher":{"@id":"https:\/\/www.noubarris.net\/web40\/#organization"},"image":{"@id":"https:\/\/www.noubarris.net\/web40\/tanca-el-parc-del-turo-de-la-peira-per-crear-hi-un-jardi-de-nadal\/#primaryimage"},"thumbnailUrl":"https:\/\/www.noubarris.net\/web40\/wp-content\/uploads\/2020\/10\/191020.jpg","keywords":["El Tur\u00f3 de la Peira","Medi ambient","Obres","Parcs"],"articleSection":["El Tur\u00f3 de la Peira","Urbanisme"],"inLanguage":"ca"},{"@type":"WebPage","@id":"https:\/\/www.noubarris.net\/web40\/tanca-el-parc-del-turo-de-la-peira-per-crear-hi-un-jardi-de-nadal\/","url":"https:\/\/www.noubarris.net\/web40\/tanca-el-parc-del-turo-de-la-peira-per-crear-hi-un-jardi-de-nadal\/","name":"Tanca el parc del Tur\u00f3 de la Peira per crear-hi un jard\u00ed de Nadal - NouBarris.Net","isPartOf":{"@id":"https:\/\/www.noubarris.net\/web40\/#website"},"primaryImageOfPage":{"@id":"https:\/\/www.noubarris.net\/web40\/tanca-el-parc-del-turo-de-la-peira-per-crear-hi-un-jardi-de-nadal\/#primaryimage"},"image":{"@id":"https:\/\/www.noubarris.net\/web40\/tanca-el-parc-del-turo-de-la-peira-per-crear-hi-un-jardi-de-nadal\/#primaryimage"},"thumbnailUrl":"https:\/\/www.noubarris.net\/web40\/wp-content\/uploads\/2020\/10\/191020.jpg","datePublished":"2020-10-19T22:00:58+00:00","dateModified":"2020-10-20T07:57:24+00:00","breadcrumb":{"@id":"https:\/\/www.noubarris.net\/web40\/tanca-el-parc-del-turo-de-la-peira-per-crear-hi-un-jardi-de-nadal\/#breadcrumb"},"inLanguage":"ca","potentialAction":[{"@type":"ReadAction","target":["https:\/\/www.noubarris.net\/web40\/tanca-el-parc-del-turo-de-la-peira-per-crear-hi-un-jardi-de-nadal\/"]}]},{"@type":"ImageObject","inLanguage":"ca","@id":"https:\/\/www.noubarris.net\/web40\/tanca-el-parc-del-turo-de-la-peira-per-crear-hi-un-jardi-de-nadal\/#primaryimage","url":"https:\/\/www.noubarris.net\/web40\/wp-content\/uploads\/2020\/10\/191020.jpg","contentUrl":"https:\/\/www.noubarris.net\/web40\/wp-content\/uploads\/2020\/10\/191020.jpg","width":768,"height":432},{"@type":"BreadcrumbList","@id":"https:\/\/www.noubarris.net\/web40\/tanca-el-parc-del-turo-de-la-peira-per-crear-hi-un-jardi-de-nadal\/#breadcrumb","itemListElement":[{"@type":"ListItem","position":1,"name":"Inici","item":"https:\/\/www.noubarris.net\/web40\/"},{"@type":"ListItem","position":2,"name":"Tanca el parc del Tur\u00f3 de la Peira per crear-hi un jard\u00ed de Nadal"}]},{"@type":"WebSite","@id":"https:\/\/www.noubarris.net\/web40\/#website","url":"https:\/\/www.noubarris.net\/web40\/","name":"NouBarris.Net","description":"Seguint la vida de Nou Barris des de 1985","publisher":{"@id":"https:\/\/www.noubarris.net\/web40\/#organization"},"potentialAction":[{"@type":"SearchAction","target":{"@type":"EntryPoint","urlTemplate":"https:\/\/www.noubarris.net\/web40\/?s={search_term_string}"},"query-input":{"@type":"PropertyValueSpecification","valueRequired":true,"valueName":"search_term_string"}}],"inLanguage":"ca"},{"@type":"Organization","@id":"https:\/\/www.noubarris.net\/web40\/#organization","name":"NouBarris.Net","url":"https:\/\/www.noubarris.net\/web40\/","logo":{"@type":"ImageObject","inLanguage":"ca","@id":"https:\/\/www.noubarris.net\/web40\/#\/schema\/logo\/image\/","url":"https:\/\/www.noubarris.net\/web40\/wp-content\/uploads\/2024\/11\/cropped-cropped-LOGO_9BTV-2024_Insta-1.jpg","contentUrl":"https:\/\/www.noubarris.net\/web40\/wp-content\/uploads\/2024\/11\/cropped-cropped-LOGO_9BTV-2024_Insta-1.jpg","width":512,"height":512,"caption":"NouBarris.Net"},"image":{"@id":"https:\/\/www.noubarris.net\/web40\/#\/schema\/logo\/image\/"},"sameAs":["https:\/\/www.facebook.com\/NouBarris.net\/?locale=es_ES","https:\/\/x.com\/9BTV"]},{"@type":"Person","@id":"https:\/\/www.noubarris.net\/web40\/#\/schema\/person\/1827f92aaa316c54abbf4dac0de76069","name":"Informatius","image":{"@type":"ImageObject","inLanguage":"ca","@id":"https:\/\/www.noubarris.net\/web40\/#\/schema\/person\/image\/","url":"https:\/\/secure.gravatar.com\/avatar\/87a3b47928835fc72c6ee5b0e1a7263ef0c2d05003a98189bc14926c5f11bcdb?s=96&d=mm&r=g","contentUrl":"https:\/\/secure.gravatar.com\/avatar\/87a3b47928835fc72c6ee5b0e1a7263ef0c2d05003a98189bc14926c5f11bcdb?s=96&d=mm&r=g","caption":"Informatius"},"url":"https:\/\/www.noubarris.net\/web40\/author\/tele\/"}]}},"_links":{"self":[{"href":"https:\/\/www.noubarris.net\/web40\/wp-json\/wp\/v2\/posts\/76435","targetHints":{"allow":["GET"]}}],"collection":[{"href":"https:\/\/www.noubarris.net\/web40\/wp-json\/wp\/v2\/posts"}],"about":[{"href":"https:\/\/www.noubarris.net\/web40\/wp-json\/wp\/v2\/types\/post"}],"author":[{"embeddable":true,"href":"https:\/\/www.noubarris.net\/web40\/wp-json\/wp\/v2\/users\/2"}],"replies":[{"embeddable":true,"href":"https:\/\/www.noubarris.net\/web40\/wp-json\/wp\/v2\/comments?post=76435"}],"version-history":[{"count":1,"href":"https:\/\/www.noubarris.net\/web40\/wp-json\/wp\/v2\/posts\/76435\/revisions"}],"predecessor-version":[{"id":76436,"href":"https:\/\/www.noubarris.net\/web40\/wp-json\/wp\/v2\/posts\/76435\/revisions\/76436"}],"wp:featuredmedia":[{"embeddable":true,"href":"https:\/\/www.noubarris.net\/web40\/wp-json\/wp\/v2\/media\/76437"}],"wp:attachment":[{"href":"https:\/\/www.noubarris.net\/web40\/wp-json\/wp\/v2\/media?parent=76435"}],"wp:term":[{"taxonomy":"category","embeddable":true,"href":"https:\/\/www.noubarris.net\/web40\/wp-json\/wp\/v2\/categories?post=76435"},{"taxonomy":"post_tag","embeddable":true,"href":"https:\/\/www.noubarris.net\/web40\/wp-json\/wp\/v2\/tags?post=76435"}],"curies":[{"name":"wp","href":"https:\/\/api.w.org\/{rel}","templated":true}]}}