{"id":76442,"date":"2020-10-19T00:00:11","date_gmt":"2020-10-18T22:00:11","guid":{"rendered":"http:\/\/www.noubarris.net\/web40\/?p=76442"},"modified":"2020-10-20T09:48:00","modified_gmt":"2020-10-20T07:48:00","slug":"quatre-equipaments-municipals-acullen-la-vacunacio-de-la-grip","status":"publish","type":"post","link":"https:\/\/www.noubarris.net\/web40\/quatre-equipaments-municipals-acullen-la-vacunacio-de-la-grip\/","title":{"rendered":"Quatre equipaments municipals acullen la vacunaci\u00f3 de la grip"},"content":{"rendered":"<p><strong>Les persones interessades han de gestionar la cita de vacunaci\u00f3 a trav\u00e9s del CAP<\/strong><\/p>\n<p>Cada any a aquestes altures de l&#8217;any s&#8217;engega la campanya de vacunaci\u00f3 de la grip, enfocada sobretot a les persones grans i aquelles que tenen algun factor de risc. Aquest any els especialistes han fet una crida a vacunar-se de cara a un hivern ja de per si complicat amb la covid-19. Les persones interessades a vacunar-se han de demanar informaci\u00f3 de com procedir al mateix CAP, des d&#8217;on s&#8217;atorgaran les cites<\/p>\n<p>Per facilitar la vacunaci\u00f3, Generalitat i Ajuntament han acordat la cessi\u00f3 de 45 espais municipals als Centres d\u2019Atenci\u00f3 Prim\u00e0ria (CAP) amb la intenci\u00f3 de garantir que, en el context de la covid-19, l\u2019Atenci\u00f3 Prim\u00e0ria disposi d\u2019espais suficients per poder assumir amb majors garanties la pressi\u00f3 assistencial derivada de la campanya de vacunaci\u00f3 i poder mantenir amb les m\u00e0ximes garanties possibles la seva activitat di\u00e0ria.\u00a0 En el cas de Nou Barris, es tracta dels seg\u00fcents equipaments:<\/p>\n<p>-Poliesportiu Valldaura<br \/>\nAcull la campanya del CAP Rio de Janeiro des del 15 d\u2019octubre, de dilluns a divendres, de 9 a 14 h<\/p>\n<p>-Casal de Gent Gran Les Roquetes<br \/>\nAcull la campanya del CAP Roquetes-Canteres des del 16 d\u2019octubre, de dilluns a divendres, de 13.30 a 15.30 h<\/p>\n<p>-Espai Social de Salut Comunit\u00e0ria Guineueta<br \/>\nAcull la campanya del CAP Guineueta des del 15 d\u2019octubre, amb el seg\u00fcent horari: de dilluns a dijous, de 8.30 a 10.40 h; de 11.15 a 13.45 h; de 15.15 a 17.25 h; i de 18 a 20 h. I els divendres, de 8.30 a 10.40 h, i de 11.15 a 13.45 h<\/p>\n<p>-Casal de Barri de Torre Bar\u00f3<br \/>\nAcollir\u00e0 la campanya del CAP Meridiana des del 19 d\u2019octubre, els dilluns, dimecres i divendres, de 9 a 14 h<\/p>\n<p>La cessi\u00f3 es fa per un per\u00edode inicial de tres mesos prorrogables. El Servei Catal\u00e0 de la Salut (CatSalut) es far\u00e0 c\u00e0rrec de les despeses d\u2019adequaci\u00f3 que se\u2019n puguin derivar i dels costos de manteniment dels espais. La resta de CAP de Nou Barris duran a terme la campanya a les seves instal\u00b7lacions.<\/p>\n","protected":false},"excerpt":{"rendered":"<p>Les persones interessades han de gestionar la cita de vacunaci\u00f3 a trav\u00e9s del CAP Cada any a aquestes altures de<\/p>\n","protected":false},"author":2,"featured_media":76443,"comment_status":"closed","ping_status":"closed","sticky":false,"template":"","format":"standard","meta":{"colormag_page_layout":"default_layout","_monsterinsights_skip_tracking":false,"_monsterinsights_sitenote_active":false,"_monsterinsights_sitenote_note":"","_monsterinsights_sitenote_category":0,"footnotes":""},"categories":[1,124],"tags":[640,121,319,272],"class_list":["post-76442","post","type-post","status-publish","format-standard","has-post-thumbnail","hentry","category-nou-barris","category-societat","tag-coronavirus","tag-equipaments","tag-nou-barris","tag-salut"],"yoast_head":"<!-- This site is optimized with the Yoast SEO plugin v25.3 - https:\/\/yoast.com\/wordpress\/plugins\/seo\/ -->\n<title>Quatre equipaments municipals acullen la vacunaci\u00f3 de la grip - NouBarris.Net<\/title>\n<meta name=\"robots\" content=\"index, follow, max-snippet:-1, max-image-preview:large, max-video-preview:-1\" \/>\n<link rel=\"canonical\" href=\"https:\/\/www.noubarris.net\/web40\/quatre-equipaments-municipals-acullen-la-vacunacio-de-la-grip\/\" \/>\n<meta property=\"og:locale\" content=\"ca_ES\" \/>\n<meta property=\"og:type\" content=\"article\" \/>\n<meta property=\"og:title\" content=\"Quatre equipaments municipals acullen la vacunaci\u00f3 de la grip - NouBarris.Net\" \/>\n<meta property=\"og:description\" content=\"Les persones interessades han de gestionar la cita de vacunaci\u00f3 a trav\u00e9s del CAP Cada any a aquestes altures de\" \/>\n<meta property=\"og:url\" content=\"https:\/\/www.noubarris.net\/web40\/quatre-equipaments-municipals-acullen-la-vacunacio-de-la-grip\/\" \/>\n<meta property=\"og:site_name\" content=\"NouBarris.Net\" \/>\n<meta property=\"article:publisher\" content=\"https:\/\/www.facebook.com\/NouBarris.net\/?locale=es_ES\" \/>\n<meta property=\"article:published_time\" content=\"2020-10-18T22:00:11+00:00\" \/>\n<meta property=\"article:modified_time\" content=\"2020-10-20T07:48:00+00:00\" \/>\n<meta property=\"og:image\" content=\"https:\/\/www.noubarris.net\/web40\/wp-content\/uploads\/2020\/10\/201020b.jpg\" \/>\n\t<meta property=\"og:image:width\" content=\"768\" \/>\n\t<meta property=\"og:image:height\" content=\"432\" \/>\n\t<meta property=\"og:image:type\" content=\"image\/jpeg\" \/>\n<meta name=\"author\" content=\"Informatius\" \/>\n<meta name=\"twitter:card\" content=\"summary_large_image\" \/>\n<meta name=\"twitter:creator\" content=\"@9BTV\" \/>\n<meta name=\"twitter:site\" content=\"@9BTV\" \/>\n<meta name=\"twitter:label1\" content=\"Escrit per\" \/>\n\t<meta name=\"twitter:data1\" content=\"Informatius\" \/>\n\t<meta name=\"twitter:label2\" content=\"Temps estimat de lectura\" \/>\n\t<meta name=\"twitter:data2\" content=\"2 minuts\" \/>\n<script type=\"application\/ld+json\" class=\"yoast-schema-graph\">{\"@context\":\"https:\/\/schema.org\",\"@graph\":[{\"@type\":\"Article\",\"@id\":\"https:\/\/www.noubarris.net\/web40\/quatre-equipaments-municipals-acullen-la-vacunacio-de-la-grip\/#article\",\"isPartOf\":{\"@id\":\"https:\/\/www.noubarris.net\/web40\/quatre-equipaments-municipals-acullen-la-vacunacio-de-la-grip\/\"},\"author\":{\"name\":\"Informatius\",\"@id\":\"https:\/\/www.noubarris.net\/web40\/#\/schema\/person\/1827f92aaa316c54abbf4dac0de76069\"},\"headline\":\"Quatre equipaments municipals acullen la vacunaci\u00f3 de la grip\",\"datePublished\":\"2020-10-18T22:00:11+00:00\",\"dateModified\":\"2020-10-20T07:48:00+00:00\",\"mainEntityOfPage\":{\"@id\":\"https:\/\/www.noubarris.net\/web40\/quatre-equipaments-municipals-acullen-la-vacunacio-de-la-grip\/\"},\"wordCount\":357,\"publisher\":{\"@id\":\"https:\/\/www.noubarris.net\/web40\/#organization\"},\"image\":{\"@id\":\"https:\/\/www.noubarris.net\/web40\/quatre-equipaments-municipals-acullen-la-vacunacio-de-la-grip\/#primaryimage\"},\"thumbnailUrl\":\"https:\/\/www.noubarris.net\/web40\/wp-content\/uploads\/2020\/10\/201020b.jpg\",\"keywords\":[\"coronavirus\",\"Equipaments\",\"Nou Barris\",\"Salut\"],\"articleSection\":[\"Nou Barris\",\"Societat\"],\"inLanguage\":\"ca\"},{\"@type\":\"WebPage\",\"@id\":\"https:\/\/www.noubarris.net\/web40\/quatre-equipaments-municipals-acullen-la-vacunacio-de-la-grip\/\",\"url\":\"https:\/\/www.noubarris.net\/web40\/quatre-equipaments-municipals-acullen-la-vacunacio-de-la-grip\/\",\"name\":\"Quatre equipaments municipals acullen la vacunaci\u00f3 de la grip - NouBarris.Net\",\"isPartOf\":{\"@id\":\"https:\/\/www.noubarris.net\/web40\/#website\"},\"primaryImageOfPage\":{\"@id\":\"https:\/\/www.noubarris.net\/web40\/quatre-equipaments-municipals-acullen-la-vacunacio-de-la-grip\/#primaryimage\"},\"image\":{\"@id\":\"https:\/\/www.noubarris.net\/web40\/quatre-equipaments-municipals-acullen-la-vacunacio-de-la-grip\/#primaryimage\"},\"thumbnailUrl\":\"https:\/\/www.noubarris.net\/web40\/wp-content\/uploads\/2020\/10\/201020b.jpg\",\"datePublished\":\"2020-10-18T22:00:11+00:00\",\"dateModified\":\"2020-10-20T07:48:00+00:00\",\"breadcrumb\":{\"@id\":\"https:\/\/www.noubarris.net\/web40\/quatre-equipaments-municipals-acullen-la-vacunacio-de-la-grip\/#breadcrumb\"},\"inLanguage\":\"ca\",\"potentialAction\":[{\"@type\":\"ReadAction\",\"target\":[\"https:\/\/www.noubarris.net\/web40\/quatre-equipaments-municipals-acullen-la-vacunacio-de-la-grip\/\"]}]},{\"@type\":\"ImageObject\",\"inLanguage\":\"ca\",\"@id\":\"https:\/\/www.noubarris.net\/web40\/quatre-equipaments-municipals-acullen-la-vacunacio-de-la-grip\/#primaryimage\",\"url\":\"https:\/\/www.noubarris.net\/web40\/wp-content\/uploads\/2020\/10\/201020b.jpg\",\"contentUrl\":\"https:\/\/www.noubarris.net\/web40\/wp-content\/uploads\/2020\/10\/201020b.jpg\",\"width\":768,\"height\":432},{\"@type\":\"BreadcrumbList\",\"@id\":\"https:\/\/www.noubarris.net\/web40\/quatre-equipaments-municipals-acullen-la-vacunacio-de-la-grip\/#breadcrumb\",\"itemListElement\":[{\"@type\":\"ListItem\",\"position\":1,\"name\":\"Inici\",\"item\":\"https:\/\/www.noubarris.net\/web40\/\"},{\"@type\":\"ListItem\",\"position\":2,\"name\":\"Quatre equipaments municipals acullen la vacunaci\u00f3 de la grip\"}]},{\"@type\":\"WebSite\",\"@id\":\"https:\/\/www.noubarris.net\/web40\/#website\",\"url\":\"https:\/\/www.noubarris.net\/web40\/\",\"name\":\"NouBarris.Net\",\"description\":\"Seguint la vida de Nou Barris des de 1985\",\"publisher\":{\"@id\":\"https:\/\/www.noubarris.net\/web40\/#organization\"},\"potentialAction\":[{\"@type\":\"SearchAction\",\"target\":{\"@type\":\"EntryPoint\",\"urlTemplate\":\"https:\/\/www.noubarris.net\/web40\/?s={search_term_string}\"},\"query-input\":{\"@type\":\"PropertyValueSpecification\",\"valueRequired\":true,\"valueName\":\"search_term_string\"}}],\"inLanguage\":\"ca\"},{\"@type\":\"Organization\",\"@id\":\"https:\/\/www.noubarris.net\/web40\/#organization\",\"name\":\"NouBarris.Net\",\"url\":\"https:\/\/www.noubarris.net\/web40\/\",\"logo\":{\"@type\":\"ImageObject\",\"inLanguage\":\"ca\",\"@id\":\"https:\/\/www.noubarris.net\/web40\/#\/schema\/logo\/image\/\",\"url\":\"https:\/\/www.noubarris.net\/web40\/wp-content\/uploads\/2024\/11\/cropped-cropped-LOGO_9BTV-2024_Insta-1.jpg\",\"contentUrl\":\"https:\/\/www.noubarris.net\/web40\/wp-content\/uploads\/2024\/11\/cropped-cropped-LOGO_9BTV-2024_Insta-1.jpg\",\"width\":512,\"height\":512,\"caption\":\"NouBarris.Net\"},\"image\":{\"@id\":\"https:\/\/www.noubarris.net\/web40\/#\/schema\/logo\/image\/\"},\"sameAs\":[\"https:\/\/www.facebook.com\/NouBarris.net\/?locale=es_ES\",\"https:\/\/x.com\/9BTV\"]},{\"@type\":\"Person\",\"@id\":\"https:\/\/www.noubarris.net\/web40\/#\/schema\/person\/1827f92aaa316c54abbf4dac0de76069\",\"name\":\"Informatius\",\"image\":{\"@type\":\"ImageObject\",\"inLanguage\":\"ca\",\"@id\":\"https:\/\/www.noubarris.net\/web40\/#\/schema\/person\/image\/\",\"url\":\"https:\/\/secure.gravatar.com\/avatar\/87a3b47928835fc72c6ee5b0e1a7263ef0c2d05003a98189bc14926c5f11bcdb?s=96&d=mm&r=g\",\"contentUrl\":\"https:\/\/secure.gravatar.com\/avatar\/87a3b47928835fc72c6ee5b0e1a7263ef0c2d05003a98189bc14926c5f11bcdb?s=96&d=mm&r=g\",\"caption\":\"Informatius\"},\"url\":\"https:\/\/www.noubarris.net\/web40\/author\/tele\/\"}]}<\/script>\n<!-- \/ Yoast SEO plugin. -->","yoast_head_json":{"title":"Quatre equipaments municipals acullen la vacunaci\u00f3 de la grip - NouBarris.Net","robots":{"index":"index","follow":"follow","max-snippet":"max-snippet:-1","max-image-preview":"max-image-preview:large","max-video-preview":"max-video-preview:-1"},"canonical":"https:\/\/www.noubarris.net\/web40\/quatre-equipaments-municipals-acullen-la-vacunacio-de-la-grip\/","og_locale":"ca_ES","og_type":"article","og_title":"Quatre equipaments municipals acullen la vacunaci\u00f3 de la grip - NouBarris.Net","og_description":"Les persones interessades han de gestionar la cita de vacunaci\u00f3 a trav\u00e9s del CAP Cada any a aquestes altures de","og_url":"https:\/\/www.noubarris.net\/web40\/quatre-equipaments-municipals-acullen-la-vacunacio-de-la-grip\/","og_site_name":"NouBarris.Net","article_publisher":"https:\/\/www.facebook.com\/NouBarris.net\/?locale=es_ES","article_published_time":"2020-10-18T22:00:11+00:00","article_modified_time":"2020-10-20T07:48:00+00:00","og_image":[{"width":768,"height":432,"url":"https:\/\/www.noubarris.net\/web40\/wp-content\/uploads\/2020\/10\/201020b.jpg","type":"image\/jpeg"}],"author":"Informatius","twitter_card":"summary_large_image","twitter_creator":"@9BTV","twitter_site":"@9BTV","twitter_misc":{"Escrit per":"Informatius","Temps estimat de lectura":"2 minuts"},"schema":{"@context":"https:\/\/schema.org","@graph":[{"@type":"Article","@id":"https:\/\/www.noubarris.net\/web40\/quatre-equipaments-municipals-acullen-la-vacunacio-de-la-grip\/#article","isPartOf":{"@id":"https:\/\/www.noubarris.net\/web40\/quatre-equipaments-municipals-acullen-la-vacunacio-de-la-grip\/"},"author":{"name":"Informatius","@id":"https:\/\/www.noubarris.net\/web40\/#\/schema\/person\/1827f92aaa316c54abbf4dac0de76069"},"headline":"Quatre equipaments municipals acullen la vacunaci\u00f3 de la grip","datePublished":"2020-10-18T22:00:11+00:00","dateModified":"2020-10-20T07:48:00+00:00","mainEntityOfPage":{"@id":"https:\/\/www.noubarris.net\/web40\/quatre-equipaments-municipals-acullen-la-vacunacio-de-la-grip\/"},"wordCount":357,"publisher":{"@id":"https:\/\/www.noubarris.net\/web40\/#organization"},"image":{"@id":"https:\/\/www.noubarris.net\/web40\/quatre-equipaments-municipals-acullen-la-vacunacio-de-la-grip\/#primaryimage"},"thumbnailUrl":"https:\/\/www.noubarris.net\/web40\/wp-content\/uploads\/2020\/10\/201020b.jpg","keywords":["coronavirus","Equipaments","Nou Barris","Salut"],"articleSection":["Nou Barris","Societat"],"inLanguage":"ca"},{"@type":"WebPage","@id":"https:\/\/www.noubarris.net\/web40\/quatre-equipaments-municipals-acullen-la-vacunacio-de-la-grip\/","url":"https:\/\/www.noubarris.net\/web40\/quatre-equipaments-municipals-acullen-la-vacunacio-de-la-grip\/","name":"Quatre equipaments municipals acullen la vacunaci\u00f3 de la grip - NouBarris.Net","isPartOf":{"@id":"https:\/\/www.noubarris.net\/web40\/#website"},"primaryImageOfPage":{"@id":"https:\/\/www.noubarris.net\/web40\/quatre-equipaments-municipals-acullen-la-vacunacio-de-la-grip\/#primaryimage"},"image":{"@id":"https:\/\/www.noubarris.net\/web40\/quatre-equipaments-municipals-acullen-la-vacunacio-de-la-grip\/#primaryimage"},"thumbnailUrl":"https:\/\/www.noubarris.net\/web40\/wp-content\/uploads\/2020\/10\/201020b.jpg","datePublished":"2020-10-18T22:00:11+00:00","dateModified":"2020-10-20T07:48:00+00:00","breadcrumb":{"@id":"https:\/\/www.noubarris.net\/web40\/quatre-equipaments-municipals-acullen-la-vacunacio-de-la-grip\/#breadcrumb"},"inLanguage":"ca","potentialAction":[{"@type":"ReadAction","target":["https:\/\/www.noubarris.net\/web40\/quatre-equipaments-municipals-acullen-la-vacunacio-de-la-grip\/"]}]},{"@type":"ImageObject","inLanguage":"ca","@id":"https:\/\/www.noubarris.net\/web40\/quatre-equipaments-municipals-acullen-la-vacunacio-de-la-grip\/#primaryimage","url":"https:\/\/www.noubarris.net\/web40\/wp-content\/uploads\/2020\/10\/201020b.jpg","contentUrl":"https:\/\/www.noubarris.net\/web40\/wp-content\/uploads\/2020\/10\/201020b.jpg","width":768,"height":432},{"@type":"BreadcrumbList","@id":"https:\/\/www.noubarris.net\/web40\/quatre-equipaments-municipals-acullen-la-vacunacio-de-la-grip\/#breadcrumb","itemListElement":[{"@type":"ListItem","position":1,"name":"Inici","item":"https:\/\/www.noubarris.net\/web40\/"},{"@type":"ListItem","position":2,"name":"Quatre equipaments municipals acullen la vacunaci\u00f3 de la grip"}]},{"@type":"WebSite","@id":"https:\/\/www.noubarris.net\/web40\/#website","url":"https:\/\/www.noubarris.net\/web40\/","name":"NouBarris.Net","description":"Seguint la vida de Nou Barris des de 1985","publisher":{"@id":"https:\/\/www.noubarris.net\/web40\/#organization"},"potentialAction":[{"@type":"SearchAction","target":{"@type":"EntryPoint","urlTemplate":"https:\/\/www.noubarris.net\/web40\/?s={search_term_string}"},"query-input":{"@type":"PropertyValueSpecification","valueRequired":true,"valueName":"search_term_string"}}],"inLanguage":"ca"},{"@type":"Organization","@id":"https:\/\/www.noubarris.net\/web40\/#organization","name":"NouBarris.Net","url":"https:\/\/www.noubarris.net\/web40\/","logo":{"@type":"ImageObject","inLanguage":"ca","@id":"https:\/\/www.noubarris.net\/web40\/#\/schema\/logo\/image\/","url":"https:\/\/www.noubarris.net\/web40\/wp-content\/uploads\/2024\/11\/cropped-cropped-LOGO_9BTV-2024_Insta-1.jpg","contentUrl":"https:\/\/www.noubarris.net\/web40\/wp-content\/uploads\/2024\/11\/cropped-cropped-LOGO_9BTV-2024_Insta-1.jpg","width":512,"height":512,"caption":"NouBarris.Net"},"image":{"@id":"https:\/\/www.noubarris.net\/web40\/#\/schema\/logo\/image\/"},"sameAs":["https:\/\/www.facebook.com\/NouBarris.net\/?locale=es_ES","https:\/\/x.com\/9BTV"]},{"@type":"Person","@id":"https:\/\/www.noubarris.net\/web40\/#\/schema\/person\/1827f92aaa316c54abbf4dac0de76069","name":"Informatius","image":{"@type":"ImageObject","inLanguage":"ca","@id":"https:\/\/www.noubarris.net\/web40\/#\/schema\/person\/image\/","url":"https:\/\/secure.gravatar.com\/avatar\/87a3b47928835fc72c6ee5b0e1a7263ef0c2d05003a98189bc14926c5f11bcdb?s=96&d=mm&r=g","contentUrl":"https:\/\/secure.gravatar.com\/avatar\/87a3b47928835fc72c6ee5b0e1a7263ef0c2d05003a98189bc14926c5f11bcdb?s=96&d=mm&r=g","caption":"Informatius"},"url":"https:\/\/www.noubarris.net\/web40\/author\/tele\/"}]}},"_links":{"self":[{"href":"https:\/\/www.noubarris.net\/web40\/wp-json\/wp\/v2\/posts\/76442","targetHints":{"allow":["GET"]}}],"collection":[{"href":"https:\/\/www.noubarris.net\/web40\/wp-json\/wp\/v2\/posts"}],"about":[{"href":"https:\/\/www.noubarris.net\/web40\/wp-json\/wp\/v2\/types\/post"}],"author":[{"embeddable":true,"href":"https:\/\/www.noubarris.net\/web40\/wp-json\/wp\/v2\/users\/2"}],"replies":[{"embeddable":true,"href":"https:\/\/www.noubarris.net\/web40\/wp-json\/wp\/v2\/comments?post=76442"}],"version-history":[{"count":1,"href":"https:\/\/www.noubarris.net\/web40\/wp-json\/wp\/v2\/posts\/76442\/revisions"}],"predecessor-version":[{"id":76444,"href":"https:\/\/www.noubarris.net\/web40\/wp-json\/wp\/v2\/posts\/76442\/revisions\/76444"}],"wp:featuredmedia":[{"embeddable":true,"href":"https:\/\/www.noubarris.net\/web40\/wp-json\/wp\/v2\/media\/76443"}],"wp:attachment":[{"href":"https:\/\/www.noubarris.net\/web40\/wp-json\/wp\/v2\/media?parent=76442"}],"wp:term":[{"taxonomy":"category","embeddable":true,"href":"https:\/\/www.noubarris.net\/web40\/wp-json\/wp\/v2\/categories?post=76442"},{"taxonomy":"post_tag","embeddable":true,"href":"https:\/\/www.noubarris.net\/web40\/wp-json\/wp\/v2\/tags?post=76442"}],"curies":[{"name":"wp","href":"https:\/\/api.w.org\/{rel}","templated":true}]}}