{"id":76961,"date":"2021-02-22T00:00:36","date_gmt":"2021-02-21T22:00:36","guid":{"rendered":"http:\/\/www.noubarris.net\/web40\/?p=76961"},"modified":"2021-02-21T09:10:28","modified_gmt":"2021-02-21T07:10:28","slug":"el-camp-de-futbol-del-ccd-turo-de-la-peira-es-renova","status":"publish","type":"post","link":"https:\/\/www.noubarris.net\/web40\/el-camp-de-futbol-del-ccd-turo-de-la-peira-es-renova\/","title":{"rendered":"El camp de futbol del CCD Tur\u00f3 de la Peira es renova"},"content":{"rendered":"<p><strong>L&#8217;Ajuntament hi ha fet algunes actuacions a les que s&#8217;afegir\u00e0 la construcci\u00f3 de sis vestidors nous<\/strong><\/p>\n<p>La junta del CCD Tur\u00f3 de la Peira supervisa amb satisfacci\u00f3 les obres que s&#8217;estan duent a terme al camp de futbol. S&#8217;estan reparant les esquerdes que s&#8217;han obert en algunes \u00e0rees de la gespa artificial, ambla substituci\u00f3 de les parts desgastades per unes de noves. Tamb\u00e9 han guanyat espai de gesti\u00f3 amb un m\u00f2dul que s&#8217;ha instal\u00b7lat perqu\u00e8 faci les funcions d&#8217;oficina. I s&#8217;ha millorat l&#8217;eficici\u00e8ncia energ\u00e8tica de les instal\u00b7lacions, amb la col\u00b7locaci\u00f3 de plaques solars a les teulades dels vestidors, sobretot amb la finalitat d&#8217;aprofitar l&#8217;energia solar per escalfar l&#8217;aigua de les dutxes. Tot plegat s&#8217;afegeix a la substituci\u00f3 que es va fer temps enrere de la tanca perimetral, que es trobava ja rovellada, i de la iluminaci\u00f3 del camp per focus led.<\/p>\n<p>Per\u00f2 la m\u00e0xima il\u00b7lusi\u00f3 del club s\u00f3n les obres previstes dins el pla d&#8217;actuaci\u00f3 de Nou Barris per a aquesta legislatura. El document que recull els projectes que es faran inclou la construcci\u00f3 de sis nous vestidors per al camp de futbol del Tur\u00f3 de la Peira. Una reivindicaci\u00f3 del club de fa temps, ja que argumenten que necessiten quatre vestidors addicionals per\u00a0 a equips, i altres dos per a \u00e0rbitres. La ra\u00f3, diuen, \u00e9s que amb la introducci\u00f3 del futbol 7 tenen m\u00e9s equips al camp simult\u00e0niament. A m\u00e9s, els equips s\u00f3n mixtes fins a una determinada edat, aix\u00ed com ho poden ser els \u00e0rbitres dels partits. Els nous vestidors oferiran soluci\u00f3 a aquests problemes. Cal tenir en compte que amb la instal\u00b7laci\u00f3 de la gespa artificial el 2011, el club va deixar de perdre i jugadors i n&#8217;ha augmentat el nombre fins arribar a completar 15 plantilles, a les quals s&#8217;afegeixen altres equips que fan servir aquest camp i dues escoles del barri.<\/p>\n<p>No \u00e9s f\u00e0cil encabir nous serveis en un recinte tan limitat com ho \u00e9s el camp de futbol del Tur\u00f3 de la Peira, per\u00f2 Districte ha aprovat una soluci\u00f3 que passa per enderrocar les grades actuals i refer-les m\u00e9s grans i a sobre dels nous vestidors. Tamb\u00e9 s&#8217;aprofitar\u00e0 aquest part inferior de les grades per fer-hi el bar social i\u00a0 espais que poden fer-se servir com oficina i emmagatzematge per al club, que realitza una gran tasca social al barri.<\/p>\n","protected":false},"excerpt":{"rendered":"<p>L&#8217;Ajuntament hi ha fet algunes actuacions a les que s&#8217;afegir\u00e0 la construcci\u00f3 de sis vestidors nous La junta del CCD<\/p>\n","protected":false},"author":2,"featured_media":76962,"comment_status":"closed","ping_status":"closed","sticky":false,"template":"","format":"standard","meta":{"colormag_page_layout":"default_layout","_monsterinsights_skip_tracking":false,"_monsterinsights_sitenote_active":false,"_monsterinsights_sitenote_note":"","_monsterinsights_sitenote_category":0,"footnotes":""},"categories":[139,128,302],"tags":[246,121,664],"class_list":["post-76961","post","type-post","status-publish","format-standard","has-post-thumbnail","hentry","category-el-turo-de-la-peira","category-esports","category-urbanisme","tag-el-turo-de-la-peira","tag-equipaments","tag-futbol"],"yoast_head":"<!-- This site is optimized with the Yoast SEO plugin v25.3 - https:\/\/yoast.com\/wordpress\/plugins\/seo\/ -->\n<title>El camp de futbol del CCD Tur\u00f3 de la Peira es renova - NouBarris.Net<\/title>\n<meta name=\"robots\" content=\"index, follow, max-snippet:-1, max-image-preview:large, max-video-preview:-1\" \/>\n<link rel=\"canonical\" href=\"https:\/\/www.noubarris.net\/web40\/el-camp-de-futbol-del-ccd-turo-de-la-peira-es-renova\/\" \/>\n<meta property=\"og:locale\" content=\"ca_ES\" \/>\n<meta property=\"og:type\" content=\"article\" \/>\n<meta property=\"og:title\" content=\"El camp de futbol del CCD Tur\u00f3 de la Peira es renova - NouBarris.Net\" \/>\n<meta property=\"og:description\" content=\"L&#8217;Ajuntament hi ha fet algunes actuacions a les que s&#8217;afegir\u00e0 la construcci\u00f3 de sis vestidors nous La junta del CCD\" \/>\n<meta property=\"og:url\" content=\"https:\/\/www.noubarris.net\/web40\/el-camp-de-futbol-del-ccd-turo-de-la-peira-es-renova\/\" \/>\n<meta property=\"og:site_name\" content=\"NouBarris.Net\" \/>\n<meta property=\"article:publisher\" content=\"https:\/\/www.facebook.com\/NouBarris.net\/?locale=es_ES\" \/>\n<meta property=\"article:published_time\" content=\"2021-02-21T22:00:36+00:00\" \/>\n<meta property=\"og:image\" content=\"https:\/\/www.noubarris.net\/web40\/wp-content\/uploads\/2021\/02\/220221.jpg\" \/>\n\t<meta property=\"og:image:width\" content=\"768\" \/>\n\t<meta property=\"og:image:height\" content=\"432\" \/>\n\t<meta property=\"og:image:type\" content=\"image\/jpeg\" \/>\n<meta name=\"author\" content=\"Informatius\" \/>\n<meta name=\"twitter:card\" content=\"summary_large_image\" \/>\n<meta name=\"twitter:creator\" content=\"@9BTV\" \/>\n<meta name=\"twitter:site\" content=\"@9BTV\" \/>\n<meta name=\"twitter:label1\" content=\"Escrit per\" \/>\n\t<meta name=\"twitter:data1\" content=\"Informatius\" \/>\n\t<meta name=\"twitter:label2\" content=\"Temps estimat de lectura\" \/>\n\t<meta name=\"twitter:data2\" content=\"2 minuts\" \/>\n<script type=\"application\/ld+json\" class=\"yoast-schema-graph\">{\"@context\":\"https:\/\/schema.org\",\"@graph\":[{\"@type\":\"Article\",\"@id\":\"https:\/\/www.noubarris.net\/web40\/el-camp-de-futbol-del-ccd-turo-de-la-peira-es-renova\/#article\",\"isPartOf\":{\"@id\":\"https:\/\/www.noubarris.net\/web40\/el-camp-de-futbol-del-ccd-turo-de-la-peira-es-renova\/\"},\"author\":{\"name\":\"Informatius\",\"@id\":\"https:\/\/www.noubarris.net\/web40\/#\/schema\/person\/1827f92aaa316c54abbf4dac0de76069\"},\"headline\":\"El camp de futbol del CCD Tur\u00f3 de la Peira es renova\",\"datePublished\":\"2021-02-21T22:00:36+00:00\",\"mainEntityOfPage\":{\"@id\":\"https:\/\/www.noubarris.net\/web40\/el-camp-de-futbol-del-ccd-turo-de-la-peira-es-renova\/\"},\"wordCount\":428,\"publisher\":{\"@id\":\"https:\/\/www.noubarris.net\/web40\/#organization\"},\"image\":{\"@id\":\"https:\/\/www.noubarris.net\/web40\/el-camp-de-futbol-del-ccd-turo-de-la-peira-es-renova\/#primaryimage\"},\"thumbnailUrl\":\"https:\/\/www.noubarris.net\/web40\/wp-content\/uploads\/2021\/02\/220221.jpg\",\"keywords\":[\"El Tur\u00f3 de la Peira\",\"Equipaments\",\"futbol\"],\"articleSection\":[\"El Tur\u00f3 de la Peira\",\"Esports\",\"Urbanisme\"],\"inLanguage\":\"ca\"},{\"@type\":\"WebPage\",\"@id\":\"https:\/\/www.noubarris.net\/web40\/el-camp-de-futbol-del-ccd-turo-de-la-peira-es-renova\/\",\"url\":\"https:\/\/www.noubarris.net\/web40\/el-camp-de-futbol-del-ccd-turo-de-la-peira-es-renova\/\",\"name\":\"El camp de futbol del CCD Tur\u00f3 de la Peira es renova - NouBarris.Net\",\"isPartOf\":{\"@id\":\"https:\/\/www.noubarris.net\/web40\/#website\"},\"primaryImageOfPage\":{\"@id\":\"https:\/\/www.noubarris.net\/web40\/el-camp-de-futbol-del-ccd-turo-de-la-peira-es-renova\/#primaryimage\"},\"image\":{\"@id\":\"https:\/\/www.noubarris.net\/web40\/el-camp-de-futbol-del-ccd-turo-de-la-peira-es-renova\/#primaryimage\"},\"thumbnailUrl\":\"https:\/\/www.noubarris.net\/web40\/wp-content\/uploads\/2021\/02\/220221.jpg\",\"datePublished\":\"2021-02-21T22:00:36+00:00\",\"breadcrumb\":{\"@id\":\"https:\/\/www.noubarris.net\/web40\/el-camp-de-futbol-del-ccd-turo-de-la-peira-es-renova\/#breadcrumb\"},\"inLanguage\":\"ca\",\"potentialAction\":[{\"@type\":\"ReadAction\",\"target\":[\"https:\/\/www.noubarris.net\/web40\/el-camp-de-futbol-del-ccd-turo-de-la-peira-es-renova\/\"]}]},{\"@type\":\"ImageObject\",\"inLanguage\":\"ca\",\"@id\":\"https:\/\/www.noubarris.net\/web40\/el-camp-de-futbol-del-ccd-turo-de-la-peira-es-renova\/#primaryimage\",\"url\":\"https:\/\/www.noubarris.net\/web40\/wp-content\/uploads\/2021\/02\/220221.jpg\",\"contentUrl\":\"https:\/\/www.noubarris.net\/web40\/wp-content\/uploads\/2021\/02\/220221.jpg\",\"width\":768,\"height\":432},{\"@type\":\"BreadcrumbList\",\"@id\":\"https:\/\/www.noubarris.net\/web40\/el-camp-de-futbol-del-ccd-turo-de-la-peira-es-renova\/#breadcrumb\",\"itemListElement\":[{\"@type\":\"ListItem\",\"position\":1,\"name\":\"Inici\",\"item\":\"https:\/\/www.noubarris.net\/web40\/\"},{\"@type\":\"ListItem\",\"position\":2,\"name\":\"El camp de futbol del CCD Tur\u00f3 de la Peira es renova\"}]},{\"@type\":\"WebSite\",\"@id\":\"https:\/\/www.noubarris.net\/web40\/#website\",\"url\":\"https:\/\/www.noubarris.net\/web40\/\",\"name\":\"NouBarris.Net\",\"description\":\"Seguint la vida de Nou Barris des de 1985\",\"publisher\":{\"@id\":\"https:\/\/www.noubarris.net\/web40\/#organization\"},\"potentialAction\":[{\"@type\":\"SearchAction\",\"target\":{\"@type\":\"EntryPoint\",\"urlTemplate\":\"https:\/\/www.noubarris.net\/web40\/?s={search_term_string}\"},\"query-input\":{\"@type\":\"PropertyValueSpecification\",\"valueRequired\":true,\"valueName\":\"search_term_string\"}}],\"inLanguage\":\"ca\"},{\"@type\":\"Organization\",\"@id\":\"https:\/\/www.noubarris.net\/web40\/#organization\",\"name\":\"NouBarris.Net\",\"url\":\"https:\/\/www.noubarris.net\/web40\/\",\"logo\":{\"@type\":\"ImageObject\",\"inLanguage\":\"ca\",\"@id\":\"https:\/\/www.noubarris.net\/web40\/#\/schema\/logo\/image\/\",\"url\":\"https:\/\/www.noubarris.net\/web40\/wp-content\/uploads\/2024\/11\/cropped-cropped-LOGO_9BTV-2024_Insta-1.jpg\",\"contentUrl\":\"https:\/\/www.noubarris.net\/web40\/wp-content\/uploads\/2024\/11\/cropped-cropped-LOGO_9BTV-2024_Insta-1.jpg\",\"width\":512,\"height\":512,\"caption\":\"NouBarris.Net\"},\"image\":{\"@id\":\"https:\/\/www.noubarris.net\/web40\/#\/schema\/logo\/image\/\"},\"sameAs\":[\"https:\/\/www.facebook.com\/NouBarris.net\/?locale=es_ES\",\"https:\/\/x.com\/9BTV\"]},{\"@type\":\"Person\",\"@id\":\"https:\/\/www.noubarris.net\/web40\/#\/schema\/person\/1827f92aaa316c54abbf4dac0de76069\",\"name\":\"Informatius\",\"image\":{\"@type\":\"ImageObject\",\"inLanguage\":\"ca\",\"@id\":\"https:\/\/www.noubarris.net\/web40\/#\/schema\/person\/image\/\",\"url\":\"https:\/\/secure.gravatar.com\/avatar\/87a3b47928835fc72c6ee5b0e1a7263ef0c2d05003a98189bc14926c5f11bcdb?s=96&d=mm&r=g\",\"contentUrl\":\"https:\/\/secure.gravatar.com\/avatar\/87a3b47928835fc72c6ee5b0e1a7263ef0c2d05003a98189bc14926c5f11bcdb?s=96&d=mm&r=g\",\"caption\":\"Informatius\"},\"url\":\"https:\/\/www.noubarris.net\/web40\/author\/tele\/\"}]}<\/script>\n<!-- \/ Yoast SEO plugin. -->","yoast_head_json":{"title":"El camp de futbol del CCD Tur\u00f3 de la Peira es renova - NouBarris.Net","robots":{"index":"index","follow":"follow","max-snippet":"max-snippet:-1","max-image-preview":"max-image-preview:large","max-video-preview":"max-video-preview:-1"},"canonical":"https:\/\/www.noubarris.net\/web40\/el-camp-de-futbol-del-ccd-turo-de-la-peira-es-renova\/","og_locale":"ca_ES","og_type":"article","og_title":"El camp de futbol del CCD Tur\u00f3 de la Peira es renova - NouBarris.Net","og_description":"L&#8217;Ajuntament hi ha fet algunes actuacions a les que s&#8217;afegir\u00e0 la construcci\u00f3 de sis vestidors nous La junta del CCD","og_url":"https:\/\/www.noubarris.net\/web40\/el-camp-de-futbol-del-ccd-turo-de-la-peira-es-renova\/","og_site_name":"NouBarris.Net","article_publisher":"https:\/\/www.facebook.com\/NouBarris.net\/?locale=es_ES","article_published_time":"2021-02-21T22:00:36+00:00","og_image":[{"width":768,"height":432,"url":"https:\/\/www.noubarris.net\/web40\/wp-content\/uploads\/2021\/02\/220221.jpg","type":"image\/jpeg"}],"author":"Informatius","twitter_card":"summary_large_image","twitter_creator":"@9BTV","twitter_site":"@9BTV","twitter_misc":{"Escrit per":"Informatius","Temps estimat de lectura":"2 minuts"},"schema":{"@context":"https:\/\/schema.org","@graph":[{"@type":"Article","@id":"https:\/\/www.noubarris.net\/web40\/el-camp-de-futbol-del-ccd-turo-de-la-peira-es-renova\/#article","isPartOf":{"@id":"https:\/\/www.noubarris.net\/web40\/el-camp-de-futbol-del-ccd-turo-de-la-peira-es-renova\/"},"author":{"name":"Informatius","@id":"https:\/\/www.noubarris.net\/web40\/#\/schema\/person\/1827f92aaa316c54abbf4dac0de76069"},"headline":"El camp de futbol del CCD Tur\u00f3 de la Peira es renova","datePublished":"2021-02-21T22:00:36+00:00","mainEntityOfPage":{"@id":"https:\/\/www.noubarris.net\/web40\/el-camp-de-futbol-del-ccd-turo-de-la-peira-es-renova\/"},"wordCount":428,"publisher":{"@id":"https:\/\/www.noubarris.net\/web40\/#organization"},"image":{"@id":"https:\/\/www.noubarris.net\/web40\/el-camp-de-futbol-del-ccd-turo-de-la-peira-es-renova\/#primaryimage"},"thumbnailUrl":"https:\/\/www.noubarris.net\/web40\/wp-content\/uploads\/2021\/02\/220221.jpg","keywords":["El Tur\u00f3 de la Peira","Equipaments","futbol"],"articleSection":["El Tur\u00f3 de la Peira","Esports","Urbanisme"],"inLanguage":"ca"},{"@type":"WebPage","@id":"https:\/\/www.noubarris.net\/web40\/el-camp-de-futbol-del-ccd-turo-de-la-peira-es-renova\/","url":"https:\/\/www.noubarris.net\/web40\/el-camp-de-futbol-del-ccd-turo-de-la-peira-es-renova\/","name":"El camp de futbol del CCD Tur\u00f3 de la Peira es renova - NouBarris.Net","isPartOf":{"@id":"https:\/\/www.noubarris.net\/web40\/#website"},"primaryImageOfPage":{"@id":"https:\/\/www.noubarris.net\/web40\/el-camp-de-futbol-del-ccd-turo-de-la-peira-es-renova\/#primaryimage"},"image":{"@id":"https:\/\/www.noubarris.net\/web40\/el-camp-de-futbol-del-ccd-turo-de-la-peira-es-renova\/#primaryimage"},"thumbnailUrl":"https:\/\/www.noubarris.net\/web40\/wp-content\/uploads\/2021\/02\/220221.jpg","datePublished":"2021-02-21T22:00:36+00:00","breadcrumb":{"@id":"https:\/\/www.noubarris.net\/web40\/el-camp-de-futbol-del-ccd-turo-de-la-peira-es-renova\/#breadcrumb"},"inLanguage":"ca","potentialAction":[{"@type":"ReadAction","target":["https:\/\/www.noubarris.net\/web40\/el-camp-de-futbol-del-ccd-turo-de-la-peira-es-renova\/"]}]},{"@type":"ImageObject","inLanguage":"ca","@id":"https:\/\/www.noubarris.net\/web40\/el-camp-de-futbol-del-ccd-turo-de-la-peira-es-renova\/#primaryimage","url":"https:\/\/www.noubarris.net\/web40\/wp-content\/uploads\/2021\/02\/220221.jpg","contentUrl":"https:\/\/www.noubarris.net\/web40\/wp-content\/uploads\/2021\/02\/220221.jpg","width":768,"height":432},{"@type":"BreadcrumbList","@id":"https:\/\/www.noubarris.net\/web40\/el-camp-de-futbol-del-ccd-turo-de-la-peira-es-renova\/#breadcrumb","itemListElement":[{"@type":"ListItem","position":1,"name":"Inici","item":"https:\/\/www.noubarris.net\/web40\/"},{"@type":"ListItem","position":2,"name":"El camp de futbol del CCD Tur\u00f3 de la Peira es renova"}]},{"@type":"WebSite","@id":"https:\/\/www.noubarris.net\/web40\/#website","url":"https:\/\/www.noubarris.net\/web40\/","name":"NouBarris.Net","description":"Seguint la vida de Nou Barris des de 1985","publisher":{"@id":"https:\/\/www.noubarris.net\/web40\/#organization"},"potentialAction":[{"@type":"SearchAction","target":{"@type":"EntryPoint","urlTemplate":"https:\/\/www.noubarris.net\/web40\/?s={search_term_string}"},"query-input":{"@type":"PropertyValueSpecification","valueRequired":true,"valueName":"search_term_string"}}],"inLanguage":"ca"},{"@type":"Organization","@id":"https:\/\/www.noubarris.net\/web40\/#organization","name":"NouBarris.Net","url":"https:\/\/www.noubarris.net\/web40\/","logo":{"@type":"ImageObject","inLanguage":"ca","@id":"https:\/\/www.noubarris.net\/web40\/#\/schema\/logo\/image\/","url":"https:\/\/www.noubarris.net\/web40\/wp-content\/uploads\/2024\/11\/cropped-cropped-LOGO_9BTV-2024_Insta-1.jpg","contentUrl":"https:\/\/www.noubarris.net\/web40\/wp-content\/uploads\/2024\/11\/cropped-cropped-LOGO_9BTV-2024_Insta-1.jpg","width":512,"height":512,"caption":"NouBarris.Net"},"image":{"@id":"https:\/\/www.noubarris.net\/web40\/#\/schema\/logo\/image\/"},"sameAs":["https:\/\/www.facebook.com\/NouBarris.net\/?locale=es_ES","https:\/\/x.com\/9BTV"]},{"@type":"Person","@id":"https:\/\/www.noubarris.net\/web40\/#\/schema\/person\/1827f92aaa316c54abbf4dac0de76069","name":"Informatius","image":{"@type":"ImageObject","inLanguage":"ca","@id":"https:\/\/www.noubarris.net\/web40\/#\/schema\/person\/image\/","url":"https:\/\/secure.gravatar.com\/avatar\/87a3b47928835fc72c6ee5b0e1a7263ef0c2d05003a98189bc14926c5f11bcdb?s=96&d=mm&r=g","contentUrl":"https:\/\/secure.gravatar.com\/avatar\/87a3b47928835fc72c6ee5b0e1a7263ef0c2d05003a98189bc14926c5f11bcdb?s=96&d=mm&r=g","caption":"Informatius"},"url":"https:\/\/www.noubarris.net\/web40\/author\/tele\/"}]}},"_links":{"self":[{"href":"https:\/\/www.noubarris.net\/web40\/wp-json\/wp\/v2\/posts\/76961","targetHints":{"allow":["GET"]}}],"collection":[{"href":"https:\/\/www.noubarris.net\/web40\/wp-json\/wp\/v2\/posts"}],"about":[{"href":"https:\/\/www.noubarris.net\/web40\/wp-json\/wp\/v2\/types\/post"}],"author":[{"embeddable":true,"href":"https:\/\/www.noubarris.net\/web40\/wp-json\/wp\/v2\/users\/2"}],"replies":[{"embeddable":true,"href":"https:\/\/www.noubarris.net\/web40\/wp-json\/wp\/v2\/comments?post=76961"}],"version-history":[{"count":2,"href":"https:\/\/www.noubarris.net\/web40\/wp-json\/wp\/v2\/posts\/76961\/revisions"}],"predecessor-version":[{"id":76964,"href":"https:\/\/www.noubarris.net\/web40\/wp-json\/wp\/v2\/posts\/76961\/revisions\/76964"}],"wp:featuredmedia":[{"embeddable":true,"href":"https:\/\/www.noubarris.net\/web40\/wp-json\/wp\/v2\/media\/76962"}],"wp:attachment":[{"href":"https:\/\/www.noubarris.net\/web40\/wp-json\/wp\/v2\/media?parent=76961"}],"wp:term":[{"taxonomy":"category","embeddable":true,"href":"https:\/\/www.noubarris.net\/web40\/wp-json\/wp\/v2\/categories?post=76961"},{"taxonomy":"post_tag","embeddable":true,"href":"https:\/\/www.noubarris.net\/web40\/wp-json\/wp\/v2\/tags?post=76961"}],"curies":[{"name":"wp","href":"https:\/\/api.w.org\/{rel}","templated":true}]}}