{"id":77604,"date":"2021-07-20T00:00:21","date_gmt":"2021-07-19T22:00:21","guid":{"rendered":"http:\/\/www.noubarris.net\/web40\/?p=77604"},"modified":"2021-07-17T20:16:54","modified_gmt":"2021-07-17T18:16:54","slug":"larea-verda-de-vilapicina-i-la-torre-llobeta-sestendra-a-tot-el-barri-a-loctubre","status":"publish","type":"post","link":"https:\/\/www.noubarris.net\/web40\/larea-verda-de-vilapicina-i-la-torre-llobeta-sestendra-a-tot-el-barri-a-loctubre\/","title":{"rendered":"L&#8217;\u00e0rea verda de Vilapicina i la Torre Llobeta s&#8217;estendr\u00e0 a tot el barri a l&#8217;octubre"},"content":{"rendered":"<p><strong>Les tasques pr\u00e8vies de senyalitzaci\u00f3 de les m\u00e9s de 600 noves places es faran al setembre<\/strong><\/p>\n<p>Despr\u00e9s d&#8217;una primera fase a la part sud del barri, entre el carrer d&#8217;Arnau d&#8217;Oms i la Meridiana, l&#8217;Ajuntament ha anunciat la intenci\u00f3 d&#8217;estendre l&#8217;\u00e0rea verda d&#8217;aparcament -la n\u00famero 26- a la resta de Vilapicina i la Torre Llobeta. Una mesura que, tot i que tamb\u00e9 aixeca queixes de part del ve\u00efnat, ha estat demanada i vista amb bons ulls per una altra part que vol protegir les places d&#8217;aparcament dels seus carrers, front a altres barris fronterers on ja fa temps que s&#8217;ha de pagar per aparcar-hi.<\/p>\n<p>El calendari de la nova fase apunta que al proper setembre comen\u00e7aran les obres per senyalitzar, pintar i instal\u00b7lar els parqu\u00edmetres. En paral\u00b7lel, s&#8217;enviaran les cartes als ve\u00efns i ve\u00efnes que estrenaran \u00e0rea verda perqu\u00e8 facin els tr\u00e0mits oportuns.<\/p>\n<p>En total l&#8217;actuaci\u00f3 suposa sumar a l&#8217;\u00e0rea 26,\u00a0 644 places m\u00e9s, de manera que es passa de les 1.480 actuals a un total de 2.124. D&#8217;\u00e0rea blava se sumen 15 places m\u00e9s, fins arribar a 107. De c\u00e0rrega i desc\u00e0rrega n&#8217;hi hauran 241, el que suposa 122 places m\u00e9s. I es creen 421 places de moto. En el cas de les places reservades a persones amb diversitat funcional, no hi ha previstos canvis, tot i que l&#8217;Ajuntament afirma que \u00e9s possible que en algun cas s&#8217;hagin de moure o traslladar prop del lloc original.<\/p>\n<p>L\u2019\u00e0rea verda funciona de 8 a 20 h de dilluns a divendres. Fora d\u2019aquest horari, i els dissabtes, diumenges i festius, l\u2019estacionament \u00e9s gratu\u00eft.<\/p>\n","protected":false},"excerpt":{"rendered":"<p>Les tasques pr\u00e8vies de senyalitzaci\u00f3 de les m\u00e9s de 600 noves places es faran al setembre Despr\u00e9s d&#8217;una primera fase<\/p>\n","protected":false},"author":2,"featured_media":77606,"comment_status":"closed","ping_status":"closed","sticky":false,"template":"","format":"standard","meta":{"colormag_page_layout":"default_layout","_monsterinsights_skip_tracking":false,"_monsterinsights_sitenote_active":false,"_monsterinsights_sitenote_note":"","_monsterinsights_sitenote_category":0,"footnotes":""},"categories":[125,142],"tags":[391,253,389],"class_list":["post-77604","post","type-post","status-publish","format-standard","has-post-thumbnail","hentry","category-mobilitat","category-vilapicina-i-la-torre-llobeta","tag-aparcament","tag-mobilitat","tag-vilapicina-i-la-torre-llobeta"],"yoast_head":"<!-- This site is optimized with the Yoast SEO plugin v25.3 - https:\/\/yoast.com\/wordpress\/plugins\/seo\/ -->\n<title>L&#039;\u00e0rea verda de Vilapicina i la Torre Llobeta s&#039;estendr\u00e0 a tot el barri a l&#039;octubre - NouBarris.Net<\/title>\n<meta name=\"robots\" content=\"index, follow, max-snippet:-1, max-image-preview:large, max-video-preview:-1\" \/>\n<link rel=\"canonical\" href=\"https:\/\/www.noubarris.net\/web40\/larea-verda-de-vilapicina-i-la-torre-llobeta-sestendra-a-tot-el-barri-a-loctubre\/\" \/>\n<meta property=\"og:locale\" content=\"ca_ES\" \/>\n<meta property=\"og:type\" content=\"article\" \/>\n<meta property=\"og:title\" content=\"L&#039;\u00e0rea verda de Vilapicina i la Torre Llobeta s&#039;estendr\u00e0 a tot el barri a l&#039;octubre - NouBarris.Net\" \/>\n<meta property=\"og:description\" content=\"Les tasques pr\u00e8vies de senyalitzaci\u00f3 de les m\u00e9s de 600 noves places es faran al setembre Despr\u00e9s d&#8217;una primera fase\" \/>\n<meta property=\"og:url\" content=\"https:\/\/www.noubarris.net\/web40\/larea-verda-de-vilapicina-i-la-torre-llobeta-sestendra-a-tot-el-barri-a-loctubre\/\" \/>\n<meta property=\"og:site_name\" content=\"NouBarris.Net\" \/>\n<meta property=\"article:publisher\" content=\"https:\/\/www.facebook.com\/NouBarris.net\/?locale=es_ES\" \/>\n<meta property=\"article:published_time\" content=\"2021-07-19T22:00:21+00:00\" \/>\n<meta property=\"og:image\" content=\"https:\/\/www.noubarris.net\/web40\/wp-content\/uploads\/2021\/07\/200721b.jpg\" \/>\n\t<meta property=\"og:image:width\" content=\"768\" \/>\n\t<meta property=\"og:image:height\" content=\"432\" \/>\n\t<meta property=\"og:image:type\" content=\"image\/jpeg\" \/>\n<meta name=\"author\" content=\"Informatius\" \/>\n<meta name=\"twitter:card\" content=\"summary_large_image\" \/>\n<meta name=\"twitter:creator\" content=\"@9BTV\" \/>\n<meta name=\"twitter:site\" content=\"@9BTV\" \/>\n<meta name=\"twitter:label1\" content=\"Escrit per\" \/>\n\t<meta name=\"twitter:data1\" content=\"Informatius\" \/>\n\t<meta name=\"twitter:label2\" content=\"Temps estimat de lectura\" \/>\n\t<meta name=\"twitter:data2\" content=\"1 minut\" \/>\n<script type=\"application\/ld+json\" class=\"yoast-schema-graph\">{\"@context\":\"https:\/\/schema.org\",\"@graph\":[{\"@type\":\"Article\",\"@id\":\"https:\/\/www.noubarris.net\/web40\/larea-verda-de-vilapicina-i-la-torre-llobeta-sestendra-a-tot-el-barri-a-loctubre\/#article\",\"isPartOf\":{\"@id\":\"https:\/\/www.noubarris.net\/web40\/larea-verda-de-vilapicina-i-la-torre-llobeta-sestendra-a-tot-el-barri-a-loctubre\/\"},\"author\":{\"name\":\"Informatius\",\"@id\":\"https:\/\/www.noubarris.net\/web40\/#\/schema\/person\/1827f92aaa316c54abbf4dac0de76069\"},\"headline\":\"L&#8217;\u00e0rea verda de Vilapicina i la Torre Llobeta s&#8217;estendr\u00e0 a tot el barri a l&#8217;octubre\",\"datePublished\":\"2021-07-19T22:00:21+00:00\",\"mainEntityOfPage\":{\"@id\":\"https:\/\/www.noubarris.net\/web40\/larea-verda-de-vilapicina-i-la-torre-llobeta-sestendra-a-tot-el-barri-a-loctubre\/\"},\"wordCount\":304,\"publisher\":{\"@id\":\"https:\/\/www.noubarris.net\/web40\/#organization\"},\"image\":{\"@id\":\"https:\/\/www.noubarris.net\/web40\/larea-verda-de-vilapicina-i-la-torre-llobeta-sestendra-a-tot-el-barri-a-loctubre\/#primaryimage\"},\"thumbnailUrl\":\"https:\/\/www.noubarris.net\/web40\/wp-content\/uploads\/2021\/07\/200721b.jpg\",\"keywords\":[\"Aparcament\",\"Mobilitat\",\"Vilapicina i la Torre Llobeta\"],\"articleSection\":[\"Mobilitat\",\"Vilapicina i la Torre Llobeta\"],\"inLanguage\":\"ca\"},{\"@type\":\"WebPage\",\"@id\":\"https:\/\/www.noubarris.net\/web40\/larea-verda-de-vilapicina-i-la-torre-llobeta-sestendra-a-tot-el-barri-a-loctubre\/\",\"url\":\"https:\/\/www.noubarris.net\/web40\/larea-verda-de-vilapicina-i-la-torre-llobeta-sestendra-a-tot-el-barri-a-loctubre\/\",\"name\":\"L'\u00e0rea verda de Vilapicina i la Torre Llobeta s'estendr\u00e0 a tot el barri a l'octubre - NouBarris.Net\",\"isPartOf\":{\"@id\":\"https:\/\/www.noubarris.net\/web40\/#website\"},\"primaryImageOfPage\":{\"@id\":\"https:\/\/www.noubarris.net\/web40\/larea-verda-de-vilapicina-i-la-torre-llobeta-sestendra-a-tot-el-barri-a-loctubre\/#primaryimage\"},\"image\":{\"@id\":\"https:\/\/www.noubarris.net\/web40\/larea-verda-de-vilapicina-i-la-torre-llobeta-sestendra-a-tot-el-barri-a-loctubre\/#primaryimage\"},\"thumbnailUrl\":\"https:\/\/www.noubarris.net\/web40\/wp-content\/uploads\/2021\/07\/200721b.jpg\",\"datePublished\":\"2021-07-19T22:00:21+00:00\",\"breadcrumb\":{\"@id\":\"https:\/\/www.noubarris.net\/web40\/larea-verda-de-vilapicina-i-la-torre-llobeta-sestendra-a-tot-el-barri-a-loctubre\/#breadcrumb\"},\"inLanguage\":\"ca\",\"potentialAction\":[{\"@type\":\"ReadAction\",\"target\":[\"https:\/\/www.noubarris.net\/web40\/larea-verda-de-vilapicina-i-la-torre-llobeta-sestendra-a-tot-el-barri-a-loctubre\/\"]}]},{\"@type\":\"ImageObject\",\"inLanguage\":\"ca\",\"@id\":\"https:\/\/www.noubarris.net\/web40\/larea-verda-de-vilapicina-i-la-torre-llobeta-sestendra-a-tot-el-barri-a-loctubre\/#primaryimage\",\"url\":\"https:\/\/www.noubarris.net\/web40\/wp-content\/uploads\/2021\/07\/200721b.jpg\",\"contentUrl\":\"https:\/\/www.noubarris.net\/web40\/wp-content\/uploads\/2021\/07\/200721b.jpg\",\"width\":768,\"height\":432},{\"@type\":\"BreadcrumbList\",\"@id\":\"https:\/\/www.noubarris.net\/web40\/larea-verda-de-vilapicina-i-la-torre-llobeta-sestendra-a-tot-el-barri-a-loctubre\/#breadcrumb\",\"itemListElement\":[{\"@type\":\"ListItem\",\"position\":1,\"name\":\"Inici\",\"item\":\"https:\/\/www.noubarris.net\/web40\/\"},{\"@type\":\"ListItem\",\"position\":2,\"name\":\"L&#8217;\u00e0rea verda de Vilapicina i la Torre Llobeta s&#8217;estendr\u00e0 a tot el barri a l&#8217;octubre\"}]},{\"@type\":\"WebSite\",\"@id\":\"https:\/\/www.noubarris.net\/web40\/#website\",\"url\":\"https:\/\/www.noubarris.net\/web40\/\",\"name\":\"NouBarris.Net\",\"description\":\"Seguint la vida de Nou Barris des de 1985\",\"publisher\":{\"@id\":\"https:\/\/www.noubarris.net\/web40\/#organization\"},\"potentialAction\":[{\"@type\":\"SearchAction\",\"target\":{\"@type\":\"EntryPoint\",\"urlTemplate\":\"https:\/\/www.noubarris.net\/web40\/?s={search_term_string}\"},\"query-input\":{\"@type\":\"PropertyValueSpecification\",\"valueRequired\":true,\"valueName\":\"search_term_string\"}}],\"inLanguage\":\"ca\"},{\"@type\":\"Organization\",\"@id\":\"https:\/\/www.noubarris.net\/web40\/#organization\",\"name\":\"NouBarris.Net\",\"url\":\"https:\/\/www.noubarris.net\/web40\/\",\"logo\":{\"@type\":\"ImageObject\",\"inLanguage\":\"ca\",\"@id\":\"https:\/\/www.noubarris.net\/web40\/#\/schema\/logo\/image\/\",\"url\":\"https:\/\/www.noubarris.net\/web40\/wp-content\/uploads\/2024\/11\/cropped-cropped-LOGO_9BTV-2024_Insta-1.jpg\",\"contentUrl\":\"https:\/\/www.noubarris.net\/web40\/wp-content\/uploads\/2024\/11\/cropped-cropped-LOGO_9BTV-2024_Insta-1.jpg\",\"width\":512,\"height\":512,\"caption\":\"NouBarris.Net\"},\"image\":{\"@id\":\"https:\/\/www.noubarris.net\/web40\/#\/schema\/logo\/image\/\"},\"sameAs\":[\"https:\/\/www.facebook.com\/NouBarris.net\/?locale=es_ES\",\"https:\/\/x.com\/9BTV\"]},{\"@type\":\"Person\",\"@id\":\"https:\/\/www.noubarris.net\/web40\/#\/schema\/person\/1827f92aaa316c54abbf4dac0de76069\",\"name\":\"Informatius\",\"image\":{\"@type\":\"ImageObject\",\"inLanguage\":\"ca\",\"@id\":\"https:\/\/www.noubarris.net\/web40\/#\/schema\/person\/image\/\",\"url\":\"https:\/\/secure.gravatar.com\/avatar\/87a3b47928835fc72c6ee5b0e1a7263ef0c2d05003a98189bc14926c5f11bcdb?s=96&d=mm&r=g\",\"contentUrl\":\"https:\/\/secure.gravatar.com\/avatar\/87a3b47928835fc72c6ee5b0e1a7263ef0c2d05003a98189bc14926c5f11bcdb?s=96&d=mm&r=g\",\"caption\":\"Informatius\"},\"url\":\"https:\/\/www.noubarris.net\/web40\/author\/tele\/\"}]}<\/script>\n<!-- \/ Yoast SEO plugin. -->","yoast_head_json":{"title":"L'\u00e0rea verda de Vilapicina i la Torre Llobeta s'estendr\u00e0 a tot el barri a l'octubre - NouBarris.Net","robots":{"index":"index","follow":"follow","max-snippet":"max-snippet:-1","max-image-preview":"max-image-preview:large","max-video-preview":"max-video-preview:-1"},"canonical":"https:\/\/www.noubarris.net\/web40\/larea-verda-de-vilapicina-i-la-torre-llobeta-sestendra-a-tot-el-barri-a-loctubre\/","og_locale":"ca_ES","og_type":"article","og_title":"L'\u00e0rea verda de Vilapicina i la Torre Llobeta s'estendr\u00e0 a tot el barri a l'octubre - NouBarris.Net","og_description":"Les tasques pr\u00e8vies de senyalitzaci\u00f3 de les m\u00e9s de 600 noves places es faran al setembre Despr\u00e9s d&#8217;una primera fase","og_url":"https:\/\/www.noubarris.net\/web40\/larea-verda-de-vilapicina-i-la-torre-llobeta-sestendra-a-tot-el-barri-a-loctubre\/","og_site_name":"NouBarris.Net","article_publisher":"https:\/\/www.facebook.com\/NouBarris.net\/?locale=es_ES","article_published_time":"2021-07-19T22:00:21+00:00","og_image":[{"width":768,"height":432,"url":"https:\/\/www.noubarris.net\/web40\/wp-content\/uploads\/2021\/07\/200721b.jpg","type":"image\/jpeg"}],"author":"Informatius","twitter_card":"summary_large_image","twitter_creator":"@9BTV","twitter_site":"@9BTV","twitter_misc":{"Escrit per":"Informatius","Temps estimat de lectura":"1 minut"},"schema":{"@context":"https:\/\/schema.org","@graph":[{"@type":"Article","@id":"https:\/\/www.noubarris.net\/web40\/larea-verda-de-vilapicina-i-la-torre-llobeta-sestendra-a-tot-el-barri-a-loctubre\/#article","isPartOf":{"@id":"https:\/\/www.noubarris.net\/web40\/larea-verda-de-vilapicina-i-la-torre-llobeta-sestendra-a-tot-el-barri-a-loctubre\/"},"author":{"name":"Informatius","@id":"https:\/\/www.noubarris.net\/web40\/#\/schema\/person\/1827f92aaa316c54abbf4dac0de76069"},"headline":"L&#8217;\u00e0rea verda de Vilapicina i la Torre Llobeta s&#8217;estendr\u00e0 a tot el barri a l&#8217;octubre","datePublished":"2021-07-19T22:00:21+00:00","mainEntityOfPage":{"@id":"https:\/\/www.noubarris.net\/web40\/larea-verda-de-vilapicina-i-la-torre-llobeta-sestendra-a-tot-el-barri-a-loctubre\/"},"wordCount":304,"publisher":{"@id":"https:\/\/www.noubarris.net\/web40\/#organization"},"image":{"@id":"https:\/\/www.noubarris.net\/web40\/larea-verda-de-vilapicina-i-la-torre-llobeta-sestendra-a-tot-el-barri-a-loctubre\/#primaryimage"},"thumbnailUrl":"https:\/\/www.noubarris.net\/web40\/wp-content\/uploads\/2021\/07\/200721b.jpg","keywords":["Aparcament","Mobilitat","Vilapicina i la Torre Llobeta"],"articleSection":["Mobilitat","Vilapicina i la Torre Llobeta"],"inLanguage":"ca"},{"@type":"WebPage","@id":"https:\/\/www.noubarris.net\/web40\/larea-verda-de-vilapicina-i-la-torre-llobeta-sestendra-a-tot-el-barri-a-loctubre\/","url":"https:\/\/www.noubarris.net\/web40\/larea-verda-de-vilapicina-i-la-torre-llobeta-sestendra-a-tot-el-barri-a-loctubre\/","name":"L'\u00e0rea verda de Vilapicina i la Torre Llobeta s'estendr\u00e0 a tot el barri a l'octubre - NouBarris.Net","isPartOf":{"@id":"https:\/\/www.noubarris.net\/web40\/#website"},"primaryImageOfPage":{"@id":"https:\/\/www.noubarris.net\/web40\/larea-verda-de-vilapicina-i-la-torre-llobeta-sestendra-a-tot-el-barri-a-loctubre\/#primaryimage"},"image":{"@id":"https:\/\/www.noubarris.net\/web40\/larea-verda-de-vilapicina-i-la-torre-llobeta-sestendra-a-tot-el-barri-a-loctubre\/#primaryimage"},"thumbnailUrl":"https:\/\/www.noubarris.net\/web40\/wp-content\/uploads\/2021\/07\/200721b.jpg","datePublished":"2021-07-19T22:00:21+00:00","breadcrumb":{"@id":"https:\/\/www.noubarris.net\/web40\/larea-verda-de-vilapicina-i-la-torre-llobeta-sestendra-a-tot-el-barri-a-loctubre\/#breadcrumb"},"inLanguage":"ca","potentialAction":[{"@type":"ReadAction","target":["https:\/\/www.noubarris.net\/web40\/larea-verda-de-vilapicina-i-la-torre-llobeta-sestendra-a-tot-el-barri-a-loctubre\/"]}]},{"@type":"ImageObject","inLanguage":"ca","@id":"https:\/\/www.noubarris.net\/web40\/larea-verda-de-vilapicina-i-la-torre-llobeta-sestendra-a-tot-el-barri-a-loctubre\/#primaryimage","url":"https:\/\/www.noubarris.net\/web40\/wp-content\/uploads\/2021\/07\/200721b.jpg","contentUrl":"https:\/\/www.noubarris.net\/web40\/wp-content\/uploads\/2021\/07\/200721b.jpg","width":768,"height":432},{"@type":"BreadcrumbList","@id":"https:\/\/www.noubarris.net\/web40\/larea-verda-de-vilapicina-i-la-torre-llobeta-sestendra-a-tot-el-barri-a-loctubre\/#breadcrumb","itemListElement":[{"@type":"ListItem","position":1,"name":"Inici","item":"https:\/\/www.noubarris.net\/web40\/"},{"@type":"ListItem","position":2,"name":"L&#8217;\u00e0rea verda de Vilapicina i la Torre Llobeta s&#8217;estendr\u00e0 a tot el barri a l&#8217;octubre"}]},{"@type":"WebSite","@id":"https:\/\/www.noubarris.net\/web40\/#website","url":"https:\/\/www.noubarris.net\/web40\/","name":"NouBarris.Net","description":"Seguint la vida de Nou Barris des de 1985","publisher":{"@id":"https:\/\/www.noubarris.net\/web40\/#organization"},"potentialAction":[{"@type":"SearchAction","target":{"@type":"EntryPoint","urlTemplate":"https:\/\/www.noubarris.net\/web40\/?s={search_term_string}"},"query-input":{"@type":"PropertyValueSpecification","valueRequired":true,"valueName":"search_term_string"}}],"inLanguage":"ca"},{"@type":"Organization","@id":"https:\/\/www.noubarris.net\/web40\/#organization","name":"NouBarris.Net","url":"https:\/\/www.noubarris.net\/web40\/","logo":{"@type":"ImageObject","inLanguage":"ca","@id":"https:\/\/www.noubarris.net\/web40\/#\/schema\/logo\/image\/","url":"https:\/\/www.noubarris.net\/web40\/wp-content\/uploads\/2024\/11\/cropped-cropped-LOGO_9BTV-2024_Insta-1.jpg","contentUrl":"https:\/\/www.noubarris.net\/web40\/wp-content\/uploads\/2024\/11\/cropped-cropped-LOGO_9BTV-2024_Insta-1.jpg","width":512,"height":512,"caption":"NouBarris.Net"},"image":{"@id":"https:\/\/www.noubarris.net\/web40\/#\/schema\/logo\/image\/"},"sameAs":["https:\/\/www.facebook.com\/NouBarris.net\/?locale=es_ES","https:\/\/x.com\/9BTV"]},{"@type":"Person","@id":"https:\/\/www.noubarris.net\/web40\/#\/schema\/person\/1827f92aaa316c54abbf4dac0de76069","name":"Informatius","image":{"@type":"ImageObject","inLanguage":"ca","@id":"https:\/\/www.noubarris.net\/web40\/#\/schema\/person\/image\/","url":"https:\/\/secure.gravatar.com\/avatar\/87a3b47928835fc72c6ee5b0e1a7263ef0c2d05003a98189bc14926c5f11bcdb?s=96&d=mm&r=g","contentUrl":"https:\/\/secure.gravatar.com\/avatar\/87a3b47928835fc72c6ee5b0e1a7263ef0c2d05003a98189bc14926c5f11bcdb?s=96&d=mm&r=g","caption":"Informatius"},"url":"https:\/\/www.noubarris.net\/web40\/author\/tele\/"}]}},"_links":{"self":[{"href":"https:\/\/www.noubarris.net\/web40\/wp-json\/wp\/v2\/posts\/77604","targetHints":{"allow":["GET"]}}],"collection":[{"href":"https:\/\/www.noubarris.net\/web40\/wp-json\/wp\/v2\/posts"}],"about":[{"href":"https:\/\/www.noubarris.net\/web40\/wp-json\/wp\/v2\/types\/post"}],"author":[{"embeddable":true,"href":"https:\/\/www.noubarris.net\/web40\/wp-json\/wp\/v2\/users\/2"}],"replies":[{"embeddable":true,"href":"https:\/\/www.noubarris.net\/web40\/wp-json\/wp\/v2\/comments?post=77604"}],"version-history":[{"count":1,"href":"https:\/\/www.noubarris.net\/web40\/wp-json\/wp\/v2\/posts\/77604\/revisions"}],"predecessor-version":[{"id":77607,"href":"https:\/\/www.noubarris.net\/web40\/wp-json\/wp\/v2\/posts\/77604\/revisions\/77607"}],"wp:featuredmedia":[{"embeddable":true,"href":"https:\/\/www.noubarris.net\/web40\/wp-json\/wp\/v2\/media\/77606"}],"wp:attachment":[{"href":"https:\/\/www.noubarris.net\/web40\/wp-json\/wp\/v2\/media?parent=77604"}],"wp:term":[{"taxonomy":"category","embeddable":true,"href":"https:\/\/www.noubarris.net\/web40\/wp-json\/wp\/v2\/categories?post=77604"},{"taxonomy":"post_tag","embeddable":true,"href":"https:\/\/www.noubarris.net\/web40\/wp-json\/wp\/v2\/tags?post=77604"}],"curies":[{"name":"wp","href":"https:\/\/api.w.org\/{rel}","templated":true}]}}