{"id":77608,"date":"2021-07-22T00:00:31","date_gmt":"2021-07-21T22:00:31","guid":{"rendered":"http:\/\/www.noubarris.net\/web40\/?p=77608"},"modified":"2021-07-20T20:04:46","modified_gmt":"2021-07-20T18:04:46","slug":"comencen-les-obres-per-pacificar-lentorn-de-lescola-palma-de-mallorca","status":"publish","type":"post","link":"https:\/\/www.noubarris.net\/web40\/comencen-les-obres-per-pacificar-lentorn-de-lescola-palma-de-mallorca\/","title":{"rendered":"Comencen les obres per pacificar l&#8217;entorn de l&#8217;escola Palma de Mallorca"},"content":{"rendered":"<p><strong>Els treballs duraran fins al 13 d\u2019agost, aprofitant les vacances escolars<\/strong><\/p>\n<p>Aquest estiu es pacificaran els entorns de nou centres escolars del districte en el marc del desplegament del programa \u201cProtegim les Escoles\u201d. Les primeres obres en arrencar han estat les de l&#8217;escola de prim\u00e0ria Palma de Mallorca i l\u2019EBM Ciutat de Mallorca. Els treballs s&#8217;allargaran fins al 13 d\u2019agost i aposten per actuacions d&#8217;urbanisme t\u00e0ctic per tal de fer possible la pacificaci\u00f3 del tr\u00e0nsit al voltant dels equipaments escolars de forma r\u00e0pida i amb menys cost. L&#8217;objectiu \u00e9s evitar accidents i reduir la contaminaci\u00f3 i el soroll que pateixen les fam\u00edlies. L\u2019espai guanyat \u00e9s un punt de trobada, un lloc segur on jugar, compartir i fer vida de barri. En el cas d&#8217;aquests dos centres, a m\u00e9s, la pacificaci\u00f3 se suma a la que ja s&#8217;ha fet a l&#8217;entorn de l&#8217;Ateneu la B\u00f2bila i la nova pla\u00e7a de S\u00f3ller. Es crea doncs, una gran pastilla pacificada per al ve\u00efnat.<\/p>\n<p>Concretament en el cas de l&#8217;escola Palma de Mallorca es faran les seg\u00fcents actuacions:<\/p>\n<p>Es duplicar\u00e0 l\u2019amplada de la vorera actual per esponjar l\u2019espai de davant de l\u2019escola.<br \/>\nS\u2019introduiran elements jugables a partir de l\u2019aprofitament del nou paviment que amplia la vorera. Aix\u00ed, es disposar\u00e0 d\u2019 elements l\u00fadics que permetin el gaudi dels infants en sortir de l\u2019escola.<br \/>\nEs visibilitzar\u00e0 el centre, amb el pintat de l\u2019element que indica l\u2019exist\u00e8ncia d\u2019una escola. Se n\u2019afegir\u00e0 un de suplementari a la cal\u00e7ada del passeig Ciutat de Mallorca a fi de refor\u00e7ar la visualitzaci\u00f3 del centre, i es millorar\u00e0 i complementar\u00e0 tamb\u00e9 la senyalitzaci\u00f3 vi\u00e0ria horitzontal i vertical indicadora de la proximitat d\u2019un centre escolar.<\/p>\n<p>A l&#8217;EBM Ciutat de Mallorca<\/p>\n<p>Pacificaci\u00f3 del carrer de Dei\u00e0, amb limitaci\u00f3 a 30 km\/h de la velocitat en el tram de l\u2019escola.<br \/>\nMillora del pas de vianants a tocar del carrer Estudiant, que permetr\u00e0 millorar la connectivitat del centre educatiu amb la pla\u00e7a de S\u00f3ller.<br \/>\nAmpliaci\u00f3 de la vorera davant de l\u2019escola. El nou espai es protegir\u00e0 amb una barana al llarg de tota la longitud i s\u2019hi instal\u00b7laran bancs, papereres, jardineres i elements jugables. Tamb\u00e9 s\u2019hi far\u00e0 un tractament pict\u00f2ric del s\u00f2l.<br \/>\nVisibilitzaci\u00f3 del centre. Davant dels passos de vianants de l\u2019entorn escolar es pintar\u00e0 l\u2019element que indica l\u2019exist\u00e8ncia d\u2019una escola. Aquesta senyalitzaci\u00f3 inclou tamb\u00e9 els passos de vianants del carrer de Piferrer. A m\u00e9s, es millorar\u00e0 i complementar\u00e0 tamb\u00e9 la senyalitzaci\u00f3 vi\u00e0ria horitzontal i vertical indicadora de la proximitat d\u2019un centre escolar.<\/p>\n","protected":false},"excerpt":{"rendered":"<p>Els treballs duraran fins al 13 d\u2019agost, aprofitant les vacances escolars Aquest estiu es pacificaran els entorns de nou centres<\/p>\n","protected":false},"author":2,"featured_media":77609,"comment_status":"closed","ping_status":"closed","sticky":false,"template":"","format":"standard","meta":{"colormag_page_layout":"default_layout","_monsterinsights_skip_tracking":false,"_monsterinsights_sitenote_active":false,"_monsterinsights_sitenote_note":"","_monsterinsights_sitenote_category":0,"footnotes":""},"categories":[134,302],"tags":[210,253,69],"class_list":["post-77608","post","type-post","status-publish","format-standard","has-post-thumbnail","hentry","category-porta","category-urbanisme","tag-escoles","tag-mobilitat","tag-urbanisme"],"yoast_head":"<!-- This site is optimized with the Yoast SEO plugin v25.3 - https:\/\/yoast.com\/wordpress\/plugins\/seo\/ -->\n<title>Comencen les obres per pacificar l&#039;entorn de l&#039;escola Palma de Mallorca - NouBarris.Net<\/title>\n<meta name=\"robots\" content=\"index, follow, max-snippet:-1, max-image-preview:large, max-video-preview:-1\" \/>\n<link rel=\"canonical\" href=\"https:\/\/www.noubarris.net\/web40\/comencen-les-obres-per-pacificar-lentorn-de-lescola-palma-de-mallorca\/\" \/>\n<meta property=\"og:locale\" content=\"ca_ES\" \/>\n<meta property=\"og:type\" content=\"article\" \/>\n<meta property=\"og:title\" content=\"Comencen les obres per pacificar l&#039;entorn de l&#039;escola Palma de Mallorca - NouBarris.Net\" \/>\n<meta property=\"og:description\" content=\"Els treballs duraran fins al 13 d\u2019agost, aprofitant les vacances escolars Aquest estiu es pacificaran els entorns de nou centres\" \/>\n<meta property=\"og:url\" content=\"https:\/\/www.noubarris.net\/web40\/comencen-les-obres-per-pacificar-lentorn-de-lescola-palma-de-mallorca\/\" \/>\n<meta property=\"og:site_name\" content=\"NouBarris.Net\" \/>\n<meta property=\"article:publisher\" content=\"https:\/\/www.facebook.com\/NouBarris.net\/?locale=es_ES\" \/>\n<meta property=\"article:published_time\" content=\"2021-07-21T22:00:31+00:00\" \/>\n<meta property=\"og:image\" content=\"https:\/\/www.noubarris.net\/web40\/wp-content\/uploads\/2021\/07\/210721.jpg\" \/>\n\t<meta property=\"og:image:width\" content=\"768\" \/>\n\t<meta property=\"og:image:height\" content=\"432\" \/>\n\t<meta property=\"og:image:type\" content=\"image\/jpeg\" \/>\n<meta name=\"author\" content=\"Informatius\" \/>\n<meta name=\"twitter:card\" content=\"summary_large_image\" \/>\n<meta name=\"twitter:creator\" content=\"@9BTV\" \/>\n<meta name=\"twitter:site\" content=\"@9BTV\" \/>\n<meta name=\"twitter:label1\" content=\"Escrit per\" \/>\n\t<meta name=\"twitter:data1\" content=\"Informatius\" \/>\n\t<meta name=\"twitter:label2\" content=\"Temps estimat de lectura\" \/>\n\t<meta name=\"twitter:data2\" content=\"2 minuts\" \/>\n<script type=\"application\/ld+json\" class=\"yoast-schema-graph\">{\"@context\":\"https:\/\/schema.org\",\"@graph\":[{\"@type\":\"Article\",\"@id\":\"https:\/\/www.noubarris.net\/web40\/comencen-les-obres-per-pacificar-lentorn-de-lescola-palma-de-mallorca\/#article\",\"isPartOf\":{\"@id\":\"https:\/\/www.noubarris.net\/web40\/comencen-les-obres-per-pacificar-lentorn-de-lescola-palma-de-mallorca\/\"},\"author\":{\"name\":\"Informatius\",\"@id\":\"https:\/\/www.noubarris.net\/web40\/#\/schema\/person\/1827f92aaa316c54abbf4dac0de76069\"},\"headline\":\"Comencen les obres per pacificar l&#8217;entorn de l&#8217;escola Palma de Mallorca\",\"datePublished\":\"2021-07-21T22:00:31+00:00\",\"mainEntityOfPage\":{\"@id\":\"https:\/\/www.noubarris.net\/web40\/comencen-les-obres-per-pacificar-lentorn-de-lescola-palma-de-mallorca\/\"},\"wordCount\":476,\"publisher\":{\"@id\":\"https:\/\/www.noubarris.net\/web40\/#organization\"},\"image\":{\"@id\":\"https:\/\/www.noubarris.net\/web40\/comencen-les-obres-per-pacificar-lentorn-de-lescola-palma-de-mallorca\/#primaryimage\"},\"thumbnailUrl\":\"https:\/\/www.noubarris.net\/web40\/wp-content\/uploads\/2021\/07\/210721.jpg\",\"keywords\":[\"Escoles\",\"Mobilitat\",\"Urbanisme\"],\"articleSection\":[\"Porta\",\"Urbanisme\"],\"inLanguage\":\"ca\"},{\"@type\":\"WebPage\",\"@id\":\"https:\/\/www.noubarris.net\/web40\/comencen-les-obres-per-pacificar-lentorn-de-lescola-palma-de-mallorca\/\",\"url\":\"https:\/\/www.noubarris.net\/web40\/comencen-les-obres-per-pacificar-lentorn-de-lescola-palma-de-mallorca\/\",\"name\":\"Comencen les obres per pacificar l'entorn de l'escola Palma de Mallorca - NouBarris.Net\",\"isPartOf\":{\"@id\":\"https:\/\/www.noubarris.net\/web40\/#website\"},\"primaryImageOfPage\":{\"@id\":\"https:\/\/www.noubarris.net\/web40\/comencen-les-obres-per-pacificar-lentorn-de-lescola-palma-de-mallorca\/#primaryimage\"},\"image\":{\"@id\":\"https:\/\/www.noubarris.net\/web40\/comencen-les-obres-per-pacificar-lentorn-de-lescola-palma-de-mallorca\/#primaryimage\"},\"thumbnailUrl\":\"https:\/\/www.noubarris.net\/web40\/wp-content\/uploads\/2021\/07\/210721.jpg\",\"datePublished\":\"2021-07-21T22:00:31+00:00\",\"breadcrumb\":{\"@id\":\"https:\/\/www.noubarris.net\/web40\/comencen-les-obres-per-pacificar-lentorn-de-lescola-palma-de-mallorca\/#breadcrumb\"},\"inLanguage\":\"ca\",\"potentialAction\":[{\"@type\":\"ReadAction\",\"target\":[\"https:\/\/www.noubarris.net\/web40\/comencen-les-obres-per-pacificar-lentorn-de-lescola-palma-de-mallorca\/\"]}]},{\"@type\":\"ImageObject\",\"inLanguage\":\"ca\",\"@id\":\"https:\/\/www.noubarris.net\/web40\/comencen-les-obres-per-pacificar-lentorn-de-lescola-palma-de-mallorca\/#primaryimage\",\"url\":\"https:\/\/www.noubarris.net\/web40\/wp-content\/uploads\/2021\/07\/210721.jpg\",\"contentUrl\":\"https:\/\/www.noubarris.net\/web40\/wp-content\/uploads\/2021\/07\/210721.jpg\",\"width\":768,\"height\":432},{\"@type\":\"BreadcrumbList\",\"@id\":\"https:\/\/www.noubarris.net\/web40\/comencen-les-obres-per-pacificar-lentorn-de-lescola-palma-de-mallorca\/#breadcrumb\",\"itemListElement\":[{\"@type\":\"ListItem\",\"position\":1,\"name\":\"Inici\",\"item\":\"https:\/\/www.noubarris.net\/web40\/\"},{\"@type\":\"ListItem\",\"position\":2,\"name\":\"Comencen les obres per pacificar l&#8217;entorn de l&#8217;escola Palma de Mallorca\"}]},{\"@type\":\"WebSite\",\"@id\":\"https:\/\/www.noubarris.net\/web40\/#website\",\"url\":\"https:\/\/www.noubarris.net\/web40\/\",\"name\":\"NouBarris.Net\",\"description\":\"Seguint la vida de Nou Barris des de 1985\",\"publisher\":{\"@id\":\"https:\/\/www.noubarris.net\/web40\/#organization\"},\"potentialAction\":[{\"@type\":\"SearchAction\",\"target\":{\"@type\":\"EntryPoint\",\"urlTemplate\":\"https:\/\/www.noubarris.net\/web40\/?s={search_term_string}\"},\"query-input\":{\"@type\":\"PropertyValueSpecification\",\"valueRequired\":true,\"valueName\":\"search_term_string\"}}],\"inLanguage\":\"ca\"},{\"@type\":\"Organization\",\"@id\":\"https:\/\/www.noubarris.net\/web40\/#organization\",\"name\":\"NouBarris.Net\",\"url\":\"https:\/\/www.noubarris.net\/web40\/\",\"logo\":{\"@type\":\"ImageObject\",\"inLanguage\":\"ca\",\"@id\":\"https:\/\/www.noubarris.net\/web40\/#\/schema\/logo\/image\/\",\"url\":\"https:\/\/www.noubarris.net\/web40\/wp-content\/uploads\/2024\/11\/cropped-cropped-LOGO_9BTV-2024_Insta-1.jpg\",\"contentUrl\":\"https:\/\/www.noubarris.net\/web40\/wp-content\/uploads\/2024\/11\/cropped-cropped-LOGO_9BTV-2024_Insta-1.jpg\",\"width\":512,\"height\":512,\"caption\":\"NouBarris.Net\"},\"image\":{\"@id\":\"https:\/\/www.noubarris.net\/web40\/#\/schema\/logo\/image\/\"},\"sameAs\":[\"https:\/\/www.facebook.com\/NouBarris.net\/?locale=es_ES\",\"https:\/\/x.com\/9BTV\"]},{\"@type\":\"Person\",\"@id\":\"https:\/\/www.noubarris.net\/web40\/#\/schema\/person\/1827f92aaa316c54abbf4dac0de76069\",\"name\":\"Informatius\",\"image\":{\"@type\":\"ImageObject\",\"inLanguage\":\"ca\",\"@id\":\"https:\/\/www.noubarris.net\/web40\/#\/schema\/person\/image\/\",\"url\":\"https:\/\/secure.gravatar.com\/avatar\/87a3b47928835fc72c6ee5b0e1a7263ef0c2d05003a98189bc14926c5f11bcdb?s=96&d=mm&r=g\",\"contentUrl\":\"https:\/\/secure.gravatar.com\/avatar\/87a3b47928835fc72c6ee5b0e1a7263ef0c2d05003a98189bc14926c5f11bcdb?s=96&d=mm&r=g\",\"caption\":\"Informatius\"},\"url\":\"https:\/\/www.noubarris.net\/web40\/author\/tele\/\"}]}<\/script>\n<!-- \/ Yoast SEO plugin. -->","yoast_head_json":{"title":"Comencen les obres per pacificar l'entorn de l'escola Palma de Mallorca - NouBarris.Net","robots":{"index":"index","follow":"follow","max-snippet":"max-snippet:-1","max-image-preview":"max-image-preview:large","max-video-preview":"max-video-preview:-1"},"canonical":"https:\/\/www.noubarris.net\/web40\/comencen-les-obres-per-pacificar-lentorn-de-lescola-palma-de-mallorca\/","og_locale":"ca_ES","og_type":"article","og_title":"Comencen les obres per pacificar l'entorn de l'escola Palma de Mallorca - NouBarris.Net","og_description":"Els treballs duraran fins al 13 d\u2019agost, aprofitant les vacances escolars Aquest estiu es pacificaran els entorns de nou centres","og_url":"https:\/\/www.noubarris.net\/web40\/comencen-les-obres-per-pacificar-lentorn-de-lescola-palma-de-mallorca\/","og_site_name":"NouBarris.Net","article_publisher":"https:\/\/www.facebook.com\/NouBarris.net\/?locale=es_ES","article_published_time":"2021-07-21T22:00:31+00:00","og_image":[{"width":768,"height":432,"url":"https:\/\/www.noubarris.net\/web40\/wp-content\/uploads\/2021\/07\/210721.jpg","type":"image\/jpeg"}],"author":"Informatius","twitter_card":"summary_large_image","twitter_creator":"@9BTV","twitter_site":"@9BTV","twitter_misc":{"Escrit per":"Informatius","Temps estimat de lectura":"2 minuts"},"schema":{"@context":"https:\/\/schema.org","@graph":[{"@type":"Article","@id":"https:\/\/www.noubarris.net\/web40\/comencen-les-obres-per-pacificar-lentorn-de-lescola-palma-de-mallorca\/#article","isPartOf":{"@id":"https:\/\/www.noubarris.net\/web40\/comencen-les-obres-per-pacificar-lentorn-de-lescola-palma-de-mallorca\/"},"author":{"name":"Informatius","@id":"https:\/\/www.noubarris.net\/web40\/#\/schema\/person\/1827f92aaa316c54abbf4dac0de76069"},"headline":"Comencen les obres per pacificar l&#8217;entorn de l&#8217;escola Palma de Mallorca","datePublished":"2021-07-21T22:00:31+00:00","mainEntityOfPage":{"@id":"https:\/\/www.noubarris.net\/web40\/comencen-les-obres-per-pacificar-lentorn-de-lescola-palma-de-mallorca\/"},"wordCount":476,"publisher":{"@id":"https:\/\/www.noubarris.net\/web40\/#organization"},"image":{"@id":"https:\/\/www.noubarris.net\/web40\/comencen-les-obres-per-pacificar-lentorn-de-lescola-palma-de-mallorca\/#primaryimage"},"thumbnailUrl":"https:\/\/www.noubarris.net\/web40\/wp-content\/uploads\/2021\/07\/210721.jpg","keywords":["Escoles","Mobilitat","Urbanisme"],"articleSection":["Porta","Urbanisme"],"inLanguage":"ca"},{"@type":"WebPage","@id":"https:\/\/www.noubarris.net\/web40\/comencen-les-obres-per-pacificar-lentorn-de-lescola-palma-de-mallorca\/","url":"https:\/\/www.noubarris.net\/web40\/comencen-les-obres-per-pacificar-lentorn-de-lescola-palma-de-mallorca\/","name":"Comencen les obres per pacificar l'entorn de l'escola Palma de Mallorca - NouBarris.Net","isPartOf":{"@id":"https:\/\/www.noubarris.net\/web40\/#website"},"primaryImageOfPage":{"@id":"https:\/\/www.noubarris.net\/web40\/comencen-les-obres-per-pacificar-lentorn-de-lescola-palma-de-mallorca\/#primaryimage"},"image":{"@id":"https:\/\/www.noubarris.net\/web40\/comencen-les-obres-per-pacificar-lentorn-de-lescola-palma-de-mallorca\/#primaryimage"},"thumbnailUrl":"https:\/\/www.noubarris.net\/web40\/wp-content\/uploads\/2021\/07\/210721.jpg","datePublished":"2021-07-21T22:00:31+00:00","breadcrumb":{"@id":"https:\/\/www.noubarris.net\/web40\/comencen-les-obres-per-pacificar-lentorn-de-lescola-palma-de-mallorca\/#breadcrumb"},"inLanguage":"ca","potentialAction":[{"@type":"ReadAction","target":["https:\/\/www.noubarris.net\/web40\/comencen-les-obres-per-pacificar-lentorn-de-lescola-palma-de-mallorca\/"]}]},{"@type":"ImageObject","inLanguage":"ca","@id":"https:\/\/www.noubarris.net\/web40\/comencen-les-obres-per-pacificar-lentorn-de-lescola-palma-de-mallorca\/#primaryimage","url":"https:\/\/www.noubarris.net\/web40\/wp-content\/uploads\/2021\/07\/210721.jpg","contentUrl":"https:\/\/www.noubarris.net\/web40\/wp-content\/uploads\/2021\/07\/210721.jpg","width":768,"height":432},{"@type":"BreadcrumbList","@id":"https:\/\/www.noubarris.net\/web40\/comencen-les-obres-per-pacificar-lentorn-de-lescola-palma-de-mallorca\/#breadcrumb","itemListElement":[{"@type":"ListItem","position":1,"name":"Inici","item":"https:\/\/www.noubarris.net\/web40\/"},{"@type":"ListItem","position":2,"name":"Comencen les obres per pacificar l&#8217;entorn de l&#8217;escola Palma de Mallorca"}]},{"@type":"WebSite","@id":"https:\/\/www.noubarris.net\/web40\/#website","url":"https:\/\/www.noubarris.net\/web40\/","name":"NouBarris.Net","description":"Seguint la vida de Nou Barris des de 1985","publisher":{"@id":"https:\/\/www.noubarris.net\/web40\/#organization"},"potentialAction":[{"@type":"SearchAction","target":{"@type":"EntryPoint","urlTemplate":"https:\/\/www.noubarris.net\/web40\/?s={search_term_string}"},"query-input":{"@type":"PropertyValueSpecification","valueRequired":true,"valueName":"search_term_string"}}],"inLanguage":"ca"},{"@type":"Organization","@id":"https:\/\/www.noubarris.net\/web40\/#organization","name":"NouBarris.Net","url":"https:\/\/www.noubarris.net\/web40\/","logo":{"@type":"ImageObject","inLanguage":"ca","@id":"https:\/\/www.noubarris.net\/web40\/#\/schema\/logo\/image\/","url":"https:\/\/www.noubarris.net\/web40\/wp-content\/uploads\/2024\/11\/cropped-cropped-LOGO_9BTV-2024_Insta-1.jpg","contentUrl":"https:\/\/www.noubarris.net\/web40\/wp-content\/uploads\/2024\/11\/cropped-cropped-LOGO_9BTV-2024_Insta-1.jpg","width":512,"height":512,"caption":"NouBarris.Net"},"image":{"@id":"https:\/\/www.noubarris.net\/web40\/#\/schema\/logo\/image\/"},"sameAs":["https:\/\/www.facebook.com\/NouBarris.net\/?locale=es_ES","https:\/\/x.com\/9BTV"]},{"@type":"Person","@id":"https:\/\/www.noubarris.net\/web40\/#\/schema\/person\/1827f92aaa316c54abbf4dac0de76069","name":"Informatius","image":{"@type":"ImageObject","inLanguage":"ca","@id":"https:\/\/www.noubarris.net\/web40\/#\/schema\/person\/image\/","url":"https:\/\/secure.gravatar.com\/avatar\/87a3b47928835fc72c6ee5b0e1a7263ef0c2d05003a98189bc14926c5f11bcdb?s=96&d=mm&r=g","contentUrl":"https:\/\/secure.gravatar.com\/avatar\/87a3b47928835fc72c6ee5b0e1a7263ef0c2d05003a98189bc14926c5f11bcdb?s=96&d=mm&r=g","caption":"Informatius"},"url":"https:\/\/www.noubarris.net\/web40\/author\/tele\/"}]}},"_links":{"self":[{"href":"https:\/\/www.noubarris.net\/web40\/wp-json\/wp\/v2\/posts\/77608","targetHints":{"allow":["GET"]}}],"collection":[{"href":"https:\/\/www.noubarris.net\/web40\/wp-json\/wp\/v2\/posts"}],"about":[{"href":"https:\/\/www.noubarris.net\/web40\/wp-json\/wp\/v2\/types\/post"}],"author":[{"embeddable":true,"href":"https:\/\/www.noubarris.net\/web40\/wp-json\/wp\/v2\/users\/2"}],"replies":[{"embeddable":true,"href":"https:\/\/www.noubarris.net\/web40\/wp-json\/wp\/v2\/comments?post=77608"}],"version-history":[{"count":1,"href":"https:\/\/www.noubarris.net\/web40\/wp-json\/wp\/v2\/posts\/77608\/revisions"}],"predecessor-version":[{"id":77610,"href":"https:\/\/www.noubarris.net\/web40\/wp-json\/wp\/v2\/posts\/77608\/revisions\/77610"}],"wp:featuredmedia":[{"embeddable":true,"href":"https:\/\/www.noubarris.net\/web40\/wp-json\/wp\/v2\/media\/77609"}],"wp:attachment":[{"href":"https:\/\/www.noubarris.net\/web40\/wp-json\/wp\/v2\/media?parent=77608"}],"wp:term":[{"taxonomy":"category","embeddable":true,"href":"https:\/\/www.noubarris.net\/web40\/wp-json\/wp\/v2\/categories?post=77608"},{"taxonomy":"post_tag","embeddable":true,"href":"https:\/\/www.noubarris.net\/web40\/wp-json\/wp\/v2\/tags?post=77608"}],"curies":[{"name":"wp","href":"https:\/\/api.w.org\/{rel}","templated":true}]}}