{"id":77687,"date":"2021-07-23T19:00:21","date_gmt":"2021-07-23T17:00:21","guid":{"rendered":"http:\/\/www.noubarris.net\/web40\/?p=77687"},"modified":"2021-07-23T19:00:21","modified_gmt":"2021-07-23T17:00:21","slug":"cultura-afroamericana-i-fusio-destils-amb-el-say-it-loud","status":"publish","type":"post","link":"https:\/\/www.noubarris.net\/web40\/cultura-afroamericana-i-fusio-destils-amb-el-say-it-loud\/","title":{"rendered":"Cultura afroamericana i fusi\u00f3 d&#8217;estils amb el Say It Loud"},"content":{"rendered":"<p><strong>Nou cap de setmana de concerts del cicle &#8216;L&#8217;Estiu, al Pati!&#8217;<\/strong><\/p>\n<p>Avui i dem\u00e0 el Pati de la Seu del Districte es converteix en escenari de les propostes trencadores i diverses del Say It Loud, que el focus sobre\u00a0 la cultura afroamericana. Durant les dues nits passaran per Nou Barris artistes com Lauren Nine &amp; AWWZ, Telewawachi Kilili, Hip Horns Brass Collective, Memi Sillah Group, Gregori Hollis i Mancha \u2018E Pl\u00e1tano y su Corillo.<\/p>\n<p>Les entrades pels concerts s\u00f3n gratu\u00eftes per\u00f2 requereixen <a href=\"http:\/\/sayitloud.cat\/entrades\/say-it-loud-al-pati-2021\/\"><strong>reserva pr\u00e8via a trav\u00e9s del web oficial<\/strong><\/a>.<\/p>\n<p>La programaci\u00f3 d&#8217;avui \u00e9s la seg\u00fcent:<\/p>\n<p>&#8211;\u00a0\u00a019h Lauren Nine &amp; AWWZ: Naughty significa entremaliada, dolenta o desobedient. Aix\u00ed es titula el nou E.P. compost per 4 tracks on la cantant Lauren Nine i la DJ\/Productora AWWZ han unit forces per mostrar la seva nova faceta experimental, fresca i plena d&#8217;energia, expressant que sortir de la zona de confort i trobar-se en un punt mig \u00e9s una experi\u00e8ncia \u00fanica, apoderant i molt gratificant. Del toc electr\u00f2nic de \u201cDime qu\u00e9 quieres saber\u201d als aires m\u00e9s hip-hop del seu primer single \u201cNaughty World\u201d, passant pel RnB en catal\u00e0 de \u201cSurt del meu cap\u201d o el garage d&#8217;inspiraci\u00f3 londinenca de \u201cTonite\u201d, Naughty \u00e9s un projecte que reivindica el paper de la dona productora musical en la ind\u00fastria i que ara porten als escenaris en una fusi\u00f3 d&#8217;estils i emocions<\/p>\n<p>&#8211;\u00a0\u00a021h Telewawachi Kilili: col\u00b7lectiu de vuit m\u00fasics residents a Barcelona que, units per la seva passi\u00f3 per la m\u00fasica et\u00edop, s\u2019embarquen en un viatge exploratori pels hipn\u00f2tics sons de la banya d&#8217;\u00c0frica impregnat de colors psicod\u00e8lics, harmonies jazz\u00edstiques, ritmes llatins, sabors afroamericans i deliris avant-garde. Tot un periple d&#8217;anades i vingudes que es veu reflectit en el seu primer disc de estudi titulat \u201cOtus Scops\u201d i en un potent directe que convida a ballar i gaudir al son d&#8217;aquesta poci\u00f3 sonora, barreja de temes de collita pr\u00f2pia i interpretacions de cl\u00e0ssics et\u00edops com Hailu Mergia, Mulat Astatke, Getatchew Mekurya o les germanes Bekele<\/p>\n<p>&#8211;\u00a0\u00a023h Hip Horns Brass Collective: brass band barcelonina que combina elements del hip hop, el funk i el jazz en una poderosa mescla que infon molt bones vibracions. La formaci\u00f3 compta amb tres generacions de m\u00fasics de jazz i m\u00fasica moderna i inclou des de m\u00fasics amb m\u00e9s de vint anys d\u2019experi\u00e8ncia i referents de la m\u00fasica de New Orleans fins a brillants m\u00fasics i m\u00fasiques que acaben de sortir del conservatori o que estan ampliant els seus estudis. Aquesta combinaci\u00f3 de formaci\u00f3 i bagatge els ha perm\u00e8s trobar la f\u00f3rmula d\u2019un so \u00fanic que diferencia Hip Horns de la resta de projectes d\u2019aquest tipus a Europa. A L\u2019Estiu, al Pati! comptaran amb diverses col\u00b7laboracions de cantants i MC\u2019s per acabar d\u2019arrodonir el seu potent show.<\/p>\n<p>&nbsp;<\/p>\n<p>Dem\u00e0 diumenge:<\/p>\n<p>-19h Memi Sillah Group: cantant i trompetista, Memi Sillah va iniciar la seva carrera musical en el m\u00f3n de la m\u00fasica jamaicana amb projectes propis i participant amb diferents artistes i enregistraments com el disc \u201cMillion Dollar Reggae\u201d, amb Double Jabs. Despr\u00e9s de descobrir el jazz, Memi Sillah Group \u00e9s el projecte personal de l\u2019artista on vol acostar els dos g\u00e8neres en una clara aposta per la tradici\u00f3 de la m\u00fasica d\u2019arrels negres i per la innovaci\u00f3 de la fusi\u00f3 d\u2019estils. El grup est\u00e0 format per cinc m\u00fasics que utilitzen els ritmes caribenys i les harmonies del jazz per crear una mescla dol\u00e7a i sofisticada i un directe m\u00e0gic<\/p>\n<p>&#8211; 21h Gregori Hollis: el jove trompetista catal\u00e0 Gregori Hollis destaca per la seva versatilitat no nom\u00e9s com a int\u00e8rpret i solista, sin\u00f3 tamb\u00e9 com a compositor i arranjador. Format amb la solista internacional Mireia Farr\u00e9s, el novaiorqu\u00e8s Greg Gisbert i el reconegut saxofonista catal\u00e0 Llibert Fortuny, entre d\u2019altres, durant els darrers anys ha aprofundit en el g\u00e8nere afrocub\u00e0 i el resultat \u00e9s el seu nou \u00e0lbum \u201cLanding\u201d, un treball on les melodies i els ritmes llatins prenen forma mitjan\u00e7ant l\u2019\u00e0mplia paleta sonora del jazz. A trav\u00e9s d\u2019un repertori basat exclusivament en composicions originals, la sonoritat del grup sorpr\u00e8n per la seva frescor, autenticitat i mal\u00b7leabilitat, virant en ocasions cap a un llenguatge m\u00e9s modern o fins i tot exhibint aires reminiscents del flamenc mediterrani<\/p>\n<p>&#8211; 23h Mancha \u2018E Pl\u00e1tano y su Corillo: Mancha \u2018E Pl\u00e1tano \u00e9s un grup de percussi\u00f3, cant, poesia i ball enfocat a la bomba, m\u00fasica afro-descendent que neix a les hisendes sucreres al segle XVI a Puerto Rico. Les artistes porto-riquenyes \u00c1mbar Rosado, Daniela Torres, Marina Molina i Isadora L\u00f3pez, tenen com a objectiu exposar l&#8217;experi\u00e8ncia de la bomba a nous p\u00fablics al seu voltant, donant a con\u00e8ixer els seus c\u00e0ntics, ritmes i passos que porten la hist\u00f2ria de les seves dones, esclaus i cimarrons. Per a l\u2019ocasi\u00f3 ens brindaran un show en format big band, acompanyades de cinc m\u00fasics.<\/p>\n","protected":false},"excerpt":{"rendered":"<p>Nou cap de setmana de concerts del cicle &#8216;L&#8217;Estiu, al Pati!&#8217; Avui i dem\u00e0 el Pati de la Seu del<\/p>\n","protected":false},"author":2,"featured_media":77688,"comment_status":"closed","ping_status":"closed","sticky":false,"template":"","format":"standard","meta":{"colormag_page_layout":"default_layout","_monsterinsights_skip_tracking":false,"_monsterinsights_sitenote_active":false,"_monsterinsights_sitenote_note":"","_monsterinsights_sitenote_category":0,"footnotes":""},"categories":[129,133],"tags":[629,317,529],"class_list":["post-77687","post","type-post","status-publish","format-standard","has-post-thumbnail","hentry","category-cultura","category-la-guineueta","tag-concerts","tag-musica","tag-seu-del-districte"],"yoast_head":"<!-- This site is optimized with the Yoast SEO plugin v25.3 - https:\/\/yoast.com\/wordpress\/plugins\/seo\/ -->\n<title>Cultura afroamericana i fusi\u00f3 d&#039;estils amb el Say It Loud - NouBarris.Net<\/title>\n<meta name=\"robots\" content=\"index, follow, max-snippet:-1, max-image-preview:large, max-video-preview:-1\" \/>\n<link rel=\"canonical\" href=\"https:\/\/www.noubarris.net\/web40\/cultura-afroamericana-i-fusio-destils-amb-el-say-it-loud\/\" \/>\n<meta property=\"og:locale\" content=\"ca_ES\" \/>\n<meta property=\"og:type\" content=\"article\" \/>\n<meta property=\"og:title\" content=\"Cultura afroamericana i fusi\u00f3 d&#039;estils amb el Say It Loud - NouBarris.Net\" \/>\n<meta property=\"og:description\" content=\"Nou cap de setmana de concerts del cicle &#8216;L&#8217;Estiu, al Pati!&#8217; Avui i dem\u00e0 el Pati de la Seu del\" \/>\n<meta property=\"og:url\" content=\"https:\/\/www.noubarris.net\/web40\/cultura-afroamericana-i-fusio-destils-amb-el-say-it-loud\/\" \/>\n<meta property=\"og:site_name\" content=\"NouBarris.Net\" \/>\n<meta property=\"article:publisher\" content=\"https:\/\/www.facebook.com\/NouBarris.net\/?locale=es_ES\" \/>\n<meta property=\"article:published_time\" content=\"2021-07-23T17:00:21+00:00\" \/>\n<meta property=\"og:image\" content=\"https:\/\/www.noubarris.net\/web40\/wp-content\/uploads\/2021\/07\/240721.jpg\" \/>\n\t<meta property=\"og:image:width\" content=\"768\" \/>\n\t<meta property=\"og:image:height\" content=\"432\" \/>\n\t<meta property=\"og:image:type\" content=\"image\/jpeg\" \/>\n<meta name=\"author\" content=\"Informatius\" \/>\n<meta name=\"twitter:card\" content=\"summary_large_image\" \/>\n<meta name=\"twitter:creator\" content=\"@9BTV\" \/>\n<meta name=\"twitter:site\" content=\"@9BTV\" \/>\n<meta name=\"twitter:label1\" content=\"Escrit per\" \/>\n\t<meta name=\"twitter:data1\" content=\"Informatius\" \/>\n\t<meta name=\"twitter:label2\" content=\"Temps estimat de lectura\" \/>\n\t<meta name=\"twitter:data2\" content=\"4 minuts\" \/>\n<script type=\"application\/ld+json\" class=\"yoast-schema-graph\">{\"@context\":\"https:\/\/schema.org\",\"@graph\":[{\"@type\":\"Article\",\"@id\":\"https:\/\/www.noubarris.net\/web40\/cultura-afroamericana-i-fusio-destils-amb-el-say-it-loud\/#article\",\"isPartOf\":{\"@id\":\"https:\/\/www.noubarris.net\/web40\/cultura-afroamericana-i-fusio-destils-amb-el-say-it-loud\/\"},\"author\":{\"name\":\"Informatius\",\"@id\":\"https:\/\/www.noubarris.net\/web40\/#\/schema\/person\/1827f92aaa316c54abbf4dac0de76069\"},\"headline\":\"Cultura afroamericana i fusi\u00f3 d&#8217;estils amb el Say It Loud\",\"datePublished\":\"2021-07-23T17:00:21+00:00\",\"mainEntityOfPage\":{\"@id\":\"https:\/\/www.noubarris.net\/web40\/cultura-afroamericana-i-fusio-destils-amb-el-say-it-loud\/\"},\"wordCount\":888,\"publisher\":{\"@id\":\"https:\/\/www.noubarris.net\/web40\/#organization\"},\"image\":{\"@id\":\"https:\/\/www.noubarris.net\/web40\/cultura-afroamericana-i-fusio-destils-amb-el-say-it-loud\/#primaryimage\"},\"thumbnailUrl\":\"https:\/\/www.noubarris.net\/web40\/wp-content\/uploads\/2021\/07\/240721.jpg\",\"keywords\":[\"concerts\",\"M\u00fasica\",\"seu del districte\"],\"articleSection\":[\"Cultura\",\"La Guineueta\"],\"inLanguage\":\"ca\"},{\"@type\":\"WebPage\",\"@id\":\"https:\/\/www.noubarris.net\/web40\/cultura-afroamericana-i-fusio-destils-amb-el-say-it-loud\/\",\"url\":\"https:\/\/www.noubarris.net\/web40\/cultura-afroamericana-i-fusio-destils-amb-el-say-it-loud\/\",\"name\":\"Cultura afroamericana i fusi\u00f3 d'estils amb el Say It Loud - NouBarris.Net\",\"isPartOf\":{\"@id\":\"https:\/\/www.noubarris.net\/web40\/#website\"},\"primaryImageOfPage\":{\"@id\":\"https:\/\/www.noubarris.net\/web40\/cultura-afroamericana-i-fusio-destils-amb-el-say-it-loud\/#primaryimage\"},\"image\":{\"@id\":\"https:\/\/www.noubarris.net\/web40\/cultura-afroamericana-i-fusio-destils-amb-el-say-it-loud\/#primaryimage\"},\"thumbnailUrl\":\"https:\/\/www.noubarris.net\/web40\/wp-content\/uploads\/2021\/07\/240721.jpg\",\"datePublished\":\"2021-07-23T17:00:21+00:00\",\"breadcrumb\":{\"@id\":\"https:\/\/www.noubarris.net\/web40\/cultura-afroamericana-i-fusio-destils-amb-el-say-it-loud\/#breadcrumb\"},\"inLanguage\":\"ca\",\"potentialAction\":[{\"@type\":\"ReadAction\",\"target\":[\"https:\/\/www.noubarris.net\/web40\/cultura-afroamericana-i-fusio-destils-amb-el-say-it-loud\/\"]}]},{\"@type\":\"ImageObject\",\"inLanguage\":\"ca\",\"@id\":\"https:\/\/www.noubarris.net\/web40\/cultura-afroamericana-i-fusio-destils-amb-el-say-it-loud\/#primaryimage\",\"url\":\"https:\/\/www.noubarris.net\/web40\/wp-content\/uploads\/2021\/07\/240721.jpg\",\"contentUrl\":\"https:\/\/www.noubarris.net\/web40\/wp-content\/uploads\/2021\/07\/240721.jpg\",\"width\":768,\"height\":432},{\"@type\":\"BreadcrumbList\",\"@id\":\"https:\/\/www.noubarris.net\/web40\/cultura-afroamericana-i-fusio-destils-amb-el-say-it-loud\/#breadcrumb\",\"itemListElement\":[{\"@type\":\"ListItem\",\"position\":1,\"name\":\"Inici\",\"item\":\"https:\/\/www.noubarris.net\/web40\/\"},{\"@type\":\"ListItem\",\"position\":2,\"name\":\"Cultura afroamericana i fusi\u00f3 d&#8217;estils amb el Say It Loud\"}]},{\"@type\":\"WebSite\",\"@id\":\"https:\/\/www.noubarris.net\/web40\/#website\",\"url\":\"https:\/\/www.noubarris.net\/web40\/\",\"name\":\"NouBarris.Net\",\"description\":\"Seguint la vida de Nou Barris des de 1985\",\"publisher\":{\"@id\":\"https:\/\/www.noubarris.net\/web40\/#organization\"},\"potentialAction\":[{\"@type\":\"SearchAction\",\"target\":{\"@type\":\"EntryPoint\",\"urlTemplate\":\"https:\/\/www.noubarris.net\/web40\/?s={search_term_string}\"},\"query-input\":{\"@type\":\"PropertyValueSpecification\",\"valueRequired\":true,\"valueName\":\"search_term_string\"}}],\"inLanguage\":\"ca\"},{\"@type\":\"Organization\",\"@id\":\"https:\/\/www.noubarris.net\/web40\/#organization\",\"name\":\"NouBarris.Net\",\"url\":\"https:\/\/www.noubarris.net\/web40\/\",\"logo\":{\"@type\":\"ImageObject\",\"inLanguage\":\"ca\",\"@id\":\"https:\/\/www.noubarris.net\/web40\/#\/schema\/logo\/image\/\",\"url\":\"https:\/\/www.noubarris.net\/web40\/wp-content\/uploads\/2024\/11\/cropped-cropped-LOGO_9BTV-2024_Insta-1.jpg\",\"contentUrl\":\"https:\/\/www.noubarris.net\/web40\/wp-content\/uploads\/2024\/11\/cropped-cropped-LOGO_9BTV-2024_Insta-1.jpg\",\"width\":512,\"height\":512,\"caption\":\"NouBarris.Net\"},\"image\":{\"@id\":\"https:\/\/www.noubarris.net\/web40\/#\/schema\/logo\/image\/\"},\"sameAs\":[\"https:\/\/www.facebook.com\/NouBarris.net\/?locale=es_ES\",\"https:\/\/x.com\/9BTV\"]},{\"@type\":\"Person\",\"@id\":\"https:\/\/www.noubarris.net\/web40\/#\/schema\/person\/1827f92aaa316c54abbf4dac0de76069\",\"name\":\"Informatius\",\"image\":{\"@type\":\"ImageObject\",\"inLanguage\":\"ca\",\"@id\":\"https:\/\/www.noubarris.net\/web40\/#\/schema\/person\/image\/\",\"url\":\"https:\/\/secure.gravatar.com\/avatar\/87a3b47928835fc72c6ee5b0e1a7263ef0c2d05003a98189bc14926c5f11bcdb?s=96&d=mm&r=g\",\"contentUrl\":\"https:\/\/secure.gravatar.com\/avatar\/87a3b47928835fc72c6ee5b0e1a7263ef0c2d05003a98189bc14926c5f11bcdb?s=96&d=mm&r=g\",\"caption\":\"Informatius\"},\"url\":\"https:\/\/www.noubarris.net\/web40\/author\/tele\/\"}]}<\/script>\n<!-- \/ Yoast SEO plugin. -->","yoast_head_json":{"title":"Cultura afroamericana i fusi\u00f3 d'estils amb el Say It Loud - NouBarris.Net","robots":{"index":"index","follow":"follow","max-snippet":"max-snippet:-1","max-image-preview":"max-image-preview:large","max-video-preview":"max-video-preview:-1"},"canonical":"https:\/\/www.noubarris.net\/web40\/cultura-afroamericana-i-fusio-destils-amb-el-say-it-loud\/","og_locale":"ca_ES","og_type":"article","og_title":"Cultura afroamericana i fusi\u00f3 d'estils amb el Say It Loud - NouBarris.Net","og_description":"Nou cap de setmana de concerts del cicle &#8216;L&#8217;Estiu, al Pati!&#8217; Avui i dem\u00e0 el Pati de la Seu del","og_url":"https:\/\/www.noubarris.net\/web40\/cultura-afroamericana-i-fusio-destils-amb-el-say-it-loud\/","og_site_name":"NouBarris.Net","article_publisher":"https:\/\/www.facebook.com\/NouBarris.net\/?locale=es_ES","article_published_time":"2021-07-23T17:00:21+00:00","og_image":[{"width":768,"height":432,"url":"https:\/\/www.noubarris.net\/web40\/wp-content\/uploads\/2021\/07\/240721.jpg","type":"image\/jpeg"}],"author":"Informatius","twitter_card":"summary_large_image","twitter_creator":"@9BTV","twitter_site":"@9BTV","twitter_misc":{"Escrit per":"Informatius","Temps estimat de lectura":"4 minuts"},"schema":{"@context":"https:\/\/schema.org","@graph":[{"@type":"Article","@id":"https:\/\/www.noubarris.net\/web40\/cultura-afroamericana-i-fusio-destils-amb-el-say-it-loud\/#article","isPartOf":{"@id":"https:\/\/www.noubarris.net\/web40\/cultura-afroamericana-i-fusio-destils-amb-el-say-it-loud\/"},"author":{"name":"Informatius","@id":"https:\/\/www.noubarris.net\/web40\/#\/schema\/person\/1827f92aaa316c54abbf4dac0de76069"},"headline":"Cultura afroamericana i fusi\u00f3 d&#8217;estils amb el Say It Loud","datePublished":"2021-07-23T17:00:21+00:00","mainEntityOfPage":{"@id":"https:\/\/www.noubarris.net\/web40\/cultura-afroamericana-i-fusio-destils-amb-el-say-it-loud\/"},"wordCount":888,"publisher":{"@id":"https:\/\/www.noubarris.net\/web40\/#organization"},"image":{"@id":"https:\/\/www.noubarris.net\/web40\/cultura-afroamericana-i-fusio-destils-amb-el-say-it-loud\/#primaryimage"},"thumbnailUrl":"https:\/\/www.noubarris.net\/web40\/wp-content\/uploads\/2021\/07\/240721.jpg","keywords":["concerts","M\u00fasica","seu del districte"],"articleSection":["Cultura","La Guineueta"],"inLanguage":"ca"},{"@type":"WebPage","@id":"https:\/\/www.noubarris.net\/web40\/cultura-afroamericana-i-fusio-destils-amb-el-say-it-loud\/","url":"https:\/\/www.noubarris.net\/web40\/cultura-afroamericana-i-fusio-destils-amb-el-say-it-loud\/","name":"Cultura afroamericana i fusi\u00f3 d'estils amb el Say It Loud - NouBarris.Net","isPartOf":{"@id":"https:\/\/www.noubarris.net\/web40\/#website"},"primaryImageOfPage":{"@id":"https:\/\/www.noubarris.net\/web40\/cultura-afroamericana-i-fusio-destils-amb-el-say-it-loud\/#primaryimage"},"image":{"@id":"https:\/\/www.noubarris.net\/web40\/cultura-afroamericana-i-fusio-destils-amb-el-say-it-loud\/#primaryimage"},"thumbnailUrl":"https:\/\/www.noubarris.net\/web40\/wp-content\/uploads\/2021\/07\/240721.jpg","datePublished":"2021-07-23T17:00:21+00:00","breadcrumb":{"@id":"https:\/\/www.noubarris.net\/web40\/cultura-afroamericana-i-fusio-destils-amb-el-say-it-loud\/#breadcrumb"},"inLanguage":"ca","potentialAction":[{"@type":"ReadAction","target":["https:\/\/www.noubarris.net\/web40\/cultura-afroamericana-i-fusio-destils-amb-el-say-it-loud\/"]}]},{"@type":"ImageObject","inLanguage":"ca","@id":"https:\/\/www.noubarris.net\/web40\/cultura-afroamericana-i-fusio-destils-amb-el-say-it-loud\/#primaryimage","url":"https:\/\/www.noubarris.net\/web40\/wp-content\/uploads\/2021\/07\/240721.jpg","contentUrl":"https:\/\/www.noubarris.net\/web40\/wp-content\/uploads\/2021\/07\/240721.jpg","width":768,"height":432},{"@type":"BreadcrumbList","@id":"https:\/\/www.noubarris.net\/web40\/cultura-afroamericana-i-fusio-destils-amb-el-say-it-loud\/#breadcrumb","itemListElement":[{"@type":"ListItem","position":1,"name":"Inici","item":"https:\/\/www.noubarris.net\/web40\/"},{"@type":"ListItem","position":2,"name":"Cultura afroamericana i fusi\u00f3 d&#8217;estils amb el Say It Loud"}]},{"@type":"WebSite","@id":"https:\/\/www.noubarris.net\/web40\/#website","url":"https:\/\/www.noubarris.net\/web40\/","name":"NouBarris.Net","description":"Seguint la vida de Nou Barris des de 1985","publisher":{"@id":"https:\/\/www.noubarris.net\/web40\/#organization"},"potentialAction":[{"@type":"SearchAction","target":{"@type":"EntryPoint","urlTemplate":"https:\/\/www.noubarris.net\/web40\/?s={search_term_string}"},"query-input":{"@type":"PropertyValueSpecification","valueRequired":true,"valueName":"search_term_string"}}],"inLanguage":"ca"},{"@type":"Organization","@id":"https:\/\/www.noubarris.net\/web40\/#organization","name":"NouBarris.Net","url":"https:\/\/www.noubarris.net\/web40\/","logo":{"@type":"ImageObject","inLanguage":"ca","@id":"https:\/\/www.noubarris.net\/web40\/#\/schema\/logo\/image\/","url":"https:\/\/www.noubarris.net\/web40\/wp-content\/uploads\/2024\/11\/cropped-cropped-LOGO_9BTV-2024_Insta-1.jpg","contentUrl":"https:\/\/www.noubarris.net\/web40\/wp-content\/uploads\/2024\/11\/cropped-cropped-LOGO_9BTV-2024_Insta-1.jpg","width":512,"height":512,"caption":"NouBarris.Net"},"image":{"@id":"https:\/\/www.noubarris.net\/web40\/#\/schema\/logo\/image\/"},"sameAs":["https:\/\/www.facebook.com\/NouBarris.net\/?locale=es_ES","https:\/\/x.com\/9BTV"]},{"@type":"Person","@id":"https:\/\/www.noubarris.net\/web40\/#\/schema\/person\/1827f92aaa316c54abbf4dac0de76069","name":"Informatius","image":{"@type":"ImageObject","inLanguage":"ca","@id":"https:\/\/www.noubarris.net\/web40\/#\/schema\/person\/image\/","url":"https:\/\/secure.gravatar.com\/avatar\/87a3b47928835fc72c6ee5b0e1a7263ef0c2d05003a98189bc14926c5f11bcdb?s=96&d=mm&r=g","contentUrl":"https:\/\/secure.gravatar.com\/avatar\/87a3b47928835fc72c6ee5b0e1a7263ef0c2d05003a98189bc14926c5f11bcdb?s=96&d=mm&r=g","caption":"Informatius"},"url":"https:\/\/www.noubarris.net\/web40\/author\/tele\/"}]}},"_links":{"self":[{"href":"https:\/\/www.noubarris.net\/web40\/wp-json\/wp\/v2\/posts\/77687","targetHints":{"allow":["GET"]}}],"collection":[{"href":"https:\/\/www.noubarris.net\/web40\/wp-json\/wp\/v2\/posts"}],"about":[{"href":"https:\/\/www.noubarris.net\/web40\/wp-json\/wp\/v2\/types\/post"}],"author":[{"embeddable":true,"href":"https:\/\/www.noubarris.net\/web40\/wp-json\/wp\/v2\/users\/2"}],"replies":[{"embeddable":true,"href":"https:\/\/www.noubarris.net\/web40\/wp-json\/wp\/v2\/comments?post=77687"}],"version-history":[{"count":1,"href":"https:\/\/www.noubarris.net\/web40\/wp-json\/wp\/v2\/posts\/77687\/revisions"}],"predecessor-version":[{"id":77689,"href":"https:\/\/www.noubarris.net\/web40\/wp-json\/wp\/v2\/posts\/77687\/revisions\/77689"}],"wp:featuredmedia":[{"embeddable":true,"href":"https:\/\/www.noubarris.net\/web40\/wp-json\/wp\/v2\/media\/77688"}],"wp:attachment":[{"href":"https:\/\/www.noubarris.net\/web40\/wp-json\/wp\/v2\/media?parent=77687"}],"wp:term":[{"taxonomy":"category","embeddable":true,"href":"https:\/\/www.noubarris.net\/web40\/wp-json\/wp\/v2\/categories?post=77687"},{"taxonomy":"post_tag","embeddable":true,"href":"https:\/\/www.noubarris.net\/web40\/wp-json\/wp\/v2\/tags?post=77687"}],"curies":[{"name":"wp","href":"https:\/\/api.w.org\/{rel}","templated":true}]}}