{"id":77690,"date":"2021-07-25T00:00:36","date_gmt":"2021-07-24T22:00:36","guid":{"rendered":"http:\/\/www.noubarris.net\/web40\/?p=77690"},"modified":"2021-07-24T18:07:59","modified_gmt":"2021-07-24T16:07:59","slug":"comencen-les-obres-de-pacificacio-dels-entorns-escolars-del-ceip-i-lebm-turo-de-la-peira","status":"publish","type":"post","link":"https:\/\/www.noubarris.net\/web40\/comencen-les-obres-de-pacificacio-dels-entorns-escolars-del-ceip-i-lebm-turo-de-la-peira\/","title":{"rendered":"Comencen les obres de pacificaci\u00f3 dels entorns escolars del CEIP i l&#8217;EBM Tur\u00f3 de la Peira"},"content":{"rendered":"<p><strong>Est\u00e0 previst que les tasques finalitzin el proper 13 d&#8217;agost<\/strong><\/p>\n<p>Despr\u00e9s de comen\u00e7ar les obres a l&#8217;escola Palma de Mallorca, ara \u00e9s el torn de pacificar els entorns del CEIP i a l&#8217;EBM Tur\u00f3 de la Peira, situats a la mteix illa entre el carrer de Pe\u00f1alara i el d&#8217;Aneto. L&#8217;Ajuntament ha anunciat que les tasques d&#8217;adeq\u00fcaci\u00f3 duraran fins al 13 d\u2019agost i les actuacions seran les seg\u00fcents:<\/p>\n<p>En el cas del CEIP Tur\u00f3 de la Peira:<\/p>\n<p>-Limitaci\u00f3 de la velocitat als 30 km\/h al carrer de Pe\u00f1alara, amb la instal\u00b7laci\u00f3 de la senyalitzaci\u00f3 pertinent i la disposici\u00f3 d\u2019elements dissuasius a la cal\u00e7ada.<br \/>\n-Eixamplament de la vorera en la seva trobada amb Rosario Pi i securitzaci\u00f3 de les entrades. S\u2019ampliar\u00e0 la vorera davant de l\u2019escola en la franja de 45 m en qu\u00e8 actualment \u00e9s m\u00e9s estreta, fet que obligar\u00e0 a retirar la vorada actual, despla\u00e7ar-la i construir el nou paviment. Davant de cadascuna de les entrades al centre es col\u00b7locar\u00e0 una nova barana que, en el cas de la ja existent davant d\u2019una de les entrades, substituir\u00e0 l\u2019actual. Tamb\u00e9 s\u2019hi col\u00b7locaran papereres.<br \/>\n-Visibilitzaci\u00f3 del centre. Tant al carrer Pe\u00f1alara com al carrer Rosario Pi es pintar\u00e0 l\u2019element que indica l\u2019exist\u00e8ncia d\u2019una escola davant dels passos de vianants. Es millorar\u00e0 i complementar\u00e0 tamb\u00e9 la senyalitzaci\u00f3 vi\u00e0ria horitzontal i vertical indicadora de la proximitat d\u2019un centre escolar.<\/p>\n<p>I pel que fa a l&#8217;EBM Tur\u00f3 de la Peira:<\/p>\n<p>-Pacificaci\u00f3 del carrer. S\u2019introduir\u00e0 la senyalitzaci\u00f3 pertinent per evidenciar la proximitat del centre educatiu<br \/>\n-Per millorar la seguretat dels infants i les fam\u00edlies quan travessin el carrer, els dos passos de vianants existents es transformaran en plataforma elevada, fet que permetr\u00e0 travessar-los a nivell i obligar\u00e0 els vehicles a reduir significativament la velocitat<br \/>\n-Supressi\u00f3 d\u2019aparcament i eixamplament de vorera. Donat que bona part de la vorera davant de l\u2019escola bressol no t\u00e9 cord\u00f3 d\u2019aparcament entre els dos passos de vianants, se suprimiran les quatre places d\u2019estacionament que hi queden i s\u2019ampliar\u00e0 la vorera<br \/>\n-A banda i banda del gual de vehicles que hi ha en el punt d\u2019acc\u00e9s a l\u2019escola, es col\u00b7locar\u00e0 una barana que faci m\u00e9s segur l\u2019espai i eviti que els nens i nenes puguin accedir a la cal\u00e7ada. A m\u00e9s, per afavorir la trobada i l\u2019espera de les fam\u00edlies que porten o recullen els infants, s\u2019augmentar\u00e0 el nombre de bancs existents, i s\u2019hi posar\u00e0 alguna jardinera<br \/>\n-Visibilitzaci\u00f3 del centre. Es pintar\u00e0 l\u2019element que indica l\u2019exist\u00e8ncia d\u2019una escola davant dels passos de vianants. Es millorar\u00e0 i complementar\u00e0 tamb\u00e9 la senyalitzaci\u00f3 vi\u00e0ria horitzontal i vertical indicadora de la proximitat d\u2019un centre escolar.<\/p>\n<p>El pla \u00e9s pacificar els entorns de nou centres escolars del districte que s\u2019executaran al llarg d\u2019aquest estiu en el marc del desplegament del programa \u201cProtegim les Escoles\u201d.<\/p>\n<p>&nbsp;<\/p>\n","protected":false},"excerpt":{"rendered":"<p>Est\u00e0 previst que les tasques finalitzin el proper 13 d&#8217;agost Despr\u00e9s de comen\u00e7ar les obres a l&#8217;escola Palma de Mallorca,<\/p>\n","protected":false},"author":2,"featured_media":77691,"comment_status":"closed","ping_status":"closed","sticky":false,"template":"","format":"standard","meta":{"colormag_page_layout":"default_layout","_monsterinsights_skip_tracking":false,"_monsterinsights_sitenote_active":false,"_monsterinsights_sitenote_note":"","_monsterinsights_sitenote_category":0,"footnotes":""},"categories":[139,302],"tags":[246,210,360,69],"class_list":["post-77690","post","type-post","status-publish","format-standard","has-post-thumbnail","hentry","category-el-turo-de-la-peira","category-urbanisme","tag-el-turo-de-la-peira","tag-escoles","tag-obres","tag-urbanisme"],"yoast_head":"<!-- This site is optimized with the Yoast SEO plugin v25.3 - https:\/\/yoast.com\/wordpress\/plugins\/seo\/ -->\n<title>Comencen les obres de pacificaci\u00f3 dels entorns escolars del CEIP i l&#039;EBM Tur\u00f3 de la Peira - NouBarris.Net<\/title>\n<meta name=\"robots\" content=\"index, follow, max-snippet:-1, max-image-preview:large, max-video-preview:-1\" \/>\n<link rel=\"canonical\" href=\"https:\/\/www.noubarris.net\/web40\/comencen-les-obres-de-pacificacio-dels-entorns-escolars-del-ceip-i-lebm-turo-de-la-peira\/\" \/>\n<meta property=\"og:locale\" content=\"ca_ES\" \/>\n<meta property=\"og:type\" content=\"article\" \/>\n<meta property=\"og:title\" content=\"Comencen les obres de pacificaci\u00f3 dels entorns escolars del CEIP i l&#039;EBM Tur\u00f3 de la Peira - NouBarris.Net\" \/>\n<meta property=\"og:description\" content=\"Est\u00e0 previst que les tasques finalitzin el proper 13 d&#8217;agost Despr\u00e9s de comen\u00e7ar les obres a l&#8217;escola Palma de Mallorca,\" \/>\n<meta property=\"og:url\" content=\"https:\/\/www.noubarris.net\/web40\/comencen-les-obres-de-pacificacio-dels-entorns-escolars-del-ceip-i-lebm-turo-de-la-peira\/\" \/>\n<meta property=\"og:site_name\" content=\"NouBarris.Net\" \/>\n<meta property=\"article:publisher\" content=\"https:\/\/www.facebook.com\/NouBarris.net\/?locale=es_ES\" \/>\n<meta property=\"article:published_time\" content=\"2021-07-24T22:00:36+00:00\" \/>\n<meta property=\"og:image\" content=\"https:\/\/www.noubarris.net\/web40\/wp-content\/uploads\/2021\/07\/250721.jpg\" \/>\n\t<meta property=\"og:image:width\" content=\"768\" \/>\n\t<meta property=\"og:image:height\" content=\"432\" \/>\n\t<meta property=\"og:image:type\" content=\"image\/jpeg\" \/>\n<meta name=\"author\" content=\"Informatius\" \/>\n<meta name=\"twitter:card\" content=\"summary_large_image\" \/>\n<meta name=\"twitter:creator\" content=\"@9BTV\" \/>\n<meta name=\"twitter:site\" content=\"@9BTV\" \/>\n<meta name=\"twitter:label1\" content=\"Escrit per\" \/>\n\t<meta name=\"twitter:data1\" content=\"Informatius\" \/>\n\t<meta name=\"twitter:label2\" content=\"Temps estimat de lectura\" \/>\n\t<meta name=\"twitter:data2\" content=\"3 minuts\" \/>\n<script type=\"application\/ld+json\" class=\"yoast-schema-graph\">{\"@context\":\"https:\/\/schema.org\",\"@graph\":[{\"@type\":\"Article\",\"@id\":\"https:\/\/www.noubarris.net\/web40\/comencen-les-obres-de-pacificacio-dels-entorns-escolars-del-ceip-i-lebm-turo-de-la-peira\/#article\",\"isPartOf\":{\"@id\":\"https:\/\/www.noubarris.net\/web40\/comencen-les-obres-de-pacificacio-dels-entorns-escolars-del-ceip-i-lebm-turo-de-la-peira\/\"},\"author\":{\"name\":\"Informatius\",\"@id\":\"https:\/\/www.noubarris.net\/web40\/#\/schema\/person\/1827f92aaa316c54abbf4dac0de76069\"},\"headline\":\"Comencen les obres de pacificaci\u00f3 dels entorns escolars del CEIP i l&#8217;EBM Tur\u00f3 de la Peira\",\"datePublished\":\"2021-07-24T22:00:36+00:00\",\"mainEntityOfPage\":{\"@id\":\"https:\/\/www.noubarris.net\/web40\/comencen-les-obres-de-pacificacio-dels-entorns-escolars-del-ceip-i-lebm-turo-de-la-peira\/\"},\"wordCount\":532,\"publisher\":{\"@id\":\"https:\/\/www.noubarris.net\/web40\/#organization\"},\"image\":{\"@id\":\"https:\/\/www.noubarris.net\/web40\/comencen-les-obres-de-pacificacio-dels-entorns-escolars-del-ceip-i-lebm-turo-de-la-peira\/#primaryimage\"},\"thumbnailUrl\":\"https:\/\/www.noubarris.net\/web40\/wp-content\/uploads\/2021\/07\/250721.jpg\",\"keywords\":[\"El Tur\u00f3 de la Peira\",\"Escoles\",\"Obres\",\"Urbanisme\"],\"articleSection\":[\"El Tur\u00f3 de la Peira\",\"Urbanisme\"],\"inLanguage\":\"ca\"},{\"@type\":\"WebPage\",\"@id\":\"https:\/\/www.noubarris.net\/web40\/comencen-les-obres-de-pacificacio-dels-entorns-escolars-del-ceip-i-lebm-turo-de-la-peira\/\",\"url\":\"https:\/\/www.noubarris.net\/web40\/comencen-les-obres-de-pacificacio-dels-entorns-escolars-del-ceip-i-lebm-turo-de-la-peira\/\",\"name\":\"Comencen les obres de pacificaci\u00f3 dels entorns escolars del CEIP i l'EBM Tur\u00f3 de la Peira - NouBarris.Net\",\"isPartOf\":{\"@id\":\"https:\/\/www.noubarris.net\/web40\/#website\"},\"primaryImageOfPage\":{\"@id\":\"https:\/\/www.noubarris.net\/web40\/comencen-les-obres-de-pacificacio-dels-entorns-escolars-del-ceip-i-lebm-turo-de-la-peira\/#primaryimage\"},\"image\":{\"@id\":\"https:\/\/www.noubarris.net\/web40\/comencen-les-obres-de-pacificacio-dels-entorns-escolars-del-ceip-i-lebm-turo-de-la-peira\/#primaryimage\"},\"thumbnailUrl\":\"https:\/\/www.noubarris.net\/web40\/wp-content\/uploads\/2021\/07\/250721.jpg\",\"datePublished\":\"2021-07-24T22:00:36+00:00\",\"breadcrumb\":{\"@id\":\"https:\/\/www.noubarris.net\/web40\/comencen-les-obres-de-pacificacio-dels-entorns-escolars-del-ceip-i-lebm-turo-de-la-peira\/#breadcrumb\"},\"inLanguage\":\"ca\",\"potentialAction\":[{\"@type\":\"ReadAction\",\"target\":[\"https:\/\/www.noubarris.net\/web40\/comencen-les-obres-de-pacificacio-dels-entorns-escolars-del-ceip-i-lebm-turo-de-la-peira\/\"]}]},{\"@type\":\"ImageObject\",\"inLanguage\":\"ca\",\"@id\":\"https:\/\/www.noubarris.net\/web40\/comencen-les-obres-de-pacificacio-dels-entorns-escolars-del-ceip-i-lebm-turo-de-la-peira\/#primaryimage\",\"url\":\"https:\/\/www.noubarris.net\/web40\/wp-content\/uploads\/2021\/07\/250721.jpg\",\"contentUrl\":\"https:\/\/www.noubarris.net\/web40\/wp-content\/uploads\/2021\/07\/250721.jpg\",\"width\":768,\"height\":432},{\"@type\":\"BreadcrumbList\",\"@id\":\"https:\/\/www.noubarris.net\/web40\/comencen-les-obres-de-pacificacio-dels-entorns-escolars-del-ceip-i-lebm-turo-de-la-peira\/#breadcrumb\",\"itemListElement\":[{\"@type\":\"ListItem\",\"position\":1,\"name\":\"Inici\",\"item\":\"https:\/\/www.noubarris.net\/web40\/\"},{\"@type\":\"ListItem\",\"position\":2,\"name\":\"Comencen les obres de pacificaci\u00f3 dels entorns escolars del CEIP i l&#8217;EBM Tur\u00f3 de la Peira\"}]},{\"@type\":\"WebSite\",\"@id\":\"https:\/\/www.noubarris.net\/web40\/#website\",\"url\":\"https:\/\/www.noubarris.net\/web40\/\",\"name\":\"NouBarris.Net\",\"description\":\"Seguint la vida de Nou Barris des de 1985\",\"publisher\":{\"@id\":\"https:\/\/www.noubarris.net\/web40\/#organization\"},\"potentialAction\":[{\"@type\":\"SearchAction\",\"target\":{\"@type\":\"EntryPoint\",\"urlTemplate\":\"https:\/\/www.noubarris.net\/web40\/?s={search_term_string}\"},\"query-input\":{\"@type\":\"PropertyValueSpecification\",\"valueRequired\":true,\"valueName\":\"search_term_string\"}}],\"inLanguage\":\"ca\"},{\"@type\":\"Organization\",\"@id\":\"https:\/\/www.noubarris.net\/web40\/#organization\",\"name\":\"NouBarris.Net\",\"url\":\"https:\/\/www.noubarris.net\/web40\/\",\"logo\":{\"@type\":\"ImageObject\",\"inLanguage\":\"ca\",\"@id\":\"https:\/\/www.noubarris.net\/web40\/#\/schema\/logo\/image\/\",\"url\":\"https:\/\/www.noubarris.net\/web40\/wp-content\/uploads\/2024\/11\/cropped-cropped-LOGO_9BTV-2024_Insta-1.jpg\",\"contentUrl\":\"https:\/\/www.noubarris.net\/web40\/wp-content\/uploads\/2024\/11\/cropped-cropped-LOGO_9BTV-2024_Insta-1.jpg\",\"width\":512,\"height\":512,\"caption\":\"NouBarris.Net\"},\"image\":{\"@id\":\"https:\/\/www.noubarris.net\/web40\/#\/schema\/logo\/image\/\"},\"sameAs\":[\"https:\/\/www.facebook.com\/NouBarris.net\/?locale=es_ES\",\"https:\/\/x.com\/9BTV\"]},{\"@type\":\"Person\",\"@id\":\"https:\/\/www.noubarris.net\/web40\/#\/schema\/person\/1827f92aaa316c54abbf4dac0de76069\",\"name\":\"Informatius\",\"image\":{\"@type\":\"ImageObject\",\"inLanguage\":\"ca\",\"@id\":\"https:\/\/www.noubarris.net\/web40\/#\/schema\/person\/image\/\",\"url\":\"https:\/\/secure.gravatar.com\/avatar\/87a3b47928835fc72c6ee5b0e1a7263ef0c2d05003a98189bc14926c5f11bcdb?s=96&d=mm&r=g\",\"contentUrl\":\"https:\/\/secure.gravatar.com\/avatar\/87a3b47928835fc72c6ee5b0e1a7263ef0c2d05003a98189bc14926c5f11bcdb?s=96&d=mm&r=g\",\"caption\":\"Informatius\"},\"url\":\"https:\/\/www.noubarris.net\/web40\/author\/tele\/\"}]}<\/script>\n<!-- \/ Yoast SEO plugin. -->","yoast_head_json":{"title":"Comencen les obres de pacificaci\u00f3 dels entorns escolars del CEIP i l'EBM Tur\u00f3 de la Peira - NouBarris.Net","robots":{"index":"index","follow":"follow","max-snippet":"max-snippet:-1","max-image-preview":"max-image-preview:large","max-video-preview":"max-video-preview:-1"},"canonical":"https:\/\/www.noubarris.net\/web40\/comencen-les-obres-de-pacificacio-dels-entorns-escolars-del-ceip-i-lebm-turo-de-la-peira\/","og_locale":"ca_ES","og_type":"article","og_title":"Comencen les obres de pacificaci\u00f3 dels entorns escolars del CEIP i l'EBM Tur\u00f3 de la Peira - NouBarris.Net","og_description":"Est\u00e0 previst que les tasques finalitzin el proper 13 d&#8217;agost Despr\u00e9s de comen\u00e7ar les obres a l&#8217;escola Palma de Mallorca,","og_url":"https:\/\/www.noubarris.net\/web40\/comencen-les-obres-de-pacificacio-dels-entorns-escolars-del-ceip-i-lebm-turo-de-la-peira\/","og_site_name":"NouBarris.Net","article_publisher":"https:\/\/www.facebook.com\/NouBarris.net\/?locale=es_ES","article_published_time":"2021-07-24T22:00:36+00:00","og_image":[{"width":768,"height":432,"url":"https:\/\/www.noubarris.net\/web40\/wp-content\/uploads\/2021\/07\/250721.jpg","type":"image\/jpeg"}],"author":"Informatius","twitter_card":"summary_large_image","twitter_creator":"@9BTV","twitter_site":"@9BTV","twitter_misc":{"Escrit per":"Informatius","Temps estimat de lectura":"3 minuts"},"schema":{"@context":"https:\/\/schema.org","@graph":[{"@type":"Article","@id":"https:\/\/www.noubarris.net\/web40\/comencen-les-obres-de-pacificacio-dels-entorns-escolars-del-ceip-i-lebm-turo-de-la-peira\/#article","isPartOf":{"@id":"https:\/\/www.noubarris.net\/web40\/comencen-les-obres-de-pacificacio-dels-entorns-escolars-del-ceip-i-lebm-turo-de-la-peira\/"},"author":{"name":"Informatius","@id":"https:\/\/www.noubarris.net\/web40\/#\/schema\/person\/1827f92aaa316c54abbf4dac0de76069"},"headline":"Comencen les obres de pacificaci\u00f3 dels entorns escolars del CEIP i l&#8217;EBM Tur\u00f3 de la Peira","datePublished":"2021-07-24T22:00:36+00:00","mainEntityOfPage":{"@id":"https:\/\/www.noubarris.net\/web40\/comencen-les-obres-de-pacificacio-dels-entorns-escolars-del-ceip-i-lebm-turo-de-la-peira\/"},"wordCount":532,"publisher":{"@id":"https:\/\/www.noubarris.net\/web40\/#organization"},"image":{"@id":"https:\/\/www.noubarris.net\/web40\/comencen-les-obres-de-pacificacio-dels-entorns-escolars-del-ceip-i-lebm-turo-de-la-peira\/#primaryimage"},"thumbnailUrl":"https:\/\/www.noubarris.net\/web40\/wp-content\/uploads\/2021\/07\/250721.jpg","keywords":["El Tur\u00f3 de la Peira","Escoles","Obres","Urbanisme"],"articleSection":["El Tur\u00f3 de la Peira","Urbanisme"],"inLanguage":"ca"},{"@type":"WebPage","@id":"https:\/\/www.noubarris.net\/web40\/comencen-les-obres-de-pacificacio-dels-entorns-escolars-del-ceip-i-lebm-turo-de-la-peira\/","url":"https:\/\/www.noubarris.net\/web40\/comencen-les-obres-de-pacificacio-dels-entorns-escolars-del-ceip-i-lebm-turo-de-la-peira\/","name":"Comencen les obres de pacificaci\u00f3 dels entorns escolars del CEIP i l'EBM Tur\u00f3 de la Peira - NouBarris.Net","isPartOf":{"@id":"https:\/\/www.noubarris.net\/web40\/#website"},"primaryImageOfPage":{"@id":"https:\/\/www.noubarris.net\/web40\/comencen-les-obres-de-pacificacio-dels-entorns-escolars-del-ceip-i-lebm-turo-de-la-peira\/#primaryimage"},"image":{"@id":"https:\/\/www.noubarris.net\/web40\/comencen-les-obres-de-pacificacio-dels-entorns-escolars-del-ceip-i-lebm-turo-de-la-peira\/#primaryimage"},"thumbnailUrl":"https:\/\/www.noubarris.net\/web40\/wp-content\/uploads\/2021\/07\/250721.jpg","datePublished":"2021-07-24T22:00:36+00:00","breadcrumb":{"@id":"https:\/\/www.noubarris.net\/web40\/comencen-les-obres-de-pacificacio-dels-entorns-escolars-del-ceip-i-lebm-turo-de-la-peira\/#breadcrumb"},"inLanguage":"ca","potentialAction":[{"@type":"ReadAction","target":["https:\/\/www.noubarris.net\/web40\/comencen-les-obres-de-pacificacio-dels-entorns-escolars-del-ceip-i-lebm-turo-de-la-peira\/"]}]},{"@type":"ImageObject","inLanguage":"ca","@id":"https:\/\/www.noubarris.net\/web40\/comencen-les-obres-de-pacificacio-dels-entorns-escolars-del-ceip-i-lebm-turo-de-la-peira\/#primaryimage","url":"https:\/\/www.noubarris.net\/web40\/wp-content\/uploads\/2021\/07\/250721.jpg","contentUrl":"https:\/\/www.noubarris.net\/web40\/wp-content\/uploads\/2021\/07\/250721.jpg","width":768,"height":432},{"@type":"BreadcrumbList","@id":"https:\/\/www.noubarris.net\/web40\/comencen-les-obres-de-pacificacio-dels-entorns-escolars-del-ceip-i-lebm-turo-de-la-peira\/#breadcrumb","itemListElement":[{"@type":"ListItem","position":1,"name":"Inici","item":"https:\/\/www.noubarris.net\/web40\/"},{"@type":"ListItem","position":2,"name":"Comencen les obres de pacificaci\u00f3 dels entorns escolars del CEIP i l&#8217;EBM Tur\u00f3 de la Peira"}]},{"@type":"WebSite","@id":"https:\/\/www.noubarris.net\/web40\/#website","url":"https:\/\/www.noubarris.net\/web40\/","name":"NouBarris.Net","description":"Seguint la vida de Nou Barris des de 1985","publisher":{"@id":"https:\/\/www.noubarris.net\/web40\/#organization"},"potentialAction":[{"@type":"SearchAction","target":{"@type":"EntryPoint","urlTemplate":"https:\/\/www.noubarris.net\/web40\/?s={search_term_string}"},"query-input":{"@type":"PropertyValueSpecification","valueRequired":true,"valueName":"search_term_string"}}],"inLanguage":"ca"},{"@type":"Organization","@id":"https:\/\/www.noubarris.net\/web40\/#organization","name":"NouBarris.Net","url":"https:\/\/www.noubarris.net\/web40\/","logo":{"@type":"ImageObject","inLanguage":"ca","@id":"https:\/\/www.noubarris.net\/web40\/#\/schema\/logo\/image\/","url":"https:\/\/www.noubarris.net\/web40\/wp-content\/uploads\/2024\/11\/cropped-cropped-LOGO_9BTV-2024_Insta-1.jpg","contentUrl":"https:\/\/www.noubarris.net\/web40\/wp-content\/uploads\/2024\/11\/cropped-cropped-LOGO_9BTV-2024_Insta-1.jpg","width":512,"height":512,"caption":"NouBarris.Net"},"image":{"@id":"https:\/\/www.noubarris.net\/web40\/#\/schema\/logo\/image\/"},"sameAs":["https:\/\/www.facebook.com\/NouBarris.net\/?locale=es_ES","https:\/\/x.com\/9BTV"]},{"@type":"Person","@id":"https:\/\/www.noubarris.net\/web40\/#\/schema\/person\/1827f92aaa316c54abbf4dac0de76069","name":"Informatius","image":{"@type":"ImageObject","inLanguage":"ca","@id":"https:\/\/www.noubarris.net\/web40\/#\/schema\/person\/image\/","url":"https:\/\/secure.gravatar.com\/avatar\/87a3b47928835fc72c6ee5b0e1a7263ef0c2d05003a98189bc14926c5f11bcdb?s=96&d=mm&r=g","contentUrl":"https:\/\/secure.gravatar.com\/avatar\/87a3b47928835fc72c6ee5b0e1a7263ef0c2d05003a98189bc14926c5f11bcdb?s=96&d=mm&r=g","caption":"Informatius"},"url":"https:\/\/www.noubarris.net\/web40\/author\/tele\/"}]}},"_links":{"self":[{"href":"https:\/\/www.noubarris.net\/web40\/wp-json\/wp\/v2\/posts\/77690","targetHints":{"allow":["GET"]}}],"collection":[{"href":"https:\/\/www.noubarris.net\/web40\/wp-json\/wp\/v2\/posts"}],"about":[{"href":"https:\/\/www.noubarris.net\/web40\/wp-json\/wp\/v2\/types\/post"}],"author":[{"embeddable":true,"href":"https:\/\/www.noubarris.net\/web40\/wp-json\/wp\/v2\/users\/2"}],"replies":[{"embeddable":true,"href":"https:\/\/www.noubarris.net\/web40\/wp-json\/wp\/v2\/comments?post=77690"}],"version-history":[{"count":1,"href":"https:\/\/www.noubarris.net\/web40\/wp-json\/wp\/v2\/posts\/77690\/revisions"}],"predecessor-version":[{"id":77692,"href":"https:\/\/www.noubarris.net\/web40\/wp-json\/wp\/v2\/posts\/77690\/revisions\/77692"}],"wp:featuredmedia":[{"embeddable":true,"href":"https:\/\/www.noubarris.net\/web40\/wp-json\/wp\/v2\/media\/77691"}],"wp:attachment":[{"href":"https:\/\/www.noubarris.net\/web40\/wp-json\/wp\/v2\/media?parent=77690"}],"wp:term":[{"taxonomy":"category","embeddable":true,"href":"https:\/\/www.noubarris.net\/web40\/wp-json\/wp\/v2\/categories?post=77690"},{"taxonomy":"post_tag","embeddable":true,"href":"https:\/\/www.noubarris.net\/web40\/wp-json\/wp\/v2\/tags?post=77690"}],"curies":[{"name":"wp","href":"https:\/\/api.w.org\/{rel}","templated":true}]}}