{"id":77757,"date":"2021-08-27T00:00:51","date_gmt":"2021-08-26T22:00:51","guid":{"rendered":"http:\/\/www.noubarris.net\/web40\/?p=77757"},"modified":"2021-07-28T12:17:47","modified_gmt":"2021-07-28T10:17:47","slug":"des-de-quan-es-pot-visitar-torre-baro-com-a-mirador","status":"publish","type":"post","link":"https:\/\/www.noubarris.net\/web40\/des-de-quan-es-pot-visitar-torre-baro-com-a-mirador\/","title":{"rendered":"Des de quan es pot visitar Torre Bar\u00f3 com a mirador?"},"content":{"rendered":"<p><strong>RelligantQuiz, el joc de l\u2019estiu<\/strong><\/p>\n<p>Aquest any el Relligant Nou Barris ha fet un pas m\u00e9s per donar a con\u00e8ixer la hist\u00f2ria, patrimoni i personatges del districte. Us convidem a participar del nostre joc RelligantQuiz, una nova manera de descobrir la mem\u00f2ria local de Nou Barris des del m\u00f2bil, tauleta o ordinador.<\/p>\n<p>Durant l\u2019estiu us animem a posar a prova els vostres coneixements sobre el districte a partir del noubarris.net. Cada dia us plantegem una pregunta dels q\u00fcestionaris interactius del RelligantQuiz. La resposta, la tindreu l\u2019endem\u00e0.<\/p>\n<p>Pregunta: Des de quan es pot visitar Torre Bar\u00f3 com a mirador?<\/p>\n<ul>\n<li>Des del 1984<\/li>\n<li>Des del 2014<\/li>\n<li>Des del 2006<\/li>\n<li>Des del 1967<\/li>\n<\/ul>\n<div class=\"question-block-list__BlockWrapper-sc-1403amz-5 hxcLeu\">\n<div class=\"styles__QuestionBlock-enothq-0 ehdPpT\" tabindex=\"0\" aria-label=\"Question block\" data-functional-selector=\"question-block\">\n<div class=\"styles__Choices-enothq-15 kKCgjo\" data-functional-selector=\"question-block__more-details\">\n<div class=\"styles__Choice-enothq-16 jrJUIk\"><\/div>\n<\/div>\n<\/div>\n<\/div>\n<p><iframe loading=\"lazy\" src=\"\/\/www.youtube.com\/embed\/gQg2vc0S6kE\" width=\"560\" height=\"314\" allowfullscreen=\"allowfullscreen\"><\/iframe><\/p>\n<div class=\"question-block-list__BlockWrapper-sc-1403amz-5 hxcLeu\">\n<div class=\"styles__QuestionBlock-enothq-0 ehdPpT\" tabindex=\"0\" aria-label=\"Question block\" data-functional-selector=\"question-block\">\n<div class=\"styles__Choices-enothq-15 kKCgjo\" data-functional-selector=\"question-block__more-details\">\n<div class=\"styles__Choice-enothq-16 jrJUIk\">\n<div class=\"css-gt77lh\"><\/div>\n<\/div>\n<div class=\"styles__Choice-enothq-16 jrJUIk\">\n<div class=\"css-gt77lh\">\n<div class=\"styles__IconWrapper-enothq-20 dPmWES\">\n<div class=\"question-block-list__BlockWrapper-sc-1403amz-5 hxcLeu\">\n<div class=\"styles__QuestionBlock-enothq-0 ehdPpT\" tabindex=\"0\" aria-label=\"Question block\" data-functional-selector=\"question-block\">\n<div class=\"styles__Group-enothq-1 hmNoNK\">Resposta d\u2019ahir: Maria Ant\u00f2nia Canals<\/div>\n<div><\/div>\n<div class=\"styles__Group-enothq-1 hmNoNK\">Recordeu que si voleu seguir jugant trobareu tamb\u00e9 tots els q\u00fcestionaris interactius del RelligantQuiz a la plataforma Kahoot: el Kids, per a nens i nenes de 6 a 13 anys; el Junior, per a nois i noies de 14 a 18 anys i el Senior, per a adults de m\u00e9s de 18.<\/div>\n<\/div>\n<\/div>\n<\/div>\n<\/div>\n<\/div>\n<\/div>\n<\/div>\n<\/div>\n<div class=\"question-block-list__BlockWrapper-sc-1403amz-5 hxcLeu\">\n<div class=\"styles__QuestionBlock-enothq-0 ehdPpT\" tabindex=\"0\" aria-label=\"Question block\" data-functional-selector=\"question-block\">\n<div class=\"css-16sooyj\">\n<div class=\"styles__Group-enothq-1 hmNoNK\"><\/div>\n<\/div>\n<\/div>\n<\/div>\n","protected":false},"excerpt":{"rendered":"<p>RelligantQuiz, el joc de l\u2019estiu Aquest any el Relligant Nou Barris ha fet un pas m\u00e9s per donar a con\u00e8ixer<\/p>\n","protected":false},"author":2,"featured_media":77614,"comment_status":"closed","ping_status":"closed","sticky":false,"template":"","format":"standard","meta":{"colormag_page_layout":"default_layout","_monsterinsights_skip_tracking":false,"_monsterinsights_sitenote_active":false,"_monsterinsights_sitenote_note":"","_monsterinsights_sitenote_category":0,"footnotes":""},"categories":[129],"tags":[356,319,242,53],"class_list":["post-77757","post","type-post","status-publish","format-standard","has-post-thumbnail","hentry","category-cultura","tag-castell","tag-nou-barris","tag-relligant-nou-barris","tag-torre-baro"],"yoast_head":"<!-- This site is optimized with the Yoast SEO plugin v25.3 - https:\/\/yoast.com\/wordpress\/plugins\/seo\/ -->\n<title>Des de quan es pot visitar Torre Bar\u00f3 com a mirador? - NouBarris.Net<\/title>\n<meta name=\"robots\" content=\"index, follow, max-snippet:-1, max-image-preview:large, max-video-preview:-1\" \/>\n<link rel=\"canonical\" href=\"https:\/\/www.noubarris.net\/web40\/des-de-quan-es-pot-visitar-torre-baro-com-a-mirador\/\" \/>\n<meta property=\"og:locale\" content=\"ca_ES\" \/>\n<meta property=\"og:type\" content=\"article\" \/>\n<meta property=\"og:title\" content=\"Des de quan es pot visitar Torre Bar\u00f3 com a mirador? - NouBarris.Net\" \/>\n<meta property=\"og:description\" content=\"RelligantQuiz, el joc de l\u2019estiu Aquest any el Relligant Nou Barris ha fet un pas m\u00e9s per donar a con\u00e8ixer\" \/>\n<meta property=\"og:url\" content=\"https:\/\/www.noubarris.net\/web40\/des-de-quan-es-pot-visitar-torre-baro-com-a-mirador\/\" \/>\n<meta property=\"og:site_name\" content=\"NouBarris.Net\" \/>\n<meta property=\"article:publisher\" content=\"https:\/\/www.facebook.com\/NouBarris.net\/?locale=es_ES\" \/>\n<meta property=\"article:published_time\" content=\"2021-08-26T22:00:51+00:00\" \/>\n<meta property=\"og:image\" content=\"https:\/\/www.noubarris.net\/web40\/wp-content\/uploads\/2021\/08\/joc-estiu.jpg\" \/>\n\t<meta property=\"og:image:width\" content=\"768\" \/>\n\t<meta property=\"og:image:height\" content=\"432\" \/>\n\t<meta property=\"og:image:type\" content=\"image\/jpeg\" \/>\n<meta name=\"author\" content=\"Informatius\" \/>\n<meta name=\"twitter:card\" content=\"summary_large_image\" \/>\n<meta name=\"twitter:creator\" content=\"@9BTV\" \/>\n<meta name=\"twitter:site\" content=\"@9BTV\" \/>\n<meta name=\"twitter:label1\" content=\"Escrit per\" \/>\n\t<meta name=\"twitter:data1\" content=\"Informatius\" \/>\n\t<meta name=\"twitter:label2\" content=\"Temps estimat de lectura\" \/>\n\t<meta name=\"twitter:data2\" content=\"1 minut\" \/>\n<script type=\"application\/ld+json\" class=\"yoast-schema-graph\">{\"@context\":\"https:\/\/schema.org\",\"@graph\":[{\"@type\":\"Article\",\"@id\":\"https:\/\/www.noubarris.net\/web40\/des-de-quan-es-pot-visitar-torre-baro-com-a-mirador\/#article\",\"isPartOf\":{\"@id\":\"https:\/\/www.noubarris.net\/web40\/des-de-quan-es-pot-visitar-torre-baro-com-a-mirador\/\"},\"author\":{\"name\":\"Informatius\",\"@id\":\"https:\/\/www.noubarris.net\/web40\/#\/schema\/person\/1827f92aaa316c54abbf4dac0de76069\"},\"headline\":\"Des de quan es pot visitar Torre Bar\u00f3 com a mirador?\",\"datePublished\":\"2021-08-26T22:00:51+00:00\",\"mainEntityOfPage\":{\"@id\":\"https:\/\/www.noubarris.net\/web40\/des-de-quan-es-pot-visitar-torre-baro-com-a-mirador\/\"},\"wordCount\":183,\"publisher\":{\"@id\":\"https:\/\/www.noubarris.net\/web40\/#organization\"},\"image\":{\"@id\":\"https:\/\/www.noubarris.net\/web40\/des-de-quan-es-pot-visitar-torre-baro-com-a-mirador\/#primaryimage\"},\"thumbnailUrl\":\"https:\/\/www.noubarris.net\/web40\/wp-content\/uploads\/2021\/08\/joc-estiu.jpg\",\"keywords\":[\"Castell\",\"Nou Barris\",\"Relligant Nou Barris\",\"Torre Bar\u00f3\"],\"articleSection\":[\"Cultura\"],\"inLanguage\":\"ca\"},{\"@type\":\"WebPage\",\"@id\":\"https:\/\/www.noubarris.net\/web40\/des-de-quan-es-pot-visitar-torre-baro-com-a-mirador\/\",\"url\":\"https:\/\/www.noubarris.net\/web40\/des-de-quan-es-pot-visitar-torre-baro-com-a-mirador\/\",\"name\":\"Des de quan es pot visitar Torre Bar\u00f3 com a mirador? - NouBarris.Net\",\"isPartOf\":{\"@id\":\"https:\/\/www.noubarris.net\/web40\/#website\"},\"primaryImageOfPage\":{\"@id\":\"https:\/\/www.noubarris.net\/web40\/des-de-quan-es-pot-visitar-torre-baro-com-a-mirador\/#primaryimage\"},\"image\":{\"@id\":\"https:\/\/www.noubarris.net\/web40\/des-de-quan-es-pot-visitar-torre-baro-com-a-mirador\/#primaryimage\"},\"thumbnailUrl\":\"https:\/\/www.noubarris.net\/web40\/wp-content\/uploads\/2021\/08\/joc-estiu.jpg\",\"datePublished\":\"2021-08-26T22:00:51+00:00\",\"breadcrumb\":{\"@id\":\"https:\/\/www.noubarris.net\/web40\/des-de-quan-es-pot-visitar-torre-baro-com-a-mirador\/#breadcrumb\"},\"inLanguage\":\"ca\",\"potentialAction\":[{\"@type\":\"ReadAction\",\"target\":[\"https:\/\/www.noubarris.net\/web40\/des-de-quan-es-pot-visitar-torre-baro-com-a-mirador\/\"]}]},{\"@type\":\"ImageObject\",\"inLanguage\":\"ca\",\"@id\":\"https:\/\/www.noubarris.net\/web40\/des-de-quan-es-pot-visitar-torre-baro-com-a-mirador\/#primaryimage\",\"url\":\"https:\/\/www.noubarris.net\/web40\/wp-content\/uploads\/2021\/08\/joc-estiu.jpg\",\"contentUrl\":\"https:\/\/www.noubarris.net\/web40\/wp-content\/uploads\/2021\/08\/joc-estiu.jpg\",\"width\":768,\"height\":432},{\"@type\":\"BreadcrumbList\",\"@id\":\"https:\/\/www.noubarris.net\/web40\/des-de-quan-es-pot-visitar-torre-baro-com-a-mirador\/#breadcrumb\",\"itemListElement\":[{\"@type\":\"ListItem\",\"position\":1,\"name\":\"Inici\",\"item\":\"https:\/\/www.noubarris.net\/web40\/\"},{\"@type\":\"ListItem\",\"position\":2,\"name\":\"Des de quan es pot visitar Torre Bar\u00f3 com a mirador?\"}]},{\"@type\":\"WebSite\",\"@id\":\"https:\/\/www.noubarris.net\/web40\/#website\",\"url\":\"https:\/\/www.noubarris.net\/web40\/\",\"name\":\"NouBarris.Net\",\"description\":\"Seguint la vida de Nou Barris des de 1985\",\"publisher\":{\"@id\":\"https:\/\/www.noubarris.net\/web40\/#organization\"},\"potentialAction\":[{\"@type\":\"SearchAction\",\"target\":{\"@type\":\"EntryPoint\",\"urlTemplate\":\"https:\/\/www.noubarris.net\/web40\/?s={search_term_string}\"},\"query-input\":{\"@type\":\"PropertyValueSpecification\",\"valueRequired\":true,\"valueName\":\"search_term_string\"}}],\"inLanguage\":\"ca\"},{\"@type\":\"Organization\",\"@id\":\"https:\/\/www.noubarris.net\/web40\/#organization\",\"name\":\"NouBarris.Net\",\"url\":\"https:\/\/www.noubarris.net\/web40\/\",\"logo\":{\"@type\":\"ImageObject\",\"inLanguage\":\"ca\",\"@id\":\"https:\/\/www.noubarris.net\/web40\/#\/schema\/logo\/image\/\",\"url\":\"https:\/\/www.noubarris.net\/web40\/wp-content\/uploads\/2024\/11\/cropped-cropped-LOGO_9BTV-2024_Insta-1.jpg\",\"contentUrl\":\"https:\/\/www.noubarris.net\/web40\/wp-content\/uploads\/2024\/11\/cropped-cropped-LOGO_9BTV-2024_Insta-1.jpg\",\"width\":512,\"height\":512,\"caption\":\"NouBarris.Net\"},\"image\":{\"@id\":\"https:\/\/www.noubarris.net\/web40\/#\/schema\/logo\/image\/\"},\"sameAs\":[\"https:\/\/www.facebook.com\/NouBarris.net\/?locale=es_ES\",\"https:\/\/x.com\/9BTV\"]},{\"@type\":\"Person\",\"@id\":\"https:\/\/www.noubarris.net\/web40\/#\/schema\/person\/1827f92aaa316c54abbf4dac0de76069\",\"name\":\"Informatius\",\"image\":{\"@type\":\"ImageObject\",\"inLanguage\":\"ca\",\"@id\":\"https:\/\/www.noubarris.net\/web40\/#\/schema\/person\/image\/\",\"url\":\"https:\/\/secure.gravatar.com\/avatar\/87a3b47928835fc72c6ee5b0e1a7263ef0c2d05003a98189bc14926c5f11bcdb?s=96&d=mm&r=g\",\"contentUrl\":\"https:\/\/secure.gravatar.com\/avatar\/87a3b47928835fc72c6ee5b0e1a7263ef0c2d05003a98189bc14926c5f11bcdb?s=96&d=mm&r=g\",\"caption\":\"Informatius\"},\"url\":\"https:\/\/www.noubarris.net\/web40\/author\/tele\/\"}]}<\/script>\n<!-- \/ Yoast SEO plugin. -->","yoast_head_json":{"title":"Des de quan es pot visitar Torre Bar\u00f3 com a mirador? - NouBarris.Net","robots":{"index":"index","follow":"follow","max-snippet":"max-snippet:-1","max-image-preview":"max-image-preview:large","max-video-preview":"max-video-preview:-1"},"canonical":"https:\/\/www.noubarris.net\/web40\/des-de-quan-es-pot-visitar-torre-baro-com-a-mirador\/","og_locale":"ca_ES","og_type":"article","og_title":"Des de quan es pot visitar Torre Bar\u00f3 com a mirador? - NouBarris.Net","og_description":"RelligantQuiz, el joc de l\u2019estiu Aquest any el Relligant Nou Barris ha fet un pas m\u00e9s per donar a con\u00e8ixer","og_url":"https:\/\/www.noubarris.net\/web40\/des-de-quan-es-pot-visitar-torre-baro-com-a-mirador\/","og_site_name":"NouBarris.Net","article_publisher":"https:\/\/www.facebook.com\/NouBarris.net\/?locale=es_ES","article_published_time":"2021-08-26T22:00:51+00:00","og_image":[{"width":768,"height":432,"url":"https:\/\/www.noubarris.net\/web40\/wp-content\/uploads\/2021\/08\/joc-estiu.jpg","type":"image\/jpeg"}],"author":"Informatius","twitter_card":"summary_large_image","twitter_creator":"@9BTV","twitter_site":"@9BTV","twitter_misc":{"Escrit per":"Informatius","Temps estimat de lectura":"1 minut"},"schema":{"@context":"https:\/\/schema.org","@graph":[{"@type":"Article","@id":"https:\/\/www.noubarris.net\/web40\/des-de-quan-es-pot-visitar-torre-baro-com-a-mirador\/#article","isPartOf":{"@id":"https:\/\/www.noubarris.net\/web40\/des-de-quan-es-pot-visitar-torre-baro-com-a-mirador\/"},"author":{"name":"Informatius","@id":"https:\/\/www.noubarris.net\/web40\/#\/schema\/person\/1827f92aaa316c54abbf4dac0de76069"},"headline":"Des de quan es pot visitar Torre Bar\u00f3 com a mirador?","datePublished":"2021-08-26T22:00:51+00:00","mainEntityOfPage":{"@id":"https:\/\/www.noubarris.net\/web40\/des-de-quan-es-pot-visitar-torre-baro-com-a-mirador\/"},"wordCount":183,"publisher":{"@id":"https:\/\/www.noubarris.net\/web40\/#organization"},"image":{"@id":"https:\/\/www.noubarris.net\/web40\/des-de-quan-es-pot-visitar-torre-baro-com-a-mirador\/#primaryimage"},"thumbnailUrl":"https:\/\/www.noubarris.net\/web40\/wp-content\/uploads\/2021\/08\/joc-estiu.jpg","keywords":["Castell","Nou Barris","Relligant Nou Barris","Torre Bar\u00f3"],"articleSection":["Cultura"],"inLanguage":"ca"},{"@type":"WebPage","@id":"https:\/\/www.noubarris.net\/web40\/des-de-quan-es-pot-visitar-torre-baro-com-a-mirador\/","url":"https:\/\/www.noubarris.net\/web40\/des-de-quan-es-pot-visitar-torre-baro-com-a-mirador\/","name":"Des de quan es pot visitar Torre Bar\u00f3 com a mirador? - NouBarris.Net","isPartOf":{"@id":"https:\/\/www.noubarris.net\/web40\/#website"},"primaryImageOfPage":{"@id":"https:\/\/www.noubarris.net\/web40\/des-de-quan-es-pot-visitar-torre-baro-com-a-mirador\/#primaryimage"},"image":{"@id":"https:\/\/www.noubarris.net\/web40\/des-de-quan-es-pot-visitar-torre-baro-com-a-mirador\/#primaryimage"},"thumbnailUrl":"https:\/\/www.noubarris.net\/web40\/wp-content\/uploads\/2021\/08\/joc-estiu.jpg","datePublished":"2021-08-26T22:00:51+00:00","breadcrumb":{"@id":"https:\/\/www.noubarris.net\/web40\/des-de-quan-es-pot-visitar-torre-baro-com-a-mirador\/#breadcrumb"},"inLanguage":"ca","potentialAction":[{"@type":"ReadAction","target":["https:\/\/www.noubarris.net\/web40\/des-de-quan-es-pot-visitar-torre-baro-com-a-mirador\/"]}]},{"@type":"ImageObject","inLanguage":"ca","@id":"https:\/\/www.noubarris.net\/web40\/des-de-quan-es-pot-visitar-torre-baro-com-a-mirador\/#primaryimage","url":"https:\/\/www.noubarris.net\/web40\/wp-content\/uploads\/2021\/08\/joc-estiu.jpg","contentUrl":"https:\/\/www.noubarris.net\/web40\/wp-content\/uploads\/2021\/08\/joc-estiu.jpg","width":768,"height":432},{"@type":"BreadcrumbList","@id":"https:\/\/www.noubarris.net\/web40\/des-de-quan-es-pot-visitar-torre-baro-com-a-mirador\/#breadcrumb","itemListElement":[{"@type":"ListItem","position":1,"name":"Inici","item":"https:\/\/www.noubarris.net\/web40\/"},{"@type":"ListItem","position":2,"name":"Des de quan es pot visitar Torre Bar\u00f3 com a mirador?"}]},{"@type":"WebSite","@id":"https:\/\/www.noubarris.net\/web40\/#website","url":"https:\/\/www.noubarris.net\/web40\/","name":"NouBarris.Net","description":"Seguint la vida de Nou Barris des de 1985","publisher":{"@id":"https:\/\/www.noubarris.net\/web40\/#organization"},"potentialAction":[{"@type":"SearchAction","target":{"@type":"EntryPoint","urlTemplate":"https:\/\/www.noubarris.net\/web40\/?s={search_term_string}"},"query-input":{"@type":"PropertyValueSpecification","valueRequired":true,"valueName":"search_term_string"}}],"inLanguage":"ca"},{"@type":"Organization","@id":"https:\/\/www.noubarris.net\/web40\/#organization","name":"NouBarris.Net","url":"https:\/\/www.noubarris.net\/web40\/","logo":{"@type":"ImageObject","inLanguage":"ca","@id":"https:\/\/www.noubarris.net\/web40\/#\/schema\/logo\/image\/","url":"https:\/\/www.noubarris.net\/web40\/wp-content\/uploads\/2024\/11\/cropped-cropped-LOGO_9BTV-2024_Insta-1.jpg","contentUrl":"https:\/\/www.noubarris.net\/web40\/wp-content\/uploads\/2024\/11\/cropped-cropped-LOGO_9BTV-2024_Insta-1.jpg","width":512,"height":512,"caption":"NouBarris.Net"},"image":{"@id":"https:\/\/www.noubarris.net\/web40\/#\/schema\/logo\/image\/"},"sameAs":["https:\/\/www.facebook.com\/NouBarris.net\/?locale=es_ES","https:\/\/x.com\/9BTV"]},{"@type":"Person","@id":"https:\/\/www.noubarris.net\/web40\/#\/schema\/person\/1827f92aaa316c54abbf4dac0de76069","name":"Informatius","image":{"@type":"ImageObject","inLanguage":"ca","@id":"https:\/\/www.noubarris.net\/web40\/#\/schema\/person\/image\/","url":"https:\/\/secure.gravatar.com\/avatar\/87a3b47928835fc72c6ee5b0e1a7263ef0c2d05003a98189bc14926c5f11bcdb?s=96&d=mm&r=g","contentUrl":"https:\/\/secure.gravatar.com\/avatar\/87a3b47928835fc72c6ee5b0e1a7263ef0c2d05003a98189bc14926c5f11bcdb?s=96&d=mm&r=g","caption":"Informatius"},"url":"https:\/\/www.noubarris.net\/web40\/author\/tele\/"}]}},"_links":{"self":[{"href":"https:\/\/www.noubarris.net\/web40\/wp-json\/wp\/v2\/posts\/77757","targetHints":{"allow":["GET"]}}],"collection":[{"href":"https:\/\/www.noubarris.net\/web40\/wp-json\/wp\/v2\/posts"}],"about":[{"href":"https:\/\/www.noubarris.net\/web40\/wp-json\/wp\/v2\/types\/post"}],"author":[{"embeddable":true,"href":"https:\/\/www.noubarris.net\/web40\/wp-json\/wp\/v2\/users\/2"}],"replies":[{"embeddable":true,"href":"https:\/\/www.noubarris.net\/web40\/wp-json\/wp\/v2\/comments?post=77757"}],"version-history":[{"count":3,"href":"https:\/\/www.noubarris.net\/web40\/wp-json\/wp\/v2\/posts\/77757\/revisions"}],"predecessor-version":[{"id":77765,"href":"https:\/\/www.noubarris.net\/web40\/wp-json\/wp\/v2\/posts\/77757\/revisions\/77765"}],"wp:featuredmedia":[{"embeddable":true,"href":"https:\/\/www.noubarris.net\/web40\/wp-json\/wp\/v2\/media\/77614"}],"wp:attachment":[{"href":"https:\/\/www.noubarris.net\/web40\/wp-json\/wp\/v2\/media?parent=77757"}],"wp:term":[{"taxonomy":"category","embeddable":true,"href":"https:\/\/www.noubarris.net\/web40\/wp-json\/wp\/v2\/categories?post=77757"},{"taxonomy":"post_tag","embeddable":true,"href":"https:\/\/www.noubarris.net\/web40\/wp-json\/wp\/v2\/tags?post=77757"}],"curies":[{"name":"wp","href":"https:\/\/api.w.org\/{rel}","templated":true}]}}