{"id":77828,"date":"2021-09-11T00:00:08","date_gmt":"2021-09-10T22:00:08","guid":{"rendered":"http:\/\/www.noubarris.net\/web40\/?p=77828"},"modified":"2021-09-10T22:24:20","modified_gmt":"2021-09-10T20:24:20","slug":"nou-barris-celebrara-la-diada-nacional-de-catalunya-dema-diumenge","status":"publish","type":"post","link":"https:\/\/www.noubarris.net\/web40\/nou-barris-celebrara-la-diada-nacional-de-catalunya-dema-diumenge\/","title":{"rendered":"Nou Barris celebrar\u00e0 la Diada Nacional de Catalunya dem\u00e0 diumenge"},"content":{"rendered":"<p><strong><span class=\"css-901oao css-16my406 r-poiln3 r-bcqeeo r-qvutc0\">Hi actuaran Vict\u00f2ria Riba, les corals Cantic\u00f2rum i L&#8217;Ideal d&#8217;en Clav\u00e9, la Banda Simf\u00f2nica de Roquetes <\/span><span class=\"css-901oao css-16my406 r-poiln3 r-bcqeeo r-qvutc0\">i el Grup de Foc Nou Barris<\/span><\/strong><\/p>\n<p>Un any m\u00e9s, Nou Barris celebra un acte commemoratiu amb motiu de la Diada Nacional de Catalunya. L\u2019esdeveniment, organitzat pel Centre Cultural Els Propis, se celebra dem\u00e0 de setembre a partir de les 18.30h al Pati de la Seu del Districte. <span class=\"css-901oao css-16my406 r-poiln3 r-bcqeeo r-qvutc0\">Hi actuaran Vict\u00f2ria Riba, les corals Cantic\u00f2rum i L&#8217;Ideal d&#8217;en Clav\u00e9, la Banda Simf\u00f2nica de Roquetes <\/span><span class=\"css-901oao css-16my406 r-poiln3 r-bcqeeo r-qvutc0\">i el Grup de Foc Nou Barris.\u00a0<\/span><br \/>\nPodeu fer les reserves a: <a href=\"mailto:elspropis@gmail.com\">elspropis@gmail.com<\/a>\u00a0 (cal que indiqueu el nom i cognoms, DNI i tel\u00e8fon).<\/p>\n<p>Programa:<\/p>\n<p>&#8211; Primera part<\/p>\n<ul>\n<li>Vict\u00f2ria Riba interpreta \u201cPa\u00eds Petit\u201d, de Llu\u00eds Llach<\/li>\n<li>Hissada de la Senyera<\/li>\n<li>Actuaci\u00f3 de \u201cBallets de Catalunya\u201d. Recorregut per Catalunya a trav\u00e9s de les seves danses tradicionals<\/li>\n<\/ul>\n<p>&#8211; Segona part: Mites del segle XX<\/p>\n<p>A c\u00e0rrec de la Banda Simf\u00f2nica Roquetes \u2013 Nou Barris de Barcelona, de l\u2019Agrupaci\u00f3 Sardanista l\u2019Ideal d\u2019en Clav\u00e9 de les Roquetes<\/p>\n<p>Director: Daniel Navarro Cort\u00e9s<\/p>\n<p>Director d\u2019Honor: Vicen\u00e7 Navarro Mas<\/p>\n<ul>\n<li>\u201cDues melodies napolitanes\u201d (Pavarotti). Arranj. Fernando Francia<\/li>\n<li>\u201cBoig per tu\u201d (Pep Sala, Sau)<\/li>\n<li><em>My way\u00a0<\/em>(Frank Sinatra). Arranj. Claude Fran\u00e7ois<\/li>\n<li>\u00c8xits de Nino Bravo. Arranj. Manuel Calero<\/li>\n<\/ul>\n<p>&#8211; Final conjunt<\/p>\n<p>(amb la col\u00b7laboraci\u00f3 de la Societat Coral l\u2019Ideal d\u2019en Clav\u00e9 i la Coral Cantic\u00f2rum)<\/p>\n<ul>\n<li>\u201cEl cant de la senyera\u201d (cant d\u2019exaltaci\u00f3). Ll. Millet \/ Arranj. V. Navarro. Director: Constant\u00ed Sotelo Paradela<\/li>\n<li>Els segadors (Himne Nacional de Catalunya). Popular del segle XVII \/ Arranj. V. Navarro. Director: Daniel Navarro Cort\u00e9s<\/li>\n<\/ul>\n<p>&#8211; Final a c\u00e0rrec del Grup de Foc de Nou Barris<\/p>\n","protected":false},"excerpt":{"rendered":"<p>Hi actuaran Vict\u00f2ria Riba, les corals Cantic\u00f2rum i L&#8217;Ideal d&#8217;en Clav\u00e9, la Banda Simf\u00f2nica de Roquetes i el Grup de<\/p>\n","protected":false},"author":2,"featured_media":77829,"comment_status":"closed","ping_status":"closed","sticky":false,"template":"","format":"standard","meta":{"colormag_page_layout":"default_layout","_monsterinsights_skip_tracking":false,"_monsterinsights_sitenote_active":false,"_monsterinsights_sitenote_note":"","_monsterinsights_sitenote_category":0,"footnotes":""},"categories":[133,124],"tags":[600,234,477,636],"class_list":["post-77828","post","type-post","status-publish","format-standard","has-post-thumbnail","hentry","category-la-guineueta","category-societat","tag-actuacio","tag-cultura","tag-diada","tag-els-propis"],"yoast_head":"<!-- This site is optimized with the Yoast SEO plugin v25.3 - https:\/\/yoast.com\/wordpress\/plugins\/seo\/ -->\n<title>Nou Barris celebrar\u00e0 la Diada Nacional de Catalunya dem\u00e0 diumenge - NouBarris.Net<\/title>\n<meta name=\"robots\" content=\"index, follow, max-snippet:-1, max-image-preview:large, max-video-preview:-1\" \/>\n<link rel=\"canonical\" href=\"https:\/\/www.noubarris.net\/web40\/nou-barris-celebrara-la-diada-nacional-de-catalunya-dema-diumenge\/\" \/>\n<meta property=\"og:locale\" content=\"ca_ES\" \/>\n<meta property=\"og:type\" content=\"article\" \/>\n<meta property=\"og:title\" content=\"Nou Barris celebrar\u00e0 la Diada Nacional de Catalunya dem\u00e0 diumenge - NouBarris.Net\" \/>\n<meta property=\"og:description\" content=\"Hi actuaran Vict\u00f2ria Riba, les corals Cantic\u00f2rum i L&#8217;Ideal d&#8217;en Clav\u00e9, la Banda Simf\u00f2nica de Roquetes i el Grup de\" \/>\n<meta property=\"og:url\" content=\"https:\/\/www.noubarris.net\/web40\/nou-barris-celebrara-la-diada-nacional-de-catalunya-dema-diumenge\/\" \/>\n<meta property=\"og:site_name\" content=\"NouBarris.Net\" \/>\n<meta property=\"article:publisher\" content=\"https:\/\/www.facebook.com\/NouBarris.net\/?locale=es_ES\" \/>\n<meta property=\"article:published_time\" content=\"2021-09-10T22:00:08+00:00\" \/>\n<meta property=\"og:image\" content=\"https:\/\/www.noubarris.net\/web40\/wp-content\/uploads\/2021\/09\/110921.jpg\" \/>\n\t<meta property=\"og:image:width\" content=\"768\" \/>\n\t<meta property=\"og:image:height\" content=\"432\" \/>\n\t<meta property=\"og:image:type\" content=\"image\/jpeg\" \/>\n<meta name=\"author\" content=\"Informatius\" \/>\n<meta name=\"twitter:card\" content=\"summary_large_image\" \/>\n<meta name=\"twitter:creator\" content=\"@9BTV\" \/>\n<meta name=\"twitter:site\" content=\"@9BTV\" \/>\n<meta name=\"twitter:label1\" content=\"Escrit per\" \/>\n\t<meta name=\"twitter:data1\" content=\"Informatius\" \/>\n\t<meta name=\"twitter:label2\" content=\"Temps estimat de lectura\" \/>\n\t<meta name=\"twitter:data2\" content=\"1 minut\" \/>\n<script type=\"application\/ld+json\" class=\"yoast-schema-graph\">{\"@context\":\"https:\/\/schema.org\",\"@graph\":[{\"@type\":\"Article\",\"@id\":\"https:\/\/www.noubarris.net\/web40\/nou-barris-celebrara-la-diada-nacional-de-catalunya-dema-diumenge\/#article\",\"isPartOf\":{\"@id\":\"https:\/\/www.noubarris.net\/web40\/nou-barris-celebrara-la-diada-nacional-de-catalunya-dema-diumenge\/\"},\"author\":{\"name\":\"Informatius\",\"@id\":\"https:\/\/www.noubarris.net\/web40\/#\/schema\/person\/1827f92aaa316c54abbf4dac0de76069\"},\"headline\":\"Nou Barris celebrar\u00e0 la Diada Nacional de Catalunya dem\u00e0 diumenge\",\"datePublished\":\"2021-09-10T22:00:08+00:00\",\"mainEntityOfPage\":{\"@id\":\"https:\/\/www.noubarris.net\/web40\/nou-barris-celebrara-la-diada-nacional-de-catalunya-dema-diumenge\/\"},\"wordCount\":302,\"publisher\":{\"@id\":\"https:\/\/www.noubarris.net\/web40\/#organization\"},\"image\":{\"@id\":\"https:\/\/www.noubarris.net\/web40\/nou-barris-celebrara-la-diada-nacional-de-catalunya-dema-diumenge\/#primaryimage\"},\"thumbnailUrl\":\"https:\/\/www.noubarris.net\/web40\/wp-content\/uploads\/2021\/09\/110921.jpg\",\"keywords\":[\"actuaci\u00f3\",\"Cultura\",\"Diada\",\"Els Propis\"],\"articleSection\":[\"La Guineueta\",\"Societat\"],\"inLanguage\":\"ca\"},{\"@type\":\"WebPage\",\"@id\":\"https:\/\/www.noubarris.net\/web40\/nou-barris-celebrara-la-diada-nacional-de-catalunya-dema-diumenge\/\",\"url\":\"https:\/\/www.noubarris.net\/web40\/nou-barris-celebrara-la-diada-nacional-de-catalunya-dema-diumenge\/\",\"name\":\"Nou Barris celebrar\u00e0 la Diada Nacional de Catalunya dem\u00e0 diumenge - NouBarris.Net\",\"isPartOf\":{\"@id\":\"https:\/\/www.noubarris.net\/web40\/#website\"},\"primaryImageOfPage\":{\"@id\":\"https:\/\/www.noubarris.net\/web40\/nou-barris-celebrara-la-diada-nacional-de-catalunya-dema-diumenge\/#primaryimage\"},\"image\":{\"@id\":\"https:\/\/www.noubarris.net\/web40\/nou-barris-celebrara-la-diada-nacional-de-catalunya-dema-diumenge\/#primaryimage\"},\"thumbnailUrl\":\"https:\/\/www.noubarris.net\/web40\/wp-content\/uploads\/2021\/09\/110921.jpg\",\"datePublished\":\"2021-09-10T22:00:08+00:00\",\"breadcrumb\":{\"@id\":\"https:\/\/www.noubarris.net\/web40\/nou-barris-celebrara-la-diada-nacional-de-catalunya-dema-diumenge\/#breadcrumb\"},\"inLanguage\":\"ca\",\"potentialAction\":[{\"@type\":\"ReadAction\",\"target\":[\"https:\/\/www.noubarris.net\/web40\/nou-barris-celebrara-la-diada-nacional-de-catalunya-dema-diumenge\/\"]}]},{\"@type\":\"ImageObject\",\"inLanguage\":\"ca\",\"@id\":\"https:\/\/www.noubarris.net\/web40\/nou-barris-celebrara-la-diada-nacional-de-catalunya-dema-diumenge\/#primaryimage\",\"url\":\"https:\/\/www.noubarris.net\/web40\/wp-content\/uploads\/2021\/09\/110921.jpg\",\"contentUrl\":\"https:\/\/www.noubarris.net\/web40\/wp-content\/uploads\/2021\/09\/110921.jpg\",\"width\":768,\"height\":432},{\"@type\":\"BreadcrumbList\",\"@id\":\"https:\/\/www.noubarris.net\/web40\/nou-barris-celebrara-la-diada-nacional-de-catalunya-dema-diumenge\/#breadcrumb\",\"itemListElement\":[{\"@type\":\"ListItem\",\"position\":1,\"name\":\"Inici\",\"item\":\"https:\/\/www.noubarris.net\/web40\/\"},{\"@type\":\"ListItem\",\"position\":2,\"name\":\"Nou Barris celebrar\u00e0 la Diada Nacional de Catalunya dem\u00e0 diumenge\"}]},{\"@type\":\"WebSite\",\"@id\":\"https:\/\/www.noubarris.net\/web40\/#website\",\"url\":\"https:\/\/www.noubarris.net\/web40\/\",\"name\":\"NouBarris.Net\",\"description\":\"Seguint la vida de Nou Barris des de 1985\",\"publisher\":{\"@id\":\"https:\/\/www.noubarris.net\/web40\/#organization\"},\"potentialAction\":[{\"@type\":\"SearchAction\",\"target\":{\"@type\":\"EntryPoint\",\"urlTemplate\":\"https:\/\/www.noubarris.net\/web40\/?s={search_term_string}\"},\"query-input\":{\"@type\":\"PropertyValueSpecification\",\"valueRequired\":true,\"valueName\":\"search_term_string\"}}],\"inLanguage\":\"ca\"},{\"@type\":\"Organization\",\"@id\":\"https:\/\/www.noubarris.net\/web40\/#organization\",\"name\":\"NouBarris.Net\",\"url\":\"https:\/\/www.noubarris.net\/web40\/\",\"logo\":{\"@type\":\"ImageObject\",\"inLanguage\":\"ca\",\"@id\":\"https:\/\/www.noubarris.net\/web40\/#\/schema\/logo\/image\/\",\"url\":\"https:\/\/www.noubarris.net\/web40\/wp-content\/uploads\/2024\/11\/cropped-cropped-LOGO_9BTV-2024_Insta-1.jpg\",\"contentUrl\":\"https:\/\/www.noubarris.net\/web40\/wp-content\/uploads\/2024\/11\/cropped-cropped-LOGO_9BTV-2024_Insta-1.jpg\",\"width\":512,\"height\":512,\"caption\":\"NouBarris.Net\"},\"image\":{\"@id\":\"https:\/\/www.noubarris.net\/web40\/#\/schema\/logo\/image\/\"},\"sameAs\":[\"https:\/\/www.facebook.com\/NouBarris.net\/?locale=es_ES\",\"https:\/\/x.com\/9BTV\"]},{\"@type\":\"Person\",\"@id\":\"https:\/\/www.noubarris.net\/web40\/#\/schema\/person\/1827f92aaa316c54abbf4dac0de76069\",\"name\":\"Informatius\",\"image\":{\"@type\":\"ImageObject\",\"inLanguage\":\"ca\",\"@id\":\"https:\/\/www.noubarris.net\/web40\/#\/schema\/person\/image\/\",\"url\":\"https:\/\/secure.gravatar.com\/avatar\/87a3b47928835fc72c6ee5b0e1a7263ef0c2d05003a98189bc14926c5f11bcdb?s=96&d=mm&r=g\",\"contentUrl\":\"https:\/\/secure.gravatar.com\/avatar\/87a3b47928835fc72c6ee5b0e1a7263ef0c2d05003a98189bc14926c5f11bcdb?s=96&d=mm&r=g\",\"caption\":\"Informatius\"},\"url\":\"https:\/\/www.noubarris.net\/web40\/author\/tele\/\"}]}<\/script>\n<!-- \/ Yoast SEO plugin. -->","yoast_head_json":{"title":"Nou Barris celebrar\u00e0 la Diada Nacional de Catalunya dem\u00e0 diumenge - NouBarris.Net","robots":{"index":"index","follow":"follow","max-snippet":"max-snippet:-1","max-image-preview":"max-image-preview:large","max-video-preview":"max-video-preview:-1"},"canonical":"https:\/\/www.noubarris.net\/web40\/nou-barris-celebrara-la-diada-nacional-de-catalunya-dema-diumenge\/","og_locale":"ca_ES","og_type":"article","og_title":"Nou Barris celebrar\u00e0 la Diada Nacional de Catalunya dem\u00e0 diumenge - NouBarris.Net","og_description":"Hi actuaran Vict\u00f2ria Riba, les corals Cantic\u00f2rum i L&#8217;Ideal d&#8217;en Clav\u00e9, la Banda Simf\u00f2nica de Roquetes i el Grup de","og_url":"https:\/\/www.noubarris.net\/web40\/nou-barris-celebrara-la-diada-nacional-de-catalunya-dema-diumenge\/","og_site_name":"NouBarris.Net","article_publisher":"https:\/\/www.facebook.com\/NouBarris.net\/?locale=es_ES","article_published_time":"2021-09-10T22:00:08+00:00","og_image":[{"width":768,"height":432,"url":"https:\/\/www.noubarris.net\/web40\/wp-content\/uploads\/2021\/09\/110921.jpg","type":"image\/jpeg"}],"author":"Informatius","twitter_card":"summary_large_image","twitter_creator":"@9BTV","twitter_site":"@9BTV","twitter_misc":{"Escrit per":"Informatius","Temps estimat de lectura":"1 minut"},"schema":{"@context":"https:\/\/schema.org","@graph":[{"@type":"Article","@id":"https:\/\/www.noubarris.net\/web40\/nou-barris-celebrara-la-diada-nacional-de-catalunya-dema-diumenge\/#article","isPartOf":{"@id":"https:\/\/www.noubarris.net\/web40\/nou-barris-celebrara-la-diada-nacional-de-catalunya-dema-diumenge\/"},"author":{"name":"Informatius","@id":"https:\/\/www.noubarris.net\/web40\/#\/schema\/person\/1827f92aaa316c54abbf4dac0de76069"},"headline":"Nou Barris celebrar\u00e0 la Diada Nacional de Catalunya dem\u00e0 diumenge","datePublished":"2021-09-10T22:00:08+00:00","mainEntityOfPage":{"@id":"https:\/\/www.noubarris.net\/web40\/nou-barris-celebrara-la-diada-nacional-de-catalunya-dema-diumenge\/"},"wordCount":302,"publisher":{"@id":"https:\/\/www.noubarris.net\/web40\/#organization"},"image":{"@id":"https:\/\/www.noubarris.net\/web40\/nou-barris-celebrara-la-diada-nacional-de-catalunya-dema-diumenge\/#primaryimage"},"thumbnailUrl":"https:\/\/www.noubarris.net\/web40\/wp-content\/uploads\/2021\/09\/110921.jpg","keywords":["actuaci\u00f3","Cultura","Diada","Els Propis"],"articleSection":["La Guineueta","Societat"],"inLanguage":"ca"},{"@type":"WebPage","@id":"https:\/\/www.noubarris.net\/web40\/nou-barris-celebrara-la-diada-nacional-de-catalunya-dema-diumenge\/","url":"https:\/\/www.noubarris.net\/web40\/nou-barris-celebrara-la-diada-nacional-de-catalunya-dema-diumenge\/","name":"Nou Barris celebrar\u00e0 la Diada Nacional de Catalunya dem\u00e0 diumenge - NouBarris.Net","isPartOf":{"@id":"https:\/\/www.noubarris.net\/web40\/#website"},"primaryImageOfPage":{"@id":"https:\/\/www.noubarris.net\/web40\/nou-barris-celebrara-la-diada-nacional-de-catalunya-dema-diumenge\/#primaryimage"},"image":{"@id":"https:\/\/www.noubarris.net\/web40\/nou-barris-celebrara-la-diada-nacional-de-catalunya-dema-diumenge\/#primaryimage"},"thumbnailUrl":"https:\/\/www.noubarris.net\/web40\/wp-content\/uploads\/2021\/09\/110921.jpg","datePublished":"2021-09-10T22:00:08+00:00","breadcrumb":{"@id":"https:\/\/www.noubarris.net\/web40\/nou-barris-celebrara-la-diada-nacional-de-catalunya-dema-diumenge\/#breadcrumb"},"inLanguage":"ca","potentialAction":[{"@type":"ReadAction","target":["https:\/\/www.noubarris.net\/web40\/nou-barris-celebrara-la-diada-nacional-de-catalunya-dema-diumenge\/"]}]},{"@type":"ImageObject","inLanguage":"ca","@id":"https:\/\/www.noubarris.net\/web40\/nou-barris-celebrara-la-diada-nacional-de-catalunya-dema-diumenge\/#primaryimage","url":"https:\/\/www.noubarris.net\/web40\/wp-content\/uploads\/2021\/09\/110921.jpg","contentUrl":"https:\/\/www.noubarris.net\/web40\/wp-content\/uploads\/2021\/09\/110921.jpg","width":768,"height":432},{"@type":"BreadcrumbList","@id":"https:\/\/www.noubarris.net\/web40\/nou-barris-celebrara-la-diada-nacional-de-catalunya-dema-diumenge\/#breadcrumb","itemListElement":[{"@type":"ListItem","position":1,"name":"Inici","item":"https:\/\/www.noubarris.net\/web40\/"},{"@type":"ListItem","position":2,"name":"Nou Barris celebrar\u00e0 la Diada Nacional de Catalunya dem\u00e0 diumenge"}]},{"@type":"WebSite","@id":"https:\/\/www.noubarris.net\/web40\/#website","url":"https:\/\/www.noubarris.net\/web40\/","name":"NouBarris.Net","description":"Seguint la vida de Nou Barris des de 1985","publisher":{"@id":"https:\/\/www.noubarris.net\/web40\/#organization"},"potentialAction":[{"@type":"SearchAction","target":{"@type":"EntryPoint","urlTemplate":"https:\/\/www.noubarris.net\/web40\/?s={search_term_string}"},"query-input":{"@type":"PropertyValueSpecification","valueRequired":true,"valueName":"search_term_string"}}],"inLanguage":"ca"},{"@type":"Organization","@id":"https:\/\/www.noubarris.net\/web40\/#organization","name":"NouBarris.Net","url":"https:\/\/www.noubarris.net\/web40\/","logo":{"@type":"ImageObject","inLanguage":"ca","@id":"https:\/\/www.noubarris.net\/web40\/#\/schema\/logo\/image\/","url":"https:\/\/www.noubarris.net\/web40\/wp-content\/uploads\/2024\/11\/cropped-cropped-LOGO_9BTV-2024_Insta-1.jpg","contentUrl":"https:\/\/www.noubarris.net\/web40\/wp-content\/uploads\/2024\/11\/cropped-cropped-LOGO_9BTV-2024_Insta-1.jpg","width":512,"height":512,"caption":"NouBarris.Net"},"image":{"@id":"https:\/\/www.noubarris.net\/web40\/#\/schema\/logo\/image\/"},"sameAs":["https:\/\/www.facebook.com\/NouBarris.net\/?locale=es_ES","https:\/\/x.com\/9BTV"]},{"@type":"Person","@id":"https:\/\/www.noubarris.net\/web40\/#\/schema\/person\/1827f92aaa316c54abbf4dac0de76069","name":"Informatius","image":{"@type":"ImageObject","inLanguage":"ca","@id":"https:\/\/www.noubarris.net\/web40\/#\/schema\/person\/image\/","url":"https:\/\/secure.gravatar.com\/avatar\/87a3b47928835fc72c6ee5b0e1a7263ef0c2d05003a98189bc14926c5f11bcdb?s=96&d=mm&r=g","contentUrl":"https:\/\/secure.gravatar.com\/avatar\/87a3b47928835fc72c6ee5b0e1a7263ef0c2d05003a98189bc14926c5f11bcdb?s=96&d=mm&r=g","caption":"Informatius"},"url":"https:\/\/www.noubarris.net\/web40\/author\/tele\/"}]}},"_links":{"self":[{"href":"https:\/\/www.noubarris.net\/web40\/wp-json\/wp\/v2\/posts\/77828","targetHints":{"allow":["GET"]}}],"collection":[{"href":"https:\/\/www.noubarris.net\/web40\/wp-json\/wp\/v2\/posts"}],"about":[{"href":"https:\/\/www.noubarris.net\/web40\/wp-json\/wp\/v2\/types\/post"}],"author":[{"embeddable":true,"href":"https:\/\/www.noubarris.net\/web40\/wp-json\/wp\/v2\/users\/2"}],"replies":[{"embeddable":true,"href":"https:\/\/www.noubarris.net\/web40\/wp-json\/wp\/v2\/comments?post=77828"}],"version-history":[{"count":2,"href":"https:\/\/www.noubarris.net\/web40\/wp-json\/wp\/v2\/posts\/77828\/revisions"}],"predecessor-version":[{"id":77831,"href":"https:\/\/www.noubarris.net\/web40\/wp-json\/wp\/v2\/posts\/77828\/revisions\/77831"}],"wp:featuredmedia":[{"embeddable":true,"href":"https:\/\/www.noubarris.net\/web40\/wp-json\/wp\/v2\/media\/77829"}],"wp:attachment":[{"href":"https:\/\/www.noubarris.net\/web40\/wp-json\/wp\/v2\/media?parent=77828"}],"wp:term":[{"taxonomy":"category","embeddable":true,"href":"https:\/\/www.noubarris.net\/web40\/wp-json\/wp\/v2\/categories?post=77828"},{"taxonomy":"post_tag","embeddable":true,"href":"https:\/\/www.noubarris.net\/web40\/wp-json\/wp\/v2\/tags?post=77828"}],"curies":[{"name":"wp","href":"https:\/\/api.w.org\/{rel}","templated":true}]}}