{"id":77860,"date":"2021-09-16T00:00:22","date_gmt":"2021-09-15T22:00:22","guid":{"rendered":"http:\/\/www.noubarris.net\/web40\/?p=77860"},"modified":"2021-09-15T20:45:17","modified_gmt":"2021-09-15T18:45:17","slug":"arrenca-desvario-el-nou-festival-de-flamenc-de-nou-barris","status":"publish","type":"post","link":"https:\/\/www.noubarris.net\/web40\/arrenca-desvario-el-nou-festival-de-flamenc-de-nou-barris\/","title":{"rendered":"Arrenca Desvar\u00edo, el nou festival de flamenc de Nou Barris"},"content":{"rendered":"<p><strong>La programaci\u00f3 s&#8217;enceta amb tallers familiars i inclusius, com a pr\u00e8via a les actuacions<\/strong><\/p>\n<p>Districte vol tornar a posar Nou Barris al mapa del flamenc i ho fa amb un nou festival, Desvar\u00edo, que vol prendre el relleu d&#8217;aquell que es feia temps enrere. L&#8217;escenari ser\u00e0 el mateix: el pati de la Seu del Districte, un entorn sempre acollidor i m\u00e0gic. I el fil conductor del Desvar\u00edo est\u00e0 molt relacionada amb el nom. S&#8217;aposta per noves visions del flamenc, innovadores i transgressores al mateix temps que miren amb respecte el codi del flamenc. Un exemple \u00e9s la bailaora Leonor Leal, que dansar\u00e0 al toc de xil\u00f2fon i percussi\u00f3. O veus pr\u00f2pies i particulars com la d&#8217;El Mati.<\/p>\n<p>El festival neix -o reneix- en col\u00b7laboraci\u00f3 entre Districte i l&#8217;associaci\u00f3 El Dorado, i tot i que compta amb un pressupost modest, es basa en la qualitat i la personalitat del seu cartell. Uns arguments amb els quals volen atraure ve\u00efns i ve\u00efnes de tota la ciutat a<a href=\"https:\/\/app.conectaentradas.com\/shop\/RdIGh3oB87xpnZxWFDOr\" target=\"_blank\" rel=\"noopener\"> un preu de 15 euros<\/a>, que han estat 10 per als noubarriencs durant les darreres setmanes. A m\u00e9s, un segon eix del cicle \u00e9s la pedagogia sobre aquest art. De manera que el festival comen\u00e7a avui amb una confer\u00e8ncia i dos tallers, <a href=\"https:\/\/app.acreditados.es\/tickets\/5993781958541312\">gratu\u00efts per\u00f2 amb reserva<\/a>, pensats per a fam\u00edlies i per a persones amb diversitat funcional.<\/p>\n<p>El <a href=\"https:\/\/media-edg.barcelona.cat\/wp-content\/uploads\/2021\/08\/05130114\/Programa-Festival-Flamenc-2021_web-Final.pdf\">programa de Desvar\u00edo<\/a> \u00e9s el seg\u00fcent:<\/p>\n<ul>\n<li>Avui dijous:<\/li>\n<\/ul>\n<p>17h: Taller de Flamenco Inclusiu. S&#8217;oferiran eines de participaci\u00f3 per mostrar que el flamenc a persones amb i sense diversitat funcional, apropar-los a aquest univers d\u2019art i emoci\u00f3 de qu\u00e8 moltes vegades queden exclosos.<\/p>\n<p>18.30h: Taller de Flamenco en Fam\u00edlia. Vol apropar una degustaci\u00f3 de flamenco al p\u00fablic infantil, acompanyat de familiars per compartir l\u2019experi\u00e8ncia i el primer contacte amb aquest art. A c\u00e0rrec d&#8217;Aina Nu\u00f1ez, cineasta, bailaora i pedagoga.<\/p>\n<ul>\n<li>Divendres<\/li>\n<\/ul>\n<p>19h Confer\u00e8ncia \u201cEl flamenco, un arte popular moderno\u201d, a c\u00e0rrec de Jos\u00e9 Luis Ortiz Nuevo, investigador, fundador i\u00a0 director de la Bienal de Sevilla i de la Bienal de M\u00e1laga de 2007.<\/p>\n<p>21h Actuaci\u00f3 de\u00a0Mat\u00edas L\u00f3pez\u00a0El Mati, \u00d3scar Lago i Javier Rabad\u00e1n.<\/p>\n<p>El Mati\u00a0\u00e9s una de les joves veus flamenques amb m\u00e9s projecci\u00f3 i futur. Ha actuat als festivals m\u00e9s importants, tant nacionals com internacionals.\u00a0Cantaor\u00a0catal\u00e0, resideix a Sevilla i l\u2019any 2019 va guanyar la\u00a0L\u00e1mpara Minera, del prestigi\u00f3s Festival Internacional de Cante de las Minas en la Uni\u00f3n (M\u00farcia).<\/p>\n<p>L\u2019acompanyar\u00e0 el guitarrista gadit\u00e0 \u00d3scar Lago, que ha treballat amb artistes i formacions com les companyies de Javier Latorre, d\u2019Antonio el Pipa, Miguel Poveda o Roc\u00edo Molina.<\/p>\n<p>Javi Rabad\u00e1n, un dels altres c\u00f2mplices habituals de Mat\u00edas L\u00f3pez, nascut a M\u00farcia, s\u2019ha format en percussi\u00f3 cl\u00e0ssica i\u00a0flamencologia\u00a0i ha treballat amb grans noms del\u00a0flamenco\u00a0i el jazz com Antonio Canales, Jos\u00e9 Antonio Rodr\u00edguez, Sergio de Lope, Farruquito, \u00c1lvaro Pa\u00f1os, El Pele, Encarna Anillo, etc.<\/p>\n<ul>\n<li>Dissabte<\/li>\n<\/ul>\n<p>21h Concert del\u00a0cantaor\u00a0de Jerez de la Frontera David Lagos i el seu germ\u00e0, el prestigi\u00f3s guitarrista Alfredo Lagos. David Lagos \u00e9s un\u00a0cantaor\u00a0de reconegut prestigi en el m\u00f3n del\u00a0flamenco\u00a0que nom\u00e9s amb 27 anys va obtenir el Premi Revelaci\u00f3 a la Bienal de Sevilla, un dels cert\u00e0mens m\u00e9s prestigiosos de\u00a0flamenco. Tamb\u00e9 va aconseguir la\u00a0L\u00e1mpara Minera\u00a0al Festival Internacional de Cante de Las Minas (2014), i ha col\u00b7laborat\u00a0 amb les primeres figures del\u00a0baile, com Israel Galv\u00e1n i Roc\u00edo Molina. El seu germ\u00e0 Alfredo \u00e9s un clar exponent de la generaci\u00f3 de guitarristes que han trobat una s\u00edntesi entre la sonoritat cl\u00e0ssica i les noves harmonies. Ha acompanyat grans del\u00a0flamenco\u00a0com Enrique Morente, Carmen Linares, Fernando Terremoto o Israel Galv\u00e1n.<\/p>\n<p>22.30h Actuaci\u00f3 de la bailaora tamb\u00e9 jerezana Leonor Leal, pura versatilitat. \u00c9s una bailaora, i alhora creadora, en constant evoluci\u00f3. Al seu costat hi trobarem Antonio Moreno, m\u00e9s que un percussionista, un m\u00fasic complet que va guanyar l\u2019any 2014 el Premio Fil\u00f3n al millor instrumentalista flamenco del Festival de la Uni\u00f3n.<\/p>\n<ul>\n<li>Diumenge<\/li>\n<\/ul>\n<p>21h Concert amb Jes\u00fas M\u00e9ndez, Dani de Mor\u00f3n i Patricia Guerrero. Jes\u00fas M\u00e9ndez \u00e9s un cantaor jerezano singular amb unes dots vocals extraordin\u00e0ries. Dani de Mor\u00f3n \u00e9s un guitarrista d\u2019alt\u00edssim nivell i considerat per molts experts com l\u2019exponent m\u00e9s significatiu entre els guitarristes de la seva generaci\u00f3. I, finalment, el ball anir\u00e0 a c\u00e0rrec de Patricia Guerrero, de Granada, que acaba de fer 30 anys i porta la meitat de la seva vida ballant professionalment. Amb 17 anys ja havia guanyat el premi Desplante del Festival de la Uni\u00f3n.<\/p>\n","protected":false},"excerpt":{"rendered":"<p>La programaci\u00f3 s&#8217;enceta amb tallers familiars i inclusius, com a pr\u00e8via a les actuacions Districte vol tornar a posar Nou<\/p>\n","protected":false},"author":2,"featured_media":77862,"comment_status":"closed","ping_status":"closed","sticky":false,"template":"","format":"standard","meta":{"colormag_page_layout":"default_layout","_monsterinsights_skip_tracking":false,"_monsterinsights_sitenote_active":false,"_monsterinsights_sitenote_note":"","_monsterinsights_sitenote_category":0,"footnotes":""},"categories":[129],"tags":[629,333],"class_list":["post-77860","post","type-post","status-publish","format-standard","has-post-thumbnail","hentry","category-cultura","tag-concerts","tag-flamenc"],"yoast_head":"<!-- This site is optimized with the Yoast SEO plugin v25.3 - https:\/\/yoast.com\/wordpress\/plugins\/seo\/ -->\n<title>Arrenca Desvar\u00edo, el nou festival de flamenc de Nou Barris - NouBarris.Net<\/title>\n<meta name=\"robots\" content=\"index, follow, max-snippet:-1, max-image-preview:large, max-video-preview:-1\" \/>\n<link rel=\"canonical\" href=\"https:\/\/www.noubarris.net\/web40\/arrenca-desvario-el-nou-festival-de-flamenc-de-nou-barris\/\" \/>\n<meta property=\"og:locale\" content=\"ca_ES\" \/>\n<meta property=\"og:type\" content=\"article\" \/>\n<meta property=\"og:title\" content=\"Arrenca Desvar\u00edo, el nou festival de flamenc de Nou Barris - NouBarris.Net\" \/>\n<meta property=\"og:description\" content=\"La programaci\u00f3 s&#8217;enceta amb tallers familiars i inclusius, com a pr\u00e8via a les actuacions Districte vol tornar a posar Nou\" \/>\n<meta property=\"og:url\" content=\"https:\/\/www.noubarris.net\/web40\/arrenca-desvario-el-nou-festival-de-flamenc-de-nou-barris\/\" \/>\n<meta property=\"og:site_name\" content=\"NouBarris.Net\" \/>\n<meta property=\"article:publisher\" content=\"https:\/\/www.facebook.com\/NouBarris.net\/?locale=es_ES\" \/>\n<meta property=\"article:published_time\" content=\"2021-09-15T22:00:22+00:00\" \/>\n<meta property=\"og:image\" content=\"https:\/\/www.noubarris.net\/web40\/wp-content\/uploads\/2021\/09\/160921.jpg\" \/>\n\t<meta property=\"og:image:width\" content=\"768\" \/>\n\t<meta property=\"og:image:height\" content=\"432\" \/>\n\t<meta property=\"og:image:type\" content=\"image\/jpeg\" \/>\n<meta name=\"author\" content=\"Informatius\" \/>\n<meta name=\"twitter:card\" content=\"summary_large_image\" \/>\n<meta name=\"twitter:creator\" content=\"@9BTV\" \/>\n<meta name=\"twitter:site\" content=\"@9BTV\" \/>\n<meta name=\"twitter:label1\" content=\"Escrit per\" \/>\n\t<meta name=\"twitter:data1\" content=\"Informatius\" \/>\n\t<meta name=\"twitter:label2\" content=\"Temps estimat de lectura\" \/>\n\t<meta name=\"twitter:data2\" content=\"4 minuts\" \/>\n<script type=\"application\/ld+json\" class=\"yoast-schema-graph\">{\"@context\":\"https:\/\/schema.org\",\"@graph\":[{\"@type\":\"Article\",\"@id\":\"https:\/\/www.noubarris.net\/web40\/arrenca-desvario-el-nou-festival-de-flamenc-de-nou-barris\/#article\",\"isPartOf\":{\"@id\":\"https:\/\/www.noubarris.net\/web40\/arrenca-desvario-el-nou-festival-de-flamenc-de-nou-barris\/\"},\"author\":{\"name\":\"Informatius\",\"@id\":\"https:\/\/www.noubarris.net\/web40\/#\/schema\/person\/1827f92aaa316c54abbf4dac0de76069\"},\"headline\":\"Arrenca Desvar\u00edo, el nou festival de flamenc de Nou Barris\",\"datePublished\":\"2021-09-15T22:00:22+00:00\",\"mainEntityOfPage\":{\"@id\":\"https:\/\/www.noubarris.net\/web40\/arrenca-desvario-el-nou-festival-de-flamenc-de-nou-barris\/\"},\"wordCount\":827,\"publisher\":{\"@id\":\"https:\/\/www.noubarris.net\/web40\/#organization\"},\"image\":{\"@id\":\"https:\/\/www.noubarris.net\/web40\/arrenca-desvario-el-nou-festival-de-flamenc-de-nou-barris\/#primaryimage\"},\"thumbnailUrl\":\"https:\/\/www.noubarris.net\/web40\/wp-content\/uploads\/2021\/09\/160921.jpg\",\"keywords\":[\"concerts\",\"Flamenc\"],\"articleSection\":[\"Cultura\"],\"inLanguage\":\"ca\"},{\"@type\":\"WebPage\",\"@id\":\"https:\/\/www.noubarris.net\/web40\/arrenca-desvario-el-nou-festival-de-flamenc-de-nou-barris\/\",\"url\":\"https:\/\/www.noubarris.net\/web40\/arrenca-desvario-el-nou-festival-de-flamenc-de-nou-barris\/\",\"name\":\"Arrenca Desvar\u00edo, el nou festival de flamenc de Nou Barris - NouBarris.Net\",\"isPartOf\":{\"@id\":\"https:\/\/www.noubarris.net\/web40\/#website\"},\"primaryImageOfPage\":{\"@id\":\"https:\/\/www.noubarris.net\/web40\/arrenca-desvario-el-nou-festival-de-flamenc-de-nou-barris\/#primaryimage\"},\"image\":{\"@id\":\"https:\/\/www.noubarris.net\/web40\/arrenca-desvario-el-nou-festival-de-flamenc-de-nou-barris\/#primaryimage\"},\"thumbnailUrl\":\"https:\/\/www.noubarris.net\/web40\/wp-content\/uploads\/2021\/09\/160921.jpg\",\"datePublished\":\"2021-09-15T22:00:22+00:00\",\"breadcrumb\":{\"@id\":\"https:\/\/www.noubarris.net\/web40\/arrenca-desvario-el-nou-festival-de-flamenc-de-nou-barris\/#breadcrumb\"},\"inLanguage\":\"ca\",\"potentialAction\":[{\"@type\":\"ReadAction\",\"target\":[\"https:\/\/www.noubarris.net\/web40\/arrenca-desvario-el-nou-festival-de-flamenc-de-nou-barris\/\"]}]},{\"@type\":\"ImageObject\",\"inLanguage\":\"ca\",\"@id\":\"https:\/\/www.noubarris.net\/web40\/arrenca-desvario-el-nou-festival-de-flamenc-de-nou-barris\/#primaryimage\",\"url\":\"https:\/\/www.noubarris.net\/web40\/wp-content\/uploads\/2021\/09\/160921.jpg\",\"contentUrl\":\"https:\/\/www.noubarris.net\/web40\/wp-content\/uploads\/2021\/09\/160921.jpg\",\"width\":768,\"height\":432},{\"@type\":\"BreadcrumbList\",\"@id\":\"https:\/\/www.noubarris.net\/web40\/arrenca-desvario-el-nou-festival-de-flamenc-de-nou-barris\/#breadcrumb\",\"itemListElement\":[{\"@type\":\"ListItem\",\"position\":1,\"name\":\"Inici\",\"item\":\"https:\/\/www.noubarris.net\/web40\/\"},{\"@type\":\"ListItem\",\"position\":2,\"name\":\"Arrenca Desvar\u00edo, el nou festival de flamenc de Nou Barris\"}]},{\"@type\":\"WebSite\",\"@id\":\"https:\/\/www.noubarris.net\/web40\/#website\",\"url\":\"https:\/\/www.noubarris.net\/web40\/\",\"name\":\"NouBarris.Net\",\"description\":\"Seguint la vida de Nou Barris des de 1985\",\"publisher\":{\"@id\":\"https:\/\/www.noubarris.net\/web40\/#organization\"},\"potentialAction\":[{\"@type\":\"SearchAction\",\"target\":{\"@type\":\"EntryPoint\",\"urlTemplate\":\"https:\/\/www.noubarris.net\/web40\/?s={search_term_string}\"},\"query-input\":{\"@type\":\"PropertyValueSpecification\",\"valueRequired\":true,\"valueName\":\"search_term_string\"}}],\"inLanguage\":\"ca\"},{\"@type\":\"Organization\",\"@id\":\"https:\/\/www.noubarris.net\/web40\/#organization\",\"name\":\"NouBarris.Net\",\"url\":\"https:\/\/www.noubarris.net\/web40\/\",\"logo\":{\"@type\":\"ImageObject\",\"inLanguage\":\"ca\",\"@id\":\"https:\/\/www.noubarris.net\/web40\/#\/schema\/logo\/image\/\",\"url\":\"https:\/\/www.noubarris.net\/web40\/wp-content\/uploads\/2024\/11\/cropped-cropped-LOGO_9BTV-2024_Insta-1.jpg\",\"contentUrl\":\"https:\/\/www.noubarris.net\/web40\/wp-content\/uploads\/2024\/11\/cropped-cropped-LOGO_9BTV-2024_Insta-1.jpg\",\"width\":512,\"height\":512,\"caption\":\"NouBarris.Net\"},\"image\":{\"@id\":\"https:\/\/www.noubarris.net\/web40\/#\/schema\/logo\/image\/\"},\"sameAs\":[\"https:\/\/www.facebook.com\/NouBarris.net\/?locale=es_ES\",\"https:\/\/x.com\/9BTV\"]},{\"@type\":\"Person\",\"@id\":\"https:\/\/www.noubarris.net\/web40\/#\/schema\/person\/1827f92aaa316c54abbf4dac0de76069\",\"name\":\"Informatius\",\"image\":{\"@type\":\"ImageObject\",\"inLanguage\":\"ca\",\"@id\":\"https:\/\/www.noubarris.net\/web40\/#\/schema\/person\/image\/\",\"url\":\"https:\/\/secure.gravatar.com\/avatar\/87a3b47928835fc72c6ee5b0e1a7263ef0c2d05003a98189bc14926c5f11bcdb?s=96&d=mm&r=g\",\"contentUrl\":\"https:\/\/secure.gravatar.com\/avatar\/87a3b47928835fc72c6ee5b0e1a7263ef0c2d05003a98189bc14926c5f11bcdb?s=96&d=mm&r=g\",\"caption\":\"Informatius\"},\"url\":\"https:\/\/www.noubarris.net\/web40\/author\/tele\/\"}]}<\/script>\n<!-- \/ Yoast SEO plugin. -->","yoast_head_json":{"title":"Arrenca Desvar\u00edo, el nou festival de flamenc de Nou Barris - NouBarris.Net","robots":{"index":"index","follow":"follow","max-snippet":"max-snippet:-1","max-image-preview":"max-image-preview:large","max-video-preview":"max-video-preview:-1"},"canonical":"https:\/\/www.noubarris.net\/web40\/arrenca-desvario-el-nou-festival-de-flamenc-de-nou-barris\/","og_locale":"ca_ES","og_type":"article","og_title":"Arrenca Desvar\u00edo, el nou festival de flamenc de Nou Barris - NouBarris.Net","og_description":"La programaci\u00f3 s&#8217;enceta amb tallers familiars i inclusius, com a pr\u00e8via a les actuacions Districte vol tornar a posar Nou","og_url":"https:\/\/www.noubarris.net\/web40\/arrenca-desvario-el-nou-festival-de-flamenc-de-nou-barris\/","og_site_name":"NouBarris.Net","article_publisher":"https:\/\/www.facebook.com\/NouBarris.net\/?locale=es_ES","article_published_time":"2021-09-15T22:00:22+00:00","og_image":[{"width":768,"height":432,"url":"https:\/\/www.noubarris.net\/web40\/wp-content\/uploads\/2021\/09\/160921.jpg","type":"image\/jpeg"}],"author":"Informatius","twitter_card":"summary_large_image","twitter_creator":"@9BTV","twitter_site":"@9BTV","twitter_misc":{"Escrit per":"Informatius","Temps estimat de lectura":"4 minuts"},"schema":{"@context":"https:\/\/schema.org","@graph":[{"@type":"Article","@id":"https:\/\/www.noubarris.net\/web40\/arrenca-desvario-el-nou-festival-de-flamenc-de-nou-barris\/#article","isPartOf":{"@id":"https:\/\/www.noubarris.net\/web40\/arrenca-desvario-el-nou-festival-de-flamenc-de-nou-barris\/"},"author":{"name":"Informatius","@id":"https:\/\/www.noubarris.net\/web40\/#\/schema\/person\/1827f92aaa316c54abbf4dac0de76069"},"headline":"Arrenca Desvar\u00edo, el nou festival de flamenc de Nou Barris","datePublished":"2021-09-15T22:00:22+00:00","mainEntityOfPage":{"@id":"https:\/\/www.noubarris.net\/web40\/arrenca-desvario-el-nou-festival-de-flamenc-de-nou-barris\/"},"wordCount":827,"publisher":{"@id":"https:\/\/www.noubarris.net\/web40\/#organization"},"image":{"@id":"https:\/\/www.noubarris.net\/web40\/arrenca-desvario-el-nou-festival-de-flamenc-de-nou-barris\/#primaryimage"},"thumbnailUrl":"https:\/\/www.noubarris.net\/web40\/wp-content\/uploads\/2021\/09\/160921.jpg","keywords":["concerts","Flamenc"],"articleSection":["Cultura"],"inLanguage":"ca"},{"@type":"WebPage","@id":"https:\/\/www.noubarris.net\/web40\/arrenca-desvario-el-nou-festival-de-flamenc-de-nou-barris\/","url":"https:\/\/www.noubarris.net\/web40\/arrenca-desvario-el-nou-festival-de-flamenc-de-nou-barris\/","name":"Arrenca Desvar\u00edo, el nou festival de flamenc de Nou Barris - NouBarris.Net","isPartOf":{"@id":"https:\/\/www.noubarris.net\/web40\/#website"},"primaryImageOfPage":{"@id":"https:\/\/www.noubarris.net\/web40\/arrenca-desvario-el-nou-festival-de-flamenc-de-nou-barris\/#primaryimage"},"image":{"@id":"https:\/\/www.noubarris.net\/web40\/arrenca-desvario-el-nou-festival-de-flamenc-de-nou-barris\/#primaryimage"},"thumbnailUrl":"https:\/\/www.noubarris.net\/web40\/wp-content\/uploads\/2021\/09\/160921.jpg","datePublished":"2021-09-15T22:00:22+00:00","breadcrumb":{"@id":"https:\/\/www.noubarris.net\/web40\/arrenca-desvario-el-nou-festival-de-flamenc-de-nou-barris\/#breadcrumb"},"inLanguage":"ca","potentialAction":[{"@type":"ReadAction","target":["https:\/\/www.noubarris.net\/web40\/arrenca-desvario-el-nou-festival-de-flamenc-de-nou-barris\/"]}]},{"@type":"ImageObject","inLanguage":"ca","@id":"https:\/\/www.noubarris.net\/web40\/arrenca-desvario-el-nou-festival-de-flamenc-de-nou-barris\/#primaryimage","url":"https:\/\/www.noubarris.net\/web40\/wp-content\/uploads\/2021\/09\/160921.jpg","contentUrl":"https:\/\/www.noubarris.net\/web40\/wp-content\/uploads\/2021\/09\/160921.jpg","width":768,"height":432},{"@type":"BreadcrumbList","@id":"https:\/\/www.noubarris.net\/web40\/arrenca-desvario-el-nou-festival-de-flamenc-de-nou-barris\/#breadcrumb","itemListElement":[{"@type":"ListItem","position":1,"name":"Inici","item":"https:\/\/www.noubarris.net\/web40\/"},{"@type":"ListItem","position":2,"name":"Arrenca Desvar\u00edo, el nou festival de flamenc de Nou Barris"}]},{"@type":"WebSite","@id":"https:\/\/www.noubarris.net\/web40\/#website","url":"https:\/\/www.noubarris.net\/web40\/","name":"NouBarris.Net","description":"Seguint la vida de Nou Barris des de 1985","publisher":{"@id":"https:\/\/www.noubarris.net\/web40\/#organization"},"potentialAction":[{"@type":"SearchAction","target":{"@type":"EntryPoint","urlTemplate":"https:\/\/www.noubarris.net\/web40\/?s={search_term_string}"},"query-input":{"@type":"PropertyValueSpecification","valueRequired":true,"valueName":"search_term_string"}}],"inLanguage":"ca"},{"@type":"Organization","@id":"https:\/\/www.noubarris.net\/web40\/#organization","name":"NouBarris.Net","url":"https:\/\/www.noubarris.net\/web40\/","logo":{"@type":"ImageObject","inLanguage":"ca","@id":"https:\/\/www.noubarris.net\/web40\/#\/schema\/logo\/image\/","url":"https:\/\/www.noubarris.net\/web40\/wp-content\/uploads\/2024\/11\/cropped-cropped-LOGO_9BTV-2024_Insta-1.jpg","contentUrl":"https:\/\/www.noubarris.net\/web40\/wp-content\/uploads\/2024\/11\/cropped-cropped-LOGO_9BTV-2024_Insta-1.jpg","width":512,"height":512,"caption":"NouBarris.Net"},"image":{"@id":"https:\/\/www.noubarris.net\/web40\/#\/schema\/logo\/image\/"},"sameAs":["https:\/\/www.facebook.com\/NouBarris.net\/?locale=es_ES","https:\/\/x.com\/9BTV"]},{"@type":"Person","@id":"https:\/\/www.noubarris.net\/web40\/#\/schema\/person\/1827f92aaa316c54abbf4dac0de76069","name":"Informatius","image":{"@type":"ImageObject","inLanguage":"ca","@id":"https:\/\/www.noubarris.net\/web40\/#\/schema\/person\/image\/","url":"https:\/\/secure.gravatar.com\/avatar\/87a3b47928835fc72c6ee5b0e1a7263ef0c2d05003a98189bc14926c5f11bcdb?s=96&d=mm&r=g","contentUrl":"https:\/\/secure.gravatar.com\/avatar\/87a3b47928835fc72c6ee5b0e1a7263ef0c2d05003a98189bc14926c5f11bcdb?s=96&d=mm&r=g","caption":"Informatius"},"url":"https:\/\/www.noubarris.net\/web40\/author\/tele\/"}]}},"_links":{"self":[{"href":"https:\/\/www.noubarris.net\/web40\/wp-json\/wp\/v2\/posts\/77860","targetHints":{"allow":["GET"]}}],"collection":[{"href":"https:\/\/www.noubarris.net\/web40\/wp-json\/wp\/v2\/posts"}],"about":[{"href":"https:\/\/www.noubarris.net\/web40\/wp-json\/wp\/v2\/types\/post"}],"author":[{"embeddable":true,"href":"https:\/\/www.noubarris.net\/web40\/wp-json\/wp\/v2\/users\/2"}],"replies":[{"embeddable":true,"href":"https:\/\/www.noubarris.net\/web40\/wp-json\/wp\/v2\/comments?post=77860"}],"version-history":[{"count":1,"href":"https:\/\/www.noubarris.net\/web40\/wp-json\/wp\/v2\/posts\/77860\/revisions"}],"predecessor-version":[{"id":77861,"href":"https:\/\/www.noubarris.net\/web40\/wp-json\/wp\/v2\/posts\/77860\/revisions\/77861"}],"wp:featuredmedia":[{"embeddable":true,"href":"https:\/\/www.noubarris.net\/web40\/wp-json\/wp\/v2\/media\/77862"}],"wp:attachment":[{"href":"https:\/\/www.noubarris.net\/web40\/wp-json\/wp\/v2\/media?parent=77860"}],"wp:term":[{"taxonomy":"category","embeddable":true,"href":"https:\/\/www.noubarris.net\/web40\/wp-json\/wp\/v2\/categories?post=77860"},{"taxonomy":"post_tag","embeddable":true,"href":"https:\/\/www.noubarris.net\/web40\/wp-json\/wp\/v2\/tags?post=77860"}],"curies":[{"name":"wp","href":"https:\/\/api.w.org\/{rel}","templated":true}]}}