{"id":77873,"date":"2021-09-19T00:00:45","date_gmt":"2021-09-18T22:00:45","guid":{"rendered":"http:\/\/www.noubarris.net\/web40\/?p=77873"},"modified":"2021-09-17T18:53:46","modified_gmt":"2021-09-17T16:53:46","slug":"darrera-jornada-flamenca-de-desvario-amb-jesus-mendez-2","status":"publish","type":"post","link":"https:\/\/www.noubarris.net\/web40\/darrera-jornada-flamenca-de-desvario-amb-jesus-mendez-2\/","title":{"rendered":"Darrera jornada flamenca de Desvar\u00edo amb Jes\u00fas M\u00e9ndez"},"content":{"rendered":"<p><strong>El cantaor vindr\u00e0 acompanyat de Dani Mor\u00f3n i la bailaora Patricia Guerrero<\/strong><\/p>\n<p>El nou festival de flamenc de Nou Barris, ara amb el nom de Desvar\u00edo, arriba a la darrera jornada. I ho fa amb m\u00e9s artistes joves, que aposten per una nova forma de veure el flamenc, a cavall entre la tradici\u00f3 i la ruptura. El cartell de les actuacions d&#8217;avui, que comen\u00e7aran a les 21h, el protagonitzen Jes\u00fas M\u00e9ndez, Dani de Mor\u00f3n i Patricia Guerrero. <a href=\"https:\/\/app.conectaentradas.com\/shop\/RdIGh3oB87xpnZxWFDOr\" target=\"_blank\" rel=\"noopener\">Les entrades es compren a trav\u00e9s del web espec\u00edfic.<\/a><\/p>\n<p>Jes\u00fas M\u00e9ndez \u00e9s un cantaor pertanyent a una de les sagues m\u00e9s reconegudes de J\u00e9rez. Pot presumir d&#8217;unes dots vocals extraordin\u00e0ries. Els seus g\u00e8neres s\u00f3n la buler\u00eda i la sole\u00e1, i amb elles ha recorregut tot el m\u00f3n, des de Nova York a Pek\u00edn, Ambers o Chicago. Se&#8217;l reconeix el seu art i la seva maduresa, aix\u00ed com la pres\u00e8ncia sobre l&#8217;escenari.<\/p>\n<p>L&#8217;acompanya Dani de Mor\u00f3n, un guitarrista d\u2019alt\u00edssim nivell i considerat per molts experts com l\u2019exponent m\u00e9s significatiu entre els guitarristes de la seva generaci\u00f3.<\/p>\n<p>I, finalment, el ball anir\u00e0 a c\u00e0rrec de Patricia Guerrero, de Granada, que acaba de fer 30 anys i porta la meitat de la seva vida ballant professionalment. Amb 17 anys ja havia guanyat el premi\u00a0<em>Desplante<\/em> del Festival de la Uni\u00f3n. Hi ha molts adjectius per descriure la seva for\u00e7a sobre l&#8217;escenari, com ara creativa, lliure, contempor\u00e0nia, valenta, i sobretot una gran capacitat creativa.<\/p>\n","protected":false},"excerpt":{"rendered":"<p>El cantaor vindr\u00e0 acompanyat de Dani Mor\u00f3n i la bailaora Patricia Guerrero El nou festival de flamenc de Nou Barris,<\/p>\n","protected":false},"author":2,"featured_media":77870,"comment_status":"closed","ping_status":"closed","sticky":false,"template":"","format":"standard","meta":{"colormag_page_layout":"default_layout","_monsterinsights_skip_tracking":false,"_monsterinsights_sitenote_active":false,"_monsterinsights_sitenote_note":"","_monsterinsights_sitenote_category":0,"footnotes":""},"categories":[129,133],"tags":[108,333],"class_list":["post-77873","post","type-post","status-publish","format-standard","has-post-thumbnail","hentry","category-cultura","category-la-guineueta","tag-festival-de-flamenco-nou-barris","tag-flamenc"],"yoast_head":"<!-- This site is optimized with the Yoast SEO plugin v25.3 - https:\/\/yoast.com\/wordpress\/plugins\/seo\/ -->\n<title>Darrera jornada flamenca de Desvar\u00edo amb Jes\u00fas M\u00e9ndez - NouBarris.Net<\/title>\n<meta name=\"robots\" content=\"index, follow, max-snippet:-1, max-image-preview:large, max-video-preview:-1\" \/>\n<link rel=\"canonical\" href=\"https:\/\/www.noubarris.net\/web40\/darrera-jornada-flamenca-de-desvario-amb-jesus-mendez-2\/\" \/>\n<meta property=\"og:locale\" content=\"ca_ES\" \/>\n<meta property=\"og:type\" content=\"article\" \/>\n<meta property=\"og:title\" content=\"Darrera jornada flamenca de Desvar\u00edo amb Jes\u00fas M\u00e9ndez - NouBarris.Net\" \/>\n<meta property=\"og:description\" content=\"El cantaor vindr\u00e0 acompanyat de Dani Mor\u00f3n i la bailaora Patricia Guerrero El nou festival de flamenc de Nou Barris,\" \/>\n<meta property=\"og:url\" content=\"https:\/\/www.noubarris.net\/web40\/darrera-jornada-flamenca-de-desvario-amb-jesus-mendez-2\/\" \/>\n<meta property=\"og:site_name\" content=\"NouBarris.Net\" \/>\n<meta property=\"article:publisher\" content=\"https:\/\/www.facebook.com\/NouBarris.net\/?locale=es_ES\" \/>\n<meta property=\"article:published_time\" content=\"2021-09-18T22:00:45+00:00\" \/>\n<meta property=\"og:image\" content=\"https:\/\/www.noubarris.net\/web40\/wp-content\/uploads\/2021\/09\/190921.jpg\" \/>\n\t<meta property=\"og:image:width\" content=\"768\" \/>\n\t<meta property=\"og:image:height\" content=\"432\" \/>\n\t<meta property=\"og:image:type\" content=\"image\/jpeg\" \/>\n<meta name=\"author\" content=\"Informatius\" \/>\n<meta name=\"twitter:card\" content=\"summary_large_image\" \/>\n<meta name=\"twitter:creator\" content=\"@9BTV\" \/>\n<meta name=\"twitter:site\" content=\"@9BTV\" \/>\n<meta name=\"twitter:label1\" content=\"Escrit per\" \/>\n\t<meta name=\"twitter:data1\" content=\"Informatius\" \/>\n\t<meta name=\"twitter:label2\" content=\"Temps estimat de lectura\" \/>\n\t<meta name=\"twitter:data2\" content=\"1 minut\" \/>\n<script type=\"application\/ld+json\" class=\"yoast-schema-graph\">{\"@context\":\"https:\/\/schema.org\",\"@graph\":[{\"@type\":\"Article\",\"@id\":\"https:\/\/www.noubarris.net\/web40\/darrera-jornada-flamenca-de-desvario-amb-jesus-mendez-2\/#article\",\"isPartOf\":{\"@id\":\"https:\/\/www.noubarris.net\/web40\/darrera-jornada-flamenca-de-desvario-amb-jesus-mendez-2\/\"},\"author\":{\"name\":\"Informatius\",\"@id\":\"https:\/\/www.noubarris.net\/web40\/#\/schema\/person\/1827f92aaa316c54abbf4dac0de76069\"},\"headline\":\"Darrera jornada flamenca de Desvar\u00edo amb Jes\u00fas M\u00e9ndez\",\"datePublished\":\"2021-09-18T22:00:45+00:00\",\"mainEntityOfPage\":{\"@id\":\"https:\/\/www.noubarris.net\/web40\/darrera-jornada-flamenca-de-desvario-amb-jesus-mendez-2\/\"},\"wordCount\":281,\"publisher\":{\"@id\":\"https:\/\/www.noubarris.net\/web40\/#organization\"},\"image\":{\"@id\":\"https:\/\/www.noubarris.net\/web40\/darrera-jornada-flamenca-de-desvario-amb-jesus-mendez-2\/#primaryimage\"},\"thumbnailUrl\":\"https:\/\/www.noubarris.net\/web40\/wp-content\/uploads\/2021\/09\/190921.jpg\",\"keywords\":[\"Festival de Flamenco Nou Barris\",\"Flamenc\"],\"articleSection\":[\"Cultura\",\"La Guineueta\"],\"inLanguage\":\"ca\"},{\"@type\":\"WebPage\",\"@id\":\"https:\/\/www.noubarris.net\/web40\/darrera-jornada-flamenca-de-desvario-amb-jesus-mendez-2\/\",\"url\":\"https:\/\/www.noubarris.net\/web40\/darrera-jornada-flamenca-de-desvario-amb-jesus-mendez-2\/\",\"name\":\"Darrera jornada flamenca de Desvar\u00edo amb Jes\u00fas M\u00e9ndez - NouBarris.Net\",\"isPartOf\":{\"@id\":\"https:\/\/www.noubarris.net\/web40\/#website\"},\"primaryImageOfPage\":{\"@id\":\"https:\/\/www.noubarris.net\/web40\/darrera-jornada-flamenca-de-desvario-amb-jesus-mendez-2\/#primaryimage\"},\"image\":{\"@id\":\"https:\/\/www.noubarris.net\/web40\/darrera-jornada-flamenca-de-desvario-amb-jesus-mendez-2\/#primaryimage\"},\"thumbnailUrl\":\"https:\/\/www.noubarris.net\/web40\/wp-content\/uploads\/2021\/09\/190921.jpg\",\"datePublished\":\"2021-09-18T22:00:45+00:00\",\"breadcrumb\":{\"@id\":\"https:\/\/www.noubarris.net\/web40\/darrera-jornada-flamenca-de-desvario-amb-jesus-mendez-2\/#breadcrumb\"},\"inLanguage\":\"ca\",\"potentialAction\":[{\"@type\":\"ReadAction\",\"target\":[\"https:\/\/www.noubarris.net\/web40\/darrera-jornada-flamenca-de-desvario-amb-jesus-mendez-2\/\"]}]},{\"@type\":\"ImageObject\",\"inLanguage\":\"ca\",\"@id\":\"https:\/\/www.noubarris.net\/web40\/darrera-jornada-flamenca-de-desvario-amb-jesus-mendez-2\/#primaryimage\",\"url\":\"https:\/\/www.noubarris.net\/web40\/wp-content\/uploads\/2021\/09\/190921.jpg\",\"contentUrl\":\"https:\/\/www.noubarris.net\/web40\/wp-content\/uploads\/2021\/09\/190921.jpg\",\"width\":768,\"height\":432},{\"@type\":\"BreadcrumbList\",\"@id\":\"https:\/\/www.noubarris.net\/web40\/darrera-jornada-flamenca-de-desvario-amb-jesus-mendez-2\/#breadcrumb\",\"itemListElement\":[{\"@type\":\"ListItem\",\"position\":1,\"name\":\"Inici\",\"item\":\"https:\/\/www.noubarris.net\/web40\/\"},{\"@type\":\"ListItem\",\"position\":2,\"name\":\"Darrera jornada flamenca de Desvar\u00edo amb Jes\u00fas M\u00e9ndez\"}]},{\"@type\":\"WebSite\",\"@id\":\"https:\/\/www.noubarris.net\/web40\/#website\",\"url\":\"https:\/\/www.noubarris.net\/web40\/\",\"name\":\"NouBarris.Net\",\"description\":\"Seguint la vida de Nou Barris des de 1985\",\"publisher\":{\"@id\":\"https:\/\/www.noubarris.net\/web40\/#organization\"},\"potentialAction\":[{\"@type\":\"SearchAction\",\"target\":{\"@type\":\"EntryPoint\",\"urlTemplate\":\"https:\/\/www.noubarris.net\/web40\/?s={search_term_string}\"},\"query-input\":{\"@type\":\"PropertyValueSpecification\",\"valueRequired\":true,\"valueName\":\"search_term_string\"}}],\"inLanguage\":\"ca\"},{\"@type\":\"Organization\",\"@id\":\"https:\/\/www.noubarris.net\/web40\/#organization\",\"name\":\"NouBarris.Net\",\"url\":\"https:\/\/www.noubarris.net\/web40\/\",\"logo\":{\"@type\":\"ImageObject\",\"inLanguage\":\"ca\",\"@id\":\"https:\/\/www.noubarris.net\/web40\/#\/schema\/logo\/image\/\",\"url\":\"https:\/\/www.noubarris.net\/web40\/wp-content\/uploads\/2024\/11\/cropped-cropped-LOGO_9BTV-2024_Insta-1.jpg\",\"contentUrl\":\"https:\/\/www.noubarris.net\/web40\/wp-content\/uploads\/2024\/11\/cropped-cropped-LOGO_9BTV-2024_Insta-1.jpg\",\"width\":512,\"height\":512,\"caption\":\"NouBarris.Net\"},\"image\":{\"@id\":\"https:\/\/www.noubarris.net\/web40\/#\/schema\/logo\/image\/\"},\"sameAs\":[\"https:\/\/www.facebook.com\/NouBarris.net\/?locale=es_ES\",\"https:\/\/x.com\/9BTV\"]},{\"@type\":\"Person\",\"@id\":\"https:\/\/www.noubarris.net\/web40\/#\/schema\/person\/1827f92aaa316c54abbf4dac0de76069\",\"name\":\"Informatius\",\"image\":{\"@type\":\"ImageObject\",\"inLanguage\":\"ca\",\"@id\":\"https:\/\/www.noubarris.net\/web40\/#\/schema\/person\/image\/\",\"url\":\"https:\/\/secure.gravatar.com\/avatar\/87a3b47928835fc72c6ee5b0e1a7263ef0c2d05003a98189bc14926c5f11bcdb?s=96&d=mm&r=g\",\"contentUrl\":\"https:\/\/secure.gravatar.com\/avatar\/87a3b47928835fc72c6ee5b0e1a7263ef0c2d05003a98189bc14926c5f11bcdb?s=96&d=mm&r=g\",\"caption\":\"Informatius\"},\"url\":\"https:\/\/www.noubarris.net\/web40\/author\/tele\/\"}]}<\/script>\n<!-- \/ Yoast SEO plugin. -->","yoast_head_json":{"title":"Darrera jornada flamenca de Desvar\u00edo amb Jes\u00fas M\u00e9ndez - NouBarris.Net","robots":{"index":"index","follow":"follow","max-snippet":"max-snippet:-1","max-image-preview":"max-image-preview:large","max-video-preview":"max-video-preview:-1"},"canonical":"https:\/\/www.noubarris.net\/web40\/darrera-jornada-flamenca-de-desvario-amb-jesus-mendez-2\/","og_locale":"ca_ES","og_type":"article","og_title":"Darrera jornada flamenca de Desvar\u00edo amb Jes\u00fas M\u00e9ndez - NouBarris.Net","og_description":"El cantaor vindr\u00e0 acompanyat de Dani Mor\u00f3n i la bailaora Patricia Guerrero El nou festival de flamenc de Nou Barris,","og_url":"https:\/\/www.noubarris.net\/web40\/darrera-jornada-flamenca-de-desvario-amb-jesus-mendez-2\/","og_site_name":"NouBarris.Net","article_publisher":"https:\/\/www.facebook.com\/NouBarris.net\/?locale=es_ES","article_published_time":"2021-09-18T22:00:45+00:00","og_image":[{"width":768,"height":432,"url":"https:\/\/www.noubarris.net\/web40\/wp-content\/uploads\/2021\/09\/190921.jpg","type":"image\/jpeg"}],"author":"Informatius","twitter_card":"summary_large_image","twitter_creator":"@9BTV","twitter_site":"@9BTV","twitter_misc":{"Escrit per":"Informatius","Temps estimat de lectura":"1 minut"},"schema":{"@context":"https:\/\/schema.org","@graph":[{"@type":"Article","@id":"https:\/\/www.noubarris.net\/web40\/darrera-jornada-flamenca-de-desvario-amb-jesus-mendez-2\/#article","isPartOf":{"@id":"https:\/\/www.noubarris.net\/web40\/darrera-jornada-flamenca-de-desvario-amb-jesus-mendez-2\/"},"author":{"name":"Informatius","@id":"https:\/\/www.noubarris.net\/web40\/#\/schema\/person\/1827f92aaa316c54abbf4dac0de76069"},"headline":"Darrera jornada flamenca de Desvar\u00edo amb Jes\u00fas M\u00e9ndez","datePublished":"2021-09-18T22:00:45+00:00","mainEntityOfPage":{"@id":"https:\/\/www.noubarris.net\/web40\/darrera-jornada-flamenca-de-desvario-amb-jesus-mendez-2\/"},"wordCount":281,"publisher":{"@id":"https:\/\/www.noubarris.net\/web40\/#organization"},"image":{"@id":"https:\/\/www.noubarris.net\/web40\/darrera-jornada-flamenca-de-desvario-amb-jesus-mendez-2\/#primaryimage"},"thumbnailUrl":"https:\/\/www.noubarris.net\/web40\/wp-content\/uploads\/2021\/09\/190921.jpg","keywords":["Festival de Flamenco Nou Barris","Flamenc"],"articleSection":["Cultura","La Guineueta"],"inLanguage":"ca"},{"@type":"WebPage","@id":"https:\/\/www.noubarris.net\/web40\/darrera-jornada-flamenca-de-desvario-amb-jesus-mendez-2\/","url":"https:\/\/www.noubarris.net\/web40\/darrera-jornada-flamenca-de-desvario-amb-jesus-mendez-2\/","name":"Darrera jornada flamenca de Desvar\u00edo amb Jes\u00fas M\u00e9ndez - NouBarris.Net","isPartOf":{"@id":"https:\/\/www.noubarris.net\/web40\/#website"},"primaryImageOfPage":{"@id":"https:\/\/www.noubarris.net\/web40\/darrera-jornada-flamenca-de-desvario-amb-jesus-mendez-2\/#primaryimage"},"image":{"@id":"https:\/\/www.noubarris.net\/web40\/darrera-jornada-flamenca-de-desvario-amb-jesus-mendez-2\/#primaryimage"},"thumbnailUrl":"https:\/\/www.noubarris.net\/web40\/wp-content\/uploads\/2021\/09\/190921.jpg","datePublished":"2021-09-18T22:00:45+00:00","breadcrumb":{"@id":"https:\/\/www.noubarris.net\/web40\/darrera-jornada-flamenca-de-desvario-amb-jesus-mendez-2\/#breadcrumb"},"inLanguage":"ca","potentialAction":[{"@type":"ReadAction","target":["https:\/\/www.noubarris.net\/web40\/darrera-jornada-flamenca-de-desvario-amb-jesus-mendez-2\/"]}]},{"@type":"ImageObject","inLanguage":"ca","@id":"https:\/\/www.noubarris.net\/web40\/darrera-jornada-flamenca-de-desvario-amb-jesus-mendez-2\/#primaryimage","url":"https:\/\/www.noubarris.net\/web40\/wp-content\/uploads\/2021\/09\/190921.jpg","contentUrl":"https:\/\/www.noubarris.net\/web40\/wp-content\/uploads\/2021\/09\/190921.jpg","width":768,"height":432},{"@type":"BreadcrumbList","@id":"https:\/\/www.noubarris.net\/web40\/darrera-jornada-flamenca-de-desvario-amb-jesus-mendez-2\/#breadcrumb","itemListElement":[{"@type":"ListItem","position":1,"name":"Inici","item":"https:\/\/www.noubarris.net\/web40\/"},{"@type":"ListItem","position":2,"name":"Darrera jornada flamenca de Desvar\u00edo amb Jes\u00fas M\u00e9ndez"}]},{"@type":"WebSite","@id":"https:\/\/www.noubarris.net\/web40\/#website","url":"https:\/\/www.noubarris.net\/web40\/","name":"NouBarris.Net","description":"Seguint la vida de Nou Barris des de 1985","publisher":{"@id":"https:\/\/www.noubarris.net\/web40\/#organization"},"potentialAction":[{"@type":"SearchAction","target":{"@type":"EntryPoint","urlTemplate":"https:\/\/www.noubarris.net\/web40\/?s={search_term_string}"},"query-input":{"@type":"PropertyValueSpecification","valueRequired":true,"valueName":"search_term_string"}}],"inLanguage":"ca"},{"@type":"Organization","@id":"https:\/\/www.noubarris.net\/web40\/#organization","name":"NouBarris.Net","url":"https:\/\/www.noubarris.net\/web40\/","logo":{"@type":"ImageObject","inLanguage":"ca","@id":"https:\/\/www.noubarris.net\/web40\/#\/schema\/logo\/image\/","url":"https:\/\/www.noubarris.net\/web40\/wp-content\/uploads\/2024\/11\/cropped-cropped-LOGO_9BTV-2024_Insta-1.jpg","contentUrl":"https:\/\/www.noubarris.net\/web40\/wp-content\/uploads\/2024\/11\/cropped-cropped-LOGO_9BTV-2024_Insta-1.jpg","width":512,"height":512,"caption":"NouBarris.Net"},"image":{"@id":"https:\/\/www.noubarris.net\/web40\/#\/schema\/logo\/image\/"},"sameAs":["https:\/\/www.facebook.com\/NouBarris.net\/?locale=es_ES","https:\/\/x.com\/9BTV"]},{"@type":"Person","@id":"https:\/\/www.noubarris.net\/web40\/#\/schema\/person\/1827f92aaa316c54abbf4dac0de76069","name":"Informatius","image":{"@type":"ImageObject","inLanguage":"ca","@id":"https:\/\/www.noubarris.net\/web40\/#\/schema\/person\/image\/","url":"https:\/\/secure.gravatar.com\/avatar\/87a3b47928835fc72c6ee5b0e1a7263ef0c2d05003a98189bc14926c5f11bcdb?s=96&d=mm&r=g","contentUrl":"https:\/\/secure.gravatar.com\/avatar\/87a3b47928835fc72c6ee5b0e1a7263ef0c2d05003a98189bc14926c5f11bcdb?s=96&d=mm&r=g","caption":"Informatius"},"url":"https:\/\/www.noubarris.net\/web40\/author\/tele\/"}]}},"_links":{"self":[{"href":"https:\/\/www.noubarris.net\/web40\/wp-json\/wp\/v2\/posts\/77873","targetHints":{"allow":["GET"]}}],"collection":[{"href":"https:\/\/www.noubarris.net\/web40\/wp-json\/wp\/v2\/posts"}],"about":[{"href":"https:\/\/www.noubarris.net\/web40\/wp-json\/wp\/v2\/types\/post"}],"author":[{"embeddable":true,"href":"https:\/\/www.noubarris.net\/web40\/wp-json\/wp\/v2\/users\/2"}],"replies":[{"embeddable":true,"href":"https:\/\/www.noubarris.net\/web40\/wp-json\/wp\/v2\/comments?post=77873"}],"version-history":[{"count":2,"href":"https:\/\/www.noubarris.net\/web40\/wp-json\/wp\/v2\/posts\/77873\/revisions"}],"predecessor-version":[{"id":77876,"href":"https:\/\/www.noubarris.net\/web40\/wp-json\/wp\/v2\/posts\/77873\/revisions\/77876"}],"wp:featuredmedia":[{"embeddable":true,"href":"https:\/\/www.noubarris.net\/web40\/wp-json\/wp\/v2\/media\/77870"}],"wp:attachment":[{"href":"https:\/\/www.noubarris.net\/web40\/wp-json\/wp\/v2\/media?parent=77873"}],"wp:term":[{"taxonomy":"category","embeddable":true,"href":"https:\/\/www.noubarris.net\/web40\/wp-json\/wp\/v2\/categories?post=77873"},{"taxonomy":"post_tag","embeddable":true,"href":"https:\/\/www.noubarris.net\/web40\/wp-json\/wp\/v2\/tags?post=77873"}],"curies":[{"name":"wp","href":"https:\/\/api.w.org\/{rel}","templated":true}]}}