{"id":77907,"date":"2021-09-28T07:25:19","date_gmt":"2021-09-28T05:25:19","guid":{"rendered":"http:\/\/www.noubarris.net\/web40\/?p=77907"},"modified":"2021-09-28T07:25:19","modified_gmt":"2021-09-28T05:25:19","slug":"60e-aniversari-del-mercat-de-la-merce-amb-una-exposicio-fotografica","status":"publish","type":"post","link":"https:\/\/www.noubarris.net\/web40\/60e-aniversari-del-mercat-de-la-merce-amb-una-exposicio-fotografica\/","title":{"rendered":"60\u00e8 aniversari del mercat de la Merc\u00e8 amb una exposici\u00f3 fotogr\u00e0fica"},"content":{"rendered":"<p><strong>\u00c9s una de les diverses activitats que l\u2019equipament celebra enguany amb motiu de l\u2019efem\u00e8ride<\/strong><\/p>\n<p>El mercat de la Merc\u00e8 de Nou Barris ha inaugurat l\u2019exposici\u00f3 \u2018Fotos antigues al mercat dels anys 60\u2019 amb motiu de la celebraci\u00f3 del seu 60 aniversari. L&#8217;equipament es va inaugurar de manera oficial el 19 de mar\u00e7 de 1961, coincidint amb la festa de Sant Josep, per\u00f2 no va entrar en funcionament fins al 8 d\u2019abril del mateix any.<\/p>\n<p>El mercat es va construir als terrenys de la masia de Can Bast\u00e9 -de fet, a pocs metres del casalot, en un moment en qu\u00e8 la zona estava experimentat un gran creixement de poblaci\u00f3, amb la construcci\u00f3 dels blocs del Tur\u00f3 de la Peira, per\u00f2 tamb\u00e9 a la part de Torre Llobeta i de Porta. \u00c9n aquell moment era el segon mercat constru\u00eft al districte actual (aleshores el territori formava part de Sant Andreu del Palomar). Inicialment havia de dir-se Mercat de Santa Eul\u00e0lia de Vilapicina, ja que llavors l\u2019actual passeig de Fabra i Puig es deia passeig de Santa Eul\u00e0lia.<\/p>\n<p>Des de l\u2019inici va viure una gran activitat, amb llargues cues. Un escenari que ha canviat amb el temps, com a la resta de mercats de la ciutat. Per\u00f2 encara mant\u00e9 un bon ritme i algunes de les fam\u00edlies que el van estrenar l\u2019any 1961. Per celebrar l\u2019aniversari, l\u2019Institut de Mercats ha recollit enguany tamb\u00e9 els records d\u2019alguns dels paradistes. El mercat disposa de 53 parades i dos comer\u00e7os: una botiga de roba i la floristeria que dona color al passeig de Fabra i Puig des del dia de la inauguraci\u00f3.<\/p>\n<p>L\u2019any 2011 va rebre el premi al \u201cMillor mercat del m\u00f3n\u201d que atorga l\u2019Institut Municipal de Mercats de Barcelona, despr\u00e9s d\u2019esdevenir el primer mercat municipal a associar-se a un eix comercial. Recentment ha estrenat una nova est\u00e8tica, amb unes fa\u00e7anes remodelades que donen m\u00e9s llum a l\u2019interior i incorporen uns llistons de fusta que volen recordar les persianes dels comer\u00e7os antics, al mateix temps que es genera tamb\u00e9 un petit porxo al llarg de l\u2019equipament.<\/p>\n<p>L&#8217;exposici\u00f3, ubicada a les mateixes instal\u00b7lacions del mercat, exhibeix fotografies de la fa\u00e7ana i pl\u00e0nols originals, fotografies dels anys 60, documents de l\u2019\u00e8poca i agra\u00efments, i l\u2019escrit d\u2019un paradista que explica la seva traject\u00f2ria al mercat.<\/p>\n<p>L\u2019exposici\u00f3 es pot visitar en horari de mercat:<\/p>\n<ul>\n<li>dilluns, dimarts i dimecres de 7h a 14h<\/li>\n<li>dijous de 7 a 14h i de 17h a 20h<\/li>\n<li>divendres de 7h a 20h<\/li>\n<li>dissabte de 7h a 15h<\/li>\n<\/ul>\n","protected":false},"excerpt":{"rendered":"<p>\u00c9s una de les diverses activitats que l\u2019equipament celebra enguany amb motiu de l\u2019efem\u00e8ride El mercat de la Merc\u00e8 de<\/p>\n","protected":false},"author":2,"featured_media":77908,"comment_status":"closed","ping_status":"closed","sticky":false,"template":"","format":"standard","meta":{"colormag_page_layout":"default_layout","_monsterinsights_skip_tracking":false,"_monsterinsights_sitenote_active":false,"_monsterinsights_sitenote_note":"","_monsterinsights_sitenote_category":0,"footnotes":""},"categories":[139,124],"tags":[178,246,268,218],"class_list":["post-77907","post","type-post","status-publish","format-standard","has-post-thumbnail","hentry","category-el-turo-de-la-peira","category-societat","tag-aniversari","tag-el-turo-de-la-peira","tag-exposicio","tag-mercat-de-la-merce"],"yoast_head":"<!-- This site is optimized with the Yoast SEO plugin v25.3 - https:\/\/yoast.com\/wordpress\/plugins\/seo\/ -->\n<title>60\u00e8 aniversari del mercat de la Merc\u00e8 amb una exposici\u00f3 fotogr\u00e0fica - NouBarris.Net<\/title>\n<meta name=\"robots\" content=\"index, follow, max-snippet:-1, max-image-preview:large, max-video-preview:-1\" \/>\n<link rel=\"canonical\" href=\"https:\/\/www.noubarris.net\/web40\/60e-aniversari-del-mercat-de-la-merce-amb-una-exposicio-fotografica\/\" \/>\n<meta property=\"og:locale\" content=\"ca_ES\" \/>\n<meta property=\"og:type\" content=\"article\" \/>\n<meta property=\"og:title\" content=\"60\u00e8 aniversari del mercat de la Merc\u00e8 amb una exposici\u00f3 fotogr\u00e0fica - NouBarris.Net\" \/>\n<meta property=\"og:description\" content=\"\u00c9s una de les diverses activitats que l\u2019equipament celebra enguany amb motiu de l\u2019efem\u00e8ride El mercat de la Merc\u00e8 de\" \/>\n<meta property=\"og:url\" content=\"https:\/\/www.noubarris.net\/web40\/60e-aniversari-del-mercat-de-la-merce-amb-una-exposicio-fotografica\/\" \/>\n<meta property=\"og:site_name\" content=\"NouBarris.Net\" \/>\n<meta property=\"article:publisher\" content=\"https:\/\/www.facebook.com\/NouBarris.net\/?locale=es_ES\" \/>\n<meta property=\"article:published_time\" content=\"2021-09-28T05:25:19+00:00\" \/>\n<meta property=\"og:image\" content=\"https:\/\/www.noubarris.net\/web40\/wp-content\/uploads\/2021\/09\/280921.jpg\" \/>\n\t<meta property=\"og:image:width\" content=\"768\" \/>\n\t<meta property=\"og:image:height\" content=\"432\" \/>\n\t<meta property=\"og:image:type\" content=\"image\/jpeg\" \/>\n<meta name=\"author\" content=\"Informatius\" \/>\n<meta name=\"twitter:card\" content=\"summary_large_image\" \/>\n<meta name=\"twitter:creator\" content=\"@9BTV\" \/>\n<meta name=\"twitter:site\" content=\"@9BTV\" \/>\n<meta name=\"twitter:label1\" content=\"Escrit per\" \/>\n\t<meta name=\"twitter:data1\" content=\"Informatius\" \/>\n\t<meta name=\"twitter:label2\" content=\"Temps estimat de lectura\" \/>\n\t<meta name=\"twitter:data2\" content=\"2 minuts\" \/>\n<script type=\"application\/ld+json\" class=\"yoast-schema-graph\">{\"@context\":\"https:\/\/schema.org\",\"@graph\":[{\"@type\":\"Article\",\"@id\":\"https:\/\/www.noubarris.net\/web40\/60e-aniversari-del-mercat-de-la-merce-amb-una-exposicio-fotografica\/#article\",\"isPartOf\":{\"@id\":\"https:\/\/www.noubarris.net\/web40\/60e-aniversari-del-mercat-de-la-merce-amb-una-exposicio-fotografica\/\"},\"author\":{\"name\":\"Informatius\",\"@id\":\"https:\/\/www.noubarris.net\/web40\/#\/schema\/person\/1827f92aaa316c54abbf4dac0de76069\"},\"headline\":\"60\u00e8 aniversari del mercat de la Merc\u00e8 amb una exposici\u00f3 fotogr\u00e0fica\",\"datePublished\":\"2021-09-28T05:25:19+00:00\",\"mainEntityOfPage\":{\"@id\":\"https:\/\/www.noubarris.net\/web40\/60e-aniversari-del-mercat-de-la-merce-amb-una-exposicio-fotografica\/\"},\"wordCount\":452,\"publisher\":{\"@id\":\"https:\/\/www.noubarris.net\/web40\/#organization\"},\"image\":{\"@id\":\"https:\/\/www.noubarris.net\/web40\/60e-aniversari-del-mercat-de-la-merce-amb-una-exposicio-fotografica\/#primaryimage\"},\"thumbnailUrl\":\"https:\/\/www.noubarris.net\/web40\/wp-content\/uploads\/2021\/09\/280921.jpg\",\"keywords\":[\"Aniversari\",\"El Tur\u00f3 de la Peira\",\"Exposici\u00f3\",\"Mercat de la Merc\u00e8\"],\"articleSection\":[\"El Tur\u00f3 de la Peira\",\"Societat\"],\"inLanguage\":\"ca\"},{\"@type\":\"WebPage\",\"@id\":\"https:\/\/www.noubarris.net\/web40\/60e-aniversari-del-mercat-de-la-merce-amb-una-exposicio-fotografica\/\",\"url\":\"https:\/\/www.noubarris.net\/web40\/60e-aniversari-del-mercat-de-la-merce-amb-una-exposicio-fotografica\/\",\"name\":\"60\u00e8 aniversari del mercat de la Merc\u00e8 amb una exposici\u00f3 fotogr\u00e0fica - NouBarris.Net\",\"isPartOf\":{\"@id\":\"https:\/\/www.noubarris.net\/web40\/#website\"},\"primaryImageOfPage\":{\"@id\":\"https:\/\/www.noubarris.net\/web40\/60e-aniversari-del-mercat-de-la-merce-amb-una-exposicio-fotografica\/#primaryimage\"},\"image\":{\"@id\":\"https:\/\/www.noubarris.net\/web40\/60e-aniversari-del-mercat-de-la-merce-amb-una-exposicio-fotografica\/#primaryimage\"},\"thumbnailUrl\":\"https:\/\/www.noubarris.net\/web40\/wp-content\/uploads\/2021\/09\/280921.jpg\",\"datePublished\":\"2021-09-28T05:25:19+00:00\",\"breadcrumb\":{\"@id\":\"https:\/\/www.noubarris.net\/web40\/60e-aniversari-del-mercat-de-la-merce-amb-una-exposicio-fotografica\/#breadcrumb\"},\"inLanguage\":\"ca\",\"potentialAction\":[{\"@type\":\"ReadAction\",\"target\":[\"https:\/\/www.noubarris.net\/web40\/60e-aniversari-del-mercat-de-la-merce-amb-una-exposicio-fotografica\/\"]}]},{\"@type\":\"ImageObject\",\"inLanguage\":\"ca\",\"@id\":\"https:\/\/www.noubarris.net\/web40\/60e-aniversari-del-mercat-de-la-merce-amb-una-exposicio-fotografica\/#primaryimage\",\"url\":\"https:\/\/www.noubarris.net\/web40\/wp-content\/uploads\/2021\/09\/280921.jpg\",\"contentUrl\":\"https:\/\/www.noubarris.net\/web40\/wp-content\/uploads\/2021\/09\/280921.jpg\",\"width\":768,\"height\":432},{\"@type\":\"BreadcrumbList\",\"@id\":\"https:\/\/www.noubarris.net\/web40\/60e-aniversari-del-mercat-de-la-merce-amb-una-exposicio-fotografica\/#breadcrumb\",\"itemListElement\":[{\"@type\":\"ListItem\",\"position\":1,\"name\":\"Inici\",\"item\":\"https:\/\/www.noubarris.net\/web40\/\"},{\"@type\":\"ListItem\",\"position\":2,\"name\":\"60\u00e8 aniversari del mercat de la Merc\u00e8 amb una exposici\u00f3 fotogr\u00e0fica\"}]},{\"@type\":\"WebSite\",\"@id\":\"https:\/\/www.noubarris.net\/web40\/#website\",\"url\":\"https:\/\/www.noubarris.net\/web40\/\",\"name\":\"NouBarris.Net\",\"description\":\"Seguint la vida de Nou Barris des de 1985\",\"publisher\":{\"@id\":\"https:\/\/www.noubarris.net\/web40\/#organization\"},\"potentialAction\":[{\"@type\":\"SearchAction\",\"target\":{\"@type\":\"EntryPoint\",\"urlTemplate\":\"https:\/\/www.noubarris.net\/web40\/?s={search_term_string}\"},\"query-input\":{\"@type\":\"PropertyValueSpecification\",\"valueRequired\":true,\"valueName\":\"search_term_string\"}}],\"inLanguage\":\"ca\"},{\"@type\":\"Organization\",\"@id\":\"https:\/\/www.noubarris.net\/web40\/#organization\",\"name\":\"NouBarris.Net\",\"url\":\"https:\/\/www.noubarris.net\/web40\/\",\"logo\":{\"@type\":\"ImageObject\",\"inLanguage\":\"ca\",\"@id\":\"https:\/\/www.noubarris.net\/web40\/#\/schema\/logo\/image\/\",\"url\":\"https:\/\/www.noubarris.net\/web40\/wp-content\/uploads\/2024\/11\/cropped-cropped-LOGO_9BTV-2024_Insta-1.jpg\",\"contentUrl\":\"https:\/\/www.noubarris.net\/web40\/wp-content\/uploads\/2024\/11\/cropped-cropped-LOGO_9BTV-2024_Insta-1.jpg\",\"width\":512,\"height\":512,\"caption\":\"NouBarris.Net\"},\"image\":{\"@id\":\"https:\/\/www.noubarris.net\/web40\/#\/schema\/logo\/image\/\"},\"sameAs\":[\"https:\/\/www.facebook.com\/NouBarris.net\/?locale=es_ES\",\"https:\/\/x.com\/9BTV\"]},{\"@type\":\"Person\",\"@id\":\"https:\/\/www.noubarris.net\/web40\/#\/schema\/person\/1827f92aaa316c54abbf4dac0de76069\",\"name\":\"Informatius\",\"image\":{\"@type\":\"ImageObject\",\"inLanguage\":\"ca\",\"@id\":\"https:\/\/www.noubarris.net\/web40\/#\/schema\/person\/image\/\",\"url\":\"https:\/\/secure.gravatar.com\/avatar\/87a3b47928835fc72c6ee5b0e1a7263ef0c2d05003a98189bc14926c5f11bcdb?s=96&d=mm&r=g\",\"contentUrl\":\"https:\/\/secure.gravatar.com\/avatar\/87a3b47928835fc72c6ee5b0e1a7263ef0c2d05003a98189bc14926c5f11bcdb?s=96&d=mm&r=g\",\"caption\":\"Informatius\"},\"url\":\"https:\/\/www.noubarris.net\/web40\/author\/tele\/\"}]}<\/script>\n<!-- \/ Yoast SEO plugin. -->","yoast_head_json":{"title":"60\u00e8 aniversari del mercat de la Merc\u00e8 amb una exposici\u00f3 fotogr\u00e0fica - NouBarris.Net","robots":{"index":"index","follow":"follow","max-snippet":"max-snippet:-1","max-image-preview":"max-image-preview:large","max-video-preview":"max-video-preview:-1"},"canonical":"https:\/\/www.noubarris.net\/web40\/60e-aniversari-del-mercat-de-la-merce-amb-una-exposicio-fotografica\/","og_locale":"ca_ES","og_type":"article","og_title":"60\u00e8 aniversari del mercat de la Merc\u00e8 amb una exposici\u00f3 fotogr\u00e0fica - NouBarris.Net","og_description":"\u00c9s una de les diverses activitats que l\u2019equipament celebra enguany amb motiu de l\u2019efem\u00e8ride El mercat de la Merc\u00e8 de","og_url":"https:\/\/www.noubarris.net\/web40\/60e-aniversari-del-mercat-de-la-merce-amb-una-exposicio-fotografica\/","og_site_name":"NouBarris.Net","article_publisher":"https:\/\/www.facebook.com\/NouBarris.net\/?locale=es_ES","article_published_time":"2021-09-28T05:25:19+00:00","og_image":[{"width":768,"height":432,"url":"https:\/\/www.noubarris.net\/web40\/wp-content\/uploads\/2021\/09\/280921.jpg","type":"image\/jpeg"}],"author":"Informatius","twitter_card":"summary_large_image","twitter_creator":"@9BTV","twitter_site":"@9BTV","twitter_misc":{"Escrit per":"Informatius","Temps estimat de lectura":"2 minuts"},"schema":{"@context":"https:\/\/schema.org","@graph":[{"@type":"Article","@id":"https:\/\/www.noubarris.net\/web40\/60e-aniversari-del-mercat-de-la-merce-amb-una-exposicio-fotografica\/#article","isPartOf":{"@id":"https:\/\/www.noubarris.net\/web40\/60e-aniversari-del-mercat-de-la-merce-amb-una-exposicio-fotografica\/"},"author":{"name":"Informatius","@id":"https:\/\/www.noubarris.net\/web40\/#\/schema\/person\/1827f92aaa316c54abbf4dac0de76069"},"headline":"60\u00e8 aniversari del mercat de la Merc\u00e8 amb una exposici\u00f3 fotogr\u00e0fica","datePublished":"2021-09-28T05:25:19+00:00","mainEntityOfPage":{"@id":"https:\/\/www.noubarris.net\/web40\/60e-aniversari-del-mercat-de-la-merce-amb-una-exposicio-fotografica\/"},"wordCount":452,"publisher":{"@id":"https:\/\/www.noubarris.net\/web40\/#organization"},"image":{"@id":"https:\/\/www.noubarris.net\/web40\/60e-aniversari-del-mercat-de-la-merce-amb-una-exposicio-fotografica\/#primaryimage"},"thumbnailUrl":"https:\/\/www.noubarris.net\/web40\/wp-content\/uploads\/2021\/09\/280921.jpg","keywords":["Aniversari","El Tur\u00f3 de la Peira","Exposici\u00f3","Mercat de la Merc\u00e8"],"articleSection":["El Tur\u00f3 de la Peira","Societat"],"inLanguage":"ca"},{"@type":"WebPage","@id":"https:\/\/www.noubarris.net\/web40\/60e-aniversari-del-mercat-de-la-merce-amb-una-exposicio-fotografica\/","url":"https:\/\/www.noubarris.net\/web40\/60e-aniversari-del-mercat-de-la-merce-amb-una-exposicio-fotografica\/","name":"60\u00e8 aniversari del mercat de la Merc\u00e8 amb una exposici\u00f3 fotogr\u00e0fica - NouBarris.Net","isPartOf":{"@id":"https:\/\/www.noubarris.net\/web40\/#website"},"primaryImageOfPage":{"@id":"https:\/\/www.noubarris.net\/web40\/60e-aniversari-del-mercat-de-la-merce-amb-una-exposicio-fotografica\/#primaryimage"},"image":{"@id":"https:\/\/www.noubarris.net\/web40\/60e-aniversari-del-mercat-de-la-merce-amb-una-exposicio-fotografica\/#primaryimage"},"thumbnailUrl":"https:\/\/www.noubarris.net\/web40\/wp-content\/uploads\/2021\/09\/280921.jpg","datePublished":"2021-09-28T05:25:19+00:00","breadcrumb":{"@id":"https:\/\/www.noubarris.net\/web40\/60e-aniversari-del-mercat-de-la-merce-amb-una-exposicio-fotografica\/#breadcrumb"},"inLanguage":"ca","potentialAction":[{"@type":"ReadAction","target":["https:\/\/www.noubarris.net\/web40\/60e-aniversari-del-mercat-de-la-merce-amb-una-exposicio-fotografica\/"]}]},{"@type":"ImageObject","inLanguage":"ca","@id":"https:\/\/www.noubarris.net\/web40\/60e-aniversari-del-mercat-de-la-merce-amb-una-exposicio-fotografica\/#primaryimage","url":"https:\/\/www.noubarris.net\/web40\/wp-content\/uploads\/2021\/09\/280921.jpg","contentUrl":"https:\/\/www.noubarris.net\/web40\/wp-content\/uploads\/2021\/09\/280921.jpg","width":768,"height":432},{"@type":"BreadcrumbList","@id":"https:\/\/www.noubarris.net\/web40\/60e-aniversari-del-mercat-de-la-merce-amb-una-exposicio-fotografica\/#breadcrumb","itemListElement":[{"@type":"ListItem","position":1,"name":"Inici","item":"https:\/\/www.noubarris.net\/web40\/"},{"@type":"ListItem","position":2,"name":"60\u00e8 aniversari del mercat de la Merc\u00e8 amb una exposici\u00f3 fotogr\u00e0fica"}]},{"@type":"WebSite","@id":"https:\/\/www.noubarris.net\/web40\/#website","url":"https:\/\/www.noubarris.net\/web40\/","name":"NouBarris.Net","description":"Seguint la vida de Nou Barris des de 1985","publisher":{"@id":"https:\/\/www.noubarris.net\/web40\/#organization"},"potentialAction":[{"@type":"SearchAction","target":{"@type":"EntryPoint","urlTemplate":"https:\/\/www.noubarris.net\/web40\/?s={search_term_string}"},"query-input":{"@type":"PropertyValueSpecification","valueRequired":true,"valueName":"search_term_string"}}],"inLanguage":"ca"},{"@type":"Organization","@id":"https:\/\/www.noubarris.net\/web40\/#organization","name":"NouBarris.Net","url":"https:\/\/www.noubarris.net\/web40\/","logo":{"@type":"ImageObject","inLanguage":"ca","@id":"https:\/\/www.noubarris.net\/web40\/#\/schema\/logo\/image\/","url":"https:\/\/www.noubarris.net\/web40\/wp-content\/uploads\/2024\/11\/cropped-cropped-LOGO_9BTV-2024_Insta-1.jpg","contentUrl":"https:\/\/www.noubarris.net\/web40\/wp-content\/uploads\/2024\/11\/cropped-cropped-LOGO_9BTV-2024_Insta-1.jpg","width":512,"height":512,"caption":"NouBarris.Net"},"image":{"@id":"https:\/\/www.noubarris.net\/web40\/#\/schema\/logo\/image\/"},"sameAs":["https:\/\/www.facebook.com\/NouBarris.net\/?locale=es_ES","https:\/\/x.com\/9BTV"]},{"@type":"Person","@id":"https:\/\/www.noubarris.net\/web40\/#\/schema\/person\/1827f92aaa316c54abbf4dac0de76069","name":"Informatius","image":{"@type":"ImageObject","inLanguage":"ca","@id":"https:\/\/www.noubarris.net\/web40\/#\/schema\/person\/image\/","url":"https:\/\/secure.gravatar.com\/avatar\/87a3b47928835fc72c6ee5b0e1a7263ef0c2d05003a98189bc14926c5f11bcdb?s=96&d=mm&r=g","contentUrl":"https:\/\/secure.gravatar.com\/avatar\/87a3b47928835fc72c6ee5b0e1a7263ef0c2d05003a98189bc14926c5f11bcdb?s=96&d=mm&r=g","caption":"Informatius"},"url":"https:\/\/www.noubarris.net\/web40\/author\/tele\/"}]}},"_links":{"self":[{"href":"https:\/\/www.noubarris.net\/web40\/wp-json\/wp\/v2\/posts\/77907","targetHints":{"allow":["GET"]}}],"collection":[{"href":"https:\/\/www.noubarris.net\/web40\/wp-json\/wp\/v2\/posts"}],"about":[{"href":"https:\/\/www.noubarris.net\/web40\/wp-json\/wp\/v2\/types\/post"}],"author":[{"embeddable":true,"href":"https:\/\/www.noubarris.net\/web40\/wp-json\/wp\/v2\/users\/2"}],"replies":[{"embeddable":true,"href":"https:\/\/www.noubarris.net\/web40\/wp-json\/wp\/v2\/comments?post=77907"}],"version-history":[{"count":1,"href":"https:\/\/www.noubarris.net\/web40\/wp-json\/wp\/v2\/posts\/77907\/revisions"}],"predecessor-version":[{"id":77909,"href":"https:\/\/www.noubarris.net\/web40\/wp-json\/wp\/v2\/posts\/77907\/revisions\/77909"}],"wp:featuredmedia":[{"embeddable":true,"href":"https:\/\/www.noubarris.net\/web40\/wp-json\/wp\/v2\/media\/77908"}],"wp:attachment":[{"href":"https:\/\/www.noubarris.net\/web40\/wp-json\/wp\/v2\/media?parent=77907"}],"wp:term":[{"taxonomy":"category","embeddable":true,"href":"https:\/\/www.noubarris.net\/web40\/wp-json\/wp\/v2\/categories?post=77907"},{"taxonomy":"post_tag","embeddable":true,"href":"https:\/\/www.noubarris.net\/web40\/wp-json\/wp\/v2\/tags?post=77907"}],"curies":[{"name":"wp","href":"https:\/\/api.w.org\/{rel}","templated":true}]}}