{"id":77912,"date":"2021-09-29T00:00:08","date_gmt":"2021-09-28T22:00:08","guid":{"rendered":"http:\/\/www.noubarris.net\/web40\/?p=77912"},"modified":"2021-09-28T20:10:14","modified_gmt":"2021-09-28T18:10:14","slug":"el-centre-civic-zona-nord-i-can-baste-estrenen-anelles-magnetiques","status":"publish","type":"post","link":"https:\/\/www.noubarris.net\/web40\/el-centre-civic-zona-nord-i-can-baste-estrenen-anelles-magnetiques\/","title":{"rendered":"El centre c\u00edvic Zona Nord i Can Bast\u00e9 estrenen anelles magn\u00e8tiques"},"content":{"rendered":"<p><strong>S\u00f3n sistemes que milloren la capacitat auditiva de les persones que porten pr\u00f2tesis a les o\u00efdes<\/strong><\/p>\n<p>El centre c\u00edvic Can Bast\u00e9 i el centre c\u00edvic Zona Nord s\u00f3n els dos darrers equipaments que han incorporat bucles magn\u00e8tics, \u00e9s a dir, sistemes que milloren la capacitat auditiva de les persones que porten pr\u00f2tesis a les o\u00efdes. D\u2019aquesta manera, la persona usu\u00e0ria t\u00e9 la possibilitat de gaudir de l\u2019espai en igualtat de condicions que la resta d\u2019assistents.\u00a0 El bucle magn\u00e8tic facilita l\u2019accessibilitat auditiva, ja que fa arribar el so directament a l\u2019implant coclear o audi\u00f2fon de les persones usu\u00e0ries, al temps que elimina les reverberacions i el soroll ambient i amb un volum adaptat a les seves necessitats.<\/p>\n<p>A Nou Barris, a dia d\u2019avui, tenim set espais i equipaments amb aquest sistema, als quals caldr\u00e0 sumar aquestes dues darreres incorporacions:<\/p>\n<ul>\n<li>Sala de Plens del Districte de Nou Barris<\/li>\n<li>Auditori de Escola Municipal de M\u00fasica de Nou Barris<\/li>\n<li>Biblioteca de Vilapicina i la Torre Llobeta<\/li>\n<li>Centre C\u00edvic Can Verdaguer<\/li>\n<li>Biblioteca Nou Barris<\/li>\n<li>Casal de Barri Torre Bar\u00f3<\/li>\n<li>Casal de Barri Trinitat Nova<\/li>\n<\/ul>\n","protected":false},"excerpt":{"rendered":"<p>S\u00f3n sistemes que milloren la capacitat auditiva de les persones que porten pr\u00f2tesis a les o\u00efdes El centre c\u00edvic Can<\/p>\n","protected":false},"author":2,"featured_media":77913,"comment_status":"closed","ping_status":"closed","sticky":false,"template":"","format":"standard","meta":{"colormag_page_layout":"default_layout","_monsterinsights_skip_tracking":false,"_monsterinsights_sitenote_active":false,"_monsterinsights_sitenote_note":"","_monsterinsights_sitenote_category":0,"footnotes":""},"categories":[1,124],"tags":[374,88,650,433,319],"class_list":["post-77912","post","type-post","status-publish","format-standard","has-post-thumbnail","hentry","category-nou-barris","category-societat","tag-accessibilitat","tag-can-baste","tag-centre-civic-zona-nord","tag-discapacitat","tag-nou-barris"],"yoast_head":"<!-- This site is optimized with the Yoast SEO plugin v25.3 - https:\/\/yoast.com\/wordpress\/plugins\/seo\/ -->\n<title>El centre c\u00edvic Zona Nord i Can Bast\u00e9 estrenen anelles magn\u00e8tiques - NouBarris.Net<\/title>\n<meta name=\"robots\" content=\"index, follow, max-snippet:-1, max-image-preview:large, max-video-preview:-1\" \/>\n<link rel=\"canonical\" href=\"https:\/\/www.noubarris.net\/web40\/el-centre-civic-zona-nord-i-can-baste-estrenen-anelles-magnetiques\/\" \/>\n<meta property=\"og:locale\" content=\"ca_ES\" \/>\n<meta property=\"og:type\" content=\"article\" \/>\n<meta property=\"og:title\" content=\"El centre c\u00edvic Zona Nord i Can Bast\u00e9 estrenen anelles magn\u00e8tiques - NouBarris.Net\" \/>\n<meta property=\"og:description\" content=\"S\u00f3n sistemes que milloren la capacitat auditiva de les persones que porten pr\u00f2tesis a les o\u00efdes El centre c\u00edvic Can\" \/>\n<meta property=\"og:url\" content=\"https:\/\/www.noubarris.net\/web40\/el-centre-civic-zona-nord-i-can-baste-estrenen-anelles-magnetiques\/\" \/>\n<meta property=\"og:site_name\" content=\"NouBarris.Net\" \/>\n<meta property=\"article:publisher\" content=\"https:\/\/www.facebook.com\/NouBarris.net\/?locale=es_ES\" \/>\n<meta property=\"article:published_time\" content=\"2021-09-28T22:00:08+00:00\" \/>\n<meta property=\"og:image\" content=\"https:\/\/www.noubarris.net\/web40\/wp-content\/uploads\/2021\/09\/290921.jpg\" \/>\n\t<meta property=\"og:image:width\" content=\"768\" \/>\n\t<meta property=\"og:image:height\" content=\"432\" \/>\n\t<meta property=\"og:image:type\" content=\"image\/jpeg\" \/>\n<meta name=\"author\" content=\"Informatius\" \/>\n<meta name=\"twitter:card\" content=\"summary_large_image\" \/>\n<meta name=\"twitter:creator\" content=\"@9BTV\" \/>\n<meta name=\"twitter:site\" content=\"@9BTV\" \/>\n<meta name=\"twitter:label1\" content=\"Escrit per\" \/>\n\t<meta name=\"twitter:data1\" content=\"Informatius\" \/>\n\t<meta name=\"twitter:label2\" content=\"Temps estimat de lectura\" \/>\n\t<meta name=\"twitter:data2\" content=\"1 minut\" \/>\n<script type=\"application\/ld+json\" class=\"yoast-schema-graph\">{\"@context\":\"https:\/\/schema.org\",\"@graph\":[{\"@type\":\"Article\",\"@id\":\"https:\/\/www.noubarris.net\/web40\/el-centre-civic-zona-nord-i-can-baste-estrenen-anelles-magnetiques\/#article\",\"isPartOf\":{\"@id\":\"https:\/\/www.noubarris.net\/web40\/el-centre-civic-zona-nord-i-can-baste-estrenen-anelles-magnetiques\/\"},\"author\":{\"name\":\"Informatius\",\"@id\":\"https:\/\/www.noubarris.net\/web40\/#\/schema\/person\/1827f92aaa316c54abbf4dac0de76069\"},\"headline\":\"El centre c\u00edvic Zona Nord i Can Bast\u00e9 estrenen anelles magn\u00e8tiques\",\"datePublished\":\"2021-09-28T22:00:08+00:00\",\"mainEntityOfPage\":{\"@id\":\"https:\/\/www.noubarris.net\/web40\/el-centre-civic-zona-nord-i-can-baste-estrenen-anelles-magnetiques\/\"},\"wordCount\":213,\"publisher\":{\"@id\":\"https:\/\/www.noubarris.net\/web40\/#organization\"},\"image\":{\"@id\":\"https:\/\/www.noubarris.net\/web40\/el-centre-civic-zona-nord-i-can-baste-estrenen-anelles-magnetiques\/#primaryimage\"},\"thumbnailUrl\":\"https:\/\/www.noubarris.net\/web40\/wp-content\/uploads\/2021\/09\/290921.jpg\",\"keywords\":[\"Accessibilitat\",\"Can Bast\u00e9\",\"centre c\u00edvic Zona Nord\",\"Discapacitat\",\"Nou Barris\"],\"articleSection\":[\"Nou Barris\",\"Societat\"],\"inLanguage\":\"ca\"},{\"@type\":\"WebPage\",\"@id\":\"https:\/\/www.noubarris.net\/web40\/el-centre-civic-zona-nord-i-can-baste-estrenen-anelles-magnetiques\/\",\"url\":\"https:\/\/www.noubarris.net\/web40\/el-centre-civic-zona-nord-i-can-baste-estrenen-anelles-magnetiques\/\",\"name\":\"El centre c\u00edvic Zona Nord i Can Bast\u00e9 estrenen anelles magn\u00e8tiques - NouBarris.Net\",\"isPartOf\":{\"@id\":\"https:\/\/www.noubarris.net\/web40\/#website\"},\"primaryImageOfPage\":{\"@id\":\"https:\/\/www.noubarris.net\/web40\/el-centre-civic-zona-nord-i-can-baste-estrenen-anelles-magnetiques\/#primaryimage\"},\"image\":{\"@id\":\"https:\/\/www.noubarris.net\/web40\/el-centre-civic-zona-nord-i-can-baste-estrenen-anelles-magnetiques\/#primaryimage\"},\"thumbnailUrl\":\"https:\/\/www.noubarris.net\/web40\/wp-content\/uploads\/2021\/09\/290921.jpg\",\"datePublished\":\"2021-09-28T22:00:08+00:00\",\"breadcrumb\":{\"@id\":\"https:\/\/www.noubarris.net\/web40\/el-centre-civic-zona-nord-i-can-baste-estrenen-anelles-magnetiques\/#breadcrumb\"},\"inLanguage\":\"ca\",\"potentialAction\":[{\"@type\":\"ReadAction\",\"target\":[\"https:\/\/www.noubarris.net\/web40\/el-centre-civic-zona-nord-i-can-baste-estrenen-anelles-magnetiques\/\"]}]},{\"@type\":\"ImageObject\",\"inLanguage\":\"ca\",\"@id\":\"https:\/\/www.noubarris.net\/web40\/el-centre-civic-zona-nord-i-can-baste-estrenen-anelles-magnetiques\/#primaryimage\",\"url\":\"https:\/\/www.noubarris.net\/web40\/wp-content\/uploads\/2021\/09\/290921.jpg\",\"contentUrl\":\"https:\/\/www.noubarris.net\/web40\/wp-content\/uploads\/2021\/09\/290921.jpg\",\"width\":768,\"height\":432},{\"@type\":\"BreadcrumbList\",\"@id\":\"https:\/\/www.noubarris.net\/web40\/el-centre-civic-zona-nord-i-can-baste-estrenen-anelles-magnetiques\/#breadcrumb\",\"itemListElement\":[{\"@type\":\"ListItem\",\"position\":1,\"name\":\"Inici\",\"item\":\"https:\/\/www.noubarris.net\/web40\/\"},{\"@type\":\"ListItem\",\"position\":2,\"name\":\"El centre c\u00edvic Zona Nord i Can Bast\u00e9 estrenen anelles magn\u00e8tiques\"}]},{\"@type\":\"WebSite\",\"@id\":\"https:\/\/www.noubarris.net\/web40\/#website\",\"url\":\"https:\/\/www.noubarris.net\/web40\/\",\"name\":\"NouBarris.Net\",\"description\":\"Seguint la vida de Nou Barris des de 1985\",\"publisher\":{\"@id\":\"https:\/\/www.noubarris.net\/web40\/#organization\"},\"potentialAction\":[{\"@type\":\"SearchAction\",\"target\":{\"@type\":\"EntryPoint\",\"urlTemplate\":\"https:\/\/www.noubarris.net\/web40\/?s={search_term_string}\"},\"query-input\":{\"@type\":\"PropertyValueSpecification\",\"valueRequired\":true,\"valueName\":\"search_term_string\"}}],\"inLanguage\":\"ca\"},{\"@type\":\"Organization\",\"@id\":\"https:\/\/www.noubarris.net\/web40\/#organization\",\"name\":\"NouBarris.Net\",\"url\":\"https:\/\/www.noubarris.net\/web40\/\",\"logo\":{\"@type\":\"ImageObject\",\"inLanguage\":\"ca\",\"@id\":\"https:\/\/www.noubarris.net\/web40\/#\/schema\/logo\/image\/\",\"url\":\"https:\/\/www.noubarris.net\/web40\/wp-content\/uploads\/2024\/11\/cropped-cropped-LOGO_9BTV-2024_Insta-1.jpg\",\"contentUrl\":\"https:\/\/www.noubarris.net\/web40\/wp-content\/uploads\/2024\/11\/cropped-cropped-LOGO_9BTV-2024_Insta-1.jpg\",\"width\":512,\"height\":512,\"caption\":\"NouBarris.Net\"},\"image\":{\"@id\":\"https:\/\/www.noubarris.net\/web40\/#\/schema\/logo\/image\/\"},\"sameAs\":[\"https:\/\/www.facebook.com\/NouBarris.net\/?locale=es_ES\",\"https:\/\/x.com\/9BTV\"]},{\"@type\":\"Person\",\"@id\":\"https:\/\/www.noubarris.net\/web40\/#\/schema\/person\/1827f92aaa316c54abbf4dac0de76069\",\"name\":\"Informatius\",\"image\":{\"@type\":\"ImageObject\",\"inLanguage\":\"ca\",\"@id\":\"https:\/\/www.noubarris.net\/web40\/#\/schema\/person\/image\/\",\"url\":\"https:\/\/secure.gravatar.com\/avatar\/87a3b47928835fc72c6ee5b0e1a7263ef0c2d05003a98189bc14926c5f11bcdb?s=96&d=mm&r=g\",\"contentUrl\":\"https:\/\/secure.gravatar.com\/avatar\/87a3b47928835fc72c6ee5b0e1a7263ef0c2d05003a98189bc14926c5f11bcdb?s=96&d=mm&r=g\",\"caption\":\"Informatius\"},\"url\":\"https:\/\/www.noubarris.net\/web40\/author\/tele\/\"}]}<\/script>\n<!-- \/ Yoast SEO plugin. -->","yoast_head_json":{"title":"El centre c\u00edvic Zona Nord i Can Bast\u00e9 estrenen anelles magn\u00e8tiques - NouBarris.Net","robots":{"index":"index","follow":"follow","max-snippet":"max-snippet:-1","max-image-preview":"max-image-preview:large","max-video-preview":"max-video-preview:-1"},"canonical":"https:\/\/www.noubarris.net\/web40\/el-centre-civic-zona-nord-i-can-baste-estrenen-anelles-magnetiques\/","og_locale":"ca_ES","og_type":"article","og_title":"El centre c\u00edvic Zona Nord i Can Bast\u00e9 estrenen anelles magn\u00e8tiques - NouBarris.Net","og_description":"S\u00f3n sistemes que milloren la capacitat auditiva de les persones que porten pr\u00f2tesis a les o\u00efdes El centre c\u00edvic Can","og_url":"https:\/\/www.noubarris.net\/web40\/el-centre-civic-zona-nord-i-can-baste-estrenen-anelles-magnetiques\/","og_site_name":"NouBarris.Net","article_publisher":"https:\/\/www.facebook.com\/NouBarris.net\/?locale=es_ES","article_published_time":"2021-09-28T22:00:08+00:00","og_image":[{"width":768,"height":432,"url":"https:\/\/www.noubarris.net\/web40\/wp-content\/uploads\/2021\/09\/290921.jpg","type":"image\/jpeg"}],"author":"Informatius","twitter_card":"summary_large_image","twitter_creator":"@9BTV","twitter_site":"@9BTV","twitter_misc":{"Escrit per":"Informatius","Temps estimat de lectura":"1 minut"},"schema":{"@context":"https:\/\/schema.org","@graph":[{"@type":"Article","@id":"https:\/\/www.noubarris.net\/web40\/el-centre-civic-zona-nord-i-can-baste-estrenen-anelles-magnetiques\/#article","isPartOf":{"@id":"https:\/\/www.noubarris.net\/web40\/el-centre-civic-zona-nord-i-can-baste-estrenen-anelles-magnetiques\/"},"author":{"name":"Informatius","@id":"https:\/\/www.noubarris.net\/web40\/#\/schema\/person\/1827f92aaa316c54abbf4dac0de76069"},"headline":"El centre c\u00edvic Zona Nord i Can Bast\u00e9 estrenen anelles magn\u00e8tiques","datePublished":"2021-09-28T22:00:08+00:00","mainEntityOfPage":{"@id":"https:\/\/www.noubarris.net\/web40\/el-centre-civic-zona-nord-i-can-baste-estrenen-anelles-magnetiques\/"},"wordCount":213,"publisher":{"@id":"https:\/\/www.noubarris.net\/web40\/#organization"},"image":{"@id":"https:\/\/www.noubarris.net\/web40\/el-centre-civic-zona-nord-i-can-baste-estrenen-anelles-magnetiques\/#primaryimage"},"thumbnailUrl":"https:\/\/www.noubarris.net\/web40\/wp-content\/uploads\/2021\/09\/290921.jpg","keywords":["Accessibilitat","Can Bast\u00e9","centre c\u00edvic Zona Nord","Discapacitat","Nou Barris"],"articleSection":["Nou Barris","Societat"],"inLanguage":"ca"},{"@type":"WebPage","@id":"https:\/\/www.noubarris.net\/web40\/el-centre-civic-zona-nord-i-can-baste-estrenen-anelles-magnetiques\/","url":"https:\/\/www.noubarris.net\/web40\/el-centre-civic-zona-nord-i-can-baste-estrenen-anelles-magnetiques\/","name":"El centre c\u00edvic Zona Nord i Can Bast\u00e9 estrenen anelles magn\u00e8tiques - NouBarris.Net","isPartOf":{"@id":"https:\/\/www.noubarris.net\/web40\/#website"},"primaryImageOfPage":{"@id":"https:\/\/www.noubarris.net\/web40\/el-centre-civic-zona-nord-i-can-baste-estrenen-anelles-magnetiques\/#primaryimage"},"image":{"@id":"https:\/\/www.noubarris.net\/web40\/el-centre-civic-zona-nord-i-can-baste-estrenen-anelles-magnetiques\/#primaryimage"},"thumbnailUrl":"https:\/\/www.noubarris.net\/web40\/wp-content\/uploads\/2021\/09\/290921.jpg","datePublished":"2021-09-28T22:00:08+00:00","breadcrumb":{"@id":"https:\/\/www.noubarris.net\/web40\/el-centre-civic-zona-nord-i-can-baste-estrenen-anelles-magnetiques\/#breadcrumb"},"inLanguage":"ca","potentialAction":[{"@type":"ReadAction","target":["https:\/\/www.noubarris.net\/web40\/el-centre-civic-zona-nord-i-can-baste-estrenen-anelles-magnetiques\/"]}]},{"@type":"ImageObject","inLanguage":"ca","@id":"https:\/\/www.noubarris.net\/web40\/el-centre-civic-zona-nord-i-can-baste-estrenen-anelles-magnetiques\/#primaryimage","url":"https:\/\/www.noubarris.net\/web40\/wp-content\/uploads\/2021\/09\/290921.jpg","contentUrl":"https:\/\/www.noubarris.net\/web40\/wp-content\/uploads\/2021\/09\/290921.jpg","width":768,"height":432},{"@type":"BreadcrumbList","@id":"https:\/\/www.noubarris.net\/web40\/el-centre-civic-zona-nord-i-can-baste-estrenen-anelles-magnetiques\/#breadcrumb","itemListElement":[{"@type":"ListItem","position":1,"name":"Inici","item":"https:\/\/www.noubarris.net\/web40\/"},{"@type":"ListItem","position":2,"name":"El centre c\u00edvic Zona Nord i Can Bast\u00e9 estrenen anelles magn\u00e8tiques"}]},{"@type":"WebSite","@id":"https:\/\/www.noubarris.net\/web40\/#website","url":"https:\/\/www.noubarris.net\/web40\/","name":"NouBarris.Net","description":"Seguint la vida de Nou Barris des de 1985","publisher":{"@id":"https:\/\/www.noubarris.net\/web40\/#organization"},"potentialAction":[{"@type":"SearchAction","target":{"@type":"EntryPoint","urlTemplate":"https:\/\/www.noubarris.net\/web40\/?s={search_term_string}"},"query-input":{"@type":"PropertyValueSpecification","valueRequired":true,"valueName":"search_term_string"}}],"inLanguage":"ca"},{"@type":"Organization","@id":"https:\/\/www.noubarris.net\/web40\/#organization","name":"NouBarris.Net","url":"https:\/\/www.noubarris.net\/web40\/","logo":{"@type":"ImageObject","inLanguage":"ca","@id":"https:\/\/www.noubarris.net\/web40\/#\/schema\/logo\/image\/","url":"https:\/\/www.noubarris.net\/web40\/wp-content\/uploads\/2024\/11\/cropped-cropped-LOGO_9BTV-2024_Insta-1.jpg","contentUrl":"https:\/\/www.noubarris.net\/web40\/wp-content\/uploads\/2024\/11\/cropped-cropped-LOGO_9BTV-2024_Insta-1.jpg","width":512,"height":512,"caption":"NouBarris.Net"},"image":{"@id":"https:\/\/www.noubarris.net\/web40\/#\/schema\/logo\/image\/"},"sameAs":["https:\/\/www.facebook.com\/NouBarris.net\/?locale=es_ES","https:\/\/x.com\/9BTV"]},{"@type":"Person","@id":"https:\/\/www.noubarris.net\/web40\/#\/schema\/person\/1827f92aaa316c54abbf4dac0de76069","name":"Informatius","image":{"@type":"ImageObject","inLanguage":"ca","@id":"https:\/\/www.noubarris.net\/web40\/#\/schema\/person\/image\/","url":"https:\/\/secure.gravatar.com\/avatar\/87a3b47928835fc72c6ee5b0e1a7263ef0c2d05003a98189bc14926c5f11bcdb?s=96&d=mm&r=g","contentUrl":"https:\/\/secure.gravatar.com\/avatar\/87a3b47928835fc72c6ee5b0e1a7263ef0c2d05003a98189bc14926c5f11bcdb?s=96&d=mm&r=g","caption":"Informatius"},"url":"https:\/\/www.noubarris.net\/web40\/author\/tele\/"}]}},"_links":{"self":[{"href":"https:\/\/www.noubarris.net\/web40\/wp-json\/wp\/v2\/posts\/77912","targetHints":{"allow":["GET"]}}],"collection":[{"href":"https:\/\/www.noubarris.net\/web40\/wp-json\/wp\/v2\/posts"}],"about":[{"href":"https:\/\/www.noubarris.net\/web40\/wp-json\/wp\/v2\/types\/post"}],"author":[{"embeddable":true,"href":"https:\/\/www.noubarris.net\/web40\/wp-json\/wp\/v2\/users\/2"}],"replies":[{"embeddable":true,"href":"https:\/\/www.noubarris.net\/web40\/wp-json\/wp\/v2\/comments?post=77912"}],"version-history":[{"count":2,"href":"https:\/\/www.noubarris.net\/web40\/wp-json\/wp\/v2\/posts\/77912\/revisions"}],"predecessor-version":[{"id":77915,"href":"https:\/\/www.noubarris.net\/web40\/wp-json\/wp\/v2\/posts\/77912\/revisions\/77915"}],"wp:featuredmedia":[{"embeddable":true,"href":"https:\/\/www.noubarris.net\/web40\/wp-json\/wp\/v2\/media\/77913"}],"wp:attachment":[{"href":"https:\/\/www.noubarris.net\/web40\/wp-json\/wp\/v2\/media?parent=77912"}],"wp:term":[{"taxonomy":"category","embeddable":true,"href":"https:\/\/www.noubarris.net\/web40\/wp-json\/wp\/v2\/categories?post=77912"},{"taxonomy":"post_tag","embeddable":true,"href":"https:\/\/www.noubarris.net\/web40\/wp-json\/wp\/v2\/tags?post=77912"}],"curies":[{"name":"wp","href":"https:\/\/api.w.org\/{rel}","templated":true}]}}