{"id":77917,"date":"2021-09-30T00:00:40","date_gmt":"2021-09-29T22:00:40","guid":{"rendered":"http:\/\/www.noubarris.net\/web40\/?p=77917"},"modified":"2021-09-29T20:35:38","modified_gmt":"2021-09-29T18:35:38","slug":"setmana-de-les-emocions-a-la-biblioteca-zona-nord","status":"publish","type":"post","link":"https:\/\/www.noubarris.net\/web40\/setmana-de-les-emocions-a-la-biblioteca-zona-nord\/","title":{"rendered":"Setmana de les emocions a la Biblioteca Zona Nord"},"content":{"rendered":"<p><strong>L&#8217;equipament ha preparat un monogr\u00e0fic d\u2019activitats relacionades amb l\u2019educaci\u00f3 emocional per a infants<\/strong><\/p>\n<p>Com cada any, la biblioteca Zona Nord ha preparat un monogr\u00e0fic d\u2019activitats relacionades amb l\u2019educaci\u00f3 emocional per a infants. Fins divendrees podeu participar de les diverses activitats en fam\u00edlia i adre\u00e7ades principalment al p\u00fablic infantil a partir de 4 anys.<\/p>\n<p>Per avui, a les 17.30h, hi ha programat un contacontes a c\u00e0rrec de la Mon Mas que ens parla de la tristesa i de com la Dol\u00e7a s\u2019hi enfronta. L&#8217;entrada \u00e9s gratu\u00efta amb inscripci\u00f3 pr\u00e8via.\u00a0 La biblioteca de la Zona Nord disposa, a m\u00e9s, d&#8217;un fons d&#8217;inter\u00e8s d&#8217;Educaci\u00f3 emocional per a infants.<\/p>\n","protected":false},"excerpt":{"rendered":"<p>L&#8217;equipament ha preparat un monogr\u00e0fic d\u2019activitats relacionades amb l\u2019educaci\u00f3 emocional per a infants Com cada any, la biblioteca Zona Nord<\/p>\n","protected":false},"author":2,"featured_media":77918,"comment_status":"closed","ping_status":"closed","sticky":false,"template":"","format":"standard","meta":{"colormag_page_layout":"default_layout","_monsterinsights_skip_tracking":false,"_monsterinsights_sitenote_active":false,"_monsterinsights_sitenote_note":"","_monsterinsights_sitenote_category":0,"footnotes":""},"categories":[132,129],"tags":[68,390,438],"class_list":["post-77917","post","type-post","status-publish","format-standard","has-post-thumbnail","hentry","category-ciutat-meridiana","category-cultura","tag-biblioteca","tag-infants","tag-zona-nord"],"yoast_head":"<!-- This site is optimized with the Yoast SEO plugin v25.3 - https:\/\/yoast.com\/wordpress\/plugins\/seo\/ -->\n<title>Setmana de les emocions a la Biblioteca Zona Nord - NouBarris.Net<\/title>\n<meta name=\"robots\" content=\"index, follow, max-snippet:-1, max-image-preview:large, max-video-preview:-1\" \/>\n<link rel=\"canonical\" href=\"https:\/\/www.noubarris.net\/web40\/setmana-de-les-emocions-a-la-biblioteca-zona-nord\/\" \/>\n<meta property=\"og:locale\" content=\"ca_ES\" \/>\n<meta property=\"og:type\" content=\"article\" \/>\n<meta property=\"og:title\" content=\"Setmana de les emocions a la Biblioteca Zona Nord - NouBarris.Net\" \/>\n<meta property=\"og:description\" content=\"L&#8217;equipament ha preparat un monogr\u00e0fic d\u2019activitats relacionades amb l\u2019educaci\u00f3 emocional per a infants Com cada any, la biblioteca Zona Nord\" \/>\n<meta property=\"og:url\" content=\"https:\/\/www.noubarris.net\/web40\/setmana-de-les-emocions-a-la-biblioteca-zona-nord\/\" \/>\n<meta property=\"og:site_name\" content=\"NouBarris.Net\" \/>\n<meta property=\"article:publisher\" content=\"https:\/\/www.facebook.com\/NouBarris.net\/?locale=es_ES\" \/>\n<meta property=\"article:published_time\" content=\"2021-09-29T22:00:40+00:00\" \/>\n<meta property=\"og:image\" content=\"https:\/\/www.noubarris.net\/web40\/wp-content\/uploads\/2021\/09\/300921.jpg\" \/>\n\t<meta property=\"og:image:width\" content=\"768\" \/>\n\t<meta property=\"og:image:height\" content=\"432\" \/>\n\t<meta property=\"og:image:type\" content=\"image\/jpeg\" \/>\n<meta name=\"author\" content=\"Informatius\" \/>\n<meta name=\"twitter:card\" content=\"summary_large_image\" \/>\n<meta name=\"twitter:creator\" content=\"@9BTV\" \/>\n<meta name=\"twitter:site\" content=\"@9BTV\" \/>\n<meta name=\"twitter:label1\" content=\"Escrit per\" \/>\n\t<meta name=\"twitter:data1\" content=\"Informatius\" \/>\n\t<meta name=\"twitter:label2\" content=\"Temps estimat de lectura\" \/>\n\t<meta name=\"twitter:data2\" content=\"1 minut\" \/>\n<script type=\"application\/ld+json\" class=\"yoast-schema-graph\">{\"@context\":\"https:\/\/schema.org\",\"@graph\":[{\"@type\":\"Article\",\"@id\":\"https:\/\/www.noubarris.net\/web40\/setmana-de-les-emocions-a-la-biblioteca-zona-nord\/#article\",\"isPartOf\":{\"@id\":\"https:\/\/www.noubarris.net\/web40\/setmana-de-les-emocions-a-la-biblioteca-zona-nord\/\"},\"author\":{\"name\":\"Informatius\",\"@id\":\"https:\/\/www.noubarris.net\/web40\/#\/schema\/person\/1827f92aaa316c54abbf4dac0de76069\"},\"headline\":\"Setmana de les emocions a la Biblioteca Zona Nord\",\"datePublished\":\"2021-09-29T22:00:40+00:00\",\"mainEntityOfPage\":{\"@id\":\"https:\/\/www.noubarris.net\/web40\/setmana-de-les-emocions-a-la-biblioteca-zona-nord\/\"},\"wordCount\":134,\"publisher\":{\"@id\":\"https:\/\/www.noubarris.net\/web40\/#organization\"},\"image\":{\"@id\":\"https:\/\/www.noubarris.net\/web40\/setmana-de-les-emocions-a-la-biblioteca-zona-nord\/#primaryimage\"},\"thumbnailUrl\":\"https:\/\/www.noubarris.net\/web40\/wp-content\/uploads\/2021\/09\/300921.jpg\",\"keywords\":[\"Biblioteca\",\"Infants\",\"Zona Nord\"],\"articleSection\":[\"Ciutat Meridiana\",\"Cultura\"],\"inLanguage\":\"ca\"},{\"@type\":\"WebPage\",\"@id\":\"https:\/\/www.noubarris.net\/web40\/setmana-de-les-emocions-a-la-biblioteca-zona-nord\/\",\"url\":\"https:\/\/www.noubarris.net\/web40\/setmana-de-les-emocions-a-la-biblioteca-zona-nord\/\",\"name\":\"Setmana de les emocions a la Biblioteca Zona Nord - NouBarris.Net\",\"isPartOf\":{\"@id\":\"https:\/\/www.noubarris.net\/web40\/#website\"},\"primaryImageOfPage\":{\"@id\":\"https:\/\/www.noubarris.net\/web40\/setmana-de-les-emocions-a-la-biblioteca-zona-nord\/#primaryimage\"},\"image\":{\"@id\":\"https:\/\/www.noubarris.net\/web40\/setmana-de-les-emocions-a-la-biblioteca-zona-nord\/#primaryimage\"},\"thumbnailUrl\":\"https:\/\/www.noubarris.net\/web40\/wp-content\/uploads\/2021\/09\/300921.jpg\",\"datePublished\":\"2021-09-29T22:00:40+00:00\",\"breadcrumb\":{\"@id\":\"https:\/\/www.noubarris.net\/web40\/setmana-de-les-emocions-a-la-biblioteca-zona-nord\/#breadcrumb\"},\"inLanguage\":\"ca\",\"potentialAction\":[{\"@type\":\"ReadAction\",\"target\":[\"https:\/\/www.noubarris.net\/web40\/setmana-de-les-emocions-a-la-biblioteca-zona-nord\/\"]}]},{\"@type\":\"ImageObject\",\"inLanguage\":\"ca\",\"@id\":\"https:\/\/www.noubarris.net\/web40\/setmana-de-les-emocions-a-la-biblioteca-zona-nord\/#primaryimage\",\"url\":\"https:\/\/www.noubarris.net\/web40\/wp-content\/uploads\/2021\/09\/300921.jpg\",\"contentUrl\":\"https:\/\/www.noubarris.net\/web40\/wp-content\/uploads\/2021\/09\/300921.jpg\",\"width\":768,\"height\":432},{\"@type\":\"BreadcrumbList\",\"@id\":\"https:\/\/www.noubarris.net\/web40\/setmana-de-les-emocions-a-la-biblioteca-zona-nord\/#breadcrumb\",\"itemListElement\":[{\"@type\":\"ListItem\",\"position\":1,\"name\":\"Inici\",\"item\":\"https:\/\/www.noubarris.net\/web40\/\"},{\"@type\":\"ListItem\",\"position\":2,\"name\":\"Setmana de les emocions a la Biblioteca Zona Nord\"}]},{\"@type\":\"WebSite\",\"@id\":\"https:\/\/www.noubarris.net\/web40\/#website\",\"url\":\"https:\/\/www.noubarris.net\/web40\/\",\"name\":\"NouBarris.Net\",\"description\":\"Seguint la vida de Nou Barris des de 1985\",\"publisher\":{\"@id\":\"https:\/\/www.noubarris.net\/web40\/#organization\"},\"potentialAction\":[{\"@type\":\"SearchAction\",\"target\":{\"@type\":\"EntryPoint\",\"urlTemplate\":\"https:\/\/www.noubarris.net\/web40\/?s={search_term_string}\"},\"query-input\":{\"@type\":\"PropertyValueSpecification\",\"valueRequired\":true,\"valueName\":\"search_term_string\"}}],\"inLanguage\":\"ca\"},{\"@type\":\"Organization\",\"@id\":\"https:\/\/www.noubarris.net\/web40\/#organization\",\"name\":\"NouBarris.Net\",\"url\":\"https:\/\/www.noubarris.net\/web40\/\",\"logo\":{\"@type\":\"ImageObject\",\"inLanguage\":\"ca\",\"@id\":\"https:\/\/www.noubarris.net\/web40\/#\/schema\/logo\/image\/\",\"url\":\"https:\/\/www.noubarris.net\/web40\/wp-content\/uploads\/2024\/11\/cropped-cropped-LOGO_9BTV-2024_Insta-1.jpg\",\"contentUrl\":\"https:\/\/www.noubarris.net\/web40\/wp-content\/uploads\/2024\/11\/cropped-cropped-LOGO_9BTV-2024_Insta-1.jpg\",\"width\":512,\"height\":512,\"caption\":\"NouBarris.Net\"},\"image\":{\"@id\":\"https:\/\/www.noubarris.net\/web40\/#\/schema\/logo\/image\/\"},\"sameAs\":[\"https:\/\/www.facebook.com\/NouBarris.net\/?locale=es_ES\",\"https:\/\/x.com\/9BTV\"]},{\"@type\":\"Person\",\"@id\":\"https:\/\/www.noubarris.net\/web40\/#\/schema\/person\/1827f92aaa316c54abbf4dac0de76069\",\"name\":\"Informatius\",\"image\":{\"@type\":\"ImageObject\",\"inLanguage\":\"ca\",\"@id\":\"https:\/\/www.noubarris.net\/web40\/#\/schema\/person\/image\/\",\"url\":\"https:\/\/secure.gravatar.com\/avatar\/87a3b47928835fc72c6ee5b0e1a7263ef0c2d05003a98189bc14926c5f11bcdb?s=96&d=mm&r=g\",\"contentUrl\":\"https:\/\/secure.gravatar.com\/avatar\/87a3b47928835fc72c6ee5b0e1a7263ef0c2d05003a98189bc14926c5f11bcdb?s=96&d=mm&r=g\",\"caption\":\"Informatius\"},\"url\":\"https:\/\/www.noubarris.net\/web40\/author\/tele\/\"}]}<\/script>\n<!-- \/ Yoast SEO plugin. -->","yoast_head_json":{"title":"Setmana de les emocions a la Biblioteca Zona Nord - NouBarris.Net","robots":{"index":"index","follow":"follow","max-snippet":"max-snippet:-1","max-image-preview":"max-image-preview:large","max-video-preview":"max-video-preview:-1"},"canonical":"https:\/\/www.noubarris.net\/web40\/setmana-de-les-emocions-a-la-biblioteca-zona-nord\/","og_locale":"ca_ES","og_type":"article","og_title":"Setmana de les emocions a la Biblioteca Zona Nord - NouBarris.Net","og_description":"L&#8217;equipament ha preparat un monogr\u00e0fic d\u2019activitats relacionades amb l\u2019educaci\u00f3 emocional per a infants Com cada any, la biblioteca Zona Nord","og_url":"https:\/\/www.noubarris.net\/web40\/setmana-de-les-emocions-a-la-biblioteca-zona-nord\/","og_site_name":"NouBarris.Net","article_publisher":"https:\/\/www.facebook.com\/NouBarris.net\/?locale=es_ES","article_published_time":"2021-09-29T22:00:40+00:00","og_image":[{"width":768,"height":432,"url":"https:\/\/www.noubarris.net\/web40\/wp-content\/uploads\/2021\/09\/300921.jpg","type":"image\/jpeg"}],"author":"Informatius","twitter_card":"summary_large_image","twitter_creator":"@9BTV","twitter_site":"@9BTV","twitter_misc":{"Escrit per":"Informatius","Temps estimat de lectura":"1 minut"},"schema":{"@context":"https:\/\/schema.org","@graph":[{"@type":"Article","@id":"https:\/\/www.noubarris.net\/web40\/setmana-de-les-emocions-a-la-biblioteca-zona-nord\/#article","isPartOf":{"@id":"https:\/\/www.noubarris.net\/web40\/setmana-de-les-emocions-a-la-biblioteca-zona-nord\/"},"author":{"name":"Informatius","@id":"https:\/\/www.noubarris.net\/web40\/#\/schema\/person\/1827f92aaa316c54abbf4dac0de76069"},"headline":"Setmana de les emocions a la Biblioteca Zona Nord","datePublished":"2021-09-29T22:00:40+00:00","mainEntityOfPage":{"@id":"https:\/\/www.noubarris.net\/web40\/setmana-de-les-emocions-a-la-biblioteca-zona-nord\/"},"wordCount":134,"publisher":{"@id":"https:\/\/www.noubarris.net\/web40\/#organization"},"image":{"@id":"https:\/\/www.noubarris.net\/web40\/setmana-de-les-emocions-a-la-biblioteca-zona-nord\/#primaryimage"},"thumbnailUrl":"https:\/\/www.noubarris.net\/web40\/wp-content\/uploads\/2021\/09\/300921.jpg","keywords":["Biblioteca","Infants","Zona Nord"],"articleSection":["Ciutat Meridiana","Cultura"],"inLanguage":"ca"},{"@type":"WebPage","@id":"https:\/\/www.noubarris.net\/web40\/setmana-de-les-emocions-a-la-biblioteca-zona-nord\/","url":"https:\/\/www.noubarris.net\/web40\/setmana-de-les-emocions-a-la-biblioteca-zona-nord\/","name":"Setmana de les emocions a la Biblioteca Zona Nord - NouBarris.Net","isPartOf":{"@id":"https:\/\/www.noubarris.net\/web40\/#website"},"primaryImageOfPage":{"@id":"https:\/\/www.noubarris.net\/web40\/setmana-de-les-emocions-a-la-biblioteca-zona-nord\/#primaryimage"},"image":{"@id":"https:\/\/www.noubarris.net\/web40\/setmana-de-les-emocions-a-la-biblioteca-zona-nord\/#primaryimage"},"thumbnailUrl":"https:\/\/www.noubarris.net\/web40\/wp-content\/uploads\/2021\/09\/300921.jpg","datePublished":"2021-09-29T22:00:40+00:00","breadcrumb":{"@id":"https:\/\/www.noubarris.net\/web40\/setmana-de-les-emocions-a-la-biblioteca-zona-nord\/#breadcrumb"},"inLanguage":"ca","potentialAction":[{"@type":"ReadAction","target":["https:\/\/www.noubarris.net\/web40\/setmana-de-les-emocions-a-la-biblioteca-zona-nord\/"]}]},{"@type":"ImageObject","inLanguage":"ca","@id":"https:\/\/www.noubarris.net\/web40\/setmana-de-les-emocions-a-la-biblioteca-zona-nord\/#primaryimage","url":"https:\/\/www.noubarris.net\/web40\/wp-content\/uploads\/2021\/09\/300921.jpg","contentUrl":"https:\/\/www.noubarris.net\/web40\/wp-content\/uploads\/2021\/09\/300921.jpg","width":768,"height":432},{"@type":"BreadcrumbList","@id":"https:\/\/www.noubarris.net\/web40\/setmana-de-les-emocions-a-la-biblioteca-zona-nord\/#breadcrumb","itemListElement":[{"@type":"ListItem","position":1,"name":"Inici","item":"https:\/\/www.noubarris.net\/web40\/"},{"@type":"ListItem","position":2,"name":"Setmana de les emocions a la Biblioteca Zona Nord"}]},{"@type":"WebSite","@id":"https:\/\/www.noubarris.net\/web40\/#website","url":"https:\/\/www.noubarris.net\/web40\/","name":"NouBarris.Net","description":"Seguint la vida de Nou Barris des de 1985","publisher":{"@id":"https:\/\/www.noubarris.net\/web40\/#organization"},"potentialAction":[{"@type":"SearchAction","target":{"@type":"EntryPoint","urlTemplate":"https:\/\/www.noubarris.net\/web40\/?s={search_term_string}"},"query-input":{"@type":"PropertyValueSpecification","valueRequired":true,"valueName":"search_term_string"}}],"inLanguage":"ca"},{"@type":"Organization","@id":"https:\/\/www.noubarris.net\/web40\/#organization","name":"NouBarris.Net","url":"https:\/\/www.noubarris.net\/web40\/","logo":{"@type":"ImageObject","inLanguage":"ca","@id":"https:\/\/www.noubarris.net\/web40\/#\/schema\/logo\/image\/","url":"https:\/\/www.noubarris.net\/web40\/wp-content\/uploads\/2024\/11\/cropped-cropped-LOGO_9BTV-2024_Insta-1.jpg","contentUrl":"https:\/\/www.noubarris.net\/web40\/wp-content\/uploads\/2024\/11\/cropped-cropped-LOGO_9BTV-2024_Insta-1.jpg","width":512,"height":512,"caption":"NouBarris.Net"},"image":{"@id":"https:\/\/www.noubarris.net\/web40\/#\/schema\/logo\/image\/"},"sameAs":["https:\/\/www.facebook.com\/NouBarris.net\/?locale=es_ES","https:\/\/x.com\/9BTV"]},{"@type":"Person","@id":"https:\/\/www.noubarris.net\/web40\/#\/schema\/person\/1827f92aaa316c54abbf4dac0de76069","name":"Informatius","image":{"@type":"ImageObject","inLanguage":"ca","@id":"https:\/\/www.noubarris.net\/web40\/#\/schema\/person\/image\/","url":"https:\/\/secure.gravatar.com\/avatar\/87a3b47928835fc72c6ee5b0e1a7263ef0c2d05003a98189bc14926c5f11bcdb?s=96&d=mm&r=g","contentUrl":"https:\/\/secure.gravatar.com\/avatar\/87a3b47928835fc72c6ee5b0e1a7263ef0c2d05003a98189bc14926c5f11bcdb?s=96&d=mm&r=g","caption":"Informatius"},"url":"https:\/\/www.noubarris.net\/web40\/author\/tele\/"}]}},"_links":{"self":[{"href":"https:\/\/www.noubarris.net\/web40\/wp-json\/wp\/v2\/posts\/77917","targetHints":{"allow":["GET"]}}],"collection":[{"href":"https:\/\/www.noubarris.net\/web40\/wp-json\/wp\/v2\/posts"}],"about":[{"href":"https:\/\/www.noubarris.net\/web40\/wp-json\/wp\/v2\/types\/post"}],"author":[{"embeddable":true,"href":"https:\/\/www.noubarris.net\/web40\/wp-json\/wp\/v2\/users\/2"}],"replies":[{"embeddable":true,"href":"https:\/\/www.noubarris.net\/web40\/wp-json\/wp\/v2\/comments?post=77917"}],"version-history":[{"count":1,"href":"https:\/\/www.noubarris.net\/web40\/wp-json\/wp\/v2\/posts\/77917\/revisions"}],"predecessor-version":[{"id":77919,"href":"https:\/\/www.noubarris.net\/web40\/wp-json\/wp\/v2\/posts\/77917\/revisions\/77919"}],"wp:featuredmedia":[{"embeddable":true,"href":"https:\/\/www.noubarris.net\/web40\/wp-json\/wp\/v2\/media\/77918"}],"wp:attachment":[{"href":"https:\/\/www.noubarris.net\/web40\/wp-json\/wp\/v2\/media?parent=77917"}],"wp:term":[{"taxonomy":"category","embeddable":true,"href":"https:\/\/www.noubarris.net\/web40\/wp-json\/wp\/v2\/categories?post=77917"},{"taxonomy":"post_tag","embeddable":true,"href":"https:\/\/www.noubarris.net\/web40\/wp-json\/wp\/v2\/tags?post=77917"}],"curies":[{"name":"wp","href":"https:\/\/api.w.org\/{rel}","templated":true}]}}