{"id":77928,"date":"2021-10-03T00:00:32","date_gmt":"2021-10-02T22:00:32","guid":{"rendered":"http:\/\/www.noubarris.net\/web40\/?p=77928"},"modified":"2021-10-02T11:07:23","modified_gmt":"2021-10-02T09:07:23","slug":"san-froilan-la-festa-de-la-cultura-i-les-tradicions-gallegues","status":"publish","type":"post","link":"https:\/\/www.noubarris.net\/web40\/san-froilan-la-festa-de-la-cultura-i-les-tradicions-gallegues\/","title":{"rendered":"San Froil\u00e1n, la festa de la cultura i les tradicions gallegues"},"content":{"rendered":"<p><strong>El certamen torna, amb totes les precaucions, al format habitual a Nou Barris<\/strong><\/p>\n<p>La pla\u00e7a Major de Nou Barris torna a acollir la 27ena edici\u00f3 de San Froil\u00e1n, la festa gallega per antonom\u00e0sia. Una cita que cada any aplega el millor de la gastronomia, la m\u00fasica i les tradicions de Gal\u00edcia.<\/p>\n<p>Despr\u00e9s de l\u2019edici\u00f3 de butxaca de l\u2019any passat a causa de la covid-19, enguany el certamen torna, amb totes les precaucions, al format habitual. Aix\u00f2 s\u00ed, caldr\u00e0 reserva pr\u00e8via i gaudir dels espectacles des del seient, ja que el ball est\u00e0 prohibit.<\/p>\n<p>La inauguraci\u00f3 es va fer divendres amb la lectura del preg\u00f3 i la hissada de la bandera gallega. Ahir va ser el torn dels jocs tradicionals, actuacions i presentaci\u00f3 de la festa. I, finalment, avui, arriba la jornada amb la missa en honor de San Froil\u00e1n, el vermut, actuacions i el concert final.<\/p>\n<p>A continuaci\u00f3 us detallem\u00a0 el programa de la jornada d&#8217;avui:<\/p>\n<p>10.30h Jornada empresarial Barcelona-Gal\u00edcia \u201cNou Barris, Vector empresarial Gal\u00edcia\u201d amb Aegacat i institucions de Gal\u00edcia.<\/p>\n<p>12h Missa en honor de San Froil\u00e1n<br \/>\nOfici: pare Jos\u00e9 Antonio Ferreiro (A Milagrosa de Lugo) amb la coral Cantic\u00f2rum i i les parr\u00f2quies Sant Rafael i Sant Mateu.<\/p>\n<p>Homenatge al Sant Patr\u00f3 \/ Homenaxe a San Froil\u00e1n Patr\u00f3n de Lugo.<br \/>\nAmb Xuntanza de Catalunya i Casas Regionales.<\/p>\n<p>13.15 h Sessi\u00f3 vermut amb l\u2019orquestra La Oca Band.<\/p>\n<p>17.30h Actuacions:<br \/>\nBanda Simf\u00f2nica de Roquetes &#8211; Nou Barris.<br \/>\nXuntanza de Catalunya.<br \/>\nCasas Regionales.<\/p>\n<p>19.30h Concert\/Concerto amb Orquestra La Oca Band i Lume<\/p>\n<p>San Froil\u00e1n Solidario:<br \/>\nServei de bar, venda de productes gallecs Casa D\u00edaz.<br \/>\nTots els actes s\u00f3n gratu\u00efts, amb reserva pr\u00e8via.<br \/>\nRegistrar-se al Whatsapp 608 497 950 o al Mail amigosdesanfroilan@gmail.com<\/p>\n<p>&nbsp;<\/p>\n","protected":false},"excerpt":{"rendered":"<p>El certamen torna, amb totes les precaucions, al format habitual a Nou Barris La pla\u00e7a Major de Nou Barris torna<\/p>\n","protected":false},"author":2,"featured_media":77929,"comment_status":"closed","ping_status":"closed","sticky":false,"template":"","format":"standard","meta":{"colormag_page_layout":"default_layout","_monsterinsights_skip_tracking":false,"_monsterinsights_sitenote_active":false,"_monsterinsights_sitenote_note":"","_monsterinsights_sitenote_category":0,"footnotes":""},"categories":[133,124],"tags":[334,47,480],"class_list":["post-77928","post","type-post","status-publish","format-standard","has-post-thumbnail","hentry","category-la-guineueta","category-societat","tag-festa","tag-la-guineueta","tag-san-froilan"],"yoast_head":"<!-- This site is optimized with the Yoast SEO plugin v25.3 - https:\/\/yoast.com\/wordpress\/plugins\/seo\/ -->\n<title>San Froil\u00e1n, la festa de la cultura i les tradicions gallegues - NouBarris.Net<\/title>\n<meta name=\"robots\" content=\"index, follow, max-snippet:-1, max-image-preview:large, max-video-preview:-1\" \/>\n<link rel=\"canonical\" href=\"https:\/\/www.noubarris.net\/web40\/san-froilan-la-festa-de-la-cultura-i-les-tradicions-gallegues\/\" \/>\n<meta property=\"og:locale\" content=\"ca_ES\" \/>\n<meta property=\"og:type\" content=\"article\" \/>\n<meta property=\"og:title\" content=\"San Froil\u00e1n, la festa de la cultura i les tradicions gallegues - NouBarris.Net\" \/>\n<meta property=\"og:description\" content=\"El certamen torna, amb totes les precaucions, al format habitual a Nou Barris La pla\u00e7a Major de Nou Barris torna\" \/>\n<meta property=\"og:url\" content=\"https:\/\/www.noubarris.net\/web40\/san-froilan-la-festa-de-la-cultura-i-les-tradicions-gallegues\/\" \/>\n<meta property=\"og:site_name\" content=\"NouBarris.Net\" \/>\n<meta property=\"article:publisher\" content=\"https:\/\/www.facebook.com\/NouBarris.net\/?locale=es_ES\" \/>\n<meta property=\"article:published_time\" content=\"2021-10-02T22:00:32+00:00\" \/>\n<meta property=\"og:image\" content=\"https:\/\/www.noubarris.net\/web40\/wp-content\/uploads\/2021\/10\/031021.jpg\" \/>\n\t<meta property=\"og:image:width\" content=\"768\" \/>\n\t<meta property=\"og:image:height\" content=\"432\" \/>\n\t<meta property=\"og:image:type\" content=\"image\/jpeg\" \/>\n<meta name=\"author\" content=\"Informatius\" \/>\n<meta name=\"twitter:card\" content=\"summary_large_image\" \/>\n<meta name=\"twitter:creator\" content=\"@9BTV\" \/>\n<meta name=\"twitter:site\" content=\"@9BTV\" \/>\n<meta name=\"twitter:label1\" content=\"Escrit per\" \/>\n\t<meta name=\"twitter:data1\" content=\"Informatius\" \/>\n\t<meta name=\"twitter:label2\" content=\"Temps estimat de lectura\" \/>\n\t<meta name=\"twitter:data2\" content=\"2 minuts\" \/>\n<script type=\"application\/ld+json\" class=\"yoast-schema-graph\">{\"@context\":\"https:\/\/schema.org\",\"@graph\":[{\"@type\":\"Article\",\"@id\":\"https:\/\/www.noubarris.net\/web40\/san-froilan-la-festa-de-la-cultura-i-les-tradicions-gallegues\/#article\",\"isPartOf\":{\"@id\":\"https:\/\/www.noubarris.net\/web40\/san-froilan-la-festa-de-la-cultura-i-les-tradicions-gallegues\/\"},\"author\":{\"name\":\"Informatius\",\"@id\":\"https:\/\/www.noubarris.net\/web40\/#\/schema\/person\/1827f92aaa316c54abbf4dac0de76069\"},\"headline\":\"San Froil\u00e1n, la festa de la cultura i les tradicions gallegues\",\"datePublished\":\"2021-10-02T22:00:32+00:00\",\"mainEntityOfPage\":{\"@id\":\"https:\/\/www.noubarris.net\/web40\/san-froilan-la-festa-de-la-cultura-i-les-tradicions-gallegues\/\"},\"wordCount\":318,\"publisher\":{\"@id\":\"https:\/\/www.noubarris.net\/web40\/#organization\"},\"image\":{\"@id\":\"https:\/\/www.noubarris.net\/web40\/san-froilan-la-festa-de-la-cultura-i-les-tradicions-gallegues\/#primaryimage\"},\"thumbnailUrl\":\"https:\/\/www.noubarris.net\/web40\/wp-content\/uploads\/2021\/10\/031021.jpg\",\"keywords\":[\"Festa\",\"La Guineueta\",\"San Froil\u00e1n\"],\"articleSection\":[\"La Guineueta\",\"Societat\"],\"inLanguage\":\"ca\"},{\"@type\":\"WebPage\",\"@id\":\"https:\/\/www.noubarris.net\/web40\/san-froilan-la-festa-de-la-cultura-i-les-tradicions-gallegues\/\",\"url\":\"https:\/\/www.noubarris.net\/web40\/san-froilan-la-festa-de-la-cultura-i-les-tradicions-gallegues\/\",\"name\":\"San Froil\u00e1n, la festa de la cultura i les tradicions gallegues - NouBarris.Net\",\"isPartOf\":{\"@id\":\"https:\/\/www.noubarris.net\/web40\/#website\"},\"primaryImageOfPage\":{\"@id\":\"https:\/\/www.noubarris.net\/web40\/san-froilan-la-festa-de-la-cultura-i-les-tradicions-gallegues\/#primaryimage\"},\"image\":{\"@id\":\"https:\/\/www.noubarris.net\/web40\/san-froilan-la-festa-de-la-cultura-i-les-tradicions-gallegues\/#primaryimage\"},\"thumbnailUrl\":\"https:\/\/www.noubarris.net\/web40\/wp-content\/uploads\/2021\/10\/031021.jpg\",\"datePublished\":\"2021-10-02T22:00:32+00:00\",\"breadcrumb\":{\"@id\":\"https:\/\/www.noubarris.net\/web40\/san-froilan-la-festa-de-la-cultura-i-les-tradicions-gallegues\/#breadcrumb\"},\"inLanguage\":\"ca\",\"potentialAction\":[{\"@type\":\"ReadAction\",\"target\":[\"https:\/\/www.noubarris.net\/web40\/san-froilan-la-festa-de-la-cultura-i-les-tradicions-gallegues\/\"]}]},{\"@type\":\"ImageObject\",\"inLanguage\":\"ca\",\"@id\":\"https:\/\/www.noubarris.net\/web40\/san-froilan-la-festa-de-la-cultura-i-les-tradicions-gallegues\/#primaryimage\",\"url\":\"https:\/\/www.noubarris.net\/web40\/wp-content\/uploads\/2021\/10\/031021.jpg\",\"contentUrl\":\"https:\/\/www.noubarris.net\/web40\/wp-content\/uploads\/2021\/10\/031021.jpg\",\"width\":768,\"height\":432},{\"@type\":\"BreadcrumbList\",\"@id\":\"https:\/\/www.noubarris.net\/web40\/san-froilan-la-festa-de-la-cultura-i-les-tradicions-gallegues\/#breadcrumb\",\"itemListElement\":[{\"@type\":\"ListItem\",\"position\":1,\"name\":\"Inici\",\"item\":\"https:\/\/www.noubarris.net\/web40\/\"},{\"@type\":\"ListItem\",\"position\":2,\"name\":\"San Froil\u00e1n, la festa de la cultura i les tradicions gallegues\"}]},{\"@type\":\"WebSite\",\"@id\":\"https:\/\/www.noubarris.net\/web40\/#website\",\"url\":\"https:\/\/www.noubarris.net\/web40\/\",\"name\":\"NouBarris.Net\",\"description\":\"Seguint la vida de Nou Barris des de 1985\",\"publisher\":{\"@id\":\"https:\/\/www.noubarris.net\/web40\/#organization\"},\"potentialAction\":[{\"@type\":\"SearchAction\",\"target\":{\"@type\":\"EntryPoint\",\"urlTemplate\":\"https:\/\/www.noubarris.net\/web40\/?s={search_term_string}\"},\"query-input\":{\"@type\":\"PropertyValueSpecification\",\"valueRequired\":true,\"valueName\":\"search_term_string\"}}],\"inLanguage\":\"ca\"},{\"@type\":\"Organization\",\"@id\":\"https:\/\/www.noubarris.net\/web40\/#organization\",\"name\":\"NouBarris.Net\",\"url\":\"https:\/\/www.noubarris.net\/web40\/\",\"logo\":{\"@type\":\"ImageObject\",\"inLanguage\":\"ca\",\"@id\":\"https:\/\/www.noubarris.net\/web40\/#\/schema\/logo\/image\/\",\"url\":\"https:\/\/www.noubarris.net\/web40\/wp-content\/uploads\/2024\/11\/cropped-cropped-LOGO_9BTV-2024_Insta-1.jpg\",\"contentUrl\":\"https:\/\/www.noubarris.net\/web40\/wp-content\/uploads\/2024\/11\/cropped-cropped-LOGO_9BTV-2024_Insta-1.jpg\",\"width\":512,\"height\":512,\"caption\":\"NouBarris.Net\"},\"image\":{\"@id\":\"https:\/\/www.noubarris.net\/web40\/#\/schema\/logo\/image\/\"},\"sameAs\":[\"https:\/\/www.facebook.com\/NouBarris.net\/?locale=es_ES\",\"https:\/\/x.com\/9BTV\"]},{\"@type\":\"Person\",\"@id\":\"https:\/\/www.noubarris.net\/web40\/#\/schema\/person\/1827f92aaa316c54abbf4dac0de76069\",\"name\":\"Informatius\",\"image\":{\"@type\":\"ImageObject\",\"inLanguage\":\"ca\",\"@id\":\"https:\/\/www.noubarris.net\/web40\/#\/schema\/person\/image\/\",\"url\":\"https:\/\/secure.gravatar.com\/avatar\/87a3b47928835fc72c6ee5b0e1a7263ef0c2d05003a98189bc14926c5f11bcdb?s=96&d=mm&r=g\",\"contentUrl\":\"https:\/\/secure.gravatar.com\/avatar\/87a3b47928835fc72c6ee5b0e1a7263ef0c2d05003a98189bc14926c5f11bcdb?s=96&d=mm&r=g\",\"caption\":\"Informatius\"},\"url\":\"https:\/\/www.noubarris.net\/web40\/author\/tele\/\"}]}<\/script>\n<!-- \/ Yoast SEO plugin. -->","yoast_head_json":{"title":"San Froil\u00e1n, la festa de la cultura i les tradicions gallegues - NouBarris.Net","robots":{"index":"index","follow":"follow","max-snippet":"max-snippet:-1","max-image-preview":"max-image-preview:large","max-video-preview":"max-video-preview:-1"},"canonical":"https:\/\/www.noubarris.net\/web40\/san-froilan-la-festa-de-la-cultura-i-les-tradicions-gallegues\/","og_locale":"ca_ES","og_type":"article","og_title":"San Froil\u00e1n, la festa de la cultura i les tradicions gallegues - NouBarris.Net","og_description":"El certamen torna, amb totes les precaucions, al format habitual a Nou Barris La pla\u00e7a Major de Nou Barris torna","og_url":"https:\/\/www.noubarris.net\/web40\/san-froilan-la-festa-de-la-cultura-i-les-tradicions-gallegues\/","og_site_name":"NouBarris.Net","article_publisher":"https:\/\/www.facebook.com\/NouBarris.net\/?locale=es_ES","article_published_time":"2021-10-02T22:00:32+00:00","og_image":[{"width":768,"height":432,"url":"https:\/\/www.noubarris.net\/web40\/wp-content\/uploads\/2021\/10\/031021.jpg","type":"image\/jpeg"}],"author":"Informatius","twitter_card":"summary_large_image","twitter_creator":"@9BTV","twitter_site":"@9BTV","twitter_misc":{"Escrit per":"Informatius","Temps estimat de lectura":"2 minuts"},"schema":{"@context":"https:\/\/schema.org","@graph":[{"@type":"Article","@id":"https:\/\/www.noubarris.net\/web40\/san-froilan-la-festa-de-la-cultura-i-les-tradicions-gallegues\/#article","isPartOf":{"@id":"https:\/\/www.noubarris.net\/web40\/san-froilan-la-festa-de-la-cultura-i-les-tradicions-gallegues\/"},"author":{"name":"Informatius","@id":"https:\/\/www.noubarris.net\/web40\/#\/schema\/person\/1827f92aaa316c54abbf4dac0de76069"},"headline":"San Froil\u00e1n, la festa de la cultura i les tradicions gallegues","datePublished":"2021-10-02T22:00:32+00:00","mainEntityOfPage":{"@id":"https:\/\/www.noubarris.net\/web40\/san-froilan-la-festa-de-la-cultura-i-les-tradicions-gallegues\/"},"wordCount":318,"publisher":{"@id":"https:\/\/www.noubarris.net\/web40\/#organization"},"image":{"@id":"https:\/\/www.noubarris.net\/web40\/san-froilan-la-festa-de-la-cultura-i-les-tradicions-gallegues\/#primaryimage"},"thumbnailUrl":"https:\/\/www.noubarris.net\/web40\/wp-content\/uploads\/2021\/10\/031021.jpg","keywords":["Festa","La Guineueta","San Froil\u00e1n"],"articleSection":["La Guineueta","Societat"],"inLanguage":"ca"},{"@type":"WebPage","@id":"https:\/\/www.noubarris.net\/web40\/san-froilan-la-festa-de-la-cultura-i-les-tradicions-gallegues\/","url":"https:\/\/www.noubarris.net\/web40\/san-froilan-la-festa-de-la-cultura-i-les-tradicions-gallegues\/","name":"San Froil\u00e1n, la festa de la cultura i les tradicions gallegues - NouBarris.Net","isPartOf":{"@id":"https:\/\/www.noubarris.net\/web40\/#website"},"primaryImageOfPage":{"@id":"https:\/\/www.noubarris.net\/web40\/san-froilan-la-festa-de-la-cultura-i-les-tradicions-gallegues\/#primaryimage"},"image":{"@id":"https:\/\/www.noubarris.net\/web40\/san-froilan-la-festa-de-la-cultura-i-les-tradicions-gallegues\/#primaryimage"},"thumbnailUrl":"https:\/\/www.noubarris.net\/web40\/wp-content\/uploads\/2021\/10\/031021.jpg","datePublished":"2021-10-02T22:00:32+00:00","breadcrumb":{"@id":"https:\/\/www.noubarris.net\/web40\/san-froilan-la-festa-de-la-cultura-i-les-tradicions-gallegues\/#breadcrumb"},"inLanguage":"ca","potentialAction":[{"@type":"ReadAction","target":["https:\/\/www.noubarris.net\/web40\/san-froilan-la-festa-de-la-cultura-i-les-tradicions-gallegues\/"]}]},{"@type":"ImageObject","inLanguage":"ca","@id":"https:\/\/www.noubarris.net\/web40\/san-froilan-la-festa-de-la-cultura-i-les-tradicions-gallegues\/#primaryimage","url":"https:\/\/www.noubarris.net\/web40\/wp-content\/uploads\/2021\/10\/031021.jpg","contentUrl":"https:\/\/www.noubarris.net\/web40\/wp-content\/uploads\/2021\/10\/031021.jpg","width":768,"height":432},{"@type":"BreadcrumbList","@id":"https:\/\/www.noubarris.net\/web40\/san-froilan-la-festa-de-la-cultura-i-les-tradicions-gallegues\/#breadcrumb","itemListElement":[{"@type":"ListItem","position":1,"name":"Inici","item":"https:\/\/www.noubarris.net\/web40\/"},{"@type":"ListItem","position":2,"name":"San Froil\u00e1n, la festa de la cultura i les tradicions gallegues"}]},{"@type":"WebSite","@id":"https:\/\/www.noubarris.net\/web40\/#website","url":"https:\/\/www.noubarris.net\/web40\/","name":"NouBarris.Net","description":"Seguint la vida de Nou Barris des de 1985","publisher":{"@id":"https:\/\/www.noubarris.net\/web40\/#organization"},"potentialAction":[{"@type":"SearchAction","target":{"@type":"EntryPoint","urlTemplate":"https:\/\/www.noubarris.net\/web40\/?s={search_term_string}"},"query-input":{"@type":"PropertyValueSpecification","valueRequired":true,"valueName":"search_term_string"}}],"inLanguage":"ca"},{"@type":"Organization","@id":"https:\/\/www.noubarris.net\/web40\/#organization","name":"NouBarris.Net","url":"https:\/\/www.noubarris.net\/web40\/","logo":{"@type":"ImageObject","inLanguage":"ca","@id":"https:\/\/www.noubarris.net\/web40\/#\/schema\/logo\/image\/","url":"https:\/\/www.noubarris.net\/web40\/wp-content\/uploads\/2024\/11\/cropped-cropped-LOGO_9BTV-2024_Insta-1.jpg","contentUrl":"https:\/\/www.noubarris.net\/web40\/wp-content\/uploads\/2024\/11\/cropped-cropped-LOGO_9BTV-2024_Insta-1.jpg","width":512,"height":512,"caption":"NouBarris.Net"},"image":{"@id":"https:\/\/www.noubarris.net\/web40\/#\/schema\/logo\/image\/"},"sameAs":["https:\/\/www.facebook.com\/NouBarris.net\/?locale=es_ES","https:\/\/x.com\/9BTV"]},{"@type":"Person","@id":"https:\/\/www.noubarris.net\/web40\/#\/schema\/person\/1827f92aaa316c54abbf4dac0de76069","name":"Informatius","image":{"@type":"ImageObject","inLanguage":"ca","@id":"https:\/\/www.noubarris.net\/web40\/#\/schema\/person\/image\/","url":"https:\/\/secure.gravatar.com\/avatar\/87a3b47928835fc72c6ee5b0e1a7263ef0c2d05003a98189bc14926c5f11bcdb?s=96&d=mm&r=g","contentUrl":"https:\/\/secure.gravatar.com\/avatar\/87a3b47928835fc72c6ee5b0e1a7263ef0c2d05003a98189bc14926c5f11bcdb?s=96&d=mm&r=g","caption":"Informatius"},"url":"https:\/\/www.noubarris.net\/web40\/author\/tele\/"}]}},"_links":{"self":[{"href":"https:\/\/www.noubarris.net\/web40\/wp-json\/wp\/v2\/posts\/77928","targetHints":{"allow":["GET"]}}],"collection":[{"href":"https:\/\/www.noubarris.net\/web40\/wp-json\/wp\/v2\/posts"}],"about":[{"href":"https:\/\/www.noubarris.net\/web40\/wp-json\/wp\/v2\/types\/post"}],"author":[{"embeddable":true,"href":"https:\/\/www.noubarris.net\/web40\/wp-json\/wp\/v2\/users\/2"}],"replies":[{"embeddable":true,"href":"https:\/\/www.noubarris.net\/web40\/wp-json\/wp\/v2\/comments?post=77928"}],"version-history":[{"count":1,"href":"https:\/\/www.noubarris.net\/web40\/wp-json\/wp\/v2\/posts\/77928\/revisions"}],"predecessor-version":[{"id":77930,"href":"https:\/\/www.noubarris.net\/web40\/wp-json\/wp\/v2\/posts\/77928\/revisions\/77930"}],"wp:featuredmedia":[{"embeddable":true,"href":"https:\/\/www.noubarris.net\/web40\/wp-json\/wp\/v2\/media\/77929"}],"wp:attachment":[{"href":"https:\/\/www.noubarris.net\/web40\/wp-json\/wp\/v2\/media?parent=77928"}],"wp:term":[{"taxonomy":"category","embeddable":true,"href":"https:\/\/www.noubarris.net\/web40\/wp-json\/wp\/v2\/categories?post=77928"},{"taxonomy":"post_tag","embeddable":true,"href":"https:\/\/www.noubarris.net\/web40\/wp-json\/wp\/v2\/tags?post=77928"}],"curies":[{"name":"wp","href":"https:\/\/api.w.org\/{rel}","templated":true}]}}