{"id":77931,"date":"2021-10-04T00:00:59","date_gmt":"2021-10-03T22:00:59","guid":{"rendered":"http:\/\/www.noubarris.net\/web40\/?p=77931"},"modified":"2021-10-02T11:17:32","modified_gmt":"2021-10-02T09:17:32","slug":"nou-barris-amplia-el-servei-de-canguratge-concilia","status":"publish","type":"post","link":"https:\/\/www.noubarris.net\/web40\/nou-barris-amplia-el-servei-de-canguratge-concilia\/","title":{"rendered":"Nou Barris amplia el servei de canguratge \u201cConcilia\u201d"},"content":{"rendered":"<p><strong>El projecte s\u2019estenen m\u00e9s enll\u00e0 de la Zona Nord i arriba tamb\u00e9 a La Prosperitat, el Tur\u00f3 de la Peira i Can Peguera<\/strong><\/p>\n<p>El servei de canguratge \u201cConcilia\u201d, que funciona ja a la Zona Nord, s&#8217;amplia ara als barris de La Prosperitat, el Tur\u00f3 de la Peira i Can Peguera.\u00a0 A m\u00e9s, s\u2019hi incorporaran dues persones formades en necessitats educatives especials per atendre els infants que ho necessitin, i quatre persones m\u00e9s amb coneixements espec\u00edfics en educaci\u00f3 infantil, que se sumaran a l\u2019equip de professionals que ja treballaven al \u201cConcilia\u201d el curs passat. A partir d&#8217;avui, l\u2019Escola Bressol Municipal Muntanya oferir\u00e0 atenci\u00f3 a infants d\u2019entre 1 i 12 anys. Els altres punts seguiran com fins ara atenent infants de 3 a 12 anys en equipaments tamb\u00e9 de titularitat p\u00fablica.<\/p>\n<p>L&#8217;Ajuntament va posar en marxa l&#8217;any passat el projecte \u201cConcilia\u201d en el marc del pla de xoc social per fer front a la crisi originada per la irrupci\u00f3 de la covid-19, sobretot en zones del Pla de barris i per acompanyar fam\u00edlies monoparentals i\/o en situaci\u00f3 de vulnerabilitat per afavorir la conciliaci\u00f3 laboral, familiar i personal. Durant aquest curs s\u2019hi invertiran 630.000 euros. Durant tot aquest primer any, des de l\u2019octubre fins a finals de juny, el servei va atendre\u00a0611 infants\u00a0i va fer en total\u00a07.819 canguratges, la meitat dels quals van ser de fam\u00edlies monoparentals. La previsi\u00f3 \u00e9s que al llarg d\u2019aquest curs escolar s\u2019atenguin uns 900 infants de la ciutat i es facin uns 11.500 canguratges.<\/p>\n<p>Tots els punts funcionaran en\u00a0horari de tarda, de dilluns a divendres, aix\u00ed com\u00a0dissabtes i festius, durant tot el dia,\u00a0en funci\u00f3 de la demanda que tinguin.<\/p>\n<p>Aquests s\u00f3n els empla\u00e7aments:<\/p>\n<ul>\n<li>Zona Nord: Centre C\u00edvic Zona Nord i Escola Bressol Municipal Muntanya<\/li>\n<li>La Prosperitat: Escola Merc\u00e8 Rodoreda<\/li>\n<li>El Tur\u00f3 de la Peira i Can Peguera: Escola Calder\u00f3n de la Barca<\/li>\n<\/ul>\n<p>&nbsp;<\/p>\n<p>&nbsp;<\/p>\n","protected":false},"excerpt":{"rendered":"<p>El projecte s\u2019estenen m\u00e9s enll\u00e0 de la Zona Nord i arriba tamb\u00e9 a La Prosperitat, el Tur\u00f3 de la Peira<\/p>\n","protected":false},"author":2,"featured_media":77932,"comment_status":"closed","ping_status":"closed","sticky":false,"template":"","format":"standard","meta":{"colormag_page_layout":"default_layout","_monsterinsights_skip_tracking":false,"_monsterinsights_sitenote_active":false,"_monsterinsights_sitenote_note":"","_monsterinsights_sitenote_category":0,"footnotes":""},"categories":[1,124],"tags":[640,390,319],"class_list":["post-77931","post","type-post","status-publish","format-standard","has-post-thumbnail","hentry","category-nou-barris","category-societat","tag-coronavirus","tag-infants","tag-nou-barris"],"yoast_head":"<!-- This site is optimized with the Yoast SEO plugin v25.3 - https:\/\/yoast.com\/wordpress\/plugins\/seo\/ -->\n<title>Nou Barris amplia el servei de canguratge \u201cConcilia\u201d - NouBarris.Net<\/title>\n<meta name=\"robots\" content=\"index, follow, max-snippet:-1, max-image-preview:large, max-video-preview:-1\" \/>\n<link rel=\"canonical\" href=\"https:\/\/www.noubarris.net\/web40\/nou-barris-amplia-el-servei-de-canguratge-concilia\/\" \/>\n<meta property=\"og:locale\" content=\"ca_ES\" \/>\n<meta property=\"og:type\" content=\"article\" \/>\n<meta property=\"og:title\" content=\"Nou Barris amplia el servei de canguratge \u201cConcilia\u201d - NouBarris.Net\" \/>\n<meta property=\"og:description\" content=\"El projecte s\u2019estenen m\u00e9s enll\u00e0 de la Zona Nord i arriba tamb\u00e9 a La Prosperitat, el Tur\u00f3 de la Peira\" \/>\n<meta property=\"og:url\" content=\"https:\/\/www.noubarris.net\/web40\/nou-barris-amplia-el-servei-de-canguratge-concilia\/\" \/>\n<meta property=\"og:site_name\" content=\"NouBarris.Net\" \/>\n<meta property=\"article:publisher\" content=\"https:\/\/www.facebook.com\/NouBarris.net\/?locale=es_ES\" \/>\n<meta property=\"article:published_time\" content=\"2021-10-03T22:00:59+00:00\" \/>\n<meta property=\"og:image\" content=\"https:\/\/www.noubarris.net\/web40\/wp-content\/uploads\/2021\/10\/041021.jpg\" \/>\n\t<meta property=\"og:image:width\" content=\"768\" \/>\n\t<meta property=\"og:image:height\" content=\"432\" \/>\n\t<meta property=\"og:image:type\" content=\"image\/jpeg\" \/>\n<meta name=\"author\" content=\"Informatius\" \/>\n<meta name=\"twitter:card\" content=\"summary_large_image\" \/>\n<meta name=\"twitter:creator\" content=\"@9BTV\" \/>\n<meta name=\"twitter:site\" content=\"@9BTV\" \/>\n<meta name=\"twitter:label1\" content=\"Escrit per\" \/>\n\t<meta name=\"twitter:data1\" content=\"Informatius\" \/>\n\t<meta name=\"twitter:label2\" content=\"Temps estimat de lectura\" \/>\n\t<meta name=\"twitter:data2\" content=\"2 minuts\" \/>\n<script type=\"application\/ld+json\" class=\"yoast-schema-graph\">{\"@context\":\"https:\/\/schema.org\",\"@graph\":[{\"@type\":\"Article\",\"@id\":\"https:\/\/www.noubarris.net\/web40\/nou-barris-amplia-el-servei-de-canguratge-concilia\/#article\",\"isPartOf\":{\"@id\":\"https:\/\/www.noubarris.net\/web40\/nou-barris-amplia-el-servei-de-canguratge-concilia\/\"},\"author\":{\"name\":\"Informatius\",\"@id\":\"https:\/\/www.noubarris.net\/web40\/#\/schema\/person\/1827f92aaa316c54abbf4dac0de76069\"},\"headline\":\"Nou Barris amplia el servei de canguratge \u201cConcilia\u201d\",\"datePublished\":\"2021-10-03T22:00:59+00:00\",\"mainEntityOfPage\":{\"@id\":\"https:\/\/www.noubarris.net\/web40\/nou-barris-amplia-el-servei-de-canguratge-concilia\/\"},\"wordCount\":336,\"publisher\":{\"@id\":\"https:\/\/www.noubarris.net\/web40\/#organization\"},\"image\":{\"@id\":\"https:\/\/www.noubarris.net\/web40\/nou-barris-amplia-el-servei-de-canguratge-concilia\/#primaryimage\"},\"thumbnailUrl\":\"https:\/\/www.noubarris.net\/web40\/wp-content\/uploads\/2021\/10\/041021.jpg\",\"keywords\":[\"coronavirus\",\"Infants\",\"Nou Barris\"],\"articleSection\":[\"Nou Barris\",\"Societat\"],\"inLanguage\":\"ca\"},{\"@type\":\"WebPage\",\"@id\":\"https:\/\/www.noubarris.net\/web40\/nou-barris-amplia-el-servei-de-canguratge-concilia\/\",\"url\":\"https:\/\/www.noubarris.net\/web40\/nou-barris-amplia-el-servei-de-canguratge-concilia\/\",\"name\":\"Nou Barris amplia el servei de canguratge \u201cConcilia\u201d - NouBarris.Net\",\"isPartOf\":{\"@id\":\"https:\/\/www.noubarris.net\/web40\/#website\"},\"primaryImageOfPage\":{\"@id\":\"https:\/\/www.noubarris.net\/web40\/nou-barris-amplia-el-servei-de-canguratge-concilia\/#primaryimage\"},\"image\":{\"@id\":\"https:\/\/www.noubarris.net\/web40\/nou-barris-amplia-el-servei-de-canguratge-concilia\/#primaryimage\"},\"thumbnailUrl\":\"https:\/\/www.noubarris.net\/web40\/wp-content\/uploads\/2021\/10\/041021.jpg\",\"datePublished\":\"2021-10-03T22:00:59+00:00\",\"breadcrumb\":{\"@id\":\"https:\/\/www.noubarris.net\/web40\/nou-barris-amplia-el-servei-de-canguratge-concilia\/#breadcrumb\"},\"inLanguage\":\"ca\",\"potentialAction\":[{\"@type\":\"ReadAction\",\"target\":[\"https:\/\/www.noubarris.net\/web40\/nou-barris-amplia-el-servei-de-canguratge-concilia\/\"]}]},{\"@type\":\"ImageObject\",\"inLanguage\":\"ca\",\"@id\":\"https:\/\/www.noubarris.net\/web40\/nou-barris-amplia-el-servei-de-canguratge-concilia\/#primaryimage\",\"url\":\"https:\/\/www.noubarris.net\/web40\/wp-content\/uploads\/2021\/10\/041021.jpg\",\"contentUrl\":\"https:\/\/www.noubarris.net\/web40\/wp-content\/uploads\/2021\/10\/041021.jpg\",\"width\":768,\"height\":432},{\"@type\":\"BreadcrumbList\",\"@id\":\"https:\/\/www.noubarris.net\/web40\/nou-barris-amplia-el-servei-de-canguratge-concilia\/#breadcrumb\",\"itemListElement\":[{\"@type\":\"ListItem\",\"position\":1,\"name\":\"Inici\",\"item\":\"https:\/\/www.noubarris.net\/web40\/\"},{\"@type\":\"ListItem\",\"position\":2,\"name\":\"Nou Barris amplia el servei de canguratge \u201cConcilia\u201d\"}]},{\"@type\":\"WebSite\",\"@id\":\"https:\/\/www.noubarris.net\/web40\/#website\",\"url\":\"https:\/\/www.noubarris.net\/web40\/\",\"name\":\"NouBarris.Net\",\"description\":\"Seguint la vida de Nou Barris des de 1985\",\"publisher\":{\"@id\":\"https:\/\/www.noubarris.net\/web40\/#organization\"},\"potentialAction\":[{\"@type\":\"SearchAction\",\"target\":{\"@type\":\"EntryPoint\",\"urlTemplate\":\"https:\/\/www.noubarris.net\/web40\/?s={search_term_string}\"},\"query-input\":{\"@type\":\"PropertyValueSpecification\",\"valueRequired\":true,\"valueName\":\"search_term_string\"}}],\"inLanguage\":\"ca\"},{\"@type\":\"Organization\",\"@id\":\"https:\/\/www.noubarris.net\/web40\/#organization\",\"name\":\"NouBarris.Net\",\"url\":\"https:\/\/www.noubarris.net\/web40\/\",\"logo\":{\"@type\":\"ImageObject\",\"inLanguage\":\"ca\",\"@id\":\"https:\/\/www.noubarris.net\/web40\/#\/schema\/logo\/image\/\",\"url\":\"https:\/\/www.noubarris.net\/web40\/wp-content\/uploads\/2024\/11\/cropped-cropped-LOGO_9BTV-2024_Insta-1.jpg\",\"contentUrl\":\"https:\/\/www.noubarris.net\/web40\/wp-content\/uploads\/2024\/11\/cropped-cropped-LOGO_9BTV-2024_Insta-1.jpg\",\"width\":512,\"height\":512,\"caption\":\"NouBarris.Net\"},\"image\":{\"@id\":\"https:\/\/www.noubarris.net\/web40\/#\/schema\/logo\/image\/\"},\"sameAs\":[\"https:\/\/www.facebook.com\/NouBarris.net\/?locale=es_ES\",\"https:\/\/x.com\/9BTV\"]},{\"@type\":\"Person\",\"@id\":\"https:\/\/www.noubarris.net\/web40\/#\/schema\/person\/1827f92aaa316c54abbf4dac0de76069\",\"name\":\"Informatius\",\"image\":{\"@type\":\"ImageObject\",\"inLanguage\":\"ca\",\"@id\":\"https:\/\/www.noubarris.net\/web40\/#\/schema\/person\/image\/\",\"url\":\"https:\/\/secure.gravatar.com\/avatar\/87a3b47928835fc72c6ee5b0e1a7263ef0c2d05003a98189bc14926c5f11bcdb?s=96&d=mm&r=g\",\"contentUrl\":\"https:\/\/secure.gravatar.com\/avatar\/87a3b47928835fc72c6ee5b0e1a7263ef0c2d05003a98189bc14926c5f11bcdb?s=96&d=mm&r=g\",\"caption\":\"Informatius\"},\"url\":\"https:\/\/www.noubarris.net\/web40\/author\/tele\/\"}]}<\/script>\n<!-- \/ Yoast SEO plugin. -->","yoast_head_json":{"title":"Nou Barris amplia el servei de canguratge \u201cConcilia\u201d - NouBarris.Net","robots":{"index":"index","follow":"follow","max-snippet":"max-snippet:-1","max-image-preview":"max-image-preview:large","max-video-preview":"max-video-preview:-1"},"canonical":"https:\/\/www.noubarris.net\/web40\/nou-barris-amplia-el-servei-de-canguratge-concilia\/","og_locale":"ca_ES","og_type":"article","og_title":"Nou Barris amplia el servei de canguratge \u201cConcilia\u201d - NouBarris.Net","og_description":"El projecte s\u2019estenen m\u00e9s enll\u00e0 de la Zona Nord i arriba tamb\u00e9 a La Prosperitat, el Tur\u00f3 de la Peira","og_url":"https:\/\/www.noubarris.net\/web40\/nou-barris-amplia-el-servei-de-canguratge-concilia\/","og_site_name":"NouBarris.Net","article_publisher":"https:\/\/www.facebook.com\/NouBarris.net\/?locale=es_ES","article_published_time":"2021-10-03T22:00:59+00:00","og_image":[{"width":768,"height":432,"url":"https:\/\/www.noubarris.net\/web40\/wp-content\/uploads\/2021\/10\/041021.jpg","type":"image\/jpeg"}],"author":"Informatius","twitter_card":"summary_large_image","twitter_creator":"@9BTV","twitter_site":"@9BTV","twitter_misc":{"Escrit per":"Informatius","Temps estimat de lectura":"2 minuts"},"schema":{"@context":"https:\/\/schema.org","@graph":[{"@type":"Article","@id":"https:\/\/www.noubarris.net\/web40\/nou-barris-amplia-el-servei-de-canguratge-concilia\/#article","isPartOf":{"@id":"https:\/\/www.noubarris.net\/web40\/nou-barris-amplia-el-servei-de-canguratge-concilia\/"},"author":{"name":"Informatius","@id":"https:\/\/www.noubarris.net\/web40\/#\/schema\/person\/1827f92aaa316c54abbf4dac0de76069"},"headline":"Nou Barris amplia el servei de canguratge \u201cConcilia\u201d","datePublished":"2021-10-03T22:00:59+00:00","mainEntityOfPage":{"@id":"https:\/\/www.noubarris.net\/web40\/nou-barris-amplia-el-servei-de-canguratge-concilia\/"},"wordCount":336,"publisher":{"@id":"https:\/\/www.noubarris.net\/web40\/#organization"},"image":{"@id":"https:\/\/www.noubarris.net\/web40\/nou-barris-amplia-el-servei-de-canguratge-concilia\/#primaryimage"},"thumbnailUrl":"https:\/\/www.noubarris.net\/web40\/wp-content\/uploads\/2021\/10\/041021.jpg","keywords":["coronavirus","Infants","Nou Barris"],"articleSection":["Nou Barris","Societat"],"inLanguage":"ca"},{"@type":"WebPage","@id":"https:\/\/www.noubarris.net\/web40\/nou-barris-amplia-el-servei-de-canguratge-concilia\/","url":"https:\/\/www.noubarris.net\/web40\/nou-barris-amplia-el-servei-de-canguratge-concilia\/","name":"Nou Barris amplia el servei de canguratge \u201cConcilia\u201d - NouBarris.Net","isPartOf":{"@id":"https:\/\/www.noubarris.net\/web40\/#website"},"primaryImageOfPage":{"@id":"https:\/\/www.noubarris.net\/web40\/nou-barris-amplia-el-servei-de-canguratge-concilia\/#primaryimage"},"image":{"@id":"https:\/\/www.noubarris.net\/web40\/nou-barris-amplia-el-servei-de-canguratge-concilia\/#primaryimage"},"thumbnailUrl":"https:\/\/www.noubarris.net\/web40\/wp-content\/uploads\/2021\/10\/041021.jpg","datePublished":"2021-10-03T22:00:59+00:00","breadcrumb":{"@id":"https:\/\/www.noubarris.net\/web40\/nou-barris-amplia-el-servei-de-canguratge-concilia\/#breadcrumb"},"inLanguage":"ca","potentialAction":[{"@type":"ReadAction","target":["https:\/\/www.noubarris.net\/web40\/nou-barris-amplia-el-servei-de-canguratge-concilia\/"]}]},{"@type":"ImageObject","inLanguage":"ca","@id":"https:\/\/www.noubarris.net\/web40\/nou-barris-amplia-el-servei-de-canguratge-concilia\/#primaryimage","url":"https:\/\/www.noubarris.net\/web40\/wp-content\/uploads\/2021\/10\/041021.jpg","contentUrl":"https:\/\/www.noubarris.net\/web40\/wp-content\/uploads\/2021\/10\/041021.jpg","width":768,"height":432},{"@type":"BreadcrumbList","@id":"https:\/\/www.noubarris.net\/web40\/nou-barris-amplia-el-servei-de-canguratge-concilia\/#breadcrumb","itemListElement":[{"@type":"ListItem","position":1,"name":"Inici","item":"https:\/\/www.noubarris.net\/web40\/"},{"@type":"ListItem","position":2,"name":"Nou Barris amplia el servei de canguratge \u201cConcilia\u201d"}]},{"@type":"WebSite","@id":"https:\/\/www.noubarris.net\/web40\/#website","url":"https:\/\/www.noubarris.net\/web40\/","name":"NouBarris.Net","description":"Seguint la vida de Nou Barris des de 1985","publisher":{"@id":"https:\/\/www.noubarris.net\/web40\/#organization"},"potentialAction":[{"@type":"SearchAction","target":{"@type":"EntryPoint","urlTemplate":"https:\/\/www.noubarris.net\/web40\/?s={search_term_string}"},"query-input":{"@type":"PropertyValueSpecification","valueRequired":true,"valueName":"search_term_string"}}],"inLanguage":"ca"},{"@type":"Organization","@id":"https:\/\/www.noubarris.net\/web40\/#organization","name":"NouBarris.Net","url":"https:\/\/www.noubarris.net\/web40\/","logo":{"@type":"ImageObject","inLanguage":"ca","@id":"https:\/\/www.noubarris.net\/web40\/#\/schema\/logo\/image\/","url":"https:\/\/www.noubarris.net\/web40\/wp-content\/uploads\/2024\/11\/cropped-cropped-LOGO_9BTV-2024_Insta-1.jpg","contentUrl":"https:\/\/www.noubarris.net\/web40\/wp-content\/uploads\/2024\/11\/cropped-cropped-LOGO_9BTV-2024_Insta-1.jpg","width":512,"height":512,"caption":"NouBarris.Net"},"image":{"@id":"https:\/\/www.noubarris.net\/web40\/#\/schema\/logo\/image\/"},"sameAs":["https:\/\/www.facebook.com\/NouBarris.net\/?locale=es_ES","https:\/\/x.com\/9BTV"]},{"@type":"Person","@id":"https:\/\/www.noubarris.net\/web40\/#\/schema\/person\/1827f92aaa316c54abbf4dac0de76069","name":"Informatius","image":{"@type":"ImageObject","inLanguage":"ca","@id":"https:\/\/www.noubarris.net\/web40\/#\/schema\/person\/image\/","url":"https:\/\/secure.gravatar.com\/avatar\/87a3b47928835fc72c6ee5b0e1a7263ef0c2d05003a98189bc14926c5f11bcdb?s=96&d=mm&r=g","contentUrl":"https:\/\/secure.gravatar.com\/avatar\/87a3b47928835fc72c6ee5b0e1a7263ef0c2d05003a98189bc14926c5f11bcdb?s=96&d=mm&r=g","caption":"Informatius"},"url":"https:\/\/www.noubarris.net\/web40\/author\/tele\/"}]}},"_links":{"self":[{"href":"https:\/\/www.noubarris.net\/web40\/wp-json\/wp\/v2\/posts\/77931","targetHints":{"allow":["GET"]}}],"collection":[{"href":"https:\/\/www.noubarris.net\/web40\/wp-json\/wp\/v2\/posts"}],"about":[{"href":"https:\/\/www.noubarris.net\/web40\/wp-json\/wp\/v2\/types\/post"}],"author":[{"embeddable":true,"href":"https:\/\/www.noubarris.net\/web40\/wp-json\/wp\/v2\/users\/2"}],"replies":[{"embeddable":true,"href":"https:\/\/www.noubarris.net\/web40\/wp-json\/wp\/v2\/comments?post=77931"}],"version-history":[{"count":1,"href":"https:\/\/www.noubarris.net\/web40\/wp-json\/wp\/v2\/posts\/77931\/revisions"}],"predecessor-version":[{"id":77933,"href":"https:\/\/www.noubarris.net\/web40\/wp-json\/wp\/v2\/posts\/77931\/revisions\/77933"}],"wp:featuredmedia":[{"embeddable":true,"href":"https:\/\/www.noubarris.net\/web40\/wp-json\/wp\/v2\/media\/77932"}],"wp:attachment":[{"href":"https:\/\/www.noubarris.net\/web40\/wp-json\/wp\/v2\/media?parent=77931"}],"wp:term":[{"taxonomy":"category","embeddable":true,"href":"https:\/\/www.noubarris.net\/web40\/wp-json\/wp\/v2\/categories?post=77931"},{"taxonomy":"post_tag","embeddable":true,"href":"https:\/\/www.noubarris.net\/web40\/wp-json\/wp\/v2\/tags?post=77931"}],"curies":[{"name":"wp","href":"https:\/\/api.w.org\/{rel}","templated":true}]}}