{"id":77951,"date":"2021-10-08T07:37:35","date_gmt":"2021-10-08T05:37:35","guid":{"rendered":"http:\/\/www.noubarris.net\/web40\/?p=77951"},"modified":"2021-10-08T08:30:18","modified_gmt":"2021-10-08T06:30:18","slug":"queixes-per-les-dimensions-de-landana-nova-de-la-l11-a-la-trinitat-nova","status":"publish","type":"post","link":"https:\/\/www.noubarris.net\/web40\/queixes-per-les-dimensions-de-landana-nova-de-la-l11-a-la-trinitat-nova\/","title":{"rendered":"Queixes per les dimensions de l&#8217;andana nova de la L11 a la Trinitat Nova"},"content":{"rendered":"<p><strong>El regidor qualifica d&#8217;inversemblant l&#8217;obra i lamenta que l&#8217;Ajuntament no tingui compet\u00e8ncies per intervenir en aquestes actuacions<\/strong><\/p>\n<p>Les queixes per les dimensions de l&#8217;andana nova de la L11 a la Trinitat Nova van arribar ahir a l&#8217;audi\u00e8ncia p\u00fablica de Nou Barris. Els ve\u00efns i usuaris van denunciar les dimensions redu\u00efdes de l&#8217;andana que en hores punta genera aglomeracions importants. Aix\u00ed ho han denunciat reiteradament tamb\u00e9 a les xarxes socials, amb v\u00eddeos penjats a Twitter. Afirmen que la nova andana no permet guardar les dist\u00e0ncies i genera sensaci\u00f3 de claustrof\u00f2bia. A m\u00e9s diuen que es deixa poc temps per accedir al metro, sobretot des de l&#8217;\u00fanic lloc per seure, a l&#8217;entrada a l&#8217;andana, i m\u00e9s si es troben de cara amb la gent que surt. Els usuaris tampoc veuen clara una evacuaci\u00f3 segura en cas d&#8217;accident. TMB assegura en un fil de respostes a Twitter, que tant les dimensions com les mesures d\u2019accessibilitat i evacuaci\u00f3 de la nova andana &#8220;compleixen les normatives vigents i han rebut l\u2019informe favorable del Servei de Prevenci\u00f3, Extinci\u00f3 d\u2019Incendis i Salvament&#8221;. Explica que la nova andana &#8220;s\u2019ha hagut d\u2019encabir en un t\u00fanel existent, cosa que en limita l\u2019amplada&#8221;.<\/p>\n<p>El regidor del Nou Barris, Xavier Marc\u00e9, va compartir opini\u00f3 amb els ve\u00efns a la sessi\u00f3 d&#8217;ahir al vespre. Segons Marc\u00e9 la nova andana &#8220;\u00e9s un atemptat al sentit com\u00fa&#8221; i qualifica l&#8217;obra d&#8217;inversemblant.\u00a0 Al mateix temps va lamentar que l&#8217;Ajuntament de Barcelona no tingui &#8220;capacitat ni compet\u00e8ncies per intervenir en obres de transport com les del metro&#8221;.<\/p>\n<p>Per la seva banda els ve\u00efns de la Zona Nord demanen a les administracions que se&#8217;ls escolti cada cop que s&#8217;hagin de fer obres o modificacions que afectin la mobilitat dels seus barris.<\/p>\n<p>\u00a0<\/p>\n<p><strong>Protesta pels horts de la Maladeta<\/strong><\/p>\n<p>Mentre aquest i altres temes eren exposats a la sala de plens, fora, a la pla\u00e7a Major de Nou Barris, un grup de ve\u00efns de Porta es va concentrar per protestar contra el desallotjament d&#8217;una part dels horts del carrer de la Maladeta, concretament els pertanyents a la promotora N\u00fa\u00f1ez y Navarro. Els concentrats s&#8217;havien convocat justament als horts per arribar en manifestaci\u00f3 davant la Seu del Districte, a qui acusen d&#8217;immobilisme. All\u00e0 van despenjar-ne al balc\u00f3 una pancarta contra l&#8217;especulaci\u00f3.<\/p>\n<p>\u00a0<\/p>\n\n\n<figure class=\"wp-block-image size-full\"><img loading=\"lazy\" decoding=\"async\" width=\"768\" height=\"432\" src=\"https:\/\/www.noubarris.net\/web40\/wp-content\/uploads\/2021\/10\/081021b.jpg\" alt=\"\" class=\"wp-image-77957\" srcset=\"https:\/\/www.noubarris.net\/web40\/wp-content\/uploads\/2021\/10\/081021b.jpg 768w, https:\/\/www.noubarris.net\/web40\/wp-content\/uploads\/2021\/10\/081021b-300x169.jpg 300w, https:\/\/www.noubarris.net\/web40\/wp-content\/uploads\/2021\/10\/081021b-600x338.jpg 600w, https:\/\/www.noubarris.net\/web40\/wp-content\/uploads\/2021\/10\/081021b-150x84.jpg 150w\" sizes=\"auto, (max-width: 768px) 100vw, 768px\" \/><figcaption>Fotografia de Miguel \u00c1ngel Palos @mikkisticks<\/figcaption><\/figure>\n\n\n","protected":false},"excerpt":{"rendered":"<p>El regidor qualifica d&#8217;inversemblant l&#8217;obra i lamenta que l&#8217;Ajuntament no tingui compet\u00e8ncies per intervenir en aquestes actuacions Les queixes per<\/p>\n","protected":false},"author":2,"featured_media":77952,"comment_status":"closed","ping_status":"closed","sticky":false,"template":"","format":"standard","meta":{"colormag_page_layout":"default_layout","_monsterinsights_skip_tracking":false,"_monsterinsights_sitenote_active":false,"_monsterinsights_sitenote_note":"","_monsterinsights_sitenote_category":0,"footnotes":""},"categories":[1],"tags":[420,319,428,438],"class_list":["post-77951","post","type-post","status-publish","format-standard","has-post-thumbnail","hentry","category-nou-barris","tag-metro","tag-nou-barris","tag-queixes","tag-zona-nord"],"yoast_head":"<!-- This site is optimized with the Yoast SEO plugin v25.3 - https:\/\/yoast.com\/wordpress\/plugins\/seo\/ -->\n<title>Queixes per les dimensions de l&#039;andana nova de la L11 a la Trinitat Nova - NouBarris.Net<\/title>\n<meta name=\"robots\" content=\"index, follow, max-snippet:-1, max-image-preview:large, max-video-preview:-1\" \/>\n<link rel=\"canonical\" href=\"https:\/\/www.noubarris.net\/web40\/queixes-per-les-dimensions-de-landana-nova-de-la-l11-a-la-trinitat-nova\/\" \/>\n<meta property=\"og:locale\" content=\"ca_ES\" \/>\n<meta property=\"og:type\" content=\"article\" \/>\n<meta property=\"og:title\" content=\"Queixes per les dimensions de l&#039;andana nova de la L11 a la Trinitat Nova - NouBarris.Net\" \/>\n<meta property=\"og:description\" content=\"El regidor qualifica d&#8217;inversemblant l&#8217;obra i lamenta que l&#8217;Ajuntament no tingui compet\u00e8ncies per intervenir en aquestes actuacions Les queixes per\" \/>\n<meta property=\"og:url\" content=\"https:\/\/www.noubarris.net\/web40\/queixes-per-les-dimensions-de-landana-nova-de-la-l11-a-la-trinitat-nova\/\" \/>\n<meta property=\"og:site_name\" content=\"NouBarris.Net\" \/>\n<meta property=\"article:publisher\" content=\"https:\/\/www.facebook.com\/NouBarris.net\/?locale=es_ES\" \/>\n<meta property=\"article:published_time\" content=\"2021-10-08T05:37:35+00:00\" \/>\n<meta property=\"article:modified_time\" content=\"2021-10-08T06:30:18+00:00\" \/>\n<meta property=\"og:image\" content=\"https:\/\/www.noubarris.net\/web40\/wp-content\/uploads\/2021\/10\/081021.jpg\" \/>\n\t<meta property=\"og:image:width\" content=\"768\" \/>\n\t<meta property=\"og:image:height\" content=\"432\" \/>\n\t<meta property=\"og:image:type\" content=\"image\/jpeg\" \/>\n<meta name=\"author\" content=\"Informatius\" \/>\n<meta name=\"twitter:card\" content=\"summary_large_image\" \/>\n<meta name=\"twitter:creator\" content=\"@9BTV\" \/>\n<meta name=\"twitter:site\" content=\"@9BTV\" \/>\n<meta name=\"twitter:label1\" content=\"Escrit per\" \/>\n\t<meta name=\"twitter:data1\" content=\"Informatius\" \/>\n\t<meta name=\"twitter:label2\" content=\"Temps estimat de lectura\" \/>\n\t<meta name=\"twitter:data2\" content=\"2 minuts\" \/>\n<script type=\"application\/ld+json\" class=\"yoast-schema-graph\">{\"@context\":\"https:\/\/schema.org\",\"@graph\":[{\"@type\":\"Article\",\"@id\":\"https:\/\/www.noubarris.net\/web40\/queixes-per-les-dimensions-de-landana-nova-de-la-l11-a-la-trinitat-nova\/#article\",\"isPartOf\":{\"@id\":\"https:\/\/www.noubarris.net\/web40\/queixes-per-les-dimensions-de-landana-nova-de-la-l11-a-la-trinitat-nova\/\"},\"author\":{\"name\":\"Informatius\",\"@id\":\"https:\/\/www.noubarris.net\/web40\/#\/schema\/person\/1827f92aaa316c54abbf4dac0de76069\"},\"headline\":\"Queixes per les dimensions de l&#8217;andana nova de la L11 a la Trinitat Nova\",\"datePublished\":\"2021-10-08T05:37:35+00:00\",\"dateModified\":\"2021-10-08T06:30:18+00:00\",\"mainEntityOfPage\":{\"@id\":\"https:\/\/www.noubarris.net\/web40\/queixes-per-les-dimensions-de-landana-nova-de-la-l11-a-la-trinitat-nova\/\"},\"wordCount\":434,\"publisher\":{\"@id\":\"https:\/\/www.noubarris.net\/web40\/#organization\"},\"image\":{\"@id\":\"https:\/\/www.noubarris.net\/web40\/queixes-per-les-dimensions-de-landana-nova-de-la-l11-a-la-trinitat-nova\/#primaryimage\"},\"thumbnailUrl\":\"https:\/\/www.noubarris.net\/web40\/wp-content\/uploads\/2021\/10\/081021.jpg\",\"keywords\":[\"Metro\",\"Nou Barris\",\"Queixes\",\"Zona Nord\"],\"articleSection\":[\"Nou Barris\"],\"inLanguage\":\"ca\"},{\"@type\":\"WebPage\",\"@id\":\"https:\/\/www.noubarris.net\/web40\/queixes-per-les-dimensions-de-landana-nova-de-la-l11-a-la-trinitat-nova\/\",\"url\":\"https:\/\/www.noubarris.net\/web40\/queixes-per-les-dimensions-de-landana-nova-de-la-l11-a-la-trinitat-nova\/\",\"name\":\"Queixes per les dimensions de l'andana nova de la L11 a la Trinitat Nova - NouBarris.Net\",\"isPartOf\":{\"@id\":\"https:\/\/www.noubarris.net\/web40\/#website\"},\"primaryImageOfPage\":{\"@id\":\"https:\/\/www.noubarris.net\/web40\/queixes-per-les-dimensions-de-landana-nova-de-la-l11-a-la-trinitat-nova\/#primaryimage\"},\"image\":{\"@id\":\"https:\/\/www.noubarris.net\/web40\/queixes-per-les-dimensions-de-landana-nova-de-la-l11-a-la-trinitat-nova\/#primaryimage\"},\"thumbnailUrl\":\"https:\/\/www.noubarris.net\/web40\/wp-content\/uploads\/2021\/10\/081021.jpg\",\"datePublished\":\"2021-10-08T05:37:35+00:00\",\"dateModified\":\"2021-10-08T06:30:18+00:00\",\"breadcrumb\":{\"@id\":\"https:\/\/www.noubarris.net\/web40\/queixes-per-les-dimensions-de-landana-nova-de-la-l11-a-la-trinitat-nova\/#breadcrumb\"},\"inLanguage\":\"ca\",\"potentialAction\":[{\"@type\":\"ReadAction\",\"target\":[\"https:\/\/www.noubarris.net\/web40\/queixes-per-les-dimensions-de-landana-nova-de-la-l11-a-la-trinitat-nova\/\"]}]},{\"@type\":\"ImageObject\",\"inLanguage\":\"ca\",\"@id\":\"https:\/\/www.noubarris.net\/web40\/queixes-per-les-dimensions-de-landana-nova-de-la-l11-a-la-trinitat-nova\/#primaryimage\",\"url\":\"https:\/\/www.noubarris.net\/web40\/wp-content\/uploads\/2021\/10\/081021.jpg\",\"contentUrl\":\"https:\/\/www.noubarris.net\/web40\/wp-content\/uploads\/2021\/10\/081021.jpg\",\"width\":768,\"height\":432},{\"@type\":\"BreadcrumbList\",\"@id\":\"https:\/\/www.noubarris.net\/web40\/queixes-per-les-dimensions-de-landana-nova-de-la-l11-a-la-trinitat-nova\/#breadcrumb\",\"itemListElement\":[{\"@type\":\"ListItem\",\"position\":1,\"name\":\"Inici\",\"item\":\"https:\/\/www.noubarris.net\/web40\/\"},{\"@type\":\"ListItem\",\"position\":2,\"name\":\"Queixes per les dimensions de l&#8217;andana nova de la L11 a la Trinitat Nova\"}]},{\"@type\":\"WebSite\",\"@id\":\"https:\/\/www.noubarris.net\/web40\/#website\",\"url\":\"https:\/\/www.noubarris.net\/web40\/\",\"name\":\"NouBarris.Net\",\"description\":\"Seguint la vida de Nou Barris des de 1985\",\"publisher\":{\"@id\":\"https:\/\/www.noubarris.net\/web40\/#organization\"},\"potentialAction\":[{\"@type\":\"SearchAction\",\"target\":{\"@type\":\"EntryPoint\",\"urlTemplate\":\"https:\/\/www.noubarris.net\/web40\/?s={search_term_string}\"},\"query-input\":{\"@type\":\"PropertyValueSpecification\",\"valueRequired\":true,\"valueName\":\"search_term_string\"}}],\"inLanguage\":\"ca\"},{\"@type\":\"Organization\",\"@id\":\"https:\/\/www.noubarris.net\/web40\/#organization\",\"name\":\"NouBarris.Net\",\"url\":\"https:\/\/www.noubarris.net\/web40\/\",\"logo\":{\"@type\":\"ImageObject\",\"inLanguage\":\"ca\",\"@id\":\"https:\/\/www.noubarris.net\/web40\/#\/schema\/logo\/image\/\",\"url\":\"https:\/\/www.noubarris.net\/web40\/wp-content\/uploads\/2024\/11\/cropped-cropped-LOGO_9BTV-2024_Insta-1.jpg\",\"contentUrl\":\"https:\/\/www.noubarris.net\/web40\/wp-content\/uploads\/2024\/11\/cropped-cropped-LOGO_9BTV-2024_Insta-1.jpg\",\"width\":512,\"height\":512,\"caption\":\"NouBarris.Net\"},\"image\":{\"@id\":\"https:\/\/www.noubarris.net\/web40\/#\/schema\/logo\/image\/\"},\"sameAs\":[\"https:\/\/www.facebook.com\/NouBarris.net\/?locale=es_ES\",\"https:\/\/x.com\/9BTV\"]},{\"@type\":\"Person\",\"@id\":\"https:\/\/www.noubarris.net\/web40\/#\/schema\/person\/1827f92aaa316c54abbf4dac0de76069\",\"name\":\"Informatius\",\"image\":{\"@type\":\"ImageObject\",\"inLanguage\":\"ca\",\"@id\":\"https:\/\/www.noubarris.net\/web40\/#\/schema\/person\/image\/\",\"url\":\"https:\/\/secure.gravatar.com\/avatar\/87a3b47928835fc72c6ee5b0e1a7263ef0c2d05003a98189bc14926c5f11bcdb?s=96&d=mm&r=g\",\"contentUrl\":\"https:\/\/secure.gravatar.com\/avatar\/87a3b47928835fc72c6ee5b0e1a7263ef0c2d05003a98189bc14926c5f11bcdb?s=96&d=mm&r=g\",\"caption\":\"Informatius\"},\"url\":\"https:\/\/www.noubarris.net\/web40\/author\/tele\/\"}]}<\/script>\n<!-- \/ Yoast SEO plugin. -->","yoast_head_json":{"title":"Queixes per les dimensions de l'andana nova de la L11 a la Trinitat Nova - NouBarris.Net","robots":{"index":"index","follow":"follow","max-snippet":"max-snippet:-1","max-image-preview":"max-image-preview:large","max-video-preview":"max-video-preview:-1"},"canonical":"https:\/\/www.noubarris.net\/web40\/queixes-per-les-dimensions-de-landana-nova-de-la-l11-a-la-trinitat-nova\/","og_locale":"ca_ES","og_type":"article","og_title":"Queixes per les dimensions de l'andana nova de la L11 a la Trinitat Nova - NouBarris.Net","og_description":"El regidor qualifica d&#8217;inversemblant l&#8217;obra i lamenta que l&#8217;Ajuntament no tingui compet\u00e8ncies per intervenir en aquestes actuacions Les queixes per","og_url":"https:\/\/www.noubarris.net\/web40\/queixes-per-les-dimensions-de-landana-nova-de-la-l11-a-la-trinitat-nova\/","og_site_name":"NouBarris.Net","article_publisher":"https:\/\/www.facebook.com\/NouBarris.net\/?locale=es_ES","article_published_time":"2021-10-08T05:37:35+00:00","article_modified_time":"2021-10-08T06:30:18+00:00","og_image":[{"width":768,"height":432,"url":"https:\/\/www.noubarris.net\/web40\/wp-content\/uploads\/2021\/10\/081021.jpg","type":"image\/jpeg"}],"author":"Informatius","twitter_card":"summary_large_image","twitter_creator":"@9BTV","twitter_site":"@9BTV","twitter_misc":{"Escrit per":"Informatius","Temps estimat de lectura":"2 minuts"},"schema":{"@context":"https:\/\/schema.org","@graph":[{"@type":"Article","@id":"https:\/\/www.noubarris.net\/web40\/queixes-per-les-dimensions-de-landana-nova-de-la-l11-a-la-trinitat-nova\/#article","isPartOf":{"@id":"https:\/\/www.noubarris.net\/web40\/queixes-per-les-dimensions-de-landana-nova-de-la-l11-a-la-trinitat-nova\/"},"author":{"name":"Informatius","@id":"https:\/\/www.noubarris.net\/web40\/#\/schema\/person\/1827f92aaa316c54abbf4dac0de76069"},"headline":"Queixes per les dimensions de l&#8217;andana nova de la L11 a la Trinitat Nova","datePublished":"2021-10-08T05:37:35+00:00","dateModified":"2021-10-08T06:30:18+00:00","mainEntityOfPage":{"@id":"https:\/\/www.noubarris.net\/web40\/queixes-per-les-dimensions-de-landana-nova-de-la-l11-a-la-trinitat-nova\/"},"wordCount":434,"publisher":{"@id":"https:\/\/www.noubarris.net\/web40\/#organization"},"image":{"@id":"https:\/\/www.noubarris.net\/web40\/queixes-per-les-dimensions-de-landana-nova-de-la-l11-a-la-trinitat-nova\/#primaryimage"},"thumbnailUrl":"https:\/\/www.noubarris.net\/web40\/wp-content\/uploads\/2021\/10\/081021.jpg","keywords":["Metro","Nou Barris","Queixes","Zona Nord"],"articleSection":["Nou Barris"],"inLanguage":"ca"},{"@type":"WebPage","@id":"https:\/\/www.noubarris.net\/web40\/queixes-per-les-dimensions-de-landana-nova-de-la-l11-a-la-trinitat-nova\/","url":"https:\/\/www.noubarris.net\/web40\/queixes-per-les-dimensions-de-landana-nova-de-la-l11-a-la-trinitat-nova\/","name":"Queixes per les dimensions de l'andana nova de la L11 a la Trinitat Nova - NouBarris.Net","isPartOf":{"@id":"https:\/\/www.noubarris.net\/web40\/#website"},"primaryImageOfPage":{"@id":"https:\/\/www.noubarris.net\/web40\/queixes-per-les-dimensions-de-landana-nova-de-la-l11-a-la-trinitat-nova\/#primaryimage"},"image":{"@id":"https:\/\/www.noubarris.net\/web40\/queixes-per-les-dimensions-de-landana-nova-de-la-l11-a-la-trinitat-nova\/#primaryimage"},"thumbnailUrl":"https:\/\/www.noubarris.net\/web40\/wp-content\/uploads\/2021\/10\/081021.jpg","datePublished":"2021-10-08T05:37:35+00:00","dateModified":"2021-10-08T06:30:18+00:00","breadcrumb":{"@id":"https:\/\/www.noubarris.net\/web40\/queixes-per-les-dimensions-de-landana-nova-de-la-l11-a-la-trinitat-nova\/#breadcrumb"},"inLanguage":"ca","potentialAction":[{"@type":"ReadAction","target":["https:\/\/www.noubarris.net\/web40\/queixes-per-les-dimensions-de-landana-nova-de-la-l11-a-la-trinitat-nova\/"]}]},{"@type":"ImageObject","inLanguage":"ca","@id":"https:\/\/www.noubarris.net\/web40\/queixes-per-les-dimensions-de-landana-nova-de-la-l11-a-la-trinitat-nova\/#primaryimage","url":"https:\/\/www.noubarris.net\/web40\/wp-content\/uploads\/2021\/10\/081021.jpg","contentUrl":"https:\/\/www.noubarris.net\/web40\/wp-content\/uploads\/2021\/10\/081021.jpg","width":768,"height":432},{"@type":"BreadcrumbList","@id":"https:\/\/www.noubarris.net\/web40\/queixes-per-les-dimensions-de-landana-nova-de-la-l11-a-la-trinitat-nova\/#breadcrumb","itemListElement":[{"@type":"ListItem","position":1,"name":"Inici","item":"https:\/\/www.noubarris.net\/web40\/"},{"@type":"ListItem","position":2,"name":"Queixes per les dimensions de l&#8217;andana nova de la L11 a la Trinitat Nova"}]},{"@type":"WebSite","@id":"https:\/\/www.noubarris.net\/web40\/#website","url":"https:\/\/www.noubarris.net\/web40\/","name":"NouBarris.Net","description":"Seguint la vida de Nou Barris des de 1985","publisher":{"@id":"https:\/\/www.noubarris.net\/web40\/#organization"},"potentialAction":[{"@type":"SearchAction","target":{"@type":"EntryPoint","urlTemplate":"https:\/\/www.noubarris.net\/web40\/?s={search_term_string}"},"query-input":{"@type":"PropertyValueSpecification","valueRequired":true,"valueName":"search_term_string"}}],"inLanguage":"ca"},{"@type":"Organization","@id":"https:\/\/www.noubarris.net\/web40\/#organization","name":"NouBarris.Net","url":"https:\/\/www.noubarris.net\/web40\/","logo":{"@type":"ImageObject","inLanguage":"ca","@id":"https:\/\/www.noubarris.net\/web40\/#\/schema\/logo\/image\/","url":"https:\/\/www.noubarris.net\/web40\/wp-content\/uploads\/2024\/11\/cropped-cropped-LOGO_9BTV-2024_Insta-1.jpg","contentUrl":"https:\/\/www.noubarris.net\/web40\/wp-content\/uploads\/2024\/11\/cropped-cropped-LOGO_9BTV-2024_Insta-1.jpg","width":512,"height":512,"caption":"NouBarris.Net"},"image":{"@id":"https:\/\/www.noubarris.net\/web40\/#\/schema\/logo\/image\/"},"sameAs":["https:\/\/www.facebook.com\/NouBarris.net\/?locale=es_ES","https:\/\/x.com\/9BTV"]},{"@type":"Person","@id":"https:\/\/www.noubarris.net\/web40\/#\/schema\/person\/1827f92aaa316c54abbf4dac0de76069","name":"Informatius","image":{"@type":"ImageObject","inLanguage":"ca","@id":"https:\/\/www.noubarris.net\/web40\/#\/schema\/person\/image\/","url":"https:\/\/secure.gravatar.com\/avatar\/87a3b47928835fc72c6ee5b0e1a7263ef0c2d05003a98189bc14926c5f11bcdb?s=96&d=mm&r=g","contentUrl":"https:\/\/secure.gravatar.com\/avatar\/87a3b47928835fc72c6ee5b0e1a7263ef0c2d05003a98189bc14926c5f11bcdb?s=96&d=mm&r=g","caption":"Informatius"},"url":"https:\/\/www.noubarris.net\/web40\/author\/tele\/"}]}},"_links":{"self":[{"href":"https:\/\/www.noubarris.net\/web40\/wp-json\/wp\/v2\/posts\/77951","targetHints":{"allow":["GET"]}}],"collection":[{"href":"https:\/\/www.noubarris.net\/web40\/wp-json\/wp\/v2\/posts"}],"about":[{"href":"https:\/\/www.noubarris.net\/web40\/wp-json\/wp\/v2\/types\/post"}],"author":[{"embeddable":true,"href":"https:\/\/www.noubarris.net\/web40\/wp-json\/wp\/v2\/users\/2"}],"replies":[{"embeddable":true,"href":"https:\/\/www.noubarris.net\/web40\/wp-json\/wp\/v2\/comments?post=77951"}],"version-history":[{"count":3,"href":"https:\/\/www.noubarris.net\/web40\/wp-json\/wp\/v2\/posts\/77951\/revisions"}],"predecessor-version":[{"id":77958,"href":"https:\/\/www.noubarris.net\/web40\/wp-json\/wp\/v2\/posts\/77951\/revisions\/77958"}],"wp:featuredmedia":[{"embeddable":true,"href":"https:\/\/www.noubarris.net\/web40\/wp-json\/wp\/v2\/media\/77952"}],"wp:attachment":[{"href":"https:\/\/www.noubarris.net\/web40\/wp-json\/wp\/v2\/media?parent=77951"}],"wp:term":[{"taxonomy":"category","embeddable":true,"href":"https:\/\/www.noubarris.net\/web40\/wp-json\/wp\/v2\/categories?post=77951"},{"taxonomy":"post_tag","embeddable":true,"href":"https:\/\/www.noubarris.net\/web40\/wp-json\/wp\/v2\/tags?post=77951"}],"curies":[{"name":"wp","href":"https:\/\/api.w.org\/{rel}","templated":true}]}}