{"id":78012,"date":"2021-10-21T00:00:18","date_gmt":"2021-10-20T22:00:18","guid":{"rendered":"http:\/\/www.noubarris.net\/web40\/?p=78012"},"modified":"2021-10-20T21:29:47","modified_gmt":"2021-10-20T19:29:47","slug":"torre-baro-estrena-la-nova-pista-poliesportiva-del-campillo-de-la-virgen","status":"publish","type":"post","link":"https:\/\/www.noubarris.net\/web40\/torre-baro-estrena-la-nova-pista-poliesportiva-del-campillo-de-la-virgen\/","title":{"rendered":"Torre Bar\u00f3 estrena la nova pista poliesportiva del Campillo de la Virgen"},"content":{"rendered":"<p><strong>La finalitzaci\u00f3 de les obres ve acompanyada d&#8217;un equip de dinamitzaci\u00f3 de l&#8217;espai<\/strong><\/p>\n<p>Torre Bar\u00f3 ha recuperat un espai i punt de trobada important, el Campillo de la Virgen. I l&#8217;ha recuperat amb una gran pista poliesportiva semicoberta per una gran p\u00e8rgola que facilitar\u00e0 tamb\u00e9 l&#8217;organitzaci\u00f3 d&#8217;esdeveniments comunitaris, com ara la festa major.\u00a0 Ja s&#8217;han comen\u00e7at a crear alguns equips que entrenen i juguen a la pista amb regularitat. Un parell d&#8217;educadors socials s&#8217;encarreguen de dinamitzar la pista, juntament amb un altre espai nou, el parc de l&#8217;Aq\u00fceducte de Ciutat Meridiana. A m\u00e9s, fam\u00edlies i grups d&#8217;amics tamb\u00e9 s&#8217;hi apropen per fer unes cistelles o uns xuts.<\/p>\n<p>Complementen la pista semicoberta una zona de picnic i elements d&#8217;enllumenat i mobiliari urb\u00e0, que han acabat de transformar la zona inferior del Campillo de la Virgen. A la part superior es conserven les pistes de petanca i el parc infantil que es es van construir en la primera remodelaci\u00f3 de l&#8217;espai. Aleshores, al lloc on ara hi ha la gran canxa de b\u00e0squet i futbol sala hi havia tan sols una canasta i una gran esplanada.<\/p>\n<p>No ha estat f\u00e0cil arribar fins aqu\u00ed, per\u00f2.\u00a0L\u2019Ajuntament va iniciar les obres de la pista poliesportiva fa m\u00e9s de dos anys, per\u00f2 poc despr\u00e9s els treballs es van aturar per problemes amb l\u2019empresa adjudicat\u00e0ria del projecte. Finalment es va treure a concurs la part de l\u2019obra pendent a principis de 2020. I aquest contratemps i l&#8217;esclat de la pand\u00e8mia, han retardat la finalitzaci\u00f3 del projecte.<\/p>\n","protected":false},"excerpt":{"rendered":"<p>La finalitzaci\u00f3 de les obres ve acompanyada d&#8217;un equip de dinamitzaci\u00f3 de l&#8217;espai Torre Bar\u00f3 ha recuperat un espai i<\/p>\n","protected":false},"author":2,"featured_media":78013,"comment_status":"closed","ping_status":"closed","sticky":false,"template":"","format":"standard","meta":{"colormag_page_layout":"default_layout","_monsterinsights_skip_tracking":false,"_monsterinsights_sitenote_active":false,"_monsterinsights_sitenote_note":"","_monsterinsights_sitenote_category":0,"footnotes":""},"categories":[137,302],"tags":[655,121],"class_list":["post-78012","post","type-post","status-publish","format-standard","has-post-thumbnail","hentry","category-torre-baro","category-urbanisme","tag-campillo-de-la-virgen","tag-equipaments"],"yoast_head":"<!-- This site is optimized with the Yoast SEO plugin v25.3 - https:\/\/yoast.com\/wordpress\/plugins\/seo\/ -->\n<title>Torre Bar\u00f3 estrena la nova pista poliesportiva del Campillo de la Virgen - NouBarris.Net<\/title>\n<meta name=\"robots\" content=\"index, follow, max-snippet:-1, max-image-preview:large, max-video-preview:-1\" \/>\n<link rel=\"canonical\" href=\"https:\/\/www.noubarris.net\/web40\/torre-baro-estrena-la-nova-pista-poliesportiva-del-campillo-de-la-virgen\/\" \/>\n<meta property=\"og:locale\" content=\"ca_ES\" \/>\n<meta property=\"og:type\" content=\"article\" \/>\n<meta property=\"og:title\" content=\"Torre Bar\u00f3 estrena la nova pista poliesportiva del Campillo de la Virgen - NouBarris.Net\" \/>\n<meta property=\"og:description\" content=\"La finalitzaci\u00f3 de les obres ve acompanyada d&#8217;un equip de dinamitzaci\u00f3 de l&#8217;espai Torre Bar\u00f3 ha recuperat un espai i\" \/>\n<meta property=\"og:url\" content=\"https:\/\/www.noubarris.net\/web40\/torre-baro-estrena-la-nova-pista-poliesportiva-del-campillo-de-la-virgen\/\" \/>\n<meta property=\"og:site_name\" content=\"NouBarris.Net\" \/>\n<meta property=\"article:publisher\" content=\"https:\/\/www.facebook.com\/NouBarris.net\/?locale=es_ES\" \/>\n<meta property=\"article:published_time\" content=\"2021-10-20T22:00:18+00:00\" \/>\n<meta property=\"og:image\" content=\"https:\/\/www.noubarris.net\/web40\/wp-content\/uploads\/2021\/10\/211021.jpg\" \/>\n\t<meta property=\"og:image:width\" content=\"768\" \/>\n\t<meta property=\"og:image:height\" content=\"432\" \/>\n\t<meta property=\"og:image:type\" content=\"image\/jpeg\" \/>\n<meta name=\"author\" content=\"Informatius\" \/>\n<meta name=\"twitter:card\" content=\"summary_large_image\" \/>\n<meta name=\"twitter:creator\" content=\"@9BTV\" \/>\n<meta name=\"twitter:site\" content=\"@9BTV\" \/>\n<meta name=\"twitter:label1\" content=\"Escrit per\" \/>\n\t<meta name=\"twitter:data1\" content=\"Informatius\" \/>\n\t<meta name=\"twitter:label2\" content=\"Temps estimat de lectura\" \/>\n\t<meta name=\"twitter:data2\" content=\"1 minut\" \/>\n<script type=\"application\/ld+json\" class=\"yoast-schema-graph\">{\"@context\":\"https:\/\/schema.org\",\"@graph\":[{\"@type\":\"Article\",\"@id\":\"https:\/\/www.noubarris.net\/web40\/torre-baro-estrena-la-nova-pista-poliesportiva-del-campillo-de-la-virgen\/#article\",\"isPartOf\":{\"@id\":\"https:\/\/www.noubarris.net\/web40\/torre-baro-estrena-la-nova-pista-poliesportiva-del-campillo-de-la-virgen\/\"},\"author\":{\"name\":\"Informatius\",\"@id\":\"https:\/\/www.noubarris.net\/web40\/#\/schema\/person\/1827f92aaa316c54abbf4dac0de76069\"},\"headline\":\"Torre Bar\u00f3 estrena la nova pista poliesportiva del Campillo de la Virgen\",\"datePublished\":\"2021-10-20T22:00:18+00:00\",\"mainEntityOfPage\":{\"@id\":\"https:\/\/www.noubarris.net\/web40\/torre-baro-estrena-la-nova-pista-poliesportiva-del-campillo-de-la-virgen\/\"},\"wordCount\":289,\"publisher\":{\"@id\":\"https:\/\/www.noubarris.net\/web40\/#organization\"},\"image\":{\"@id\":\"https:\/\/www.noubarris.net\/web40\/torre-baro-estrena-la-nova-pista-poliesportiva-del-campillo-de-la-virgen\/#primaryimage\"},\"thumbnailUrl\":\"https:\/\/www.noubarris.net\/web40\/wp-content\/uploads\/2021\/10\/211021.jpg\",\"keywords\":[\"campillo de la virgen\",\"Equipaments\"],\"articleSection\":[\"Torre Bar\u00f3\",\"Urbanisme\"],\"inLanguage\":\"ca\"},{\"@type\":\"WebPage\",\"@id\":\"https:\/\/www.noubarris.net\/web40\/torre-baro-estrena-la-nova-pista-poliesportiva-del-campillo-de-la-virgen\/\",\"url\":\"https:\/\/www.noubarris.net\/web40\/torre-baro-estrena-la-nova-pista-poliesportiva-del-campillo-de-la-virgen\/\",\"name\":\"Torre Bar\u00f3 estrena la nova pista poliesportiva del Campillo de la Virgen - NouBarris.Net\",\"isPartOf\":{\"@id\":\"https:\/\/www.noubarris.net\/web40\/#website\"},\"primaryImageOfPage\":{\"@id\":\"https:\/\/www.noubarris.net\/web40\/torre-baro-estrena-la-nova-pista-poliesportiva-del-campillo-de-la-virgen\/#primaryimage\"},\"image\":{\"@id\":\"https:\/\/www.noubarris.net\/web40\/torre-baro-estrena-la-nova-pista-poliesportiva-del-campillo-de-la-virgen\/#primaryimage\"},\"thumbnailUrl\":\"https:\/\/www.noubarris.net\/web40\/wp-content\/uploads\/2021\/10\/211021.jpg\",\"datePublished\":\"2021-10-20T22:00:18+00:00\",\"breadcrumb\":{\"@id\":\"https:\/\/www.noubarris.net\/web40\/torre-baro-estrena-la-nova-pista-poliesportiva-del-campillo-de-la-virgen\/#breadcrumb\"},\"inLanguage\":\"ca\",\"potentialAction\":[{\"@type\":\"ReadAction\",\"target\":[\"https:\/\/www.noubarris.net\/web40\/torre-baro-estrena-la-nova-pista-poliesportiva-del-campillo-de-la-virgen\/\"]}]},{\"@type\":\"ImageObject\",\"inLanguage\":\"ca\",\"@id\":\"https:\/\/www.noubarris.net\/web40\/torre-baro-estrena-la-nova-pista-poliesportiva-del-campillo-de-la-virgen\/#primaryimage\",\"url\":\"https:\/\/www.noubarris.net\/web40\/wp-content\/uploads\/2021\/10\/211021.jpg\",\"contentUrl\":\"https:\/\/www.noubarris.net\/web40\/wp-content\/uploads\/2021\/10\/211021.jpg\",\"width\":768,\"height\":432},{\"@type\":\"BreadcrumbList\",\"@id\":\"https:\/\/www.noubarris.net\/web40\/torre-baro-estrena-la-nova-pista-poliesportiva-del-campillo-de-la-virgen\/#breadcrumb\",\"itemListElement\":[{\"@type\":\"ListItem\",\"position\":1,\"name\":\"Inici\",\"item\":\"https:\/\/www.noubarris.net\/web40\/\"},{\"@type\":\"ListItem\",\"position\":2,\"name\":\"Torre Bar\u00f3 estrena la nova pista poliesportiva del Campillo de la Virgen\"}]},{\"@type\":\"WebSite\",\"@id\":\"https:\/\/www.noubarris.net\/web40\/#website\",\"url\":\"https:\/\/www.noubarris.net\/web40\/\",\"name\":\"NouBarris.Net\",\"description\":\"Seguint la vida de Nou Barris des de 1985\",\"publisher\":{\"@id\":\"https:\/\/www.noubarris.net\/web40\/#organization\"},\"potentialAction\":[{\"@type\":\"SearchAction\",\"target\":{\"@type\":\"EntryPoint\",\"urlTemplate\":\"https:\/\/www.noubarris.net\/web40\/?s={search_term_string}\"},\"query-input\":{\"@type\":\"PropertyValueSpecification\",\"valueRequired\":true,\"valueName\":\"search_term_string\"}}],\"inLanguage\":\"ca\"},{\"@type\":\"Organization\",\"@id\":\"https:\/\/www.noubarris.net\/web40\/#organization\",\"name\":\"NouBarris.Net\",\"url\":\"https:\/\/www.noubarris.net\/web40\/\",\"logo\":{\"@type\":\"ImageObject\",\"inLanguage\":\"ca\",\"@id\":\"https:\/\/www.noubarris.net\/web40\/#\/schema\/logo\/image\/\",\"url\":\"https:\/\/www.noubarris.net\/web40\/wp-content\/uploads\/2024\/11\/cropped-cropped-LOGO_9BTV-2024_Insta-1.jpg\",\"contentUrl\":\"https:\/\/www.noubarris.net\/web40\/wp-content\/uploads\/2024\/11\/cropped-cropped-LOGO_9BTV-2024_Insta-1.jpg\",\"width\":512,\"height\":512,\"caption\":\"NouBarris.Net\"},\"image\":{\"@id\":\"https:\/\/www.noubarris.net\/web40\/#\/schema\/logo\/image\/\"},\"sameAs\":[\"https:\/\/www.facebook.com\/NouBarris.net\/?locale=es_ES\",\"https:\/\/x.com\/9BTV\"]},{\"@type\":\"Person\",\"@id\":\"https:\/\/www.noubarris.net\/web40\/#\/schema\/person\/1827f92aaa316c54abbf4dac0de76069\",\"name\":\"Informatius\",\"image\":{\"@type\":\"ImageObject\",\"inLanguage\":\"ca\",\"@id\":\"https:\/\/www.noubarris.net\/web40\/#\/schema\/person\/image\/\",\"url\":\"https:\/\/secure.gravatar.com\/avatar\/87a3b47928835fc72c6ee5b0e1a7263ef0c2d05003a98189bc14926c5f11bcdb?s=96&d=mm&r=g\",\"contentUrl\":\"https:\/\/secure.gravatar.com\/avatar\/87a3b47928835fc72c6ee5b0e1a7263ef0c2d05003a98189bc14926c5f11bcdb?s=96&d=mm&r=g\",\"caption\":\"Informatius\"},\"url\":\"https:\/\/www.noubarris.net\/web40\/author\/tele\/\"}]}<\/script>\n<!-- \/ Yoast SEO plugin. -->","yoast_head_json":{"title":"Torre Bar\u00f3 estrena la nova pista poliesportiva del Campillo de la Virgen - NouBarris.Net","robots":{"index":"index","follow":"follow","max-snippet":"max-snippet:-1","max-image-preview":"max-image-preview:large","max-video-preview":"max-video-preview:-1"},"canonical":"https:\/\/www.noubarris.net\/web40\/torre-baro-estrena-la-nova-pista-poliesportiva-del-campillo-de-la-virgen\/","og_locale":"ca_ES","og_type":"article","og_title":"Torre Bar\u00f3 estrena la nova pista poliesportiva del Campillo de la Virgen - NouBarris.Net","og_description":"La finalitzaci\u00f3 de les obres ve acompanyada d&#8217;un equip de dinamitzaci\u00f3 de l&#8217;espai Torre Bar\u00f3 ha recuperat un espai i","og_url":"https:\/\/www.noubarris.net\/web40\/torre-baro-estrena-la-nova-pista-poliesportiva-del-campillo-de-la-virgen\/","og_site_name":"NouBarris.Net","article_publisher":"https:\/\/www.facebook.com\/NouBarris.net\/?locale=es_ES","article_published_time":"2021-10-20T22:00:18+00:00","og_image":[{"width":768,"height":432,"url":"https:\/\/www.noubarris.net\/web40\/wp-content\/uploads\/2021\/10\/211021.jpg","type":"image\/jpeg"}],"author":"Informatius","twitter_card":"summary_large_image","twitter_creator":"@9BTV","twitter_site":"@9BTV","twitter_misc":{"Escrit per":"Informatius","Temps estimat de lectura":"1 minut"},"schema":{"@context":"https:\/\/schema.org","@graph":[{"@type":"Article","@id":"https:\/\/www.noubarris.net\/web40\/torre-baro-estrena-la-nova-pista-poliesportiva-del-campillo-de-la-virgen\/#article","isPartOf":{"@id":"https:\/\/www.noubarris.net\/web40\/torre-baro-estrena-la-nova-pista-poliesportiva-del-campillo-de-la-virgen\/"},"author":{"name":"Informatius","@id":"https:\/\/www.noubarris.net\/web40\/#\/schema\/person\/1827f92aaa316c54abbf4dac0de76069"},"headline":"Torre Bar\u00f3 estrena la nova pista poliesportiva del Campillo de la Virgen","datePublished":"2021-10-20T22:00:18+00:00","mainEntityOfPage":{"@id":"https:\/\/www.noubarris.net\/web40\/torre-baro-estrena-la-nova-pista-poliesportiva-del-campillo-de-la-virgen\/"},"wordCount":289,"publisher":{"@id":"https:\/\/www.noubarris.net\/web40\/#organization"},"image":{"@id":"https:\/\/www.noubarris.net\/web40\/torre-baro-estrena-la-nova-pista-poliesportiva-del-campillo-de-la-virgen\/#primaryimage"},"thumbnailUrl":"https:\/\/www.noubarris.net\/web40\/wp-content\/uploads\/2021\/10\/211021.jpg","keywords":["campillo de la virgen","Equipaments"],"articleSection":["Torre Bar\u00f3","Urbanisme"],"inLanguage":"ca"},{"@type":"WebPage","@id":"https:\/\/www.noubarris.net\/web40\/torre-baro-estrena-la-nova-pista-poliesportiva-del-campillo-de-la-virgen\/","url":"https:\/\/www.noubarris.net\/web40\/torre-baro-estrena-la-nova-pista-poliesportiva-del-campillo-de-la-virgen\/","name":"Torre Bar\u00f3 estrena la nova pista poliesportiva del Campillo de la Virgen - NouBarris.Net","isPartOf":{"@id":"https:\/\/www.noubarris.net\/web40\/#website"},"primaryImageOfPage":{"@id":"https:\/\/www.noubarris.net\/web40\/torre-baro-estrena-la-nova-pista-poliesportiva-del-campillo-de-la-virgen\/#primaryimage"},"image":{"@id":"https:\/\/www.noubarris.net\/web40\/torre-baro-estrena-la-nova-pista-poliesportiva-del-campillo-de-la-virgen\/#primaryimage"},"thumbnailUrl":"https:\/\/www.noubarris.net\/web40\/wp-content\/uploads\/2021\/10\/211021.jpg","datePublished":"2021-10-20T22:00:18+00:00","breadcrumb":{"@id":"https:\/\/www.noubarris.net\/web40\/torre-baro-estrena-la-nova-pista-poliesportiva-del-campillo-de-la-virgen\/#breadcrumb"},"inLanguage":"ca","potentialAction":[{"@type":"ReadAction","target":["https:\/\/www.noubarris.net\/web40\/torre-baro-estrena-la-nova-pista-poliesportiva-del-campillo-de-la-virgen\/"]}]},{"@type":"ImageObject","inLanguage":"ca","@id":"https:\/\/www.noubarris.net\/web40\/torre-baro-estrena-la-nova-pista-poliesportiva-del-campillo-de-la-virgen\/#primaryimage","url":"https:\/\/www.noubarris.net\/web40\/wp-content\/uploads\/2021\/10\/211021.jpg","contentUrl":"https:\/\/www.noubarris.net\/web40\/wp-content\/uploads\/2021\/10\/211021.jpg","width":768,"height":432},{"@type":"BreadcrumbList","@id":"https:\/\/www.noubarris.net\/web40\/torre-baro-estrena-la-nova-pista-poliesportiva-del-campillo-de-la-virgen\/#breadcrumb","itemListElement":[{"@type":"ListItem","position":1,"name":"Inici","item":"https:\/\/www.noubarris.net\/web40\/"},{"@type":"ListItem","position":2,"name":"Torre Bar\u00f3 estrena la nova pista poliesportiva del Campillo de la Virgen"}]},{"@type":"WebSite","@id":"https:\/\/www.noubarris.net\/web40\/#website","url":"https:\/\/www.noubarris.net\/web40\/","name":"NouBarris.Net","description":"Seguint la vida de Nou Barris des de 1985","publisher":{"@id":"https:\/\/www.noubarris.net\/web40\/#organization"},"potentialAction":[{"@type":"SearchAction","target":{"@type":"EntryPoint","urlTemplate":"https:\/\/www.noubarris.net\/web40\/?s={search_term_string}"},"query-input":{"@type":"PropertyValueSpecification","valueRequired":true,"valueName":"search_term_string"}}],"inLanguage":"ca"},{"@type":"Organization","@id":"https:\/\/www.noubarris.net\/web40\/#organization","name":"NouBarris.Net","url":"https:\/\/www.noubarris.net\/web40\/","logo":{"@type":"ImageObject","inLanguage":"ca","@id":"https:\/\/www.noubarris.net\/web40\/#\/schema\/logo\/image\/","url":"https:\/\/www.noubarris.net\/web40\/wp-content\/uploads\/2024\/11\/cropped-cropped-LOGO_9BTV-2024_Insta-1.jpg","contentUrl":"https:\/\/www.noubarris.net\/web40\/wp-content\/uploads\/2024\/11\/cropped-cropped-LOGO_9BTV-2024_Insta-1.jpg","width":512,"height":512,"caption":"NouBarris.Net"},"image":{"@id":"https:\/\/www.noubarris.net\/web40\/#\/schema\/logo\/image\/"},"sameAs":["https:\/\/www.facebook.com\/NouBarris.net\/?locale=es_ES","https:\/\/x.com\/9BTV"]},{"@type":"Person","@id":"https:\/\/www.noubarris.net\/web40\/#\/schema\/person\/1827f92aaa316c54abbf4dac0de76069","name":"Informatius","image":{"@type":"ImageObject","inLanguage":"ca","@id":"https:\/\/www.noubarris.net\/web40\/#\/schema\/person\/image\/","url":"https:\/\/secure.gravatar.com\/avatar\/87a3b47928835fc72c6ee5b0e1a7263ef0c2d05003a98189bc14926c5f11bcdb?s=96&d=mm&r=g","contentUrl":"https:\/\/secure.gravatar.com\/avatar\/87a3b47928835fc72c6ee5b0e1a7263ef0c2d05003a98189bc14926c5f11bcdb?s=96&d=mm&r=g","caption":"Informatius"},"url":"https:\/\/www.noubarris.net\/web40\/author\/tele\/"}]}},"_links":{"self":[{"href":"https:\/\/www.noubarris.net\/web40\/wp-json\/wp\/v2\/posts\/78012","targetHints":{"allow":["GET"]}}],"collection":[{"href":"https:\/\/www.noubarris.net\/web40\/wp-json\/wp\/v2\/posts"}],"about":[{"href":"https:\/\/www.noubarris.net\/web40\/wp-json\/wp\/v2\/types\/post"}],"author":[{"embeddable":true,"href":"https:\/\/www.noubarris.net\/web40\/wp-json\/wp\/v2\/users\/2"}],"replies":[{"embeddable":true,"href":"https:\/\/www.noubarris.net\/web40\/wp-json\/wp\/v2\/comments?post=78012"}],"version-history":[{"count":1,"href":"https:\/\/www.noubarris.net\/web40\/wp-json\/wp\/v2\/posts\/78012\/revisions"}],"predecessor-version":[{"id":78014,"href":"https:\/\/www.noubarris.net\/web40\/wp-json\/wp\/v2\/posts\/78012\/revisions\/78014"}],"wp:featuredmedia":[{"embeddable":true,"href":"https:\/\/www.noubarris.net\/web40\/wp-json\/wp\/v2\/media\/78013"}],"wp:attachment":[{"href":"https:\/\/www.noubarris.net\/web40\/wp-json\/wp\/v2\/media?parent=78012"}],"wp:term":[{"taxonomy":"category","embeddable":true,"href":"https:\/\/www.noubarris.net\/web40\/wp-json\/wp\/v2\/categories?post=78012"},{"taxonomy":"post_tag","embeddable":true,"href":"https:\/\/www.noubarris.net\/web40\/wp-json\/wp\/v2\/tags?post=78012"}],"curies":[{"name":"wp","href":"https:\/\/api.w.org\/{rel}","templated":true}]}}