{"id":78015,"date":"2021-10-22T00:00:41","date_gmt":"2021-10-21T22:00:41","guid":{"rendered":"http:\/\/www.noubarris.net\/web40\/?p=78015"},"modified":"2021-10-21T20:59:41","modified_gmt":"2021-10-21T18:59:41","slug":"25-milions-per-regenerar-lurbanisme-de-canyelles","status":"publish","type":"post","link":"https:\/\/www.noubarris.net\/web40\/25-milions-per-regenerar-lurbanisme-de-canyelles\/","title":{"rendered":"2,5 milions per regenerar l&#8217;urbanisme de Canyelles"},"content":{"rendered":"<p><strong>L&#8217;Ajuntament dobla les ajudes per a la rehabilitaci\u00f3 i l\u2019estalvi energ\u00e8tic al 2021 amb\u00a0 prop de 37 milions d&#8217;euros<\/strong><\/p>\n<p>L&#8217;Ajuntament ha anunciat aquesta setmana una nova convocat\u00f2ria d\u2019ajuts a la rehabilitaci\u00f3 amb un fons de 36,97 milions d\u2019euros que es repartiran en diferents l\u00ednies d\u2019ajuts que van des de la rehabilitaci\u00f3 d\u2019edificis fins a la rehabilitaci\u00f3 d\u2019interiors d\u2019habitatge i, en el cas que beneficia el barri noubarrienc de Canyelles, 2,5 dels milions es destinen a la regeneraci\u00f3 urbana de Canyelles. Aquests diners permetran reprendre la rehabilitaci\u00f3 dels edificis, afectats de carbonataci\u00f3. Un proc\u00e9s que arrossega diversos retards, agreujats, a m\u00e9s, per la pand\u00e8mia. Aquest proc\u00e9s de remodelaci\u00f3 dels edificis consisteix en el revestiment de les fa\u00e7anes per evitar les esquerdes i petits despreniments provocats per la carbonataci\u00f3. Al mateix, es millora l&#8217;a\u00efllament t\u00e8rmic i es guanya<\/p>\n<p>Teniu tota la informaci\u00f3 detallada <a href=\"https:\/\/habitatge.barcelona\/sites\/default\/files\/ajuts_rehabilitacio_conjunt_urba_de_canyelles_2021.pdf\">en aquest enlla\u00e7<\/a>. Els ajuts van per a la setena fase, i es traduiran que les comunitats de ve\u00efns que hagin de rehabilitar l&#8217;edifici -en base a un projecte crom\u00e0tic acordat entre administracions i l&#8217;AV Canyelles- hauran de pagar tan sols el 15% del cost de les obres. L&#8217;altre 85% el posa l&#8217;administraci\u00f3, tal com es va decidir vint anys enrere, ja que aquests edificis van ser constru\u00efts pel Patronat de l&#8217;Habitatge als anys setanta.<\/p>\n<p>Podeu consultar-ne els detalls de les l\u00ednies d\u2019ajudes al <a href=\"https:\/\/habitatge.barcelona\/ca\/serveis-ajuts\/rehabilitacio\">web de\u00a0l\u2019Institut Municipal de l\u2019Habitatge i la Rehabilitaci\u00f3.<\/a><\/p>\n<p>ELs 34,5 milions restants es repartiran entre diferents l\u00ednies per a la rehabilitaci\u00f3 d\u2019elements comuns de finques i d\u2019interiors d\u2019habitages. En aquets punt, a m\u00e9s, es destinen 4,6 milions a fam\u00edlies en situaci\u00f3 de vulnerabilitat, i 3,3 milions d&#8217;euros a finques d\u2019alta complexitat. El Bes\u00f2s tamb\u00e9 rebr\u00e0 una partida, de gaireb\u00e9 dos milions, per a regeneraci\u00f3 urbana. A m\u00e9s, tamb\u00e9 es vol fomentar el lloguer assequible i per aix\u00f2 s&#8217;invertir\u00e0 3,3 milions d&#8217;euros, per rehabilitar l&#8217;interiors de pisos que s\u2019incorporin a la Borsa de Lloguer de la ciutat.<\/p>\n<p>Est\u00e0 previst que es puguin beneficiar de les subvencions m\u00e9s de 15.000 habitatges, i es prioritzar\u00e0 les rehabilitacions que vagin dirigides a reduir la despesa energ\u00e8tica i econ\u00f2mica dels edificis amb intervencions com l\u2019a\u00efllament de fa\u00e7anes, la renovaci\u00f3 de finestres o la instal\u00b7laci\u00f3 de plaques solars. La reducci\u00f3 pot ser d\u2019entre el 10% en rehabilitacions parcials, i el 25 i 30% en les renovacions integrals.<\/p>\n","protected":false},"excerpt":{"rendered":"<p>L&#8217;Ajuntament dobla les ajudes per a la rehabilitaci\u00f3 i l\u2019estalvi energ\u00e8tic al 2021 amb\u00a0 prop de 37 milions d&#8217;euros L&#8217;Ajuntament<\/p>\n","protected":false},"author":2,"featured_media":78019,"comment_status":"closed","ping_status":"closed","sticky":false,"template":"","format":"standard","meta":{"colormag_page_layout":"default_layout","_monsterinsights_skip_tracking":false,"_monsterinsights_sitenote_active":false,"_monsterinsights_sitenote_note":"","_monsterinsights_sitenote_category":0,"footnotes":""},"categories":[131,302],"tags":[69],"class_list":["post-78015","post","type-post","status-publish","format-standard","has-post-thumbnail","hentry","category-canyelles","category-urbanisme","tag-urbanisme"],"yoast_head":"<!-- This site is optimized with the Yoast SEO plugin v25.3 - https:\/\/yoast.com\/wordpress\/plugins\/seo\/ -->\n<title>2,5 milions per regenerar l&#039;urbanisme de Canyelles - NouBarris.Net<\/title>\n<meta name=\"robots\" content=\"index, follow, max-snippet:-1, max-image-preview:large, max-video-preview:-1\" \/>\n<link rel=\"canonical\" href=\"https:\/\/www.noubarris.net\/web40\/25-milions-per-regenerar-lurbanisme-de-canyelles\/\" \/>\n<meta property=\"og:locale\" content=\"ca_ES\" \/>\n<meta property=\"og:type\" content=\"article\" \/>\n<meta property=\"og:title\" content=\"2,5 milions per regenerar l&#039;urbanisme de Canyelles - NouBarris.Net\" \/>\n<meta property=\"og:description\" content=\"L&#8217;Ajuntament dobla les ajudes per a la rehabilitaci\u00f3 i l\u2019estalvi energ\u00e8tic al 2021 amb\u00a0 prop de 37 milions d&#8217;euros L&#8217;Ajuntament\" \/>\n<meta property=\"og:url\" content=\"https:\/\/www.noubarris.net\/web40\/25-milions-per-regenerar-lurbanisme-de-canyelles\/\" \/>\n<meta property=\"og:site_name\" content=\"NouBarris.Net\" \/>\n<meta property=\"article:publisher\" content=\"https:\/\/www.facebook.com\/NouBarris.net\/?locale=es_ES\" \/>\n<meta property=\"article:published_time\" content=\"2021-10-21T22:00:41+00:00\" \/>\n<meta property=\"og:image\" content=\"https:\/\/www.noubarris.net\/web40\/wp-content\/uploads\/2021\/10\/221021.jpg\" \/>\n\t<meta property=\"og:image:width\" content=\"768\" \/>\n\t<meta property=\"og:image:height\" content=\"432\" \/>\n\t<meta property=\"og:image:type\" content=\"image\/jpeg\" \/>\n<meta name=\"author\" content=\"Informatius\" \/>\n<meta name=\"twitter:card\" content=\"summary_large_image\" \/>\n<meta name=\"twitter:creator\" content=\"@9BTV\" \/>\n<meta name=\"twitter:site\" content=\"@9BTV\" \/>\n<meta name=\"twitter:label1\" content=\"Escrit per\" \/>\n\t<meta name=\"twitter:data1\" content=\"Informatius\" \/>\n\t<meta name=\"twitter:label2\" content=\"Temps estimat de lectura\" \/>\n\t<meta name=\"twitter:data2\" content=\"2 minuts\" \/>\n<script type=\"application\/ld+json\" class=\"yoast-schema-graph\">{\"@context\":\"https:\/\/schema.org\",\"@graph\":[{\"@type\":\"Article\",\"@id\":\"https:\/\/www.noubarris.net\/web40\/25-milions-per-regenerar-lurbanisme-de-canyelles\/#article\",\"isPartOf\":{\"@id\":\"https:\/\/www.noubarris.net\/web40\/25-milions-per-regenerar-lurbanisme-de-canyelles\/\"},\"author\":{\"name\":\"Informatius\",\"@id\":\"https:\/\/www.noubarris.net\/web40\/#\/schema\/person\/1827f92aaa316c54abbf4dac0de76069\"},\"headline\":\"2,5 milions per regenerar l&#8217;urbanisme de Canyelles\",\"datePublished\":\"2021-10-21T22:00:41+00:00\",\"mainEntityOfPage\":{\"@id\":\"https:\/\/www.noubarris.net\/web40\/25-milions-per-regenerar-lurbanisme-de-canyelles\/\"},\"wordCount\":435,\"publisher\":{\"@id\":\"https:\/\/www.noubarris.net\/web40\/#organization\"},\"image\":{\"@id\":\"https:\/\/www.noubarris.net\/web40\/25-milions-per-regenerar-lurbanisme-de-canyelles\/#primaryimage\"},\"thumbnailUrl\":\"https:\/\/www.noubarris.net\/web40\/wp-content\/uploads\/2021\/10\/221021.jpg\",\"keywords\":[\"Urbanisme\"],\"articleSection\":[\"Canyelles\",\"Urbanisme\"],\"inLanguage\":\"ca\"},{\"@type\":\"WebPage\",\"@id\":\"https:\/\/www.noubarris.net\/web40\/25-milions-per-regenerar-lurbanisme-de-canyelles\/\",\"url\":\"https:\/\/www.noubarris.net\/web40\/25-milions-per-regenerar-lurbanisme-de-canyelles\/\",\"name\":\"2,5 milions per regenerar l'urbanisme de Canyelles - NouBarris.Net\",\"isPartOf\":{\"@id\":\"https:\/\/www.noubarris.net\/web40\/#website\"},\"primaryImageOfPage\":{\"@id\":\"https:\/\/www.noubarris.net\/web40\/25-milions-per-regenerar-lurbanisme-de-canyelles\/#primaryimage\"},\"image\":{\"@id\":\"https:\/\/www.noubarris.net\/web40\/25-milions-per-regenerar-lurbanisme-de-canyelles\/#primaryimage\"},\"thumbnailUrl\":\"https:\/\/www.noubarris.net\/web40\/wp-content\/uploads\/2021\/10\/221021.jpg\",\"datePublished\":\"2021-10-21T22:00:41+00:00\",\"breadcrumb\":{\"@id\":\"https:\/\/www.noubarris.net\/web40\/25-milions-per-regenerar-lurbanisme-de-canyelles\/#breadcrumb\"},\"inLanguage\":\"ca\",\"potentialAction\":[{\"@type\":\"ReadAction\",\"target\":[\"https:\/\/www.noubarris.net\/web40\/25-milions-per-regenerar-lurbanisme-de-canyelles\/\"]}]},{\"@type\":\"ImageObject\",\"inLanguage\":\"ca\",\"@id\":\"https:\/\/www.noubarris.net\/web40\/25-milions-per-regenerar-lurbanisme-de-canyelles\/#primaryimage\",\"url\":\"https:\/\/www.noubarris.net\/web40\/wp-content\/uploads\/2021\/10\/221021.jpg\",\"contentUrl\":\"https:\/\/www.noubarris.net\/web40\/wp-content\/uploads\/2021\/10\/221021.jpg\",\"width\":768,\"height\":432},{\"@type\":\"BreadcrumbList\",\"@id\":\"https:\/\/www.noubarris.net\/web40\/25-milions-per-regenerar-lurbanisme-de-canyelles\/#breadcrumb\",\"itemListElement\":[{\"@type\":\"ListItem\",\"position\":1,\"name\":\"Inici\",\"item\":\"https:\/\/www.noubarris.net\/web40\/\"},{\"@type\":\"ListItem\",\"position\":2,\"name\":\"2,5 milions per regenerar l&#8217;urbanisme de Canyelles\"}]},{\"@type\":\"WebSite\",\"@id\":\"https:\/\/www.noubarris.net\/web40\/#website\",\"url\":\"https:\/\/www.noubarris.net\/web40\/\",\"name\":\"NouBarris.Net\",\"description\":\"Seguint la vida de Nou Barris des de 1985\",\"publisher\":{\"@id\":\"https:\/\/www.noubarris.net\/web40\/#organization\"},\"potentialAction\":[{\"@type\":\"SearchAction\",\"target\":{\"@type\":\"EntryPoint\",\"urlTemplate\":\"https:\/\/www.noubarris.net\/web40\/?s={search_term_string}\"},\"query-input\":{\"@type\":\"PropertyValueSpecification\",\"valueRequired\":true,\"valueName\":\"search_term_string\"}}],\"inLanguage\":\"ca\"},{\"@type\":\"Organization\",\"@id\":\"https:\/\/www.noubarris.net\/web40\/#organization\",\"name\":\"NouBarris.Net\",\"url\":\"https:\/\/www.noubarris.net\/web40\/\",\"logo\":{\"@type\":\"ImageObject\",\"inLanguage\":\"ca\",\"@id\":\"https:\/\/www.noubarris.net\/web40\/#\/schema\/logo\/image\/\",\"url\":\"https:\/\/www.noubarris.net\/web40\/wp-content\/uploads\/2024\/11\/cropped-cropped-LOGO_9BTV-2024_Insta-1.jpg\",\"contentUrl\":\"https:\/\/www.noubarris.net\/web40\/wp-content\/uploads\/2024\/11\/cropped-cropped-LOGO_9BTV-2024_Insta-1.jpg\",\"width\":512,\"height\":512,\"caption\":\"NouBarris.Net\"},\"image\":{\"@id\":\"https:\/\/www.noubarris.net\/web40\/#\/schema\/logo\/image\/\"},\"sameAs\":[\"https:\/\/www.facebook.com\/NouBarris.net\/?locale=es_ES\",\"https:\/\/x.com\/9BTV\"]},{\"@type\":\"Person\",\"@id\":\"https:\/\/www.noubarris.net\/web40\/#\/schema\/person\/1827f92aaa316c54abbf4dac0de76069\",\"name\":\"Informatius\",\"image\":{\"@type\":\"ImageObject\",\"inLanguage\":\"ca\",\"@id\":\"https:\/\/www.noubarris.net\/web40\/#\/schema\/person\/image\/\",\"url\":\"https:\/\/secure.gravatar.com\/avatar\/87a3b47928835fc72c6ee5b0e1a7263ef0c2d05003a98189bc14926c5f11bcdb?s=96&d=mm&r=g\",\"contentUrl\":\"https:\/\/secure.gravatar.com\/avatar\/87a3b47928835fc72c6ee5b0e1a7263ef0c2d05003a98189bc14926c5f11bcdb?s=96&d=mm&r=g\",\"caption\":\"Informatius\"},\"url\":\"https:\/\/www.noubarris.net\/web40\/author\/tele\/\"}]}<\/script>\n<!-- \/ Yoast SEO plugin. -->","yoast_head_json":{"title":"2,5 milions per regenerar l'urbanisme de Canyelles - NouBarris.Net","robots":{"index":"index","follow":"follow","max-snippet":"max-snippet:-1","max-image-preview":"max-image-preview:large","max-video-preview":"max-video-preview:-1"},"canonical":"https:\/\/www.noubarris.net\/web40\/25-milions-per-regenerar-lurbanisme-de-canyelles\/","og_locale":"ca_ES","og_type":"article","og_title":"2,5 milions per regenerar l'urbanisme de Canyelles - NouBarris.Net","og_description":"L&#8217;Ajuntament dobla les ajudes per a la rehabilitaci\u00f3 i l\u2019estalvi energ\u00e8tic al 2021 amb\u00a0 prop de 37 milions d&#8217;euros L&#8217;Ajuntament","og_url":"https:\/\/www.noubarris.net\/web40\/25-milions-per-regenerar-lurbanisme-de-canyelles\/","og_site_name":"NouBarris.Net","article_publisher":"https:\/\/www.facebook.com\/NouBarris.net\/?locale=es_ES","article_published_time":"2021-10-21T22:00:41+00:00","og_image":[{"width":768,"height":432,"url":"https:\/\/www.noubarris.net\/web40\/wp-content\/uploads\/2021\/10\/221021.jpg","type":"image\/jpeg"}],"author":"Informatius","twitter_card":"summary_large_image","twitter_creator":"@9BTV","twitter_site":"@9BTV","twitter_misc":{"Escrit per":"Informatius","Temps estimat de lectura":"2 minuts"},"schema":{"@context":"https:\/\/schema.org","@graph":[{"@type":"Article","@id":"https:\/\/www.noubarris.net\/web40\/25-milions-per-regenerar-lurbanisme-de-canyelles\/#article","isPartOf":{"@id":"https:\/\/www.noubarris.net\/web40\/25-milions-per-regenerar-lurbanisme-de-canyelles\/"},"author":{"name":"Informatius","@id":"https:\/\/www.noubarris.net\/web40\/#\/schema\/person\/1827f92aaa316c54abbf4dac0de76069"},"headline":"2,5 milions per regenerar l&#8217;urbanisme de Canyelles","datePublished":"2021-10-21T22:00:41+00:00","mainEntityOfPage":{"@id":"https:\/\/www.noubarris.net\/web40\/25-milions-per-regenerar-lurbanisme-de-canyelles\/"},"wordCount":435,"publisher":{"@id":"https:\/\/www.noubarris.net\/web40\/#organization"},"image":{"@id":"https:\/\/www.noubarris.net\/web40\/25-milions-per-regenerar-lurbanisme-de-canyelles\/#primaryimage"},"thumbnailUrl":"https:\/\/www.noubarris.net\/web40\/wp-content\/uploads\/2021\/10\/221021.jpg","keywords":["Urbanisme"],"articleSection":["Canyelles","Urbanisme"],"inLanguage":"ca"},{"@type":"WebPage","@id":"https:\/\/www.noubarris.net\/web40\/25-milions-per-regenerar-lurbanisme-de-canyelles\/","url":"https:\/\/www.noubarris.net\/web40\/25-milions-per-regenerar-lurbanisme-de-canyelles\/","name":"2,5 milions per regenerar l'urbanisme de Canyelles - NouBarris.Net","isPartOf":{"@id":"https:\/\/www.noubarris.net\/web40\/#website"},"primaryImageOfPage":{"@id":"https:\/\/www.noubarris.net\/web40\/25-milions-per-regenerar-lurbanisme-de-canyelles\/#primaryimage"},"image":{"@id":"https:\/\/www.noubarris.net\/web40\/25-milions-per-regenerar-lurbanisme-de-canyelles\/#primaryimage"},"thumbnailUrl":"https:\/\/www.noubarris.net\/web40\/wp-content\/uploads\/2021\/10\/221021.jpg","datePublished":"2021-10-21T22:00:41+00:00","breadcrumb":{"@id":"https:\/\/www.noubarris.net\/web40\/25-milions-per-regenerar-lurbanisme-de-canyelles\/#breadcrumb"},"inLanguage":"ca","potentialAction":[{"@type":"ReadAction","target":["https:\/\/www.noubarris.net\/web40\/25-milions-per-regenerar-lurbanisme-de-canyelles\/"]}]},{"@type":"ImageObject","inLanguage":"ca","@id":"https:\/\/www.noubarris.net\/web40\/25-milions-per-regenerar-lurbanisme-de-canyelles\/#primaryimage","url":"https:\/\/www.noubarris.net\/web40\/wp-content\/uploads\/2021\/10\/221021.jpg","contentUrl":"https:\/\/www.noubarris.net\/web40\/wp-content\/uploads\/2021\/10\/221021.jpg","width":768,"height":432},{"@type":"BreadcrumbList","@id":"https:\/\/www.noubarris.net\/web40\/25-milions-per-regenerar-lurbanisme-de-canyelles\/#breadcrumb","itemListElement":[{"@type":"ListItem","position":1,"name":"Inici","item":"https:\/\/www.noubarris.net\/web40\/"},{"@type":"ListItem","position":2,"name":"2,5 milions per regenerar l&#8217;urbanisme de Canyelles"}]},{"@type":"WebSite","@id":"https:\/\/www.noubarris.net\/web40\/#website","url":"https:\/\/www.noubarris.net\/web40\/","name":"NouBarris.Net","description":"Seguint la vida de Nou Barris des de 1985","publisher":{"@id":"https:\/\/www.noubarris.net\/web40\/#organization"},"potentialAction":[{"@type":"SearchAction","target":{"@type":"EntryPoint","urlTemplate":"https:\/\/www.noubarris.net\/web40\/?s={search_term_string}"},"query-input":{"@type":"PropertyValueSpecification","valueRequired":true,"valueName":"search_term_string"}}],"inLanguage":"ca"},{"@type":"Organization","@id":"https:\/\/www.noubarris.net\/web40\/#organization","name":"NouBarris.Net","url":"https:\/\/www.noubarris.net\/web40\/","logo":{"@type":"ImageObject","inLanguage":"ca","@id":"https:\/\/www.noubarris.net\/web40\/#\/schema\/logo\/image\/","url":"https:\/\/www.noubarris.net\/web40\/wp-content\/uploads\/2024\/11\/cropped-cropped-LOGO_9BTV-2024_Insta-1.jpg","contentUrl":"https:\/\/www.noubarris.net\/web40\/wp-content\/uploads\/2024\/11\/cropped-cropped-LOGO_9BTV-2024_Insta-1.jpg","width":512,"height":512,"caption":"NouBarris.Net"},"image":{"@id":"https:\/\/www.noubarris.net\/web40\/#\/schema\/logo\/image\/"},"sameAs":["https:\/\/www.facebook.com\/NouBarris.net\/?locale=es_ES","https:\/\/x.com\/9BTV"]},{"@type":"Person","@id":"https:\/\/www.noubarris.net\/web40\/#\/schema\/person\/1827f92aaa316c54abbf4dac0de76069","name":"Informatius","image":{"@type":"ImageObject","inLanguage":"ca","@id":"https:\/\/www.noubarris.net\/web40\/#\/schema\/person\/image\/","url":"https:\/\/secure.gravatar.com\/avatar\/87a3b47928835fc72c6ee5b0e1a7263ef0c2d05003a98189bc14926c5f11bcdb?s=96&d=mm&r=g","contentUrl":"https:\/\/secure.gravatar.com\/avatar\/87a3b47928835fc72c6ee5b0e1a7263ef0c2d05003a98189bc14926c5f11bcdb?s=96&d=mm&r=g","caption":"Informatius"},"url":"https:\/\/www.noubarris.net\/web40\/author\/tele\/"}]}},"_links":{"self":[{"href":"https:\/\/www.noubarris.net\/web40\/wp-json\/wp\/v2\/posts\/78015","targetHints":{"allow":["GET"]}}],"collection":[{"href":"https:\/\/www.noubarris.net\/web40\/wp-json\/wp\/v2\/posts"}],"about":[{"href":"https:\/\/www.noubarris.net\/web40\/wp-json\/wp\/v2\/types\/post"}],"author":[{"embeddable":true,"href":"https:\/\/www.noubarris.net\/web40\/wp-json\/wp\/v2\/users\/2"}],"replies":[{"embeddable":true,"href":"https:\/\/www.noubarris.net\/web40\/wp-json\/wp\/v2\/comments?post=78015"}],"version-history":[{"count":5,"href":"https:\/\/www.noubarris.net\/web40\/wp-json\/wp\/v2\/posts\/78015\/revisions"}],"predecessor-version":[{"id":78021,"href":"https:\/\/www.noubarris.net\/web40\/wp-json\/wp\/v2\/posts\/78015\/revisions\/78021"}],"wp:featuredmedia":[{"embeddable":true,"href":"https:\/\/www.noubarris.net\/web40\/wp-json\/wp\/v2\/media\/78019"}],"wp:attachment":[{"href":"https:\/\/www.noubarris.net\/web40\/wp-json\/wp\/v2\/media?parent=78015"}],"wp:term":[{"taxonomy":"category","embeddable":true,"href":"https:\/\/www.noubarris.net\/web40\/wp-json\/wp\/v2\/categories?post=78015"},{"taxonomy":"post_tag","embeddable":true,"href":"https:\/\/www.noubarris.net\/web40\/wp-json\/wp\/v2\/tags?post=78015"}],"curies":[{"name":"wp","href":"https:\/\/api.w.org\/{rel}","templated":true}]}}