{"id":78028,"date":"2021-10-24T00:00:10","date_gmt":"2021-10-23T22:00:10","guid":{"rendered":"http:\/\/www.noubarris.net\/web40\/?p=78028"},"modified":"2021-10-22T20:30:45","modified_gmt":"2021-10-22T18:30:45","slug":"la-trinitat-nova-inaugura-la-remodelacio-de-lilla-portlligat-aiguablava","status":"publish","type":"post","link":"https:\/\/www.noubarris.net\/web40\/la-trinitat-nova-inaugura-la-remodelacio-de-lilla-portlligat-aiguablava\/","title":{"rendered":"La Trinitat Nova inaugura la remodelaci\u00f3 de l&#8217;illa Portlligat-Aiguablava"},"content":{"rendered":"<p><strong>Les obres han millorat la mobilitat, l&#8217;enllumenat i l&#8217;accessibilitat de l&#8217;espai<\/strong><\/p>\n<p>Els ve\u00efns i ve\u00efnes de l&#8217;illa compresa entre els carrers de Portlligat, Nou Barris i d&#8217;Aiguablava celebren avui el final de les obres que ha reurbanitzat l&#8217;interior dels seus blocs. Les obres van comen\u00e7ar la primavera de 2019, despr\u00e9s d&#8217;un proc\u00e9s participatiu amb el ve\u00efnat, que feia anys que reclamava una reurbanitzaci\u00f3 d&#8217;uns interiors que dataven dels anys 60. El resultat del proc\u00e9s participatiu ha definit uns nous espais interiors m\u00e9s amables, m\u00e9s verds i amb una millor accessibilitat. Ja queden enrere les placetes i escales degradades pel pas del temps, per deixar pas a nous itineraris amb rampes, zones d&#8217;estada i mobiliari urb\u00e0 nou. A m\u00e9s, s&#8217;ha millorat la xarxa de clavegueram i la xarxa el\u00e8ctrica, que ha posat fi a les apagades de llum que van patir els ve\u00efns l&#8217;hivern passat.<\/p>\n<p>Tamb\u00e9 s&#8217;ha fet m\u00e9s accessible la connexi\u00f3 amb l&#8217;entorn. D&#8217;una banda amb el carrer dels Nou Barris i la pla\u00e7a de les Dones de Nou Barris. Per\u00f2 sobretot amb l&#8217;avinguda d&#8217;Aiguablava, l&#8217;estaci\u00f3 de metro i la part baixa de la Trinitat Nova, ja que s&#8217;ha instal\u00b7lat un ascensor ben a prop de les escales mec\u00e0niques, que nom\u00e9s s\u00f3n de pujada. A m\u00e9s, s&#8217;han construit unes escales manuals a l&#8217;altura del carrer de Fenals,\u00a0 amb la d&#8217;escur\u00e7ar el cam\u00ed dels ve\u00efnsi ve\u00efnes quan baixen o pugen a Aiguablava. Fins ara, havien d&#8217;anar a una o altra banda del gran mur sobre el que se situa l&#8217;illa.<\/p>\n<p>La festa d&#8217;inauguraci\u00f3 de tot plegat est\u00e0 prevista per a aquesta tarda, a partir de les 16h, al carrer de Portlligat, 14-16, un indret conegut popularment com l&#8217;antiga pla\u00e7a de les Canastes. Hi haur\u00e0 circ i la tamborinada de les Bruixes i Bruixots de la Trinitat Nova.<\/p>\n<p>\u00a0<\/p>\n\n\n<figure class=\"wp-block-image size-large\"><img loading=\"lazy\" decoding=\"async\" width=\"724\" height=\"1024\" src=\"https:\/\/www.noubarris.net\/web40\/wp-content\/uploads\/2021\/10\/festaillaportlligat-724x1024.jpg\" alt=\"\" class=\"wp-image-78031\" srcset=\"https:\/\/www.noubarris.net\/web40\/wp-content\/uploads\/2021\/10\/festaillaportlligat-724x1024.jpg 724w, https:\/\/www.noubarris.net\/web40\/wp-content\/uploads\/2021\/10\/festaillaportlligat-212x300.jpg 212w, https:\/\/www.noubarris.net\/web40\/wp-content\/uploads\/2021\/10\/festaillaportlligat-768x1087.jpg 768w, https:\/\/www.noubarris.net\/web40\/wp-content\/uploads\/2021\/10\/festaillaportlligat-600x849.jpg 600w, https:\/\/www.noubarris.net\/web40\/wp-content\/uploads\/2021\/10\/festaillaportlligat-150x212.jpg 150w, https:\/\/www.noubarris.net\/web40\/wp-content\/uploads\/2021\/10\/festaillaportlligat.jpg 848w\" sizes=\"auto, (max-width: 724px) 100vw, 724px\" \/><\/figure>\n","protected":false},"excerpt":{"rendered":"<p>Les obres han millorat la mobilitat, l&#8217;enllumenat i l&#8217;accessibilitat de l&#8217;espai Els ve\u00efns i ve\u00efnes de l&#8217;illa compresa entre els<\/p>\n","protected":false},"author":2,"featured_media":78029,"comment_status":"closed","ping_status":"closed","sticky":false,"template":"","format":"standard","meta":{"colormag_page_layout":"default_layout","_monsterinsights_skip_tracking":false,"_monsterinsights_sitenote_active":false,"_monsterinsights_sitenote_note":"","_monsterinsights_sitenote_category":0,"footnotes":""},"categories":[138,302],"tags":[69],"class_list":["post-78028","post","type-post","status-publish","format-standard","has-post-thumbnail","hentry","category-la-trinitat-nova","category-urbanisme","tag-urbanisme"],"yoast_head":"<!-- This site is optimized with the Yoast SEO plugin v25.3 - https:\/\/yoast.com\/wordpress\/plugins\/seo\/ -->\n<title>La Trinitat Nova inaugura la remodelaci\u00f3 de l&#039;illa Portlligat-Aiguablava - NouBarris.Net<\/title>\n<meta name=\"robots\" content=\"index, follow, max-snippet:-1, max-image-preview:large, max-video-preview:-1\" \/>\n<link rel=\"canonical\" href=\"https:\/\/www.noubarris.net\/web40\/la-trinitat-nova-inaugura-la-remodelacio-de-lilla-portlligat-aiguablava\/\" \/>\n<meta property=\"og:locale\" content=\"ca_ES\" \/>\n<meta property=\"og:type\" content=\"article\" \/>\n<meta property=\"og:title\" content=\"La Trinitat Nova inaugura la remodelaci\u00f3 de l&#039;illa Portlligat-Aiguablava - NouBarris.Net\" \/>\n<meta property=\"og:description\" content=\"Les obres han millorat la mobilitat, l&#8217;enllumenat i l&#8217;accessibilitat de l&#8217;espai Els ve\u00efns i ve\u00efnes de l&#8217;illa compresa entre els\" \/>\n<meta property=\"og:url\" content=\"https:\/\/www.noubarris.net\/web40\/la-trinitat-nova-inaugura-la-remodelacio-de-lilla-portlligat-aiguablava\/\" \/>\n<meta property=\"og:site_name\" content=\"NouBarris.Net\" \/>\n<meta property=\"article:publisher\" content=\"https:\/\/www.facebook.com\/NouBarris.net\/?locale=es_ES\" \/>\n<meta property=\"article:published_time\" content=\"2021-10-23T22:00:10+00:00\" \/>\n<meta property=\"og:image\" content=\"https:\/\/www.noubarris.net\/web40\/wp-content\/uploads\/2021\/10\/241021.jpg\" \/>\n\t<meta property=\"og:image:width\" content=\"768\" \/>\n\t<meta property=\"og:image:height\" content=\"432\" \/>\n\t<meta property=\"og:image:type\" content=\"image\/jpeg\" \/>\n<meta name=\"author\" content=\"Informatius\" \/>\n<meta name=\"twitter:card\" content=\"summary_large_image\" \/>\n<meta name=\"twitter:creator\" content=\"@9BTV\" \/>\n<meta name=\"twitter:site\" content=\"@9BTV\" \/>\n<meta name=\"twitter:label1\" content=\"Escrit per\" \/>\n\t<meta name=\"twitter:data1\" content=\"Informatius\" \/>\n\t<meta name=\"twitter:label2\" content=\"Temps estimat de lectura\" \/>\n\t<meta name=\"twitter:data2\" content=\"2 minuts\" \/>\n<script type=\"application\/ld+json\" class=\"yoast-schema-graph\">{\"@context\":\"https:\/\/schema.org\",\"@graph\":[{\"@type\":\"Article\",\"@id\":\"https:\/\/www.noubarris.net\/web40\/la-trinitat-nova-inaugura-la-remodelacio-de-lilla-portlligat-aiguablava\/#article\",\"isPartOf\":{\"@id\":\"https:\/\/www.noubarris.net\/web40\/la-trinitat-nova-inaugura-la-remodelacio-de-lilla-portlligat-aiguablava\/\"},\"author\":{\"name\":\"Informatius\",\"@id\":\"https:\/\/www.noubarris.net\/web40\/#\/schema\/person\/1827f92aaa316c54abbf4dac0de76069\"},\"headline\":\"La Trinitat Nova inaugura la remodelaci\u00f3 de l&#8217;illa Portlligat-Aiguablava\",\"datePublished\":\"2021-10-23T22:00:10+00:00\",\"mainEntityOfPage\":{\"@id\":\"https:\/\/www.noubarris.net\/web40\/la-trinitat-nova-inaugura-la-remodelacio-de-lilla-portlligat-aiguablava\/\"},\"wordCount\":352,\"publisher\":{\"@id\":\"https:\/\/www.noubarris.net\/web40\/#organization\"},\"image\":{\"@id\":\"https:\/\/www.noubarris.net\/web40\/la-trinitat-nova-inaugura-la-remodelacio-de-lilla-portlligat-aiguablava\/#primaryimage\"},\"thumbnailUrl\":\"https:\/\/www.noubarris.net\/web40\/wp-content\/uploads\/2021\/10\/241021.jpg\",\"keywords\":[\"Urbanisme\"],\"articleSection\":[\"La Trinitat Nova\",\"Urbanisme\"],\"inLanguage\":\"ca\"},{\"@type\":\"WebPage\",\"@id\":\"https:\/\/www.noubarris.net\/web40\/la-trinitat-nova-inaugura-la-remodelacio-de-lilla-portlligat-aiguablava\/\",\"url\":\"https:\/\/www.noubarris.net\/web40\/la-trinitat-nova-inaugura-la-remodelacio-de-lilla-portlligat-aiguablava\/\",\"name\":\"La Trinitat Nova inaugura la remodelaci\u00f3 de l'illa Portlligat-Aiguablava - NouBarris.Net\",\"isPartOf\":{\"@id\":\"https:\/\/www.noubarris.net\/web40\/#website\"},\"primaryImageOfPage\":{\"@id\":\"https:\/\/www.noubarris.net\/web40\/la-trinitat-nova-inaugura-la-remodelacio-de-lilla-portlligat-aiguablava\/#primaryimage\"},\"image\":{\"@id\":\"https:\/\/www.noubarris.net\/web40\/la-trinitat-nova-inaugura-la-remodelacio-de-lilla-portlligat-aiguablava\/#primaryimage\"},\"thumbnailUrl\":\"https:\/\/www.noubarris.net\/web40\/wp-content\/uploads\/2021\/10\/241021.jpg\",\"datePublished\":\"2021-10-23T22:00:10+00:00\",\"breadcrumb\":{\"@id\":\"https:\/\/www.noubarris.net\/web40\/la-trinitat-nova-inaugura-la-remodelacio-de-lilla-portlligat-aiguablava\/#breadcrumb\"},\"inLanguage\":\"ca\",\"potentialAction\":[{\"@type\":\"ReadAction\",\"target\":[\"https:\/\/www.noubarris.net\/web40\/la-trinitat-nova-inaugura-la-remodelacio-de-lilla-portlligat-aiguablava\/\"]}]},{\"@type\":\"ImageObject\",\"inLanguage\":\"ca\",\"@id\":\"https:\/\/www.noubarris.net\/web40\/la-trinitat-nova-inaugura-la-remodelacio-de-lilla-portlligat-aiguablava\/#primaryimage\",\"url\":\"https:\/\/www.noubarris.net\/web40\/wp-content\/uploads\/2021\/10\/241021.jpg\",\"contentUrl\":\"https:\/\/www.noubarris.net\/web40\/wp-content\/uploads\/2021\/10\/241021.jpg\",\"width\":768,\"height\":432},{\"@type\":\"BreadcrumbList\",\"@id\":\"https:\/\/www.noubarris.net\/web40\/la-trinitat-nova-inaugura-la-remodelacio-de-lilla-portlligat-aiguablava\/#breadcrumb\",\"itemListElement\":[{\"@type\":\"ListItem\",\"position\":1,\"name\":\"Inici\",\"item\":\"https:\/\/www.noubarris.net\/web40\/\"},{\"@type\":\"ListItem\",\"position\":2,\"name\":\"La Trinitat Nova inaugura la remodelaci\u00f3 de l&#8217;illa Portlligat-Aiguablava\"}]},{\"@type\":\"WebSite\",\"@id\":\"https:\/\/www.noubarris.net\/web40\/#website\",\"url\":\"https:\/\/www.noubarris.net\/web40\/\",\"name\":\"NouBarris.Net\",\"description\":\"Seguint la vida de Nou Barris des de 1985\",\"publisher\":{\"@id\":\"https:\/\/www.noubarris.net\/web40\/#organization\"},\"potentialAction\":[{\"@type\":\"SearchAction\",\"target\":{\"@type\":\"EntryPoint\",\"urlTemplate\":\"https:\/\/www.noubarris.net\/web40\/?s={search_term_string}\"},\"query-input\":{\"@type\":\"PropertyValueSpecification\",\"valueRequired\":true,\"valueName\":\"search_term_string\"}}],\"inLanguage\":\"ca\"},{\"@type\":\"Organization\",\"@id\":\"https:\/\/www.noubarris.net\/web40\/#organization\",\"name\":\"NouBarris.Net\",\"url\":\"https:\/\/www.noubarris.net\/web40\/\",\"logo\":{\"@type\":\"ImageObject\",\"inLanguage\":\"ca\",\"@id\":\"https:\/\/www.noubarris.net\/web40\/#\/schema\/logo\/image\/\",\"url\":\"https:\/\/www.noubarris.net\/web40\/wp-content\/uploads\/2024\/11\/cropped-cropped-LOGO_9BTV-2024_Insta-1.jpg\",\"contentUrl\":\"https:\/\/www.noubarris.net\/web40\/wp-content\/uploads\/2024\/11\/cropped-cropped-LOGO_9BTV-2024_Insta-1.jpg\",\"width\":512,\"height\":512,\"caption\":\"NouBarris.Net\"},\"image\":{\"@id\":\"https:\/\/www.noubarris.net\/web40\/#\/schema\/logo\/image\/\"},\"sameAs\":[\"https:\/\/www.facebook.com\/NouBarris.net\/?locale=es_ES\",\"https:\/\/x.com\/9BTV\"]},{\"@type\":\"Person\",\"@id\":\"https:\/\/www.noubarris.net\/web40\/#\/schema\/person\/1827f92aaa316c54abbf4dac0de76069\",\"name\":\"Informatius\",\"image\":{\"@type\":\"ImageObject\",\"inLanguage\":\"ca\",\"@id\":\"https:\/\/www.noubarris.net\/web40\/#\/schema\/person\/image\/\",\"url\":\"https:\/\/secure.gravatar.com\/avatar\/87a3b47928835fc72c6ee5b0e1a7263ef0c2d05003a98189bc14926c5f11bcdb?s=96&d=mm&r=g\",\"contentUrl\":\"https:\/\/secure.gravatar.com\/avatar\/87a3b47928835fc72c6ee5b0e1a7263ef0c2d05003a98189bc14926c5f11bcdb?s=96&d=mm&r=g\",\"caption\":\"Informatius\"},\"url\":\"https:\/\/www.noubarris.net\/web40\/author\/tele\/\"}]}<\/script>\n<!-- \/ Yoast SEO plugin. -->","yoast_head_json":{"title":"La Trinitat Nova inaugura la remodelaci\u00f3 de l'illa Portlligat-Aiguablava - NouBarris.Net","robots":{"index":"index","follow":"follow","max-snippet":"max-snippet:-1","max-image-preview":"max-image-preview:large","max-video-preview":"max-video-preview:-1"},"canonical":"https:\/\/www.noubarris.net\/web40\/la-trinitat-nova-inaugura-la-remodelacio-de-lilla-portlligat-aiguablava\/","og_locale":"ca_ES","og_type":"article","og_title":"La Trinitat Nova inaugura la remodelaci\u00f3 de l'illa Portlligat-Aiguablava - NouBarris.Net","og_description":"Les obres han millorat la mobilitat, l&#8217;enllumenat i l&#8217;accessibilitat de l&#8217;espai Els ve\u00efns i ve\u00efnes de l&#8217;illa compresa entre els","og_url":"https:\/\/www.noubarris.net\/web40\/la-trinitat-nova-inaugura-la-remodelacio-de-lilla-portlligat-aiguablava\/","og_site_name":"NouBarris.Net","article_publisher":"https:\/\/www.facebook.com\/NouBarris.net\/?locale=es_ES","article_published_time":"2021-10-23T22:00:10+00:00","og_image":[{"width":768,"height":432,"url":"https:\/\/www.noubarris.net\/web40\/wp-content\/uploads\/2021\/10\/241021.jpg","type":"image\/jpeg"}],"author":"Informatius","twitter_card":"summary_large_image","twitter_creator":"@9BTV","twitter_site":"@9BTV","twitter_misc":{"Escrit per":"Informatius","Temps estimat de lectura":"2 minuts"},"schema":{"@context":"https:\/\/schema.org","@graph":[{"@type":"Article","@id":"https:\/\/www.noubarris.net\/web40\/la-trinitat-nova-inaugura-la-remodelacio-de-lilla-portlligat-aiguablava\/#article","isPartOf":{"@id":"https:\/\/www.noubarris.net\/web40\/la-trinitat-nova-inaugura-la-remodelacio-de-lilla-portlligat-aiguablava\/"},"author":{"name":"Informatius","@id":"https:\/\/www.noubarris.net\/web40\/#\/schema\/person\/1827f92aaa316c54abbf4dac0de76069"},"headline":"La Trinitat Nova inaugura la remodelaci\u00f3 de l&#8217;illa Portlligat-Aiguablava","datePublished":"2021-10-23T22:00:10+00:00","mainEntityOfPage":{"@id":"https:\/\/www.noubarris.net\/web40\/la-trinitat-nova-inaugura-la-remodelacio-de-lilla-portlligat-aiguablava\/"},"wordCount":352,"publisher":{"@id":"https:\/\/www.noubarris.net\/web40\/#organization"},"image":{"@id":"https:\/\/www.noubarris.net\/web40\/la-trinitat-nova-inaugura-la-remodelacio-de-lilla-portlligat-aiguablava\/#primaryimage"},"thumbnailUrl":"https:\/\/www.noubarris.net\/web40\/wp-content\/uploads\/2021\/10\/241021.jpg","keywords":["Urbanisme"],"articleSection":["La Trinitat Nova","Urbanisme"],"inLanguage":"ca"},{"@type":"WebPage","@id":"https:\/\/www.noubarris.net\/web40\/la-trinitat-nova-inaugura-la-remodelacio-de-lilla-portlligat-aiguablava\/","url":"https:\/\/www.noubarris.net\/web40\/la-trinitat-nova-inaugura-la-remodelacio-de-lilla-portlligat-aiguablava\/","name":"La Trinitat Nova inaugura la remodelaci\u00f3 de l'illa Portlligat-Aiguablava - NouBarris.Net","isPartOf":{"@id":"https:\/\/www.noubarris.net\/web40\/#website"},"primaryImageOfPage":{"@id":"https:\/\/www.noubarris.net\/web40\/la-trinitat-nova-inaugura-la-remodelacio-de-lilla-portlligat-aiguablava\/#primaryimage"},"image":{"@id":"https:\/\/www.noubarris.net\/web40\/la-trinitat-nova-inaugura-la-remodelacio-de-lilla-portlligat-aiguablava\/#primaryimage"},"thumbnailUrl":"https:\/\/www.noubarris.net\/web40\/wp-content\/uploads\/2021\/10\/241021.jpg","datePublished":"2021-10-23T22:00:10+00:00","breadcrumb":{"@id":"https:\/\/www.noubarris.net\/web40\/la-trinitat-nova-inaugura-la-remodelacio-de-lilla-portlligat-aiguablava\/#breadcrumb"},"inLanguage":"ca","potentialAction":[{"@type":"ReadAction","target":["https:\/\/www.noubarris.net\/web40\/la-trinitat-nova-inaugura-la-remodelacio-de-lilla-portlligat-aiguablava\/"]}]},{"@type":"ImageObject","inLanguage":"ca","@id":"https:\/\/www.noubarris.net\/web40\/la-trinitat-nova-inaugura-la-remodelacio-de-lilla-portlligat-aiguablava\/#primaryimage","url":"https:\/\/www.noubarris.net\/web40\/wp-content\/uploads\/2021\/10\/241021.jpg","contentUrl":"https:\/\/www.noubarris.net\/web40\/wp-content\/uploads\/2021\/10\/241021.jpg","width":768,"height":432},{"@type":"BreadcrumbList","@id":"https:\/\/www.noubarris.net\/web40\/la-trinitat-nova-inaugura-la-remodelacio-de-lilla-portlligat-aiguablava\/#breadcrumb","itemListElement":[{"@type":"ListItem","position":1,"name":"Inici","item":"https:\/\/www.noubarris.net\/web40\/"},{"@type":"ListItem","position":2,"name":"La Trinitat Nova inaugura la remodelaci\u00f3 de l&#8217;illa Portlligat-Aiguablava"}]},{"@type":"WebSite","@id":"https:\/\/www.noubarris.net\/web40\/#website","url":"https:\/\/www.noubarris.net\/web40\/","name":"NouBarris.Net","description":"Seguint la vida de Nou Barris des de 1985","publisher":{"@id":"https:\/\/www.noubarris.net\/web40\/#organization"},"potentialAction":[{"@type":"SearchAction","target":{"@type":"EntryPoint","urlTemplate":"https:\/\/www.noubarris.net\/web40\/?s={search_term_string}"},"query-input":{"@type":"PropertyValueSpecification","valueRequired":true,"valueName":"search_term_string"}}],"inLanguage":"ca"},{"@type":"Organization","@id":"https:\/\/www.noubarris.net\/web40\/#organization","name":"NouBarris.Net","url":"https:\/\/www.noubarris.net\/web40\/","logo":{"@type":"ImageObject","inLanguage":"ca","@id":"https:\/\/www.noubarris.net\/web40\/#\/schema\/logo\/image\/","url":"https:\/\/www.noubarris.net\/web40\/wp-content\/uploads\/2024\/11\/cropped-cropped-LOGO_9BTV-2024_Insta-1.jpg","contentUrl":"https:\/\/www.noubarris.net\/web40\/wp-content\/uploads\/2024\/11\/cropped-cropped-LOGO_9BTV-2024_Insta-1.jpg","width":512,"height":512,"caption":"NouBarris.Net"},"image":{"@id":"https:\/\/www.noubarris.net\/web40\/#\/schema\/logo\/image\/"},"sameAs":["https:\/\/www.facebook.com\/NouBarris.net\/?locale=es_ES","https:\/\/x.com\/9BTV"]},{"@type":"Person","@id":"https:\/\/www.noubarris.net\/web40\/#\/schema\/person\/1827f92aaa316c54abbf4dac0de76069","name":"Informatius","image":{"@type":"ImageObject","inLanguage":"ca","@id":"https:\/\/www.noubarris.net\/web40\/#\/schema\/person\/image\/","url":"https:\/\/secure.gravatar.com\/avatar\/87a3b47928835fc72c6ee5b0e1a7263ef0c2d05003a98189bc14926c5f11bcdb?s=96&d=mm&r=g","contentUrl":"https:\/\/secure.gravatar.com\/avatar\/87a3b47928835fc72c6ee5b0e1a7263ef0c2d05003a98189bc14926c5f11bcdb?s=96&d=mm&r=g","caption":"Informatius"},"url":"https:\/\/www.noubarris.net\/web40\/author\/tele\/"}]}},"_links":{"self":[{"href":"https:\/\/www.noubarris.net\/web40\/wp-json\/wp\/v2\/posts\/78028","targetHints":{"allow":["GET"]}}],"collection":[{"href":"https:\/\/www.noubarris.net\/web40\/wp-json\/wp\/v2\/posts"}],"about":[{"href":"https:\/\/www.noubarris.net\/web40\/wp-json\/wp\/v2\/types\/post"}],"author":[{"embeddable":true,"href":"https:\/\/www.noubarris.net\/web40\/wp-json\/wp\/v2\/users\/2"}],"replies":[{"embeddable":true,"href":"https:\/\/www.noubarris.net\/web40\/wp-json\/wp\/v2\/comments?post=78028"}],"version-history":[{"count":2,"href":"https:\/\/www.noubarris.net\/web40\/wp-json\/wp\/v2\/posts\/78028\/revisions"}],"predecessor-version":[{"id":78032,"href":"https:\/\/www.noubarris.net\/web40\/wp-json\/wp\/v2\/posts\/78028\/revisions\/78032"}],"wp:featuredmedia":[{"embeddable":true,"href":"https:\/\/www.noubarris.net\/web40\/wp-json\/wp\/v2\/media\/78029"}],"wp:attachment":[{"href":"https:\/\/www.noubarris.net\/web40\/wp-json\/wp\/v2\/media?parent=78028"}],"wp:term":[{"taxonomy":"category","embeddable":true,"href":"https:\/\/www.noubarris.net\/web40\/wp-json\/wp\/v2\/categories?post=78028"},{"taxonomy":"post_tag","embeddable":true,"href":"https:\/\/www.noubarris.net\/web40\/wp-json\/wp\/v2\/tags?post=78028"}],"curies":[{"name":"wp","href":"https:\/\/api.w.org\/{rel}","templated":true}]}}