{"id":78038,"date":"2021-10-26T00:00:42","date_gmt":"2021-10-25T22:00:42","guid":{"rendered":"http:\/\/www.noubarris.net\/web40\/?p=78038"},"modified":"2021-10-25T18:43:29","modified_gmt":"2021-10-25T16:43:29","slug":"darrera-setmana-per-sollicitar-els-ajuts-durgencia-social-associats-a-lhabitatge","status":"publish","type":"post","link":"https:\/\/www.noubarris.net\/web40\/darrera-setmana-per-sollicitar-els-ajuts-durgencia-social-associats-a-lhabitatge\/","title":{"rendered":"Darrera setmana per sol\u00b7licitar els ajuts d&#8217;urg\u00e8ncia social associats a l&#8217;habitatge"},"content":{"rendered":"<p><strong>S\u00f3n prestacions econ\u00f2miques dirigides a persones i unitats de conviv\u00e8ncia amb pocs recursos econ\u00f2mics i en situaci\u00f3 de vulnerabilitat<\/strong><\/p>\n<p>La finalitat dels ajuts d&#8217;urg\u00e8ncia social \u00e9s contribuir al sosteniment de les fam\u00edlies que viuen un moment de dificultat econ\u00f2mica a trav\u00e9s d&#8217;una compensaci\u00f3 parcial de la c\u00e0rrega econ\u00f2mica que representa el seu habitatge habitual a la ciutat de Barcelona.<\/p>\n<p>La presentaci\u00f3 de les sol\u00b7licituds es pot fer fins al 29 d&#8217;octubre a trav\u00e9s de:<\/p>\n<ul>\n<li>L\u2019Oficina de Prestacions Socials i Econ\u00f2miques, demanant cita pr\u00e8via al tel\u00e8fon 93 256 56 48<\/li>\n<li>L\u2019Oficina virtual de tr\u00e0mits, de\u00a0<a href=\"https:\/\/seuelectronica.ajuntament.barcelona.cat\/oficinavirtual\/ca\/tramit\/20210001500\" target=\"_blank\" rel=\"noopener\">forma telem\u00e0tica<\/a><\/li>\n<li>Les Oficines d\u2019Atenci\u00f3 Ciutadana de l\u2019Ajuntament (OAC), demanant\u00a0<a href=\"https:\/\/seuelectronica.ajuntament.barcelona.cat\/oficinavirtual\/ca\/tramit\/20100001515\" target=\"_blank\" rel=\"noopener\">cita pr\u00e8via<\/a><\/li>\n<\/ul>\n<p>Les persones que sol\u00b7licitin aquests ajuts han de complir els requisits seg\u00fcents, en data 1 de gener de 2021:<\/p>\n<ul>\n<li>Ser titulars de la propietat, usdefruit o lloguer de l\u2019habitatge habitual.<\/li>\n<li>No superar uns ingressos m\u00ednims determinats per les\u00a0<a href=\"https:\/\/bop.diba.cat\/anunci\/3135624\/convocatoria-per-a-l-atorgament-de-prestacions-economiques-d-urgencia-social-associades-a-l-habitatge-habitual-per-a-l-any-2021-ajuntament-de-barcelona-institut-municipal-de-serveis-socials\" target=\"_blank\" rel=\"noopener\">bases<\/a>\u00a0de la prestaci\u00f3.<\/li>\n<li>Estar empadronades a la ciutat de Barcelona entre l\u20191 de gener i el 31 de desembre de 2021.<\/li>\n<li>Estar al corrent de les obligacions fiscals amb l\u2019Ajuntament de Barcelona, altres administracions, i amb la Seguretat Social, en la data de presentaci\u00f3 de la sol\u00b7licitud.<\/li>\n<\/ul>\n","protected":false},"excerpt":{"rendered":"<p>S\u00f3n prestacions econ\u00f2miques dirigides a persones i unitats de conviv\u00e8ncia amb pocs recursos econ\u00f2mics i en situaci\u00f3 de vulnerabilitat La<\/p>\n","protected":false},"author":2,"featured_media":78040,"comment_status":"closed","ping_status":"closed","sticky":false,"template":"","format":"standard","meta":{"colormag_page_layout":"default_layout","_monsterinsights_skip_tracking":false,"_monsterinsights_sitenote_active":false,"_monsterinsights_sitenote_note":"","_monsterinsights_sitenote_category":0,"footnotes":""},"categories":[1,124],"tags":[400,94,319],"class_list":["post-78038","post","type-post","status-publish","format-standard","has-post-thumbnail","hentry","category-nou-barris","category-societat","tag-ajuntament","tag-habitatge","tag-nou-barris"],"yoast_head":"<!-- This site is optimized with the Yoast SEO plugin v25.3 - https:\/\/yoast.com\/wordpress\/plugins\/seo\/ -->\n<title>Darrera setmana per sol\u00b7licitar els ajuts d&#039;urg\u00e8ncia social associats a l&#039;habitatge - NouBarris.Net<\/title>\n<meta name=\"robots\" content=\"index, follow, max-snippet:-1, max-image-preview:large, max-video-preview:-1\" \/>\n<link rel=\"canonical\" href=\"https:\/\/www.noubarris.net\/web40\/darrera-setmana-per-sollicitar-els-ajuts-durgencia-social-associats-a-lhabitatge\/\" \/>\n<meta property=\"og:locale\" content=\"ca_ES\" \/>\n<meta property=\"og:type\" content=\"article\" \/>\n<meta property=\"og:title\" content=\"Darrera setmana per sol\u00b7licitar els ajuts d&#039;urg\u00e8ncia social associats a l&#039;habitatge - NouBarris.Net\" \/>\n<meta property=\"og:description\" content=\"S\u00f3n prestacions econ\u00f2miques dirigides a persones i unitats de conviv\u00e8ncia amb pocs recursos econ\u00f2mics i en situaci\u00f3 de vulnerabilitat La\" \/>\n<meta property=\"og:url\" content=\"https:\/\/www.noubarris.net\/web40\/darrera-setmana-per-sollicitar-els-ajuts-durgencia-social-associats-a-lhabitatge\/\" \/>\n<meta property=\"og:site_name\" content=\"NouBarris.Net\" \/>\n<meta property=\"article:publisher\" content=\"https:\/\/www.facebook.com\/NouBarris.net\/?locale=es_ES\" \/>\n<meta property=\"article:published_time\" content=\"2021-10-25T22:00:42+00:00\" \/>\n<meta property=\"og:image\" content=\"https:\/\/www.noubarris.net\/web40\/wp-content\/uploads\/2021\/10\/261021.jpg\" \/>\n\t<meta property=\"og:image:width\" content=\"768\" \/>\n\t<meta property=\"og:image:height\" content=\"432\" \/>\n\t<meta property=\"og:image:type\" content=\"image\/jpeg\" \/>\n<meta name=\"author\" content=\"Informatius\" \/>\n<meta name=\"twitter:card\" content=\"summary_large_image\" \/>\n<meta name=\"twitter:creator\" content=\"@9BTV\" \/>\n<meta name=\"twitter:site\" content=\"@9BTV\" \/>\n<meta name=\"twitter:label1\" content=\"Escrit per\" \/>\n\t<meta name=\"twitter:data1\" content=\"Informatius\" \/>\n\t<meta name=\"twitter:label2\" content=\"Temps estimat de lectura\" \/>\n\t<meta name=\"twitter:data2\" content=\"1 minut\" \/>\n<script type=\"application\/ld+json\" class=\"yoast-schema-graph\">{\"@context\":\"https:\/\/schema.org\",\"@graph\":[{\"@type\":\"Article\",\"@id\":\"https:\/\/www.noubarris.net\/web40\/darrera-setmana-per-sollicitar-els-ajuts-durgencia-social-associats-a-lhabitatge\/#article\",\"isPartOf\":{\"@id\":\"https:\/\/www.noubarris.net\/web40\/darrera-setmana-per-sollicitar-els-ajuts-durgencia-social-associats-a-lhabitatge\/\"},\"author\":{\"name\":\"Informatius\",\"@id\":\"https:\/\/www.noubarris.net\/web40\/#\/schema\/person\/1827f92aaa316c54abbf4dac0de76069\"},\"headline\":\"Darrera setmana per sol\u00b7licitar els ajuts d&#8217;urg\u00e8ncia social associats a l&#8217;habitatge\",\"datePublished\":\"2021-10-25T22:00:42+00:00\",\"mainEntityOfPage\":{\"@id\":\"https:\/\/www.noubarris.net\/web40\/darrera-setmana-per-sollicitar-els-ajuts-durgencia-social-associats-a-lhabitatge\/\"},\"wordCount\":229,\"publisher\":{\"@id\":\"https:\/\/www.noubarris.net\/web40\/#organization\"},\"image\":{\"@id\":\"https:\/\/www.noubarris.net\/web40\/darrera-setmana-per-sollicitar-els-ajuts-durgencia-social-associats-a-lhabitatge\/#primaryimage\"},\"thumbnailUrl\":\"https:\/\/www.noubarris.net\/web40\/wp-content\/uploads\/2021\/10\/261021.jpg\",\"keywords\":[\"Ajuntament\",\"Habitatge\",\"Nou Barris\"],\"articleSection\":[\"Nou Barris\",\"Societat\"],\"inLanguage\":\"ca\"},{\"@type\":\"WebPage\",\"@id\":\"https:\/\/www.noubarris.net\/web40\/darrera-setmana-per-sollicitar-els-ajuts-durgencia-social-associats-a-lhabitatge\/\",\"url\":\"https:\/\/www.noubarris.net\/web40\/darrera-setmana-per-sollicitar-els-ajuts-durgencia-social-associats-a-lhabitatge\/\",\"name\":\"Darrera setmana per sol\u00b7licitar els ajuts d'urg\u00e8ncia social associats a l'habitatge - NouBarris.Net\",\"isPartOf\":{\"@id\":\"https:\/\/www.noubarris.net\/web40\/#website\"},\"primaryImageOfPage\":{\"@id\":\"https:\/\/www.noubarris.net\/web40\/darrera-setmana-per-sollicitar-els-ajuts-durgencia-social-associats-a-lhabitatge\/#primaryimage\"},\"image\":{\"@id\":\"https:\/\/www.noubarris.net\/web40\/darrera-setmana-per-sollicitar-els-ajuts-durgencia-social-associats-a-lhabitatge\/#primaryimage\"},\"thumbnailUrl\":\"https:\/\/www.noubarris.net\/web40\/wp-content\/uploads\/2021\/10\/261021.jpg\",\"datePublished\":\"2021-10-25T22:00:42+00:00\",\"breadcrumb\":{\"@id\":\"https:\/\/www.noubarris.net\/web40\/darrera-setmana-per-sollicitar-els-ajuts-durgencia-social-associats-a-lhabitatge\/#breadcrumb\"},\"inLanguage\":\"ca\",\"potentialAction\":[{\"@type\":\"ReadAction\",\"target\":[\"https:\/\/www.noubarris.net\/web40\/darrera-setmana-per-sollicitar-els-ajuts-durgencia-social-associats-a-lhabitatge\/\"]}]},{\"@type\":\"ImageObject\",\"inLanguage\":\"ca\",\"@id\":\"https:\/\/www.noubarris.net\/web40\/darrera-setmana-per-sollicitar-els-ajuts-durgencia-social-associats-a-lhabitatge\/#primaryimage\",\"url\":\"https:\/\/www.noubarris.net\/web40\/wp-content\/uploads\/2021\/10\/261021.jpg\",\"contentUrl\":\"https:\/\/www.noubarris.net\/web40\/wp-content\/uploads\/2021\/10\/261021.jpg\",\"width\":768,\"height\":432},{\"@type\":\"BreadcrumbList\",\"@id\":\"https:\/\/www.noubarris.net\/web40\/darrera-setmana-per-sollicitar-els-ajuts-durgencia-social-associats-a-lhabitatge\/#breadcrumb\",\"itemListElement\":[{\"@type\":\"ListItem\",\"position\":1,\"name\":\"Inici\",\"item\":\"https:\/\/www.noubarris.net\/web40\/\"},{\"@type\":\"ListItem\",\"position\":2,\"name\":\"Darrera setmana per sol\u00b7licitar els ajuts d&#8217;urg\u00e8ncia social associats a l&#8217;habitatge\"}]},{\"@type\":\"WebSite\",\"@id\":\"https:\/\/www.noubarris.net\/web40\/#website\",\"url\":\"https:\/\/www.noubarris.net\/web40\/\",\"name\":\"NouBarris.Net\",\"description\":\"Seguint la vida de Nou Barris des de 1985\",\"publisher\":{\"@id\":\"https:\/\/www.noubarris.net\/web40\/#organization\"},\"potentialAction\":[{\"@type\":\"SearchAction\",\"target\":{\"@type\":\"EntryPoint\",\"urlTemplate\":\"https:\/\/www.noubarris.net\/web40\/?s={search_term_string}\"},\"query-input\":{\"@type\":\"PropertyValueSpecification\",\"valueRequired\":true,\"valueName\":\"search_term_string\"}}],\"inLanguage\":\"ca\"},{\"@type\":\"Organization\",\"@id\":\"https:\/\/www.noubarris.net\/web40\/#organization\",\"name\":\"NouBarris.Net\",\"url\":\"https:\/\/www.noubarris.net\/web40\/\",\"logo\":{\"@type\":\"ImageObject\",\"inLanguage\":\"ca\",\"@id\":\"https:\/\/www.noubarris.net\/web40\/#\/schema\/logo\/image\/\",\"url\":\"https:\/\/www.noubarris.net\/web40\/wp-content\/uploads\/2024\/11\/cropped-cropped-LOGO_9BTV-2024_Insta-1.jpg\",\"contentUrl\":\"https:\/\/www.noubarris.net\/web40\/wp-content\/uploads\/2024\/11\/cropped-cropped-LOGO_9BTV-2024_Insta-1.jpg\",\"width\":512,\"height\":512,\"caption\":\"NouBarris.Net\"},\"image\":{\"@id\":\"https:\/\/www.noubarris.net\/web40\/#\/schema\/logo\/image\/\"},\"sameAs\":[\"https:\/\/www.facebook.com\/NouBarris.net\/?locale=es_ES\",\"https:\/\/x.com\/9BTV\"]},{\"@type\":\"Person\",\"@id\":\"https:\/\/www.noubarris.net\/web40\/#\/schema\/person\/1827f92aaa316c54abbf4dac0de76069\",\"name\":\"Informatius\",\"image\":{\"@type\":\"ImageObject\",\"inLanguage\":\"ca\",\"@id\":\"https:\/\/www.noubarris.net\/web40\/#\/schema\/person\/image\/\",\"url\":\"https:\/\/secure.gravatar.com\/avatar\/87a3b47928835fc72c6ee5b0e1a7263ef0c2d05003a98189bc14926c5f11bcdb?s=96&d=mm&r=g\",\"contentUrl\":\"https:\/\/secure.gravatar.com\/avatar\/87a3b47928835fc72c6ee5b0e1a7263ef0c2d05003a98189bc14926c5f11bcdb?s=96&d=mm&r=g\",\"caption\":\"Informatius\"},\"url\":\"https:\/\/www.noubarris.net\/web40\/author\/tele\/\"}]}<\/script>\n<!-- \/ Yoast SEO plugin. -->","yoast_head_json":{"title":"Darrera setmana per sol\u00b7licitar els ajuts d'urg\u00e8ncia social associats a l'habitatge - NouBarris.Net","robots":{"index":"index","follow":"follow","max-snippet":"max-snippet:-1","max-image-preview":"max-image-preview:large","max-video-preview":"max-video-preview:-1"},"canonical":"https:\/\/www.noubarris.net\/web40\/darrera-setmana-per-sollicitar-els-ajuts-durgencia-social-associats-a-lhabitatge\/","og_locale":"ca_ES","og_type":"article","og_title":"Darrera setmana per sol\u00b7licitar els ajuts d'urg\u00e8ncia social associats a l'habitatge - NouBarris.Net","og_description":"S\u00f3n prestacions econ\u00f2miques dirigides a persones i unitats de conviv\u00e8ncia amb pocs recursos econ\u00f2mics i en situaci\u00f3 de vulnerabilitat La","og_url":"https:\/\/www.noubarris.net\/web40\/darrera-setmana-per-sollicitar-els-ajuts-durgencia-social-associats-a-lhabitatge\/","og_site_name":"NouBarris.Net","article_publisher":"https:\/\/www.facebook.com\/NouBarris.net\/?locale=es_ES","article_published_time":"2021-10-25T22:00:42+00:00","og_image":[{"width":768,"height":432,"url":"https:\/\/www.noubarris.net\/web40\/wp-content\/uploads\/2021\/10\/261021.jpg","type":"image\/jpeg"}],"author":"Informatius","twitter_card":"summary_large_image","twitter_creator":"@9BTV","twitter_site":"@9BTV","twitter_misc":{"Escrit per":"Informatius","Temps estimat de lectura":"1 minut"},"schema":{"@context":"https:\/\/schema.org","@graph":[{"@type":"Article","@id":"https:\/\/www.noubarris.net\/web40\/darrera-setmana-per-sollicitar-els-ajuts-durgencia-social-associats-a-lhabitatge\/#article","isPartOf":{"@id":"https:\/\/www.noubarris.net\/web40\/darrera-setmana-per-sollicitar-els-ajuts-durgencia-social-associats-a-lhabitatge\/"},"author":{"name":"Informatius","@id":"https:\/\/www.noubarris.net\/web40\/#\/schema\/person\/1827f92aaa316c54abbf4dac0de76069"},"headline":"Darrera setmana per sol\u00b7licitar els ajuts d&#8217;urg\u00e8ncia social associats a l&#8217;habitatge","datePublished":"2021-10-25T22:00:42+00:00","mainEntityOfPage":{"@id":"https:\/\/www.noubarris.net\/web40\/darrera-setmana-per-sollicitar-els-ajuts-durgencia-social-associats-a-lhabitatge\/"},"wordCount":229,"publisher":{"@id":"https:\/\/www.noubarris.net\/web40\/#organization"},"image":{"@id":"https:\/\/www.noubarris.net\/web40\/darrera-setmana-per-sollicitar-els-ajuts-durgencia-social-associats-a-lhabitatge\/#primaryimage"},"thumbnailUrl":"https:\/\/www.noubarris.net\/web40\/wp-content\/uploads\/2021\/10\/261021.jpg","keywords":["Ajuntament","Habitatge","Nou Barris"],"articleSection":["Nou Barris","Societat"],"inLanguage":"ca"},{"@type":"WebPage","@id":"https:\/\/www.noubarris.net\/web40\/darrera-setmana-per-sollicitar-els-ajuts-durgencia-social-associats-a-lhabitatge\/","url":"https:\/\/www.noubarris.net\/web40\/darrera-setmana-per-sollicitar-els-ajuts-durgencia-social-associats-a-lhabitatge\/","name":"Darrera setmana per sol\u00b7licitar els ajuts d'urg\u00e8ncia social associats a l'habitatge - NouBarris.Net","isPartOf":{"@id":"https:\/\/www.noubarris.net\/web40\/#website"},"primaryImageOfPage":{"@id":"https:\/\/www.noubarris.net\/web40\/darrera-setmana-per-sollicitar-els-ajuts-durgencia-social-associats-a-lhabitatge\/#primaryimage"},"image":{"@id":"https:\/\/www.noubarris.net\/web40\/darrera-setmana-per-sollicitar-els-ajuts-durgencia-social-associats-a-lhabitatge\/#primaryimage"},"thumbnailUrl":"https:\/\/www.noubarris.net\/web40\/wp-content\/uploads\/2021\/10\/261021.jpg","datePublished":"2021-10-25T22:00:42+00:00","breadcrumb":{"@id":"https:\/\/www.noubarris.net\/web40\/darrera-setmana-per-sollicitar-els-ajuts-durgencia-social-associats-a-lhabitatge\/#breadcrumb"},"inLanguage":"ca","potentialAction":[{"@type":"ReadAction","target":["https:\/\/www.noubarris.net\/web40\/darrera-setmana-per-sollicitar-els-ajuts-durgencia-social-associats-a-lhabitatge\/"]}]},{"@type":"ImageObject","inLanguage":"ca","@id":"https:\/\/www.noubarris.net\/web40\/darrera-setmana-per-sollicitar-els-ajuts-durgencia-social-associats-a-lhabitatge\/#primaryimage","url":"https:\/\/www.noubarris.net\/web40\/wp-content\/uploads\/2021\/10\/261021.jpg","contentUrl":"https:\/\/www.noubarris.net\/web40\/wp-content\/uploads\/2021\/10\/261021.jpg","width":768,"height":432},{"@type":"BreadcrumbList","@id":"https:\/\/www.noubarris.net\/web40\/darrera-setmana-per-sollicitar-els-ajuts-durgencia-social-associats-a-lhabitatge\/#breadcrumb","itemListElement":[{"@type":"ListItem","position":1,"name":"Inici","item":"https:\/\/www.noubarris.net\/web40\/"},{"@type":"ListItem","position":2,"name":"Darrera setmana per sol\u00b7licitar els ajuts d&#8217;urg\u00e8ncia social associats a l&#8217;habitatge"}]},{"@type":"WebSite","@id":"https:\/\/www.noubarris.net\/web40\/#website","url":"https:\/\/www.noubarris.net\/web40\/","name":"NouBarris.Net","description":"Seguint la vida de Nou Barris des de 1985","publisher":{"@id":"https:\/\/www.noubarris.net\/web40\/#organization"},"potentialAction":[{"@type":"SearchAction","target":{"@type":"EntryPoint","urlTemplate":"https:\/\/www.noubarris.net\/web40\/?s={search_term_string}"},"query-input":{"@type":"PropertyValueSpecification","valueRequired":true,"valueName":"search_term_string"}}],"inLanguage":"ca"},{"@type":"Organization","@id":"https:\/\/www.noubarris.net\/web40\/#organization","name":"NouBarris.Net","url":"https:\/\/www.noubarris.net\/web40\/","logo":{"@type":"ImageObject","inLanguage":"ca","@id":"https:\/\/www.noubarris.net\/web40\/#\/schema\/logo\/image\/","url":"https:\/\/www.noubarris.net\/web40\/wp-content\/uploads\/2024\/11\/cropped-cropped-LOGO_9BTV-2024_Insta-1.jpg","contentUrl":"https:\/\/www.noubarris.net\/web40\/wp-content\/uploads\/2024\/11\/cropped-cropped-LOGO_9BTV-2024_Insta-1.jpg","width":512,"height":512,"caption":"NouBarris.Net"},"image":{"@id":"https:\/\/www.noubarris.net\/web40\/#\/schema\/logo\/image\/"},"sameAs":["https:\/\/www.facebook.com\/NouBarris.net\/?locale=es_ES","https:\/\/x.com\/9BTV"]},{"@type":"Person","@id":"https:\/\/www.noubarris.net\/web40\/#\/schema\/person\/1827f92aaa316c54abbf4dac0de76069","name":"Informatius","image":{"@type":"ImageObject","inLanguage":"ca","@id":"https:\/\/www.noubarris.net\/web40\/#\/schema\/person\/image\/","url":"https:\/\/secure.gravatar.com\/avatar\/87a3b47928835fc72c6ee5b0e1a7263ef0c2d05003a98189bc14926c5f11bcdb?s=96&d=mm&r=g","contentUrl":"https:\/\/secure.gravatar.com\/avatar\/87a3b47928835fc72c6ee5b0e1a7263ef0c2d05003a98189bc14926c5f11bcdb?s=96&d=mm&r=g","caption":"Informatius"},"url":"https:\/\/www.noubarris.net\/web40\/author\/tele\/"}]}},"_links":{"self":[{"href":"https:\/\/www.noubarris.net\/web40\/wp-json\/wp\/v2\/posts\/78038","targetHints":{"allow":["GET"]}}],"collection":[{"href":"https:\/\/www.noubarris.net\/web40\/wp-json\/wp\/v2\/posts"}],"about":[{"href":"https:\/\/www.noubarris.net\/web40\/wp-json\/wp\/v2\/types\/post"}],"author":[{"embeddable":true,"href":"https:\/\/www.noubarris.net\/web40\/wp-json\/wp\/v2\/users\/2"}],"replies":[{"embeddable":true,"href":"https:\/\/www.noubarris.net\/web40\/wp-json\/wp\/v2\/comments?post=78038"}],"version-history":[{"count":1,"href":"https:\/\/www.noubarris.net\/web40\/wp-json\/wp\/v2\/posts\/78038\/revisions"}],"predecessor-version":[{"id":78041,"href":"https:\/\/www.noubarris.net\/web40\/wp-json\/wp\/v2\/posts\/78038\/revisions\/78041"}],"wp:featuredmedia":[{"embeddable":true,"href":"https:\/\/www.noubarris.net\/web40\/wp-json\/wp\/v2\/media\/78040"}],"wp:attachment":[{"href":"https:\/\/www.noubarris.net\/web40\/wp-json\/wp\/v2\/media?parent=78038"}],"wp:term":[{"taxonomy":"category","embeddable":true,"href":"https:\/\/www.noubarris.net\/web40\/wp-json\/wp\/v2\/categories?post=78038"},{"taxonomy":"post_tag","embeddable":true,"href":"https:\/\/www.noubarris.net\/web40\/wp-json\/wp\/v2\/tags?post=78038"}],"curies":[{"name":"wp","href":"https:\/\/api.w.org\/{rel}","templated":true}]}}