{"id":78042,"date":"2021-10-27T00:00:28","date_gmt":"2021-10-26T22:00:28","guid":{"rendered":"http:\/\/www.noubarris.net\/web40\/?p=78042"},"modified":"2021-10-26T17:54:10","modified_gmt":"2021-10-26T15:54:10","slug":"unes-obres-descobreixen-un-refugi-antiaeri-a-les-roquetes","status":"publish","type":"post","link":"https:\/\/www.noubarris.net\/web40\/unes-obres-descobreixen-un-refugi-antiaeri-a-les-roquetes\/","title":{"rendered":"Unes obres descobreixen un refugi antiaeri a les Roquetes"},"content":{"rendered":"<p><strong>La galeria de mina \u00e9s va construir l&#8217;any 1938 per al nucli de problaci\u00f3 que hi havia ja a la zona<\/strong><\/p>\n<p>El refugi 695 es troba a l&#8217;Altas de refugis antiaeris de la Guerra Civil espanyola de l&#8217;any 1938, que es pot <a href=\"https:\/\/ajuntament.barcelona.cat\/arqueologiabarcelona\/refugis\/ca\" target=\"_blank\" rel=\"noopener\">consultar en l\u00ednia al web de l&#8217;Ajuntament<\/a>. Les obres de reurbanitzaci\u00f3 del carrer de Llopis i el Pla dels Cirerers van deixar al descobert fa dues setmanes una part de la construcci\u00f3. A hores d&#8217;ara, la troballa es troba protegida provisionalment amb una lona de pl\u00e0stic i algunes pedres. En breu la rasa es perimetrar\u00e0 per seguretat per als ve\u00efns i per evitar que el puguin malmetre. L&#8217;arxiu hist\u00f2ric de les Roquetes &#8211; Nou Barris demana que es facin les excavacions per documentar tot el que es pugui del refugi i, en la mesura que sigui possible, es pugui fer visitable.<\/p>\n<p>Per a l&#8217;entitat aquesta troballa t\u00e9 un doble valor hist\u00f2ric. Per una banda forma part de la mem\u00f2ria col\u00b7lectiva, com a s\u00edmbols d\u2019autoorganitzaci\u00f3 popular i resist\u00e8ncia contra els brutals bombardejos aeris que va patir la ciutat durant la Guerra Civil. D&#8217;altra banda, la construcci\u00f3 refor\u00e7a la idea que aquesta part de les Roquetes disposava d&#8217;un petit nucli de poblaci\u00f3 molt abans de l&#8217;onada migrat\u00f2ria dels anys 50 i 60. Es dona el cas que molt a prop del refugi descobert es t\u00e9 const\u00e0ncia de l&#8217;exist\u00e8ncia de dues altres galeries, que fins al moment no s&#8217;han pogut localitzar.<\/p>\n","protected":false},"excerpt":{"rendered":"<p>La galeria de mina \u00e9s va construir l&#8217;any 1938 per al nucli de problaci\u00f3 que hi havia ja a la<\/p>\n","protected":false},"author":2,"featured_media":78045,"comment_status":"closed","ping_status":"closed","sticky":false,"template":"","format":"standard","meta":{"colormag_page_layout":"default_layout","_monsterinsights_skip_tracking":false,"_monsterinsights_sitenote_active":false,"_monsterinsights_sitenote_note":"","_monsterinsights_sitenote_category":0,"footnotes":""},"categories":[136,124],"tags":[49,360,590],"class_list":["post-78042","post","type-post","status-publish","format-standard","has-post-thumbnail","hentry","category-les-roquetes","category-societat","tag-les-roquetes","tag-obres","tag-refugi-antiaeri"],"yoast_head":"<!-- This site is optimized with the Yoast SEO plugin v25.3 - https:\/\/yoast.com\/wordpress\/plugins\/seo\/ -->\n<title>Unes obres descobreixen un refugi antiaeri a les Roquetes - NouBarris.Net<\/title>\n<meta name=\"robots\" content=\"index, follow, max-snippet:-1, max-image-preview:large, max-video-preview:-1\" \/>\n<link rel=\"canonical\" href=\"https:\/\/www.noubarris.net\/web40\/unes-obres-descobreixen-un-refugi-antiaeri-a-les-roquetes\/\" \/>\n<meta property=\"og:locale\" content=\"ca_ES\" \/>\n<meta property=\"og:type\" content=\"article\" \/>\n<meta property=\"og:title\" content=\"Unes obres descobreixen un refugi antiaeri a les Roquetes - NouBarris.Net\" \/>\n<meta property=\"og:description\" content=\"La galeria de mina \u00e9s va construir l&#8217;any 1938 per al nucli de problaci\u00f3 que hi havia ja a la\" \/>\n<meta property=\"og:url\" content=\"https:\/\/www.noubarris.net\/web40\/unes-obres-descobreixen-un-refugi-antiaeri-a-les-roquetes\/\" \/>\n<meta property=\"og:site_name\" content=\"NouBarris.Net\" \/>\n<meta property=\"article:publisher\" content=\"https:\/\/www.facebook.com\/NouBarris.net\/?locale=es_ES\" \/>\n<meta property=\"article:published_time\" content=\"2021-10-26T22:00:28+00:00\" \/>\n<meta property=\"og:image\" content=\"https:\/\/www.noubarris.net\/web40\/wp-content\/uploads\/2021\/10\/271021.jpg\" \/>\n\t<meta property=\"og:image:width\" content=\"768\" \/>\n\t<meta property=\"og:image:height\" content=\"432\" \/>\n\t<meta property=\"og:image:type\" content=\"image\/jpeg\" \/>\n<meta name=\"author\" content=\"Informatius\" \/>\n<meta name=\"twitter:card\" content=\"summary_large_image\" \/>\n<meta name=\"twitter:creator\" content=\"@9BTV\" \/>\n<meta name=\"twitter:site\" content=\"@9BTV\" \/>\n<meta name=\"twitter:label1\" content=\"Escrit per\" \/>\n\t<meta name=\"twitter:data1\" content=\"Informatius\" \/>\n\t<meta name=\"twitter:label2\" content=\"Temps estimat de lectura\" \/>\n\t<meta name=\"twitter:data2\" content=\"1 minut\" \/>\n<script type=\"application\/ld+json\" class=\"yoast-schema-graph\">{\"@context\":\"https:\/\/schema.org\",\"@graph\":[{\"@type\":\"Article\",\"@id\":\"https:\/\/www.noubarris.net\/web40\/unes-obres-descobreixen-un-refugi-antiaeri-a-les-roquetes\/#article\",\"isPartOf\":{\"@id\":\"https:\/\/www.noubarris.net\/web40\/unes-obres-descobreixen-un-refugi-antiaeri-a-les-roquetes\/\"},\"author\":{\"name\":\"Informatius\",\"@id\":\"https:\/\/www.noubarris.net\/web40\/#\/schema\/person\/1827f92aaa316c54abbf4dac0de76069\"},\"headline\":\"Unes obres descobreixen un refugi antiaeri a les Roquetes\",\"datePublished\":\"2021-10-26T22:00:28+00:00\",\"mainEntityOfPage\":{\"@id\":\"https:\/\/www.noubarris.net\/web40\/unes-obres-descobreixen-un-refugi-antiaeri-a-les-roquetes\/\"},\"wordCount\":270,\"publisher\":{\"@id\":\"https:\/\/www.noubarris.net\/web40\/#organization\"},\"image\":{\"@id\":\"https:\/\/www.noubarris.net\/web40\/unes-obres-descobreixen-un-refugi-antiaeri-a-les-roquetes\/#primaryimage\"},\"thumbnailUrl\":\"https:\/\/www.noubarris.net\/web40\/wp-content\/uploads\/2021\/10\/271021.jpg\",\"keywords\":[\"Les Roquetes\",\"Obres\",\"refugi antiaeri\"],\"articleSection\":[\"Les Roquetes\",\"Societat\"],\"inLanguage\":\"ca\"},{\"@type\":\"WebPage\",\"@id\":\"https:\/\/www.noubarris.net\/web40\/unes-obres-descobreixen-un-refugi-antiaeri-a-les-roquetes\/\",\"url\":\"https:\/\/www.noubarris.net\/web40\/unes-obres-descobreixen-un-refugi-antiaeri-a-les-roquetes\/\",\"name\":\"Unes obres descobreixen un refugi antiaeri a les Roquetes - NouBarris.Net\",\"isPartOf\":{\"@id\":\"https:\/\/www.noubarris.net\/web40\/#website\"},\"primaryImageOfPage\":{\"@id\":\"https:\/\/www.noubarris.net\/web40\/unes-obres-descobreixen-un-refugi-antiaeri-a-les-roquetes\/#primaryimage\"},\"image\":{\"@id\":\"https:\/\/www.noubarris.net\/web40\/unes-obres-descobreixen-un-refugi-antiaeri-a-les-roquetes\/#primaryimage\"},\"thumbnailUrl\":\"https:\/\/www.noubarris.net\/web40\/wp-content\/uploads\/2021\/10\/271021.jpg\",\"datePublished\":\"2021-10-26T22:00:28+00:00\",\"breadcrumb\":{\"@id\":\"https:\/\/www.noubarris.net\/web40\/unes-obres-descobreixen-un-refugi-antiaeri-a-les-roquetes\/#breadcrumb\"},\"inLanguage\":\"ca\",\"potentialAction\":[{\"@type\":\"ReadAction\",\"target\":[\"https:\/\/www.noubarris.net\/web40\/unes-obres-descobreixen-un-refugi-antiaeri-a-les-roquetes\/\"]}]},{\"@type\":\"ImageObject\",\"inLanguage\":\"ca\",\"@id\":\"https:\/\/www.noubarris.net\/web40\/unes-obres-descobreixen-un-refugi-antiaeri-a-les-roquetes\/#primaryimage\",\"url\":\"https:\/\/www.noubarris.net\/web40\/wp-content\/uploads\/2021\/10\/271021.jpg\",\"contentUrl\":\"https:\/\/www.noubarris.net\/web40\/wp-content\/uploads\/2021\/10\/271021.jpg\",\"width\":768,\"height\":432},{\"@type\":\"BreadcrumbList\",\"@id\":\"https:\/\/www.noubarris.net\/web40\/unes-obres-descobreixen-un-refugi-antiaeri-a-les-roquetes\/#breadcrumb\",\"itemListElement\":[{\"@type\":\"ListItem\",\"position\":1,\"name\":\"Inici\",\"item\":\"https:\/\/www.noubarris.net\/web40\/\"},{\"@type\":\"ListItem\",\"position\":2,\"name\":\"Unes obres descobreixen un refugi antiaeri a les Roquetes\"}]},{\"@type\":\"WebSite\",\"@id\":\"https:\/\/www.noubarris.net\/web40\/#website\",\"url\":\"https:\/\/www.noubarris.net\/web40\/\",\"name\":\"NouBarris.Net\",\"description\":\"Seguint la vida de Nou Barris des de 1985\",\"publisher\":{\"@id\":\"https:\/\/www.noubarris.net\/web40\/#organization\"},\"potentialAction\":[{\"@type\":\"SearchAction\",\"target\":{\"@type\":\"EntryPoint\",\"urlTemplate\":\"https:\/\/www.noubarris.net\/web40\/?s={search_term_string}\"},\"query-input\":{\"@type\":\"PropertyValueSpecification\",\"valueRequired\":true,\"valueName\":\"search_term_string\"}}],\"inLanguage\":\"ca\"},{\"@type\":\"Organization\",\"@id\":\"https:\/\/www.noubarris.net\/web40\/#organization\",\"name\":\"NouBarris.Net\",\"url\":\"https:\/\/www.noubarris.net\/web40\/\",\"logo\":{\"@type\":\"ImageObject\",\"inLanguage\":\"ca\",\"@id\":\"https:\/\/www.noubarris.net\/web40\/#\/schema\/logo\/image\/\",\"url\":\"https:\/\/www.noubarris.net\/web40\/wp-content\/uploads\/2024\/11\/cropped-cropped-LOGO_9BTV-2024_Insta-1.jpg\",\"contentUrl\":\"https:\/\/www.noubarris.net\/web40\/wp-content\/uploads\/2024\/11\/cropped-cropped-LOGO_9BTV-2024_Insta-1.jpg\",\"width\":512,\"height\":512,\"caption\":\"NouBarris.Net\"},\"image\":{\"@id\":\"https:\/\/www.noubarris.net\/web40\/#\/schema\/logo\/image\/\"},\"sameAs\":[\"https:\/\/www.facebook.com\/NouBarris.net\/?locale=es_ES\",\"https:\/\/x.com\/9BTV\"]},{\"@type\":\"Person\",\"@id\":\"https:\/\/www.noubarris.net\/web40\/#\/schema\/person\/1827f92aaa316c54abbf4dac0de76069\",\"name\":\"Informatius\",\"image\":{\"@type\":\"ImageObject\",\"inLanguage\":\"ca\",\"@id\":\"https:\/\/www.noubarris.net\/web40\/#\/schema\/person\/image\/\",\"url\":\"https:\/\/secure.gravatar.com\/avatar\/87a3b47928835fc72c6ee5b0e1a7263ef0c2d05003a98189bc14926c5f11bcdb?s=96&d=mm&r=g\",\"contentUrl\":\"https:\/\/secure.gravatar.com\/avatar\/87a3b47928835fc72c6ee5b0e1a7263ef0c2d05003a98189bc14926c5f11bcdb?s=96&d=mm&r=g\",\"caption\":\"Informatius\"},\"url\":\"https:\/\/www.noubarris.net\/web40\/author\/tele\/\"}]}<\/script>\n<!-- \/ Yoast SEO plugin. -->","yoast_head_json":{"title":"Unes obres descobreixen un refugi antiaeri a les Roquetes - NouBarris.Net","robots":{"index":"index","follow":"follow","max-snippet":"max-snippet:-1","max-image-preview":"max-image-preview:large","max-video-preview":"max-video-preview:-1"},"canonical":"https:\/\/www.noubarris.net\/web40\/unes-obres-descobreixen-un-refugi-antiaeri-a-les-roquetes\/","og_locale":"ca_ES","og_type":"article","og_title":"Unes obres descobreixen un refugi antiaeri a les Roquetes - NouBarris.Net","og_description":"La galeria de mina \u00e9s va construir l&#8217;any 1938 per al nucli de problaci\u00f3 que hi havia ja a la","og_url":"https:\/\/www.noubarris.net\/web40\/unes-obres-descobreixen-un-refugi-antiaeri-a-les-roquetes\/","og_site_name":"NouBarris.Net","article_publisher":"https:\/\/www.facebook.com\/NouBarris.net\/?locale=es_ES","article_published_time":"2021-10-26T22:00:28+00:00","og_image":[{"width":768,"height":432,"url":"https:\/\/www.noubarris.net\/web40\/wp-content\/uploads\/2021\/10\/271021.jpg","type":"image\/jpeg"}],"author":"Informatius","twitter_card":"summary_large_image","twitter_creator":"@9BTV","twitter_site":"@9BTV","twitter_misc":{"Escrit per":"Informatius","Temps estimat de lectura":"1 minut"},"schema":{"@context":"https:\/\/schema.org","@graph":[{"@type":"Article","@id":"https:\/\/www.noubarris.net\/web40\/unes-obres-descobreixen-un-refugi-antiaeri-a-les-roquetes\/#article","isPartOf":{"@id":"https:\/\/www.noubarris.net\/web40\/unes-obres-descobreixen-un-refugi-antiaeri-a-les-roquetes\/"},"author":{"name":"Informatius","@id":"https:\/\/www.noubarris.net\/web40\/#\/schema\/person\/1827f92aaa316c54abbf4dac0de76069"},"headline":"Unes obres descobreixen un refugi antiaeri a les Roquetes","datePublished":"2021-10-26T22:00:28+00:00","mainEntityOfPage":{"@id":"https:\/\/www.noubarris.net\/web40\/unes-obres-descobreixen-un-refugi-antiaeri-a-les-roquetes\/"},"wordCount":270,"publisher":{"@id":"https:\/\/www.noubarris.net\/web40\/#organization"},"image":{"@id":"https:\/\/www.noubarris.net\/web40\/unes-obres-descobreixen-un-refugi-antiaeri-a-les-roquetes\/#primaryimage"},"thumbnailUrl":"https:\/\/www.noubarris.net\/web40\/wp-content\/uploads\/2021\/10\/271021.jpg","keywords":["Les Roquetes","Obres","refugi antiaeri"],"articleSection":["Les Roquetes","Societat"],"inLanguage":"ca"},{"@type":"WebPage","@id":"https:\/\/www.noubarris.net\/web40\/unes-obres-descobreixen-un-refugi-antiaeri-a-les-roquetes\/","url":"https:\/\/www.noubarris.net\/web40\/unes-obres-descobreixen-un-refugi-antiaeri-a-les-roquetes\/","name":"Unes obres descobreixen un refugi antiaeri a les Roquetes - NouBarris.Net","isPartOf":{"@id":"https:\/\/www.noubarris.net\/web40\/#website"},"primaryImageOfPage":{"@id":"https:\/\/www.noubarris.net\/web40\/unes-obres-descobreixen-un-refugi-antiaeri-a-les-roquetes\/#primaryimage"},"image":{"@id":"https:\/\/www.noubarris.net\/web40\/unes-obres-descobreixen-un-refugi-antiaeri-a-les-roquetes\/#primaryimage"},"thumbnailUrl":"https:\/\/www.noubarris.net\/web40\/wp-content\/uploads\/2021\/10\/271021.jpg","datePublished":"2021-10-26T22:00:28+00:00","breadcrumb":{"@id":"https:\/\/www.noubarris.net\/web40\/unes-obres-descobreixen-un-refugi-antiaeri-a-les-roquetes\/#breadcrumb"},"inLanguage":"ca","potentialAction":[{"@type":"ReadAction","target":["https:\/\/www.noubarris.net\/web40\/unes-obres-descobreixen-un-refugi-antiaeri-a-les-roquetes\/"]}]},{"@type":"ImageObject","inLanguage":"ca","@id":"https:\/\/www.noubarris.net\/web40\/unes-obres-descobreixen-un-refugi-antiaeri-a-les-roquetes\/#primaryimage","url":"https:\/\/www.noubarris.net\/web40\/wp-content\/uploads\/2021\/10\/271021.jpg","contentUrl":"https:\/\/www.noubarris.net\/web40\/wp-content\/uploads\/2021\/10\/271021.jpg","width":768,"height":432},{"@type":"BreadcrumbList","@id":"https:\/\/www.noubarris.net\/web40\/unes-obres-descobreixen-un-refugi-antiaeri-a-les-roquetes\/#breadcrumb","itemListElement":[{"@type":"ListItem","position":1,"name":"Inici","item":"https:\/\/www.noubarris.net\/web40\/"},{"@type":"ListItem","position":2,"name":"Unes obres descobreixen un refugi antiaeri a les Roquetes"}]},{"@type":"WebSite","@id":"https:\/\/www.noubarris.net\/web40\/#website","url":"https:\/\/www.noubarris.net\/web40\/","name":"NouBarris.Net","description":"Seguint la vida de Nou Barris des de 1985","publisher":{"@id":"https:\/\/www.noubarris.net\/web40\/#organization"},"potentialAction":[{"@type":"SearchAction","target":{"@type":"EntryPoint","urlTemplate":"https:\/\/www.noubarris.net\/web40\/?s={search_term_string}"},"query-input":{"@type":"PropertyValueSpecification","valueRequired":true,"valueName":"search_term_string"}}],"inLanguage":"ca"},{"@type":"Organization","@id":"https:\/\/www.noubarris.net\/web40\/#organization","name":"NouBarris.Net","url":"https:\/\/www.noubarris.net\/web40\/","logo":{"@type":"ImageObject","inLanguage":"ca","@id":"https:\/\/www.noubarris.net\/web40\/#\/schema\/logo\/image\/","url":"https:\/\/www.noubarris.net\/web40\/wp-content\/uploads\/2024\/11\/cropped-cropped-LOGO_9BTV-2024_Insta-1.jpg","contentUrl":"https:\/\/www.noubarris.net\/web40\/wp-content\/uploads\/2024\/11\/cropped-cropped-LOGO_9BTV-2024_Insta-1.jpg","width":512,"height":512,"caption":"NouBarris.Net"},"image":{"@id":"https:\/\/www.noubarris.net\/web40\/#\/schema\/logo\/image\/"},"sameAs":["https:\/\/www.facebook.com\/NouBarris.net\/?locale=es_ES","https:\/\/x.com\/9BTV"]},{"@type":"Person","@id":"https:\/\/www.noubarris.net\/web40\/#\/schema\/person\/1827f92aaa316c54abbf4dac0de76069","name":"Informatius","image":{"@type":"ImageObject","inLanguage":"ca","@id":"https:\/\/www.noubarris.net\/web40\/#\/schema\/person\/image\/","url":"https:\/\/secure.gravatar.com\/avatar\/87a3b47928835fc72c6ee5b0e1a7263ef0c2d05003a98189bc14926c5f11bcdb?s=96&d=mm&r=g","contentUrl":"https:\/\/secure.gravatar.com\/avatar\/87a3b47928835fc72c6ee5b0e1a7263ef0c2d05003a98189bc14926c5f11bcdb?s=96&d=mm&r=g","caption":"Informatius"},"url":"https:\/\/www.noubarris.net\/web40\/author\/tele\/"}]}},"_links":{"self":[{"href":"https:\/\/www.noubarris.net\/web40\/wp-json\/wp\/v2\/posts\/78042","targetHints":{"allow":["GET"]}}],"collection":[{"href":"https:\/\/www.noubarris.net\/web40\/wp-json\/wp\/v2\/posts"}],"about":[{"href":"https:\/\/www.noubarris.net\/web40\/wp-json\/wp\/v2\/types\/post"}],"author":[{"embeddable":true,"href":"https:\/\/www.noubarris.net\/web40\/wp-json\/wp\/v2\/users\/2"}],"replies":[{"embeddable":true,"href":"https:\/\/www.noubarris.net\/web40\/wp-json\/wp\/v2\/comments?post=78042"}],"version-history":[{"count":1,"href":"https:\/\/www.noubarris.net\/web40\/wp-json\/wp\/v2\/posts\/78042\/revisions"}],"predecessor-version":[{"id":78046,"href":"https:\/\/www.noubarris.net\/web40\/wp-json\/wp\/v2\/posts\/78042\/revisions\/78046"}],"wp:featuredmedia":[{"embeddable":true,"href":"https:\/\/www.noubarris.net\/web40\/wp-json\/wp\/v2\/media\/78045"}],"wp:attachment":[{"href":"https:\/\/www.noubarris.net\/web40\/wp-json\/wp\/v2\/media?parent=78042"}],"wp:term":[{"taxonomy":"category","embeddable":true,"href":"https:\/\/www.noubarris.net\/web40\/wp-json\/wp\/v2\/categories?post=78042"},{"taxonomy":"post_tag","embeddable":true,"href":"https:\/\/www.noubarris.net\/web40\/wp-json\/wp\/v2\/tags?post=78042"}],"curies":[{"name":"wp","href":"https:\/\/api.w.org\/{rel}","templated":true}]}}