{"id":78047,"date":"2021-10-28T00:00:18","date_gmt":"2021-10-27T22:00:18","guid":{"rendered":"http:\/\/www.noubarris.net\/web40\/?p=78047"},"modified":"2021-10-27T20:53:39","modified_gmt":"2021-10-27T18:53:39","slug":"campanya-per-promoure-la-neteja-dels-orins-de-gossos-als-jardins-de-jose-ignacio-urenda","status":"publish","type":"post","link":"https:\/\/www.noubarris.net\/web40\/campanya-per-promoure-la-neteja-dels-orins-de-gossos-als-jardins-de-jose-ignacio-urenda\/","title":{"rendered":"Campanya per promoure la neteja dels orins de gossos als jardins de Jos\u00e9 Ignacio Urenda"},"content":{"rendered":"<p><strong>Dos informadors mediambientals de l\u2019Ajuntament de Barcelona regalen bosses d\u2019aigua fins al 5 de novembre\u00a0<\/strong><\/p>\n<p>Situats al Tur\u00f3 de la Peira, Els Jardins de Jos\u00e9 Ignacio Urenda formen un interior d\u2019illa obert, delimitat per dos grans blocs d\u2019habitatges.\u00c9s un espai de joc per als infants i per portar a passejar els gossos.\u00a0 Fins al 5 de novembre, dues persones informadores de l\u2019Ajuntament de Barcelona s\u2019apropen en dies puntuals als jardins per conscienciar els tenidors de gossos de la import\u00e0ncia de la diluci\u00f3 dels orins dels animals, i dels efectes negatius que aquests residus causen a l\u2019espai p\u00fablic. La campanya es du a terme despr\u00e9s d\u2019una petici\u00f3 ve\u00efnal i amb la seva participaci\u00f3.<\/p>\n<p>Per a aix\u00f2, se\u2019ls fa una petita enquesta i, en acabar, se\u2019ls regala una ampolla on posar-hi aigua, fins a acabar exist\u00e8ncies.<\/p>\n<p>El trobareu els seg\u00fcents dies:<\/p>\n<p>Dijous 28 d\u2019octubre, de 8 a 11h<br \/>\nDimecres 3 de novembre, de 16 a 18.30h<br \/>\nDivendres 5 de novembre, d\u201911 a 14h<\/p>\n","protected":false},"excerpt":{"rendered":"<p>Dos informadors mediambientals de l\u2019Ajuntament de Barcelona regalen bosses d\u2019aigua fins al 5 de novembre\u00a0 Situats al Tur\u00f3 de la<\/p>\n","protected":false},"author":2,"featured_media":78049,"comment_status":"closed","ping_status":"closed","sticky":false,"template":"","format":"standard","meta":{"colormag_page_layout":"default_layout","_monsterinsights_skip_tracking":false,"_monsterinsights_sitenote_active":false,"_monsterinsights_sitenote_note":"","_monsterinsights_sitenote_category":0,"footnotes":""},"categories":[139,124],"tags":[483,487,246,486],"class_list":["post-78047","post","type-post","status-publish","format-standard","has-post-thumbnail","hentry","category-el-turo-de-la-peira","category-societat","tag-animals","tag-civisme","tag-el-turo-de-la-peira","tag-gossos"],"yoast_head":"<!-- This site is optimized with the Yoast SEO plugin v25.3 - https:\/\/yoast.com\/wordpress\/plugins\/seo\/ -->\n<title>Campanya per promoure la neteja dels orins de gossos als jardins de Jos\u00e9 Ignacio Urenda - NouBarris.Net<\/title>\n<meta name=\"robots\" content=\"index, follow, max-snippet:-1, max-image-preview:large, max-video-preview:-1\" \/>\n<link rel=\"canonical\" href=\"https:\/\/www.noubarris.net\/web40\/campanya-per-promoure-la-neteja-dels-orins-de-gossos-als-jardins-de-jose-ignacio-urenda\/\" \/>\n<meta property=\"og:locale\" content=\"ca_ES\" \/>\n<meta property=\"og:type\" content=\"article\" \/>\n<meta property=\"og:title\" content=\"Campanya per promoure la neteja dels orins de gossos als jardins de Jos\u00e9 Ignacio Urenda - NouBarris.Net\" \/>\n<meta property=\"og:description\" content=\"Dos informadors mediambientals de l\u2019Ajuntament de Barcelona regalen bosses d\u2019aigua fins al 5 de novembre\u00a0 Situats al Tur\u00f3 de la\" \/>\n<meta property=\"og:url\" content=\"https:\/\/www.noubarris.net\/web40\/campanya-per-promoure-la-neteja-dels-orins-de-gossos-als-jardins-de-jose-ignacio-urenda\/\" \/>\n<meta property=\"og:site_name\" content=\"NouBarris.Net\" \/>\n<meta property=\"article:publisher\" content=\"https:\/\/www.facebook.com\/NouBarris.net\/?locale=es_ES\" \/>\n<meta property=\"article:published_time\" content=\"2021-10-27T22:00:18+00:00\" \/>\n<meta property=\"og:image\" content=\"https:\/\/www.noubarris.net\/web40\/wp-content\/uploads\/2021\/10\/281021.jpg\" \/>\n\t<meta property=\"og:image:width\" content=\"768\" \/>\n\t<meta property=\"og:image:height\" content=\"432\" \/>\n\t<meta property=\"og:image:type\" content=\"image\/jpeg\" \/>\n<meta name=\"author\" content=\"Informatius\" \/>\n<meta name=\"twitter:card\" content=\"summary_large_image\" \/>\n<meta name=\"twitter:creator\" content=\"@9BTV\" \/>\n<meta name=\"twitter:site\" content=\"@9BTV\" \/>\n<meta name=\"twitter:label1\" content=\"Escrit per\" \/>\n\t<meta name=\"twitter:data1\" content=\"Informatius\" \/>\n\t<meta name=\"twitter:label2\" content=\"Temps estimat de lectura\" \/>\n\t<meta name=\"twitter:data2\" content=\"1 minut\" \/>\n<script type=\"application\/ld+json\" class=\"yoast-schema-graph\">{\"@context\":\"https:\/\/schema.org\",\"@graph\":[{\"@type\":\"Article\",\"@id\":\"https:\/\/www.noubarris.net\/web40\/campanya-per-promoure-la-neteja-dels-orins-de-gossos-als-jardins-de-jose-ignacio-urenda\/#article\",\"isPartOf\":{\"@id\":\"https:\/\/www.noubarris.net\/web40\/campanya-per-promoure-la-neteja-dels-orins-de-gossos-als-jardins-de-jose-ignacio-urenda\/\"},\"author\":{\"name\":\"Informatius\",\"@id\":\"https:\/\/www.noubarris.net\/web40\/#\/schema\/person\/1827f92aaa316c54abbf4dac0de76069\"},\"headline\":\"Campanya per promoure la neteja dels orins de gossos als jardins de Jos\u00e9 Ignacio Urenda\",\"datePublished\":\"2021-10-27T22:00:18+00:00\",\"mainEntityOfPage\":{\"@id\":\"https:\/\/www.noubarris.net\/web40\/campanya-per-promoure-la-neteja-dels-orins-de-gossos-als-jardins-de-jose-ignacio-urenda\/\"},\"wordCount\":187,\"publisher\":{\"@id\":\"https:\/\/www.noubarris.net\/web40\/#organization\"},\"image\":{\"@id\":\"https:\/\/www.noubarris.net\/web40\/campanya-per-promoure-la-neteja-dels-orins-de-gossos-als-jardins-de-jose-ignacio-urenda\/#primaryimage\"},\"thumbnailUrl\":\"https:\/\/www.noubarris.net\/web40\/wp-content\/uploads\/2021\/10\/281021.jpg\",\"keywords\":[\"Animals\",\"civisme\",\"El Tur\u00f3 de la Peira\",\"gossos\"],\"articleSection\":[\"El Tur\u00f3 de la Peira\",\"Societat\"],\"inLanguage\":\"ca\"},{\"@type\":\"WebPage\",\"@id\":\"https:\/\/www.noubarris.net\/web40\/campanya-per-promoure-la-neteja-dels-orins-de-gossos-als-jardins-de-jose-ignacio-urenda\/\",\"url\":\"https:\/\/www.noubarris.net\/web40\/campanya-per-promoure-la-neteja-dels-orins-de-gossos-als-jardins-de-jose-ignacio-urenda\/\",\"name\":\"Campanya per promoure la neteja dels orins de gossos als jardins de Jos\u00e9 Ignacio Urenda - NouBarris.Net\",\"isPartOf\":{\"@id\":\"https:\/\/www.noubarris.net\/web40\/#website\"},\"primaryImageOfPage\":{\"@id\":\"https:\/\/www.noubarris.net\/web40\/campanya-per-promoure-la-neteja-dels-orins-de-gossos-als-jardins-de-jose-ignacio-urenda\/#primaryimage\"},\"image\":{\"@id\":\"https:\/\/www.noubarris.net\/web40\/campanya-per-promoure-la-neteja-dels-orins-de-gossos-als-jardins-de-jose-ignacio-urenda\/#primaryimage\"},\"thumbnailUrl\":\"https:\/\/www.noubarris.net\/web40\/wp-content\/uploads\/2021\/10\/281021.jpg\",\"datePublished\":\"2021-10-27T22:00:18+00:00\",\"breadcrumb\":{\"@id\":\"https:\/\/www.noubarris.net\/web40\/campanya-per-promoure-la-neteja-dels-orins-de-gossos-als-jardins-de-jose-ignacio-urenda\/#breadcrumb\"},\"inLanguage\":\"ca\",\"potentialAction\":[{\"@type\":\"ReadAction\",\"target\":[\"https:\/\/www.noubarris.net\/web40\/campanya-per-promoure-la-neteja-dels-orins-de-gossos-als-jardins-de-jose-ignacio-urenda\/\"]}]},{\"@type\":\"ImageObject\",\"inLanguage\":\"ca\",\"@id\":\"https:\/\/www.noubarris.net\/web40\/campanya-per-promoure-la-neteja-dels-orins-de-gossos-als-jardins-de-jose-ignacio-urenda\/#primaryimage\",\"url\":\"https:\/\/www.noubarris.net\/web40\/wp-content\/uploads\/2021\/10\/281021.jpg\",\"contentUrl\":\"https:\/\/www.noubarris.net\/web40\/wp-content\/uploads\/2021\/10\/281021.jpg\",\"width\":768,\"height\":432},{\"@type\":\"BreadcrumbList\",\"@id\":\"https:\/\/www.noubarris.net\/web40\/campanya-per-promoure-la-neteja-dels-orins-de-gossos-als-jardins-de-jose-ignacio-urenda\/#breadcrumb\",\"itemListElement\":[{\"@type\":\"ListItem\",\"position\":1,\"name\":\"Inici\",\"item\":\"https:\/\/www.noubarris.net\/web40\/\"},{\"@type\":\"ListItem\",\"position\":2,\"name\":\"Campanya per promoure la neteja dels orins de gossos als jardins de Jos\u00e9 Ignacio Urenda\"}]},{\"@type\":\"WebSite\",\"@id\":\"https:\/\/www.noubarris.net\/web40\/#website\",\"url\":\"https:\/\/www.noubarris.net\/web40\/\",\"name\":\"NouBarris.Net\",\"description\":\"Seguint la vida de Nou Barris des de 1985\",\"publisher\":{\"@id\":\"https:\/\/www.noubarris.net\/web40\/#organization\"},\"potentialAction\":[{\"@type\":\"SearchAction\",\"target\":{\"@type\":\"EntryPoint\",\"urlTemplate\":\"https:\/\/www.noubarris.net\/web40\/?s={search_term_string}\"},\"query-input\":{\"@type\":\"PropertyValueSpecification\",\"valueRequired\":true,\"valueName\":\"search_term_string\"}}],\"inLanguage\":\"ca\"},{\"@type\":\"Organization\",\"@id\":\"https:\/\/www.noubarris.net\/web40\/#organization\",\"name\":\"NouBarris.Net\",\"url\":\"https:\/\/www.noubarris.net\/web40\/\",\"logo\":{\"@type\":\"ImageObject\",\"inLanguage\":\"ca\",\"@id\":\"https:\/\/www.noubarris.net\/web40\/#\/schema\/logo\/image\/\",\"url\":\"https:\/\/www.noubarris.net\/web40\/wp-content\/uploads\/2024\/11\/cropped-cropped-LOGO_9BTV-2024_Insta-1.jpg\",\"contentUrl\":\"https:\/\/www.noubarris.net\/web40\/wp-content\/uploads\/2024\/11\/cropped-cropped-LOGO_9BTV-2024_Insta-1.jpg\",\"width\":512,\"height\":512,\"caption\":\"NouBarris.Net\"},\"image\":{\"@id\":\"https:\/\/www.noubarris.net\/web40\/#\/schema\/logo\/image\/\"},\"sameAs\":[\"https:\/\/www.facebook.com\/NouBarris.net\/?locale=es_ES\",\"https:\/\/x.com\/9BTV\"]},{\"@type\":\"Person\",\"@id\":\"https:\/\/www.noubarris.net\/web40\/#\/schema\/person\/1827f92aaa316c54abbf4dac0de76069\",\"name\":\"Informatius\",\"image\":{\"@type\":\"ImageObject\",\"inLanguage\":\"ca\",\"@id\":\"https:\/\/www.noubarris.net\/web40\/#\/schema\/person\/image\/\",\"url\":\"https:\/\/secure.gravatar.com\/avatar\/87a3b47928835fc72c6ee5b0e1a7263ef0c2d05003a98189bc14926c5f11bcdb?s=96&d=mm&r=g\",\"contentUrl\":\"https:\/\/secure.gravatar.com\/avatar\/87a3b47928835fc72c6ee5b0e1a7263ef0c2d05003a98189bc14926c5f11bcdb?s=96&d=mm&r=g\",\"caption\":\"Informatius\"},\"url\":\"https:\/\/www.noubarris.net\/web40\/author\/tele\/\"}]}<\/script>\n<!-- \/ Yoast SEO plugin. -->","yoast_head_json":{"title":"Campanya per promoure la neteja dels orins de gossos als jardins de Jos\u00e9 Ignacio Urenda - NouBarris.Net","robots":{"index":"index","follow":"follow","max-snippet":"max-snippet:-1","max-image-preview":"max-image-preview:large","max-video-preview":"max-video-preview:-1"},"canonical":"https:\/\/www.noubarris.net\/web40\/campanya-per-promoure-la-neteja-dels-orins-de-gossos-als-jardins-de-jose-ignacio-urenda\/","og_locale":"ca_ES","og_type":"article","og_title":"Campanya per promoure la neteja dels orins de gossos als jardins de Jos\u00e9 Ignacio Urenda - NouBarris.Net","og_description":"Dos informadors mediambientals de l\u2019Ajuntament de Barcelona regalen bosses d\u2019aigua fins al 5 de novembre\u00a0 Situats al Tur\u00f3 de la","og_url":"https:\/\/www.noubarris.net\/web40\/campanya-per-promoure-la-neteja-dels-orins-de-gossos-als-jardins-de-jose-ignacio-urenda\/","og_site_name":"NouBarris.Net","article_publisher":"https:\/\/www.facebook.com\/NouBarris.net\/?locale=es_ES","article_published_time":"2021-10-27T22:00:18+00:00","og_image":[{"width":768,"height":432,"url":"https:\/\/www.noubarris.net\/web40\/wp-content\/uploads\/2021\/10\/281021.jpg","type":"image\/jpeg"}],"author":"Informatius","twitter_card":"summary_large_image","twitter_creator":"@9BTV","twitter_site":"@9BTV","twitter_misc":{"Escrit per":"Informatius","Temps estimat de lectura":"1 minut"},"schema":{"@context":"https:\/\/schema.org","@graph":[{"@type":"Article","@id":"https:\/\/www.noubarris.net\/web40\/campanya-per-promoure-la-neteja-dels-orins-de-gossos-als-jardins-de-jose-ignacio-urenda\/#article","isPartOf":{"@id":"https:\/\/www.noubarris.net\/web40\/campanya-per-promoure-la-neteja-dels-orins-de-gossos-als-jardins-de-jose-ignacio-urenda\/"},"author":{"name":"Informatius","@id":"https:\/\/www.noubarris.net\/web40\/#\/schema\/person\/1827f92aaa316c54abbf4dac0de76069"},"headline":"Campanya per promoure la neteja dels orins de gossos als jardins de Jos\u00e9 Ignacio Urenda","datePublished":"2021-10-27T22:00:18+00:00","mainEntityOfPage":{"@id":"https:\/\/www.noubarris.net\/web40\/campanya-per-promoure-la-neteja-dels-orins-de-gossos-als-jardins-de-jose-ignacio-urenda\/"},"wordCount":187,"publisher":{"@id":"https:\/\/www.noubarris.net\/web40\/#organization"},"image":{"@id":"https:\/\/www.noubarris.net\/web40\/campanya-per-promoure-la-neteja-dels-orins-de-gossos-als-jardins-de-jose-ignacio-urenda\/#primaryimage"},"thumbnailUrl":"https:\/\/www.noubarris.net\/web40\/wp-content\/uploads\/2021\/10\/281021.jpg","keywords":["Animals","civisme","El Tur\u00f3 de la Peira","gossos"],"articleSection":["El Tur\u00f3 de la Peira","Societat"],"inLanguage":"ca"},{"@type":"WebPage","@id":"https:\/\/www.noubarris.net\/web40\/campanya-per-promoure-la-neteja-dels-orins-de-gossos-als-jardins-de-jose-ignacio-urenda\/","url":"https:\/\/www.noubarris.net\/web40\/campanya-per-promoure-la-neteja-dels-orins-de-gossos-als-jardins-de-jose-ignacio-urenda\/","name":"Campanya per promoure la neteja dels orins de gossos als jardins de Jos\u00e9 Ignacio Urenda - NouBarris.Net","isPartOf":{"@id":"https:\/\/www.noubarris.net\/web40\/#website"},"primaryImageOfPage":{"@id":"https:\/\/www.noubarris.net\/web40\/campanya-per-promoure-la-neteja-dels-orins-de-gossos-als-jardins-de-jose-ignacio-urenda\/#primaryimage"},"image":{"@id":"https:\/\/www.noubarris.net\/web40\/campanya-per-promoure-la-neteja-dels-orins-de-gossos-als-jardins-de-jose-ignacio-urenda\/#primaryimage"},"thumbnailUrl":"https:\/\/www.noubarris.net\/web40\/wp-content\/uploads\/2021\/10\/281021.jpg","datePublished":"2021-10-27T22:00:18+00:00","breadcrumb":{"@id":"https:\/\/www.noubarris.net\/web40\/campanya-per-promoure-la-neteja-dels-orins-de-gossos-als-jardins-de-jose-ignacio-urenda\/#breadcrumb"},"inLanguage":"ca","potentialAction":[{"@type":"ReadAction","target":["https:\/\/www.noubarris.net\/web40\/campanya-per-promoure-la-neteja-dels-orins-de-gossos-als-jardins-de-jose-ignacio-urenda\/"]}]},{"@type":"ImageObject","inLanguage":"ca","@id":"https:\/\/www.noubarris.net\/web40\/campanya-per-promoure-la-neteja-dels-orins-de-gossos-als-jardins-de-jose-ignacio-urenda\/#primaryimage","url":"https:\/\/www.noubarris.net\/web40\/wp-content\/uploads\/2021\/10\/281021.jpg","contentUrl":"https:\/\/www.noubarris.net\/web40\/wp-content\/uploads\/2021\/10\/281021.jpg","width":768,"height":432},{"@type":"BreadcrumbList","@id":"https:\/\/www.noubarris.net\/web40\/campanya-per-promoure-la-neteja-dels-orins-de-gossos-als-jardins-de-jose-ignacio-urenda\/#breadcrumb","itemListElement":[{"@type":"ListItem","position":1,"name":"Inici","item":"https:\/\/www.noubarris.net\/web40\/"},{"@type":"ListItem","position":2,"name":"Campanya per promoure la neteja dels orins de gossos als jardins de Jos\u00e9 Ignacio Urenda"}]},{"@type":"WebSite","@id":"https:\/\/www.noubarris.net\/web40\/#website","url":"https:\/\/www.noubarris.net\/web40\/","name":"NouBarris.Net","description":"Seguint la vida de Nou Barris des de 1985","publisher":{"@id":"https:\/\/www.noubarris.net\/web40\/#organization"},"potentialAction":[{"@type":"SearchAction","target":{"@type":"EntryPoint","urlTemplate":"https:\/\/www.noubarris.net\/web40\/?s={search_term_string}"},"query-input":{"@type":"PropertyValueSpecification","valueRequired":true,"valueName":"search_term_string"}}],"inLanguage":"ca"},{"@type":"Organization","@id":"https:\/\/www.noubarris.net\/web40\/#organization","name":"NouBarris.Net","url":"https:\/\/www.noubarris.net\/web40\/","logo":{"@type":"ImageObject","inLanguage":"ca","@id":"https:\/\/www.noubarris.net\/web40\/#\/schema\/logo\/image\/","url":"https:\/\/www.noubarris.net\/web40\/wp-content\/uploads\/2024\/11\/cropped-cropped-LOGO_9BTV-2024_Insta-1.jpg","contentUrl":"https:\/\/www.noubarris.net\/web40\/wp-content\/uploads\/2024\/11\/cropped-cropped-LOGO_9BTV-2024_Insta-1.jpg","width":512,"height":512,"caption":"NouBarris.Net"},"image":{"@id":"https:\/\/www.noubarris.net\/web40\/#\/schema\/logo\/image\/"},"sameAs":["https:\/\/www.facebook.com\/NouBarris.net\/?locale=es_ES","https:\/\/x.com\/9BTV"]},{"@type":"Person","@id":"https:\/\/www.noubarris.net\/web40\/#\/schema\/person\/1827f92aaa316c54abbf4dac0de76069","name":"Informatius","image":{"@type":"ImageObject","inLanguage":"ca","@id":"https:\/\/www.noubarris.net\/web40\/#\/schema\/person\/image\/","url":"https:\/\/secure.gravatar.com\/avatar\/87a3b47928835fc72c6ee5b0e1a7263ef0c2d05003a98189bc14926c5f11bcdb?s=96&d=mm&r=g","contentUrl":"https:\/\/secure.gravatar.com\/avatar\/87a3b47928835fc72c6ee5b0e1a7263ef0c2d05003a98189bc14926c5f11bcdb?s=96&d=mm&r=g","caption":"Informatius"},"url":"https:\/\/www.noubarris.net\/web40\/author\/tele\/"}]}},"_links":{"self":[{"href":"https:\/\/www.noubarris.net\/web40\/wp-json\/wp\/v2\/posts\/78047","targetHints":{"allow":["GET"]}}],"collection":[{"href":"https:\/\/www.noubarris.net\/web40\/wp-json\/wp\/v2\/posts"}],"about":[{"href":"https:\/\/www.noubarris.net\/web40\/wp-json\/wp\/v2\/types\/post"}],"author":[{"embeddable":true,"href":"https:\/\/www.noubarris.net\/web40\/wp-json\/wp\/v2\/users\/2"}],"replies":[{"embeddable":true,"href":"https:\/\/www.noubarris.net\/web40\/wp-json\/wp\/v2\/comments?post=78047"}],"version-history":[{"count":2,"href":"https:\/\/www.noubarris.net\/web40\/wp-json\/wp\/v2\/posts\/78047\/revisions"}],"predecessor-version":[{"id":78050,"href":"https:\/\/www.noubarris.net\/web40\/wp-json\/wp\/v2\/posts\/78047\/revisions\/78050"}],"wp:featuredmedia":[{"embeddable":true,"href":"https:\/\/www.noubarris.net\/web40\/wp-json\/wp\/v2\/media\/78049"}],"wp:attachment":[{"href":"https:\/\/www.noubarris.net\/web40\/wp-json\/wp\/v2\/media?parent=78047"}],"wp:term":[{"taxonomy":"category","embeddable":true,"href":"https:\/\/www.noubarris.net\/web40\/wp-json\/wp\/v2\/categories?post=78047"},{"taxonomy":"post_tag","embeddable":true,"href":"https:\/\/www.noubarris.net\/web40\/wp-json\/wp\/v2\/tags?post=78047"}],"curies":[{"name":"wp","href":"https:\/\/api.w.org\/{rel}","templated":true}]}}