{"id":78055,"date":"2021-10-30T00:00:11","date_gmt":"2021-10-29T22:00:11","guid":{"rendered":"http:\/\/www.noubarris.net\/web40\/?p=78055"},"modified":"2021-10-29T18:50:54","modified_gmt":"2021-10-29T16:50:54","slug":"la-biblioteca-de-les-roquetes-rafa-juncadella-ja-es-oficial","status":"publish","type":"post","link":"https:\/\/www.noubarris.net\/web40\/la-biblioteca-de-les-roquetes-rafa-juncadella-ja-es-oficial\/","title":{"rendered":"La Biblioteca de les Roquetes &#8211; Rafa Juncadella ja \u00e9s oficial"},"content":{"rendered":"<p><strong>L&#8217;equipament s&#8217;ha batejat amb el nom de l&#8217;activista de Nou Barris a petici\u00f3 de les entitats del barri<\/strong><\/p>\n<p>Ahir a la tarda es va inaugurar la nova placa que identifica oficialment la biblioteca Les Roquetes &#8211; Rafa Juncadella. L&#8217;equipament s&#8217;ha rebatejat incloent el nom d&#8217;un dels\u00a0 activistes i promotors de la cultura m\u00e9s estimats de Nou Barris. La iniciativa ha estat fruit de la suma d&#8217;entitats i ve\u00efns del barri que van veure la biblioteca com el millor espai per retre homenatge a la mem\u00f2ria de Juncadella.<\/p>\n<p>La traject\u00f2ria de Rafa Juncadella comen\u00e7a com a sacerdot i alfabetitzador primer a Nicaragua on va treballar durant alguns anys seguint els ensenyament de Paolo Freire. Despr\u00e9s va tornar a Catalunya, va penjar els h\u00e0bits i va arribar a Nou Barris l\u2019any 1977. Aquell mateix any, va comen\u00e7ar a donar classes a l\u2019escola d\u2019adults Freire. Sempre va defensar que tothom podia ensenyar alguna cosa, que ning\u00fa \u00e9s ignorant, i amb aquest concepte va crear la Xarxa d\u2019Intercanvi de Coneixements, en la qual els participants ensenyen i aprenen sense diners pel mig. Una manera, a m\u00e9s, de valorar-se i saber-se estimar un mateix.<\/p>\n<p>Va ser per promocionar els cursos i tallers de la Freire que va crear una de les fires d\u2019entitats m\u00e9s populars de Barcelona, La Cultura Va de Festa. Des de 1980 el primer o segon diumenge de maig les entitats exposen la seva activitat habitual. Entremig de les paradetes sobresortia la veu de Rafa Juncadella, que meg\u00e0fon en m\u00e0, proclamava el lema del seu Mercat Boig \u201cRed de Intercambio de Conocimiento, donde el dinero importa un pimiento.\u201d Entre acudits i ritmes, repartia les seves cites per reflexionar. Unes frases que tamb\u00e9 penjava pels carrers i equipaments de les Roquetes habitualment. Des de fa algun temps, la Xarxa d\u2019Intercanvi de Coneixements s\u2019encarrega encara de triar la cita del dia i distribuir-la al barri perqu\u00e8 no es perdi la tradici\u00f3.<\/p>\n<p>M\u00e9s enll\u00e0 de la cultura, tamb\u00e9 es va implicar amb les necessitats del seu entorn. Va ser present a moltes mobilitzacions del barri, com ara la \u2018Indiada\u2019 de 1984, una mena de campament indi que reclamava el soterrament de la ronda de Dalt al pas per les Roquetes.<\/p>\n<p>l recordar tota la tasca que va impulsar al Boris Vega, un barri d\u2019Estel\u00ed (Nicaragua). Hi va anar al pa\u00eds per primera vegada l\u2019any 86, a una cooperativa sandinista al nord de Nicaragua sense aigua, sense llum, sense lavabos. \u201cAll\u00e0 vaig quedar \u2018anicarag\u00fcat\u2019 per sempre\u201d, deia. Els anys 90, quan els sandinistes van perdre les eleccions, en Rafa va deixar a una banda els ideals pol\u00edtics i va engegar tota una s\u00e8rie de projectes socials amb altres brigadistes al barri d\u2019Estel\u00ed.\u00a0 L\u2019any 92, va agermanar el barri amb el nostre districte. El Comit\u00e8 de l\u2019agermanament treballa durant tot l\u2019any per col\u00b7laborar i ajudar el Boris Vega. La llista de fites \u00e9s molt llarga: aigua corrent, llum, enllumenat, el Preescolar Nou Barris, un centre social, una biblioteca, clavegueram, un camp de futbol o la Casa de l\u2019Adolescent per treure dels carrers els joves \u2018pandilleros\u2019 s\u00f3n alguns dels resultats de la feina de 27 anys.<\/p>\n<p>El 2004 va crear el Festival de Sopes del M\u00f3n Mundial, una trobada que any rere any concentra aromes i cultures com a gran demostraci\u00f3 de diversitat i conviv\u00e8ncia.<\/p>\n<p>I despr\u00e9s de tant temps exercint de mestre, des del 1952, els darrers anys encara impartia classe de catal\u00e0 i castell\u00e0 al Casal de Barri Ton i Guida, seu de la Xarxa d\u2019Intercanvi de Coneixements. All\u00e0 era t\u00edpic trobar-se\u2019l gestionant les inscripcions o repassant notes.<\/p>\n<p>&nbsp;<\/p>\n","protected":false},"excerpt":{"rendered":"<p>L&#8217;equipament s&#8217;ha batejat amb el nom de l&#8217;activista de Nou Barris a petici\u00f3 de les entitats del barri Ahir a<\/p>\n","protected":false},"author":2,"featured_media":78056,"comment_status":"closed","ping_status":"closed","sticky":false,"template":"","format":"standard","meta":{"colormag_page_layout":"default_layout","_monsterinsights_skip_tracking":false,"_monsterinsights_sitenote_active":false,"_monsterinsights_sitenote_note":"","_monsterinsights_sitenote_category":0,"footnotes":""},"categories":[136,124],"tags":[68,49],"class_list":["post-78055","post","type-post","status-publish","format-standard","has-post-thumbnail","hentry","category-les-roquetes","category-societat","tag-biblioteca","tag-les-roquetes"],"yoast_head":"<!-- This site is optimized with the Yoast SEO plugin v25.3 - https:\/\/yoast.com\/wordpress\/plugins\/seo\/ -->\n<title>La Biblioteca de les Roquetes - Rafa Juncadella ja \u00e9s oficial - NouBarris.Net<\/title>\n<meta name=\"robots\" content=\"index, follow, max-snippet:-1, max-image-preview:large, max-video-preview:-1\" \/>\n<link rel=\"canonical\" href=\"https:\/\/www.noubarris.net\/web40\/la-biblioteca-de-les-roquetes-rafa-juncadella-ja-es-oficial\/\" \/>\n<meta property=\"og:locale\" content=\"ca_ES\" \/>\n<meta property=\"og:type\" content=\"article\" \/>\n<meta property=\"og:title\" content=\"La Biblioteca de les Roquetes - Rafa Juncadella ja \u00e9s oficial - NouBarris.Net\" \/>\n<meta property=\"og:description\" content=\"L&#8217;equipament s&#8217;ha batejat amb el nom de l&#8217;activista de Nou Barris a petici\u00f3 de les entitats del barri Ahir a\" \/>\n<meta property=\"og:url\" content=\"https:\/\/www.noubarris.net\/web40\/la-biblioteca-de-les-roquetes-rafa-juncadella-ja-es-oficial\/\" \/>\n<meta property=\"og:site_name\" content=\"NouBarris.Net\" \/>\n<meta property=\"article:publisher\" content=\"https:\/\/www.facebook.com\/NouBarris.net\/?locale=es_ES\" \/>\n<meta property=\"article:published_time\" content=\"2021-10-29T22:00:11+00:00\" \/>\n<meta property=\"og:image\" content=\"https:\/\/www.noubarris.net\/web40\/wp-content\/uploads\/2021\/10\/301021.jpg\" \/>\n\t<meta property=\"og:image:width\" content=\"768\" \/>\n\t<meta property=\"og:image:height\" content=\"432\" \/>\n\t<meta property=\"og:image:type\" content=\"image\/jpeg\" \/>\n<meta name=\"author\" content=\"Informatius\" \/>\n<meta name=\"twitter:card\" content=\"summary_large_image\" \/>\n<meta name=\"twitter:creator\" content=\"@9BTV\" \/>\n<meta name=\"twitter:site\" content=\"@9BTV\" \/>\n<meta name=\"twitter:label1\" content=\"Escrit per\" \/>\n\t<meta name=\"twitter:data1\" content=\"Informatius\" \/>\n\t<meta name=\"twitter:label2\" content=\"Temps estimat de lectura\" \/>\n\t<meta name=\"twitter:data2\" content=\"3 minuts\" \/>\n<script type=\"application\/ld+json\" class=\"yoast-schema-graph\">{\"@context\":\"https:\/\/schema.org\",\"@graph\":[{\"@type\":\"Article\",\"@id\":\"https:\/\/www.noubarris.net\/web40\/la-biblioteca-de-les-roquetes-rafa-juncadella-ja-es-oficial\/#article\",\"isPartOf\":{\"@id\":\"https:\/\/www.noubarris.net\/web40\/la-biblioteca-de-les-roquetes-rafa-juncadella-ja-es-oficial\/\"},\"author\":{\"name\":\"Informatius\",\"@id\":\"https:\/\/www.noubarris.net\/web40\/#\/schema\/person\/1827f92aaa316c54abbf4dac0de76069\"},\"headline\":\"La Biblioteca de les Roquetes &#8211; Rafa Juncadella ja \u00e9s oficial\",\"datePublished\":\"2021-10-29T22:00:11+00:00\",\"mainEntityOfPage\":{\"@id\":\"https:\/\/www.noubarris.net\/web40\/la-biblioteca-de-les-roquetes-rafa-juncadella-ja-es-oficial\/\"},\"wordCount\":640,\"publisher\":{\"@id\":\"https:\/\/www.noubarris.net\/web40\/#organization\"},\"image\":{\"@id\":\"https:\/\/www.noubarris.net\/web40\/la-biblioteca-de-les-roquetes-rafa-juncadella-ja-es-oficial\/#primaryimage\"},\"thumbnailUrl\":\"https:\/\/www.noubarris.net\/web40\/wp-content\/uploads\/2021\/10\/301021.jpg\",\"keywords\":[\"Biblioteca\",\"Les Roquetes\"],\"articleSection\":[\"Les Roquetes\",\"Societat\"],\"inLanguage\":\"ca\"},{\"@type\":\"WebPage\",\"@id\":\"https:\/\/www.noubarris.net\/web40\/la-biblioteca-de-les-roquetes-rafa-juncadella-ja-es-oficial\/\",\"url\":\"https:\/\/www.noubarris.net\/web40\/la-biblioteca-de-les-roquetes-rafa-juncadella-ja-es-oficial\/\",\"name\":\"La Biblioteca de les Roquetes - Rafa Juncadella ja \u00e9s oficial - NouBarris.Net\",\"isPartOf\":{\"@id\":\"https:\/\/www.noubarris.net\/web40\/#website\"},\"primaryImageOfPage\":{\"@id\":\"https:\/\/www.noubarris.net\/web40\/la-biblioteca-de-les-roquetes-rafa-juncadella-ja-es-oficial\/#primaryimage\"},\"image\":{\"@id\":\"https:\/\/www.noubarris.net\/web40\/la-biblioteca-de-les-roquetes-rafa-juncadella-ja-es-oficial\/#primaryimage\"},\"thumbnailUrl\":\"https:\/\/www.noubarris.net\/web40\/wp-content\/uploads\/2021\/10\/301021.jpg\",\"datePublished\":\"2021-10-29T22:00:11+00:00\",\"breadcrumb\":{\"@id\":\"https:\/\/www.noubarris.net\/web40\/la-biblioteca-de-les-roquetes-rafa-juncadella-ja-es-oficial\/#breadcrumb\"},\"inLanguage\":\"ca\",\"potentialAction\":[{\"@type\":\"ReadAction\",\"target\":[\"https:\/\/www.noubarris.net\/web40\/la-biblioteca-de-les-roquetes-rafa-juncadella-ja-es-oficial\/\"]}]},{\"@type\":\"ImageObject\",\"inLanguage\":\"ca\",\"@id\":\"https:\/\/www.noubarris.net\/web40\/la-biblioteca-de-les-roquetes-rafa-juncadella-ja-es-oficial\/#primaryimage\",\"url\":\"https:\/\/www.noubarris.net\/web40\/wp-content\/uploads\/2021\/10\/301021.jpg\",\"contentUrl\":\"https:\/\/www.noubarris.net\/web40\/wp-content\/uploads\/2021\/10\/301021.jpg\",\"width\":768,\"height\":432},{\"@type\":\"BreadcrumbList\",\"@id\":\"https:\/\/www.noubarris.net\/web40\/la-biblioteca-de-les-roquetes-rafa-juncadella-ja-es-oficial\/#breadcrumb\",\"itemListElement\":[{\"@type\":\"ListItem\",\"position\":1,\"name\":\"Inici\",\"item\":\"https:\/\/www.noubarris.net\/web40\/\"},{\"@type\":\"ListItem\",\"position\":2,\"name\":\"La Biblioteca de les Roquetes &#8211; Rafa Juncadella ja \u00e9s oficial\"}]},{\"@type\":\"WebSite\",\"@id\":\"https:\/\/www.noubarris.net\/web40\/#website\",\"url\":\"https:\/\/www.noubarris.net\/web40\/\",\"name\":\"NouBarris.Net\",\"description\":\"Seguint la vida de Nou Barris des de 1985\",\"publisher\":{\"@id\":\"https:\/\/www.noubarris.net\/web40\/#organization\"},\"potentialAction\":[{\"@type\":\"SearchAction\",\"target\":{\"@type\":\"EntryPoint\",\"urlTemplate\":\"https:\/\/www.noubarris.net\/web40\/?s={search_term_string}\"},\"query-input\":{\"@type\":\"PropertyValueSpecification\",\"valueRequired\":true,\"valueName\":\"search_term_string\"}}],\"inLanguage\":\"ca\"},{\"@type\":\"Organization\",\"@id\":\"https:\/\/www.noubarris.net\/web40\/#organization\",\"name\":\"NouBarris.Net\",\"url\":\"https:\/\/www.noubarris.net\/web40\/\",\"logo\":{\"@type\":\"ImageObject\",\"inLanguage\":\"ca\",\"@id\":\"https:\/\/www.noubarris.net\/web40\/#\/schema\/logo\/image\/\",\"url\":\"https:\/\/www.noubarris.net\/web40\/wp-content\/uploads\/2024\/11\/cropped-cropped-LOGO_9BTV-2024_Insta-1.jpg\",\"contentUrl\":\"https:\/\/www.noubarris.net\/web40\/wp-content\/uploads\/2024\/11\/cropped-cropped-LOGO_9BTV-2024_Insta-1.jpg\",\"width\":512,\"height\":512,\"caption\":\"NouBarris.Net\"},\"image\":{\"@id\":\"https:\/\/www.noubarris.net\/web40\/#\/schema\/logo\/image\/\"},\"sameAs\":[\"https:\/\/www.facebook.com\/NouBarris.net\/?locale=es_ES\",\"https:\/\/x.com\/9BTV\"]},{\"@type\":\"Person\",\"@id\":\"https:\/\/www.noubarris.net\/web40\/#\/schema\/person\/1827f92aaa316c54abbf4dac0de76069\",\"name\":\"Informatius\",\"image\":{\"@type\":\"ImageObject\",\"inLanguage\":\"ca\",\"@id\":\"https:\/\/www.noubarris.net\/web40\/#\/schema\/person\/image\/\",\"url\":\"https:\/\/secure.gravatar.com\/avatar\/87a3b47928835fc72c6ee5b0e1a7263ef0c2d05003a98189bc14926c5f11bcdb?s=96&d=mm&r=g\",\"contentUrl\":\"https:\/\/secure.gravatar.com\/avatar\/87a3b47928835fc72c6ee5b0e1a7263ef0c2d05003a98189bc14926c5f11bcdb?s=96&d=mm&r=g\",\"caption\":\"Informatius\"},\"url\":\"https:\/\/www.noubarris.net\/web40\/author\/tele\/\"}]}<\/script>\n<!-- \/ Yoast SEO plugin. -->","yoast_head_json":{"title":"La Biblioteca de les Roquetes - Rafa Juncadella ja \u00e9s oficial - NouBarris.Net","robots":{"index":"index","follow":"follow","max-snippet":"max-snippet:-1","max-image-preview":"max-image-preview:large","max-video-preview":"max-video-preview:-1"},"canonical":"https:\/\/www.noubarris.net\/web40\/la-biblioteca-de-les-roquetes-rafa-juncadella-ja-es-oficial\/","og_locale":"ca_ES","og_type":"article","og_title":"La Biblioteca de les Roquetes - Rafa Juncadella ja \u00e9s oficial - NouBarris.Net","og_description":"L&#8217;equipament s&#8217;ha batejat amb el nom de l&#8217;activista de Nou Barris a petici\u00f3 de les entitats del barri Ahir a","og_url":"https:\/\/www.noubarris.net\/web40\/la-biblioteca-de-les-roquetes-rafa-juncadella-ja-es-oficial\/","og_site_name":"NouBarris.Net","article_publisher":"https:\/\/www.facebook.com\/NouBarris.net\/?locale=es_ES","article_published_time":"2021-10-29T22:00:11+00:00","og_image":[{"width":768,"height":432,"url":"https:\/\/www.noubarris.net\/web40\/wp-content\/uploads\/2021\/10\/301021.jpg","type":"image\/jpeg"}],"author":"Informatius","twitter_card":"summary_large_image","twitter_creator":"@9BTV","twitter_site":"@9BTV","twitter_misc":{"Escrit per":"Informatius","Temps estimat de lectura":"3 minuts"},"schema":{"@context":"https:\/\/schema.org","@graph":[{"@type":"Article","@id":"https:\/\/www.noubarris.net\/web40\/la-biblioteca-de-les-roquetes-rafa-juncadella-ja-es-oficial\/#article","isPartOf":{"@id":"https:\/\/www.noubarris.net\/web40\/la-biblioteca-de-les-roquetes-rafa-juncadella-ja-es-oficial\/"},"author":{"name":"Informatius","@id":"https:\/\/www.noubarris.net\/web40\/#\/schema\/person\/1827f92aaa316c54abbf4dac0de76069"},"headline":"La Biblioteca de les Roquetes &#8211; Rafa Juncadella ja \u00e9s oficial","datePublished":"2021-10-29T22:00:11+00:00","mainEntityOfPage":{"@id":"https:\/\/www.noubarris.net\/web40\/la-biblioteca-de-les-roquetes-rafa-juncadella-ja-es-oficial\/"},"wordCount":640,"publisher":{"@id":"https:\/\/www.noubarris.net\/web40\/#organization"},"image":{"@id":"https:\/\/www.noubarris.net\/web40\/la-biblioteca-de-les-roquetes-rafa-juncadella-ja-es-oficial\/#primaryimage"},"thumbnailUrl":"https:\/\/www.noubarris.net\/web40\/wp-content\/uploads\/2021\/10\/301021.jpg","keywords":["Biblioteca","Les Roquetes"],"articleSection":["Les Roquetes","Societat"],"inLanguage":"ca"},{"@type":"WebPage","@id":"https:\/\/www.noubarris.net\/web40\/la-biblioteca-de-les-roquetes-rafa-juncadella-ja-es-oficial\/","url":"https:\/\/www.noubarris.net\/web40\/la-biblioteca-de-les-roquetes-rafa-juncadella-ja-es-oficial\/","name":"La Biblioteca de les Roquetes - Rafa Juncadella ja \u00e9s oficial - NouBarris.Net","isPartOf":{"@id":"https:\/\/www.noubarris.net\/web40\/#website"},"primaryImageOfPage":{"@id":"https:\/\/www.noubarris.net\/web40\/la-biblioteca-de-les-roquetes-rafa-juncadella-ja-es-oficial\/#primaryimage"},"image":{"@id":"https:\/\/www.noubarris.net\/web40\/la-biblioteca-de-les-roquetes-rafa-juncadella-ja-es-oficial\/#primaryimage"},"thumbnailUrl":"https:\/\/www.noubarris.net\/web40\/wp-content\/uploads\/2021\/10\/301021.jpg","datePublished":"2021-10-29T22:00:11+00:00","breadcrumb":{"@id":"https:\/\/www.noubarris.net\/web40\/la-biblioteca-de-les-roquetes-rafa-juncadella-ja-es-oficial\/#breadcrumb"},"inLanguage":"ca","potentialAction":[{"@type":"ReadAction","target":["https:\/\/www.noubarris.net\/web40\/la-biblioteca-de-les-roquetes-rafa-juncadella-ja-es-oficial\/"]}]},{"@type":"ImageObject","inLanguage":"ca","@id":"https:\/\/www.noubarris.net\/web40\/la-biblioteca-de-les-roquetes-rafa-juncadella-ja-es-oficial\/#primaryimage","url":"https:\/\/www.noubarris.net\/web40\/wp-content\/uploads\/2021\/10\/301021.jpg","contentUrl":"https:\/\/www.noubarris.net\/web40\/wp-content\/uploads\/2021\/10\/301021.jpg","width":768,"height":432},{"@type":"BreadcrumbList","@id":"https:\/\/www.noubarris.net\/web40\/la-biblioteca-de-les-roquetes-rafa-juncadella-ja-es-oficial\/#breadcrumb","itemListElement":[{"@type":"ListItem","position":1,"name":"Inici","item":"https:\/\/www.noubarris.net\/web40\/"},{"@type":"ListItem","position":2,"name":"La Biblioteca de les Roquetes &#8211; Rafa Juncadella ja \u00e9s oficial"}]},{"@type":"WebSite","@id":"https:\/\/www.noubarris.net\/web40\/#website","url":"https:\/\/www.noubarris.net\/web40\/","name":"NouBarris.Net","description":"Seguint la vida de Nou Barris des de 1985","publisher":{"@id":"https:\/\/www.noubarris.net\/web40\/#organization"},"potentialAction":[{"@type":"SearchAction","target":{"@type":"EntryPoint","urlTemplate":"https:\/\/www.noubarris.net\/web40\/?s={search_term_string}"},"query-input":{"@type":"PropertyValueSpecification","valueRequired":true,"valueName":"search_term_string"}}],"inLanguage":"ca"},{"@type":"Organization","@id":"https:\/\/www.noubarris.net\/web40\/#organization","name":"NouBarris.Net","url":"https:\/\/www.noubarris.net\/web40\/","logo":{"@type":"ImageObject","inLanguage":"ca","@id":"https:\/\/www.noubarris.net\/web40\/#\/schema\/logo\/image\/","url":"https:\/\/www.noubarris.net\/web40\/wp-content\/uploads\/2024\/11\/cropped-cropped-LOGO_9BTV-2024_Insta-1.jpg","contentUrl":"https:\/\/www.noubarris.net\/web40\/wp-content\/uploads\/2024\/11\/cropped-cropped-LOGO_9BTV-2024_Insta-1.jpg","width":512,"height":512,"caption":"NouBarris.Net"},"image":{"@id":"https:\/\/www.noubarris.net\/web40\/#\/schema\/logo\/image\/"},"sameAs":["https:\/\/www.facebook.com\/NouBarris.net\/?locale=es_ES","https:\/\/x.com\/9BTV"]},{"@type":"Person","@id":"https:\/\/www.noubarris.net\/web40\/#\/schema\/person\/1827f92aaa316c54abbf4dac0de76069","name":"Informatius","image":{"@type":"ImageObject","inLanguage":"ca","@id":"https:\/\/www.noubarris.net\/web40\/#\/schema\/person\/image\/","url":"https:\/\/secure.gravatar.com\/avatar\/87a3b47928835fc72c6ee5b0e1a7263ef0c2d05003a98189bc14926c5f11bcdb?s=96&d=mm&r=g","contentUrl":"https:\/\/secure.gravatar.com\/avatar\/87a3b47928835fc72c6ee5b0e1a7263ef0c2d05003a98189bc14926c5f11bcdb?s=96&d=mm&r=g","caption":"Informatius"},"url":"https:\/\/www.noubarris.net\/web40\/author\/tele\/"}]}},"_links":{"self":[{"href":"https:\/\/www.noubarris.net\/web40\/wp-json\/wp\/v2\/posts\/78055","targetHints":{"allow":["GET"]}}],"collection":[{"href":"https:\/\/www.noubarris.net\/web40\/wp-json\/wp\/v2\/posts"}],"about":[{"href":"https:\/\/www.noubarris.net\/web40\/wp-json\/wp\/v2\/types\/post"}],"author":[{"embeddable":true,"href":"https:\/\/www.noubarris.net\/web40\/wp-json\/wp\/v2\/users\/2"}],"replies":[{"embeddable":true,"href":"https:\/\/www.noubarris.net\/web40\/wp-json\/wp\/v2\/comments?post=78055"}],"version-history":[{"count":2,"href":"https:\/\/www.noubarris.net\/web40\/wp-json\/wp\/v2\/posts\/78055\/revisions"}],"predecessor-version":[{"id":78058,"href":"https:\/\/www.noubarris.net\/web40\/wp-json\/wp\/v2\/posts\/78055\/revisions\/78058"}],"wp:featuredmedia":[{"embeddable":true,"href":"https:\/\/www.noubarris.net\/web40\/wp-json\/wp\/v2\/media\/78056"}],"wp:attachment":[{"href":"https:\/\/www.noubarris.net\/web40\/wp-json\/wp\/v2\/media?parent=78055"}],"wp:term":[{"taxonomy":"category","embeddable":true,"href":"https:\/\/www.noubarris.net\/web40\/wp-json\/wp\/v2\/categories?post=78055"},{"taxonomy":"post_tag","embeddable":true,"href":"https:\/\/www.noubarris.net\/web40\/wp-json\/wp\/v2\/tags?post=78055"}],"curies":[{"name":"wp","href":"https:\/\/api.w.org\/{rel}","templated":true}]}}