{"id":78059,"date":"2021-10-31T00:00:35","date_gmt":"2021-10-30T22:00:35","guid":{"rendered":"http:\/\/www.noubarris.net\/web40\/?p=78059"},"modified":"2021-10-30T20:38:59","modified_gmt":"2021-10-30T18:38:59","slug":"rescaten-tres-persones-atrapades-en-un-ascensor-exterior-a-ciutat-meridiana","status":"publish","type":"post","link":"https:\/\/www.noubarris.net\/web40\/rescaten-tres-persones-atrapades-en-un-ascensor-exterior-a-ciutat-meridiana\/","title":{"rendered":"Rescaten tres persones atrapades en un ascensor exterior a Ciutat Meridiana"},"content":{"rendered":"<p><strong>Els bombers van haver d&#8217;actuar adaptant-se a particularitats t\u00e8cniques d\u2019aquests elevadors<\/strong><\/p>\n<p><span class=\"css-901oao css-16my406 r-poiln3 r-bcqeeo r-qvutc0\">Ahir al mat\u00ed els Bombers de Barcelona van haver de rescatar tres persones que habien quedat atrapades en un ascensor exterior al carrer de les Agudes, al barri de Ciutat Meridiana.\u00a0 Els bombers es van haver d&#8217;adaptar a les particularitats t\u00e8cniques d\u2019aquests elevadors. A l&#8217;operaci\u00f3 de rescat van intervenir quatre dotacions del cos, un tanc, un furg\u00f3 de salvament i una ambul\u00e0ncia. Els bombers es van haver de despenjar amb anr\u00e9s, mosquetons, casc i cordes per dins de l&#8217;estructura.\u00a0<\/span><\/p>\n<p>Foto: @BCN_Bombers<\/p>\n<blockquote class=\"twitter-tweet\">\n<p dir=\"ltr\" lang=\"ca\">Aquest mat\u00ed tres persones han quedat atrapades en un ascensor exterior al carrer de les agudes, a <a href=\"https:\/\/twitter.com\/hashtag\/CiutatMeridiana?src=hash&amp;ref_src=twsrc%5Etfw\">#CiutatMeridiana<\/a>.<\/p>\n<p>La r\u00e0pida actuaci\u00f3 de <a href=\"https:\/\/twitter.com\/hashtag\/BombersBCN?src=hash&amp;ref_src=twsrc%5Etfw\">#BombersBCN<\/a>, avesats a les particularitats t\u00e8cniques d\u2019aquests ascensors singulars, els ha fet menys feixuc el tr\u00e0ngol. <a href=\"https:\/\/t.co\/NtjA6fp8HJ\">pic.twitter.com\/NtjA6fp8HJ<\/a><\/p>\n<p>\u2014 Bombers Barcelona (@BCN_Bombers) <a href=\"https:\/\/twitter.com\/BCN_Bombers\/status\/1454475703563476999?ref_src=twsrc%5Etfw\">October 30, 2021<\/a><\/p><\/blockquote>\n<p><script async src=\"https:\/\/platform.twitter.com\/widgets.js\" charset=\"utf-8\"><\/script><\/p>\n","protected":false},"excerpt":{"rendered":"<p>Els bombers van haver d&#8217;actuar adaptant-se a particularitats t\u00e8cniques d\u2019aquests elevadors Ahir al mat\u00ed els Bombers de Barcelona van haver<\/p>\n","protected":false},"author":2,"featured_media":78062,"comment_status":"closed","ping_status":"closed","sticky":false,"template":"","format":"standard","meta":{"colormag_page_layout":"default_layout","_monsterinsights_skip_tracking":false,"_monsterinsights_sitenote_active":false,"_monsterinsights_sitenote_note":"","_monsterinsights_sitenote_category":0,"footnotes":""},"categories":[132,124],"tags":[427,668,54],"class_list":["post-78059","post","type-post","status-publish","format-standard","has-post-thumbnail","hentry","category-ciutat-meridiana","category-societat","tag-ascensor","tag-bombers","tag-ciutat-meridiana"],"yoast_head":"<!-- This site is optimized with the Yoast SEO plugin v25.3 - https:\/\/yoast.com\/wordpress\/plugins\/seo\/ -->\n<title>Rescaten tres persones atrapades en un ascensor exterior a Ciutat Meridiana - NouBarris.Net<\/title>\n<meta name=\"robots\" content=\"index, follow, max-snippet:-1, max-image-preview:large, max-video-preview:-1\" \/>\n<link rel=\"canonical\" href=\"https:\/\/www.noubarris.net\/web40\/rescaten-tres-persones-atrapades-en-un-ascensor-exterior-a-ciutat-meridiana\/\" \/>\n<meta property=\"og:locale\" content=\"ca_ES\" \/>\n<meta property=\"og:type\" content=\"article\" \/>\n<meta property=\"og:title\" content=\"Rescaten tres persones atrapades en un ascensor exterior a Ciutat Meridiana - NouBarris.Net\" \/>\n<meta property=\"og:description\" content=\"Els bombers van haver d&#8217;actuar adaptant-se a particularitats t\u00e8cniques d\u2019aquests elevadors Ahir al mat\u00ed els Bombers de Barcelona van haver\" \/>\n<meta property=\"og:url\" content=\"https:\/\/www.noubarris.net\/web40\/rescaten-tres-persones-atrapades-en-un-ascensor-exterior-a-ciutat-meridiana\/\" \/>\n<meta property=\"og:site_name\" content=\"NouBarris.Net\" \/>\n<meta property=\"article:publisher\" content=\"https:\/\/www.facebook.com\/NouBarris.net\/?locale=es_ES\" \/>\n<meta property=\"article:published_time\" content=\"2021-10-30T22:00:35+00:00\" \/>\n<meta property=\"og:image\" content=\"https:\/\/www.noubarris.net\/web40\/wp-content\/uploads\/2021\/10\/311021.jpg\" \/>\n\t<meta property=\"og:image:width\" content=\"768\" \/>\n\t<meta property=\"og:image:height\" content=\"432\" \/>\n\t<meta property=\"og:image:type\" content=\"image\/jpeg\" \/>\n<meta name=\"author\" content=\"Informatius\" \/>\n<meta name=\"twitter:card\" content=\"summary_large_image\" \/>\n<meta name=\"twitter:creator\" content=\"@9BTV\" \/>\n<meta name=\"twitter:site\" content=\"@9BTV\" \/>\n<meta name=\"twitter:label1\" content=\"Escrit per\" \/>\n\t<meta name=\"twitter:data1\" content=\"Informatius\" \/>\n\t<meta name=\"twitter:label2\" content=\"Temps estimat de lectura\" \/>\n\t<meta name=\"twitter:data2\" content=\"1 minut\" \/>\n<script type=\"application\/ld+json\" class=\"yoast-schema-graph\">{\"@context\":\"https:\/\/schema.org\",\"@graph\":[{\"@type\":\"Article\",\"@id\":\"https:\/\/www.noubarris.net\/web40\/rescaten-tres-persones-atrapades-en-un-ascensor-exterior-a-ciutat-meridiana\/#article\",\"isPartOf\":{\"@id\":\"https:\/\/www.noubarris.net\/web40\/rescaten-tres-persones-atrapades-en-un-ascensor-exterior-a-ciutat-meridiana\/\"},\"author\":{\"name\":\"Informatius\",\"@id\":\"https:\/\/www.noubarris.net\/web40\/#\/schema\/person\/1827f92aaa316c54abbf4dac0de76069\"},\"headline\":\"Rescaten tres persones atrapades en un ascensor exterior a Ciutat Meridiana\",\"datePublished\":\"2021-10-30T22:00:35+00:00\",\"mainEntityOfPage\":{\"@id\":\"https:\/\/www.noubarris.net\/web40\/rescaten-tres-persones-atrapades-en-un-ascensor-exterior-a-ciutat-meridiana\/\"},\"wordCount\":167,\"publisher\":{\"@id\":\"https:\/\/www.noubarris.net\/web40\/#organization\"},\"image\":{\"@id\":\"https:\/\/www.noubarris.net\/web40\/rescaten-tres-persones-atrapades-en-un-ascensor-exterior-a-ciutat-meridiana\/#primaryimage\"},\"thumbnailUrl\":\"https:\/\/www.noubarris.net\/web40\/wp-content\/uploads\/2021\/10\/311021.jpg\",\"keywords\":[\"Ascensor\",\"bombers\",\"Ciutat Meridiana\"],\"articleSection\":[\"Ciutat Meridiana\",\"Societat\"],\"inLanguage\":\"ca\"},{\"@type\":\"WebPage\",\"@id\":\"https:\/\/www.noubarris.net\/web40\/rescaten-tres-persones-atrapades-en-un-ascensor-exterior-a-ciutat-meridiana\/\",\"url\":\"https:\/\/www.noubarris.net\/web40\/rescaten-tres-persones-atrapades-en-un-ascensor-exterior-a-ciutat-meridiana\/\",\"name\":\"Rescaten tres persones atrapades en un ascensor exterior a Ciutat Meridiana - NouBarris.Net\",\"isPartOf\":{\"@id\":\"https:\/\/www.noubarris.net\/web40\/#website\"},\"primaryImageOfPage\":{\"@id\":\"https:\/\/www.noubarris.net\/web40\/rescaten-tres-persones-atrapades-en-un-ascensor-exterior-a-ciutat-meridiana\/#primaryimage\"},\"image\":{\"@id\":\"https:\/\/www.noubarris.net\/web40\/rescaten-tres-persones-atrapades-en-un-ascensor-exterior-a-ciutat-meridiana\/#primaryimage\"},\"thumbnailUrl\":\"https:\/\/www.noubarris.net\/web40\/wp-content\/uploads\/2021\/10\/311021.jpg\",\"datePublished\":\"2021-10-30T22:00:35+00:00\",\"breadcrumb\":{\"@id\":\"https:\/\/www.noubarris.net\/web40\/rescaten-tres-persones-atrapades-en-un-ascensor-exterior-a-ciutat-meridiana\/#breadcrumb\"},\"inLanguage\":\"ca\",\"potentialAction\":[{\"@type\":\"ReadAction\",\"target\":[\"https:\/\/www.noubarris.net\/web40\/rescaten-tres-persones-atrapades-en-un-ascensor-exterior-a-ciutat-meridiana\/\"]}]},{\"@type\":\"ImageObject\",\"inLanguage\":\"ca\",\"@id\":\"https:\/\/www.noubarris.net\/web40\/rescaten-tres-persones-atrapades-en-un-ascensor-exterior-a-ciutat-meridiana\/#primaryimage\",\"url\":\"https:\/\/www.noubarris.net\/web40\/wp-content\/uploads\/2021\/10\/311021.jpg\",\"contentUrl\":\"https:\/\/www.noubarris.net\/web40\/wp-content\/uploads\/2021\/10\/311021.jpg\",\"width\":768,\"height\":432,\"caption\":\"Foto: @BCN_Bombers\"},{\"@type\":\"BreadcrumbList\",\"@id\":\"https:\/\/www.noubarris.net\/web40\/rescaten-tres-persones-atrapades-en-un-ascensor-exterior-a-ciutat-meridiana\/#breadcrumb\",\"itemListElement\":[{\"@type\":\"ListItem\",\"position\":1,\"name\":\"Inici\",\"item\":\"https:\/\/www.noubarris.net\/web40\/\"},{\"@type\":\"ListItem\",\"position\":2,\"name\":\"Rescaten tres persones atrapades en un ascensor exterior a Ciutat Meridiana\"}]},{\"@type\":\"WebSite\",\"@id\":\"https:\/\/www.noubarris.net\/web40\/#website\",\"url\":\"https:\/\/www.noubarris.net\/web40\/\",\"name\":\"NouBarris.Net\",\"description\":\"Seguint la vida de Nou Barris des de 1985\",\"publisher\":{\"@id\":\"https:\/\/www.noubarris.net\/web40\/#organization\"},\"potentialAction\":[{\"@type\":\"SearchAction\",\"target\":{\"@type\":\"EntryPoint\",\"urlTemplate\":\"https:\/\/www.noubarris.net\/web40\/?s={search_term_string}\"},\"query-input\":{\"@type\":\"PropertyValueSpecification\",\"valueRequired\":true,\"valueName\":\"search_term_string\"}}],\"inLanguage\":\"ca\"},{\"@type\":\"Organization\",\"@id\":\"https:\/\/www.noubarris.net\/web40\/#organization\",\"name\":\"NouBarris.Net\",\"url\":\"https:\/\/www.noubarris.net\/web40\/\",\"logo\":{\"@type\":\"ImageObject\",\"inLanguage\":\"ca\",\"@id\":\"https:\/\/www.noubarris.net\/web40\/#\/schema\/logo\/image\/\",\"url\":\"https:\/\/www.noubarris.net\/web40\/wp-content\/uploads\/2024\/11\/cropped-cropped-LOGO_9BTV-2024_Insta-1.jpg\",\"contentUrl\":\"https:\/\/www.noubarris.net\/web40\/wp-content\/uploads\/2024\/11\/cropped-cropped-LOGO_9BTV-2024_Insta-1.jpg\",\"width\":512,\"height\":512,\"caption\":\"NouBarris.Net\"},\"image\":{\"@id\":\"https:\/\/www.noubarris.net\/web40\/#\/schema\/logo\/image\/\"},\"sameAs\":[\"https:\/\/www.facebook.com\/NouBarris.net\/?locale=es_ES\",\"https:\/\/x.com\/9BTV\"]},{\"@type\":\"Person\",\"@id\":\"https:\/\/www.noubarris.net\/web40\/#\/schema\/person\/1827f92aaa316c54abbf4dac0de76069\",\"name\":\"Informatius\",\"image\":{\"@type\":\"ImageObject\",\"inLanguage\":\"ca\",\"@id\":\"https:\/\/www.noubarris.net\/web40\/#\/schema\/person\/image\/\",\"url\":\"https:\/\/secure.gravatar.com\/avatar\/87a3b47928835fc72c6ee5b0e1a7263ef0c2d05003a98189bc14926c5f11bcdb?s=96&d=mm&r=g\",\"contentUrl\":\"https:\/\/secure.gravatar.com\/avatar\/87a3b47928835fc72c6ee5b0e1a7263ef0c2d05003a98189bc14926c5f11bcdb?s=96&d=mm&r=g\",\"caption\":\"Informatius\"},\"url\":\"https:\/\/www.noubarris.net\/web40\/author\/tele\/\"}]}<\/script>\n<!-- \/ Yoast SEO plugin. -->","yoast_head_json":{"title":"Rescaten tres persones atrapades en un ascensor exterior a Ciutat Meridiana - NouBarris.Net","robots":{"index":"index","follow":"follow","max-snippet":"max-snippet:-1","max-image-preview":"max-image-preview:large","max-video-preview":"max-video-preview:-1"},"canonical":"https:\/\/www.noubarris.net\/web40\/rescaten-tres-persones-atrapades-en-un-ascensor-exterior-a-ciutat-meridiana\/","og_locale":"ca_ES","og_type":"article","og_title":"Rescaten tres persones atrapades en un ascensor exterior a Ciutat Meridiana - NouBarris.Net","og_description":"Els bombers van haver d&#8217;actuar adaptant-se a particularitats t\u00e8cniques d\u2019aquests elevadors Ahir al mat\u00ed els Bombers de Barcelona van haver","og_url":"https:\/\/www.noubarris.net\/web40\/rescaten-tres-persones-atrapades-en-un-ascensor-exterior-a-ciutat-meridiana\/","og_site_name":"NouBarris.Net","article_publisher":"https:\/\/www.facebook.com\/NouBarris.net\/?locale=es_ES","article_published_time":"2021-10-30T22:00:35+00:00","og_image":[{"width":768,"height":432,"url":"https:\/\/www.noubarris.net\/web40\/wp-content\/uploads\/2021\/10\/311021.jpg","type":"image\/jpeg"}],"author":"Informatius","twitter_card":"summary_large_image","twitter_creator":"@9BTV","twitter_site":"@9BTV","twitter_misc":{"Escrit per":"Informatius","Temps estimat de lectura":"1 minut"},"schema":{"@context":"https:\/\/schema.org","@graph":[{"@type":"Article","@id":"https:\/\/www.noubarris.net\/web40\/rescaten-tres-persones-atrapades-en-un-ascensor-exterior-a-ciutat-meridiana\/#article","isPartOf":{"@id":"https:\/\/www.noubarris.net\/web40\/rescaten-tres-persones-atrapades-en-un-ascensor-exterior-a-ciutat-meridiana\/"},"author":{"name":"Informatius","@id":"https:\/\/www.noubarris.net\/web40\/#\/schema\/person\/1827f92aaa316c54abbf4dac0de76069"},"headline":"Rescaten tres persones atrapades en un ascensor exterior a Ciutat Meridiana","datePublished":"2021-10-30T22:00:35+00:00","mainEntityOfPage":{"@id":"https:\/\/www.noubarris.net\/web40\/rescaten-tres-persones-atrapades-en-un-ascensor-exterior-a-ciutat-meridiana\/"},"wordCount":167,"publisher":{"@id":"https:\/\/www.noubarris.net\/web40\/#organization"},"image":{"@id":"https:\/\/www.noubarris.net\/web40\/rescaten-tres-persones-atrapades-en-un-ascensor-exterior-a-ciutat-meridiana\/#primaryimage"},"thumbnailUrl":"https:\/\/www.noubarris.net\/web40\/wp-content\/uploads\/2021\/10\/311021.jpg","keywords":["Ascensor","bombers","Ciutat Meridiana"],"articleSection":["Ciutat Meridiana","Societat"],"inLanguage":"ca"},{"@type":"WebPage","@id":"https:\/\/www.noubarris.net\/web40\/rescaten-tres-persones-atrapades-en-un-ascensor-exterior-a-ciutat-meridiana\/","url":"https:\/\/www.noubarris.net\/web40\/rescaten-tres-persones-atrapades-en-un-ascensor-exterior-a-ciutat-meridiana\/","name":"Rescaten tres persones atrapades en un ascensor exterior a Ciutat Meridiana - NouBarris.Net","isPartOf":{"@id":"https:\/\/www.noubarris.net\/web40\/#website"},"primaryImageOfPage":{"@id":"https:\/\/www.noubarris.net\/web40\/rescaten-tres-persones-atrapades-en-un-ascensor-exterior-a-ciutat-meridiana\/#primaryimage"},"image":{"@id":"https:\/\/www.noubarris.net\/web40\/rescaten-tres-persones-atrapades-en-un-ascensor-exterior-a-ciutat-meridiana\/#primaryimage"},"thumbnailUrl":"https:\/\/www.noubarris.net\/web40\/wp-content\/uploads\/2021\/10\/311021.jpg","datePublished":"2021-10-30T22:00:35+00:00","breadcrumb":{"@id":"https:\/\/www.noubarris.net\/web40\/rescaten-tres-persones-atrapades-en-un-ascensor-exterior-a-ciutat-meridiana\/#breadcrumb"},"inLanguage":"ca","potentialAction":[{"@type":"ReadAction","target":["https:\/\/www.noubarris.net\/web40\/rescaten-tres-persones-atrapades-en-un-ascensor-exterior-a-ciutat-meridiana\/"]}]},{"@type":"ImageObject","inLanguage":"ca","@id":"https:\/\/www.noubarris.net\/web40\/rescaten-tres-persones-atrapades-en-un-ascensor-exterior-a-ciutat-meridiana\/#primaryimage","url":"https:\/\/www.noubarris.net\/web40\/wp-content\/uploads\/2021\/10\/311021.jpg","contentUrl":"https:\/\/www.noubarris.net\/web40\/wp-content\/uploads\/2021\/10\/311021.jpg","width":768,"height":432,"caption":"Foto: @BCN_Bombers"},{"@type":"BreadcrumbList","@id":"https:\/\/www.noubarris.net\/web40\/rescaten-tres-persones-atrapades-en-un-ascensor-exterior-a-ciutat-meridiana\/#breadcrumb","itemListElement":[{"@type":"ListItem","position":1,"name":"Inici","item":"https:\/\/www.noubarris.net\/web40\/"},{"@type":"ListItem","position":2,"name":"Rescaten tres persones atrapades en un ascensor exterior a Ciutat Meridiana"}]},{"@type":"WebSite","@id":"https:\/\/www.noubarris.net\/web40\/#website","url":"https:\/\/www.noubarris.net\/web40\/","name":"NouBarris.Net","description":"Seguint la vida de Nou Barris des de 1985","publisher":{"@id":"https:\/\/www.noubarris.net\/web40\/#organization"},"potentialAction":[{"@type":"SearchAction","target":{"@type":"EntryPoint","urlTemplate":"https:\/\/www.noubarris.net\/web40\/?s={search_term_string}"},"query-input":{"@type":"PropertyValueSpecification","valueRequired":true,"valueName":"search_term_string"}}],"inLanguage":"ca"},{"@type":"Organization","@id":"https:\/\/www.noubarris.net\/web40\/#organization","name":"NouBarris.Net","url":"https:\/\/www.noubarris.net\/web40\/","logo":{"@type":"ImageObject","inLanguage":"ca","@id":"https:\/\/www.noubarris.net\/web40\/#\/schema\/logo\/image\/","url":"https:\/\/www.noubarris.net\/web40\/wp-content\/uploads\/2024\/11\/cropped-cropped-LOGO_9BTV-2024_Insta-1.jpg","contentUrl":"https:\/\/www.noubarris.net\/web40\/wp-content\/uploads\/2024\/11\/cropped-cropped-LOGO_9BTV-2024_Insta-1.jpg","width":512,"height":512,"caption":"NouBarris.Net"},"image":{"@id":"https:\/\/www.noubarris.net\/web40\/#\/schema\/logo\/image\/"},"sameAs":["https:\/\/www.facebook.com\/NouBarris.net\/?locale=es_ES","https:\/\/x.com\/9BTV"]},{"@type":"Person","@id":"https:\/\/www.noubarris.net\/web40\/#\/schema\/person\/1827f92aaa316c54abbf4dac0de76069","name":"Informatius","image":{"@type":"ImageObject","inLanguage":"ca","@id":"https:\/\/www.noubarris.net\/web40\/#\/schema\/person\/image\/","url":"https:\/\/secure.gravatar.com\/avatar\/87a3b47928835fc72c6ee5b0e1a7263ef0c2d05003a98189bc14926c5f11bcdb?s=96&d=mm&r=g","contentUrl":"https:\/\/secure.gravatar.com\/avatar\/87a3b47928835fc72c6ee5b0e1a7263ef0c2d05003a98189bc14926c5f11bcdb?s=96&d=mm&r=g","caption":"Informatius"},"url":"https:\/\/www.noubarris.net\/web40\/author\/tele\/"}]}},"_links":{"self":[{"href":"https:\/\/www.noubarris.net\/web40\/wp-json\/wp\/v2\/posts\/78059","targetHints":{"allow":["GET"]}}],"collection":[{"href":"https:\/\/www.noubarris.net\/web40\/wp-json\/wp\/v2\/posts"}],"about":[{"href":"https:\/\/www.noubarris.net\/web40\/wp-json\/wp\/v2\/types\/post"}],"author":[{"embeddable":true,"href":"https:\/\/www.noubarris.net\/web40\/wp-json\/wp\/v2\/users\/2"}],"replies":[{"embeddable":true,"href":"https:\/\/www.noubarris.net\/web40\/wp-json\/wp\/v2\/comments?post=78059"}],"version-history":[{"count":4,"href":"https:\/\/www.noubarris.net\/web40\/wp-json\/wp\/v2\/posts\/78059\/revisions"}],"predecessor-version":[{"id":78064,"href":"https:\/\/www.noubarris.net\/web40\/wp-json\/wp\/v2\/posts\/78059\/revisions\/78064"}],"wp:featuredmedia":[{"embeddable":true,"href":"https:\/\/www.noubarris.net\/web40\/wp-json\/wp\/v2\/media\/78062"}],"wp:attachment":[{"href":"https:\/\/www.noubarris.net\/web40\/wp-json\/wp\/v2\/media?parent=78059"}],"wp:term":[{"taxonomy":"category","embeddable":true,"href":"https:\/\/www.noubarris.net\/web40\/wp-json\/wp\/v2\/categories?post=78059"},{"taxonomy":"post_tag","embeddable":true,"href":"https:\/\/www.noubarris.net\/web40\/wp-json\/wp\/v2\/tags?post=78059"}],"curies":[{"name":"wp","href":"https:\/\/api.w.org\/{rel}","templated":true}]}}