{"id":78069,"date":"2021-11-01T00:00:18","date_gmt":"2021-10-31T22:00:18","guid":{"rendered":"http:\/\/www.noubarris.net\/web40\/?p=78069"},"modified":"2021-10-31T21:43:52","modified_gmt":"2021-10-31T19:43:52","slug":"tornen-les-queixes-dels-usuaris-a-lestacio-de-metro-de-les-roquetes","status":"publish","type":"post","link":"https:\/\/www.noubarris.net\/web40\/tornen-les-queixes-dels-usuaris-a-lestacio-de-metro-de-les-roquetes\/","title":{"rendered":"Tornen les queixes dels usuaris a l&#8217;estaci\u00f3 de metro de les Roquetes"},"content":{"rendered":"<p dir=\"ltr\" lang=\"es\"><strong>Els usuaris denuncien que amb les pluges hi ha hagut petits despreniments al sostre per les filtracions d&#8217;aigua<\/strong><\/p>\n<p dir=\"ltr\" lang=\"es\">Coincidint amb les pluges dels darrers dies, les filtracions d&#8217;aigua han tornar a sorgir a l&#8217;estaci\u00f3 de metro de les Roquetes de la L3. TMB va informar al setembre que les filtracions d&#8217;aigua s\u2019havien reparat per\u00f2 va avan\u00e7ar que s&#8217;hauran de fer noves actuacions per tal d\u2019acabar amb un nou problema, els desguassos. Usuaris i ve\u00efns han tornat a mostrar el seu malestar a les xarxes socials, amb la publicaci\u00f3 d&#8217;imatges en les quals es veu una part de l&#8217;estaci\u00f3 acordonada i petits despreniments.<\/p>\n<blockquote class=\"twitter-tweet\">\n<p dir=\"ltr\" lang=\"es\">Mejor nos ahorramos los comentarios sobre el techo de la estaci\u00f3n de Roquetes.<a href=\"https:\/\/twitter.com\/TMB_Barcelona?ref_src=twsrc%5Etfw\">@TMB_Barcelona<\/a> <a href=\"https:\/\/twitter.com\/TMBinfo?ref_src=twsrc%5Etfw\">@TMBinfo<\/a> <a href=\"https:\/\/twitter.com\/bcn_ajuntament?ref_src=twsrc%5Etfw\">@bcn_ajuntament<\/a> <a href=\"https:\/\/twitter.com\/Bcn_NouBarris?ref_src=twsrc%5Etfw\">@Bcn_NouBarris<\/a> <a href=\"https:\/\/twitter.com\/AVVRoquetes?ref_src=twsrc%5Etfw\">@AVVRoquetes<\/a> <a href=\"https:\/\/twitter.com\/ArxiuHistoric9B?ref_src=twsrc%5Etfw\">@ArxiuHistoric9B<\/a> <a href=\"https:\/\/twitter.com\/btvnoticies?ref_src=twsrc%5Etfw\">@btvnoticies<\/a> <a href=\"https:\/\/t.co\/6ZoqhjU3be\">pic.twitter.com\/6ZoqhjU3be<\/a><\/p>\n<p>\u2014 Javi (@dilojavi) <a href=\"https:\/\/twitter.com\/dilojavi\/status\/1454854548829396995?ref_src=twsrc%5Etfw\">October 31, 2021<\/a><\/p><\/blockquote>\n<p><script async src=\"https:\/\/platform.twitter.com\/widgets.js\" charset=\"utf-8\"><\/script><\/p>\n<p dir=\"ltr\" lang=\"es\">Els usuaris afirmen que pr\u00e0cticament des que es va inaugurar l&#8217;estaci\u00f3 de metro de les Roquetes ha tingut problemes de filtracions d\u2019aigua que han anat rovellant plaques i deixant marca a parets i terres. No \u00e9s l\u2019\u00fanic problema d\u2019aquesta estaci\u00f3, una de les m\u00e9s profundes del metro de Barcelona, ja que l\u2019andana es troba a 56 metres. L\u2019AV de Les Roquetes fa anys denuncia la manca de manteniment pel que fa als recobriments de les parets i dels sostres de l&#8217;estaci\u00f3. Afirmen que hi falten plaques al sotre i ja ha quedat a la vista algun tros de mur. TMB justifica l\u2019aspecte de passadissos i vest\u00edbul amb el fet que no poden substituir les peces danyades o desaparegudes perqu\u00e8 ja no es fabriquen. Un argument que no accepten els ve\u00efns i usuaris.<\/p>\n","protected":false},"excerpt":{"rendered":"<p>Els usuaris denuncien que amb les pluges hi ha hagut petits despreniments al sostre per les filtracions d&#8217;aigua Coincidint amb<\/p>\n","protected":false},"author":2,"featured_media":78071,"comment_status":"closed","ping_status":"closed","sticky":false,"template":"","format":"standard","meta":{"colormag_page_layout":"default_layout","_monsterinsights_skip_tracking":false,"_monsterinsights_sitenote_active":false,"_monsterinsights_sitenote_note":"","_monsterinsights_sitenote_category":0,"footnotes":""},"categories":[136,125],"tags":[49,420,428],"class_list":["post-78069","post","type-post","status-publish","format-standard","has-post-thumbnail","hentry","category-les-roquetes","category-mobilitat","tag-les-roquetes","tag-metro","tag-queixes"],"yoast_head":"<!-- This site is optimized with the Yoast SEO plugin v25.3 - https:\/\/yoast.com\/wordpress\/plugins\/seo\/ -->\n<title>Tornen les queixes dels usuaris a l&#039;estaci\u00f3 de metro de les Roquetes - NouBarris.Net<\/title>\n<meta name=\"robots\" content=\"index, follow, max-snippet:-1, max-image-preview:large, max-video-preview:-1\" \/>\n<link rel=\"canonical\" href=\"https:\/\/www.noubarris.net\/web40\/tornen-les-queixes-dels-usuaris-a-lestacio-de-metro-de-les-roquetes\/\" \/>\n<meta property=\"og:locale\" content=\"ca_ES\" \/>\n<meta property=\"og:type\" content=\"article\" \/>\n<meta property=\"og:title\" content=\"Tornen les queixes dels usuaris a l&#039;estaci\u00f3 de metro de les Roquetes - NouBarris.Net\" \/>\n<meta property=\"og:description\" content=\"Els usuaris denuncien que amb les pluges hi ha hagut petits despreniments al sostre per les filtracions d&#8217;aigua Coincidint amb\" \/>\n<meta property=\"og:url\" content=\"https:\/\/www.noubarris.net\/web40\/tornen-les-queixes-dels-usuaris-a-lestacio-de-metro-de-les-roquetes\/\" \/>\n<meta property=\"og:site_name\" content=\"NouBarris.Net\" \/>\n<meta property=\"article:publisher\" content=\"https:\/\/www.facebook.com\/NouBarris.net\/?locale=es_ES\" \/>\n<meta property=\"article:published_time\" content=\"2021-10-31T22:00:18+00:00\" \/>\n<meta property=\"og:image\" content=\"https:\/\/www.noubarris.net\/web40\/wp-content\/uploads\/2021\/11\/011121.jpg\" \/>\n\t<meta property=\"og:image:width\" content=\"768\" \/>\n\t<meta property=\"og:image:height\" content=\"432\" \/>\n\t<meta property=\"og:image:type\" content=\"image\/jpeg\" \/>\n<meta name=\"author\" content=\"Informatius\" \/>\n<meta name=\"twitter:card\" content=\"summary_large_image\" \/>\n<meta name=\"twitter:creator\" content=\"@9BTV\" \/>\n<meta name=\"twitter:site\" content=\"@9BTV\" \/>\n<meta name=\"twitter:label1\" content=\"Escrit per\" \/>\n\t<meta name=\"twitter:data1\" content=\"Informatius\" \/>\n\t<meta name=\"twitter:label2\" content=\"Temps estimat de lectura\" \/>\n\t<meta name=\"twitter:data2\" content=\"1 minut\" \/>\n<script type=\"application\/ld+json\" class=\"yoast-schema-graph\">{\"@context\":\"https:\/\/schema.org\",\"@graph\":[{\"@type\":\"Article\",\"@id\":\"https:\/\/www.noubarris.net\/web40\/tornen-les-queixes-dels-usuaris-a-lestacio-de-metro-de-les-roquetes\/#article\",\"isPartOf\":{\"@id\":\"https:\/\/www.noubarris.net\/web40\/tornen-les-queixes-dels-usuaris-a-lestacio-de-metro-de-les-roquetes\/\"},\"author\":{\"name\":\"Informatius\",\"@id\":\"https:\/\/www.noubarris.net\/web40\/#\/schema\/person\/1827f92aaa316c54abbf4dac0de76069\"},\"headline\":\"Tornen les queixes dels usuaris a l&#8217;estaci\u00f3 de metro de les Roquetes\",\"datePublished\":\"2021-10-31T22:00:18+00:00\",\"mainEntityOfPage\":{\"@id\":\"https:\/\/www.noubarris.net\/web40\/tornen-les-queixes-dels-usuaris-a-lestacio-de-metro-de-les-roquetes\/\"},\"wordCount\":302,\"publisher\":{\"@id\":\"https:\/\/www.noubarris.net\/web40\/#organization\"},\"image\":{\"@id\":\"https:\/\/www.noubarris.net\/web40\/tornen-les-queixes-dels-usuaris-a-lestacio-de-metro-de-les-roquetes\/#primaryimage\"},\"thumbnailUrl\":\"https:\/\/www.noubarris.net\/web40\/wp-content\/uploads\/2021\/11\/011121.jpg\",\"keywords\":[\"Les Roquetes\",\"Metro\",\"Queixes\"],\"articleSection\":[\"Les Roquetes\",\"Mobilitat\"],\"inLanguage\":\"ca\"},{\"@type\":\"WebPage\",\"@id\":\"https:\/\/www.noubarris.net\/web40\/tornen-les-queixes-dels-usuaris-a-lestacio-de-metro-de-les-roquetes\/\",\"url\":\"https:\/\/www.noubarris.net\/web40\/tornen-les-queixes-dels-usuaris-a-lestacio-de-metro-de-les-roquetes\/\",\"name\":\"Tornen les queixes dels usuaris a l'estaci\u00f3 de metro de les Roquetes - NouBarris.Net\",\"isPartOf\":{\"@id\":\"https:\/\/www.noubarris.net\/web40\/#website\"},\"primaryImageOfPage\":{\"@id\":\"https:\/\/www.noubarris.net\/web40\/tornen-les-queixes-dels-usuaris-a-lestacio-de-metro-de-les-roquetes\/#primaryimage\"},\"image\":{\"@id\":\"https:\/\/www.noubarris.net\/web40\/tornen-les-queixes-dels-usuaris-a-lestacio-de-metro-de-les-roquetes\/#primaryimage\"},\"thumbnailUrl\":\"https:\/\/www.noubarris.net\/web40\/wp-content\/uploads\/2021\/11\/011121.jpg\",\"datePublished\":\"2021-10-31T22:00:18+00:00\",\"breadcrumb\":{\"@id\":\"https:\/\/www.noubarris.net\/web40\/tornen-les-queixes-dels-usuaris-a-lestacio-de-metro-de-les-roquetes\/#breadcrumb\"},\"inLanguage\":\"ca\",\"potentialAction\":[{\"@type\":\"ReadAction\",\"target\":[\"https:\/\/www.noubarris.net\/web40\/tornen-les-queixes-dels-usuaris-a-lestacio-de-metro-de-les-roquetes\/\"]}]},{\"@type\":\"ImageObject\",\"inLanguage\":\"ca\",\"@id\":\"https:\/\/www.noubarris.net\/web40\/tornen-les-queixes-dels-usuaris-a-lestacio-de-metro-de-les-roquetes\/#primaryimage\",\"url\":\"https:\/\/www.noubarris.net\/web40\/wp-content\/uploads\/2021\/11\/011121.jpg\",\"contentUrl\":\"https:\/\/www.noubarris.net\/web40\/wp-content\/uploads\/2021\/11\/011121.jpg\",\"width\":768,\"height\":432},{\"@type\":\"BreadcrumbList\",\"@id\":\"https:\/\/www.noubarris.net\/web40\/tornen-les-queixes-dels-usuaris-a-lestacio-de-metro-de-les-roquetes\/#breadcrumb\",\"itemListElement\":[{\"@type\":\"ListItem\",\"position\":1,\"name\":\"Inici\",\"item\":\"https:\/\/www.noubarris.net\/web40\/\"},{\"@type\":\"ListItem\",\"position\":2,\"name\":\"Tornen les queixes dels usuaris a l&#8217;estaci\u00f3 de metro de les Roquetes\"}]},{\"@type\":\"WebSite\",\"@id\":\"https:\/\/www.noubarris.net\/web40\/#website\",\"url\":\"https:\/\/www.noubarris.net\/web40\/\",\"name\":\"NouBarris.Net\",\"description\":\"Seguint la vida de Nou Barris des de 1985\",\"publisher\":{\"@id\":\"https:\/\/www.noubarris.net\/web40\/#organization\"},\"potentialAction\":[{\"@type\":\"SearchAction\",\"target\":{\"@type\":\"EntryPoint\",\"urlTemplate\":\"https:\/\/www.noubarris.net\/web40\/?s={search_term_string}\"},\"query-input\":{\"@type\":\"PropertyValueSpecification\",\"valueRequired\":true,\"valueName\":\"search_term_string\"}}],\"inLanguage\":\"ca\"},{\"@type\":\"Organization\",\"@id\":\"https:\/\/www.noubarris.net\/web40\/#organization\",\"name\":\"NouBarris.Net\",\"url\":\"https:\/\/www.noubarris.net\/web40\/\",\"logo\":{\"@type\":\"ImageObject\",\"inLanguage\":\"ca\",\"@id\":\"https:\/\/www.noubarris.net\/web40\/#\/schema\/logo\/image\/\",\"url\":\"https:\/\/www.noubarris.net\/web40\/wp-content\/uploads\/2024\/11\/cropped-cropped-LOGO_9BTV-2024_Insta-1.jpg\",\"contentUrl\":\"https:\/\/www.noubarris.net\/web40\/wp-content\/uploads\/2024\/11\/cropped-cropped-LOGO_9BTV-2024_Insta-1.jpg\",\"width\":512,\"height\":512,\"caption\":\"NouBarris.Net\"},\"image\":{\"@id\":\"https:\/\/www.noubarris.net\/web40\/#\/schema\/logo\/image\/\"},\"sameAs\":[\"https:\/\/www.facebook.com\/NouBarris.net\/?locale=es_ES\",\"https:\/\/x.com\/9BTV\"]},{\"@type\":\"Person\",\"@id\":\"https:\/\/www.noubarris.net\/web40\/#\/schema\/person\/1827f92aaa316c54abbf4dac0de76069\",\"name\":\"Informatius\",\"image\":{\"@type\":\"ImageObject\",\"inLanguage\":\"ca\",\"@id\":\"https:\/\/www.noubarris.net\/web40\/#\/schema\/person\/image\/\",\"url\":\"https:\/\/secure.gravatar.com\/avatar\/87a3b47928835fc72c6ee5b0e1a7263ef0c2d05003a98189bc14926c5f11bcdb?s=96&d=mm&r=g\",\"contentUrl\":\"https:\/\/secure.gravatar.com\/avatar\/87a3b47928835fc72c6ee5b0e1a7263ef0c2d05003a98189bc14926c5f11bcdb?s=96&d=mm&r=g\",\"caption\":\"Informatius\"},\"url\":\"https:\/\/www.noubarris.net\/web40\/author\/tele\/\"}]}<\/script>\n<!-- \/ Yoast SEO plugin. -->","yoast_head_json":{"title":"Tornen les queixes dels usuaris a l'estaci\u00f3 de metro de les Roquetes - NouBarris.Net","robots":{"index":"index","follow":"follow","max-snippet":"max-snippet:-1","max-image-preview":"max-image-preview:large","max-video-preview":"max-video-preview:-1"},"canonical":"https:\/\/www.noubarris.net\/web40\/tornen-les-queixes-dels-usuaris-a-lestacio-de-metro-de-les-roquetes\/","og_locale":"ca_ES","og_type":"article","og_title":"Tornen les queixes dels usuaris a l'estaci\u00f3 de metro de les Roquetes - NouBarris.Net","og_description":"Els usuaris denuncien que amb les pluges hi ha hagut petits despreniments al sostre per les filtracions d&#8217;aigua Coincidint amb","og_url":"https:\/\/www.noubarris.net\/web40\/tornen-les-queixes-dels-usuaris-a-lestacio-de-metro-de-les-roquetes\/","og_site_name":"NouBarris.Net","article_publisher":"https:\/\/www.facebook.com\/NouBarris.net\/?locale=es_ES","article_published_time":"2021-10-31T22:00:18+00:00","og_image":[{"width":768,"height":432,"url":"https:\/\/www.noubarris.net\/web40\/wp-content\/uploads\/2021\/11\/011121.jpg","type":"image\/jpeg"}],"author":"Informatius","twitter_card":"summary_large_image","twitter_creator":"@9BTV","twitter_site":"@9BTV","twitter_misc":{"Escrit per":"Informatius","Temps estimat de lectura":"1 minut"},"schema":{"@context":"https:\/\/schema.org","@graph":[{"@type":"Article","@id":"https:\/\/www.noubarris.net\/web40\/tornen-les-queixes-dels-usuaris-a-lestacio-de-metro-de-les-roquetes\/#article","isPartOf":{"@id":"https:\/\/www.noubarris.net\/web40\/tornen-les-queixes-dels-usuaris-a-lestacio-de-metro-de-les-roquetes\/"},"author":{"name":"Informatius","@id":"https:\/\/www.noubarris.net\/web40\/#\/schema\/person\/1827f92aaa316c54abbf4dac0de76069"},"headline":"Tornen les queixes dels usuaris a l&#8217;estaci\u00f3 de metro de les Roquetes","datePublished":"2021-10-31T22:00:18+00:00","mainEntityOfPage":{"@id":"https:\/\/www.noubarris.net\/web40\/tornen-les-queixes-dels-usuaris-a-lestacio-de-metro-de-les-roquetes\/"},"wordCount":302,"publisher":{"@id":"https:\/\/www.noubarris.net\/web40\/#organization"},"image":{"@id":"https:\/\/www.noubarris.net\/web40\/tornen-les-queixes-dels-usuaris-a-lestacio-de-metro-de-les-roquetes\/#primaryimage"},"thumbnailUrl":"https:\/\/www.noubarris.net\/web40\/wp-content\/uploads\/2021\/11\/011121.jpg","keywords":["Les Roquetes","Metro","Queixes"],"articleSection":["Les Roquetes","Mobilitat"],"inLanguage":"ca"},{"@type":"WebPage","@id":"https:\/\/www.noubarris.net\/web40\/tornen-les-queixes-dels-usuaris-a-lestacio-de-metro-de-les-roquetes\/","url":"https:\/\/www.noubarris.net\/web40\/tornen-les-queixes-dels-usuaris-a-lestacio-de-metro-de-les-roquetes\/","name":"Tornen les queixes dels usuaris a l'estaci\u00f3 de metro de les Roquetes - NouBarris.Net","isPartOf":{"@id":"https:\/\/www.noubarris.net\/web40\/#website"},"primaryImageOfPage":{"@id":"https:\/\/www.noubarris.net\/web40\/tornen-les-queixes-dels-usuaris-a-lestacio-de-metro-de-les-roquetes\/#primaryimage"},"image":{"@id":"https:\/\/www.noubarris.net\/web40\/tornen-les-queixes-dels-usuaris-a-lestacio-de-metro-de-les-roquetes\/#primaryimage"},"thumbnailUrl":"https:\/\/www.noubarris.net\/web40\/wp-content\/uploads\/2021\/11\/011121.jpg","datePublished":"2021-10-31T22:00:18+00:00","breadcrumb":{"@id":"https:\/\/www.noubarris.net\/web40\/tornen-les-queixes-dels-usuaris-a-lestacio-de-metro-de-les-roquetes\/#breadcrumb"},"inLanguage":"ca","potentialAction":[{"@type":"ReadAction","target":["https:\/\/www.noubarris.net\/web40\/tornen-les-queixes-dels-usuaris-a-lestacio-de-metro-de-les-roquetes\/"]}]},{"@type":"ImageObject","inLanguage":"ca","@id":"https:\/\/www.noubarris.net\/web40\/tornen-les-queixes-dels-usuaris-a-lestacio-de-metro-de-les-roquetes\/#primaryimage","url":"https:\/\/www.noubarris.net\/web40\/wp-content\/uploads\/2021\/11\/011121.jpg","contentUrl":"https:\/\/www.noubarris.net\/web40\/wp-content\/uploads\/2021\/11\/011121.jpg","width":768,"height":432},{"@type":"BreadcrumbList","@id":"https:\/\/www.noubarris.net\/web40\/tornen-les-queixes-dels-usuaris-a-lestacio-de-metro-de-les-roquetes\/#breadcrumb","itemListElement":[{"@type":"ListItem","position":1,"name":"Inici","item":"https:\/\/www.noubarris.net\/web40\/"},{"@type":"ListItem","position":2,"name":"Tornen les queixes dels usuaris a l&#8217;estaci\u00f3 de metro de les Roquetes"}]},{"@type":"WebSite","@id":"https:\/\/www.noubarris.net\/web40\/#website","url":"https:\/\/www.noubarris.net\/web40\/","name":"NouBarris.Net","description":"Seguint la vida de Nou Barris des de 1985","publisher":{"@id":"https:\/\/www.noubarris.net\/web40\/#organization"},"potentialAction":[{"@type":"SearchAction","target":{"@type":"EntryPoint","urlTemplate":"https:\/\/www.noubarris.net\/web40\/?s={search_term_string}"},"query-input":{"@type":"PropertyValueSpecification","valueRequired":true,"valueName":"search_term_string"}}],"inLanguage":"ca"},{"@type":"Organization","@id":"https:\/\/www.noubarris.net\/web40\/#organization","name":"NouBarris.Net","url":"https:\/\/www.noubarris.net\/web40\/","logo":{"@type":"ImageObject","inLanguage":"ca","@id":"https:\/\/www.noubarris.net\/web40\/#\/schema\/logo\/image\/","url":"https:\/\/www.noubarris.net\/web40\/wp-content\/uploads\/2024\/11\/cropped-cropped-LOGO_9BTV-2024_Insta-1.jpg","contentUrl":"https:\/\/www.noubarris.net\/web40\/wp-content\/uploads\/2024\/11\/cropped-cropped-LOGO_9BTV-2024_Insta-1.jpg","width":512,"height":512,"caption":"NouBarris.Net"},"image":{"@id":"https:\/\/www.noubarris.net\/web40\/#\/schema\/logo\/image\/"},"sameAs":["https:\/\/www.facebook.com\/NouBarris.net\/?locale=es_ES","https:\/\/x.com\/9BTV"]},{"@type":"Person","@id":"https:\/\/www.noubarris.net\/web40\/#\/schema\/person\/1827f92aaa316c54abbf4dac0de76069","name":"Informatius","image":{"@type":"ImageObject","inLanguage":"ca","@id":"https:\/\/www.noubarris.net\/web40\/#\/schema\/person\/image\/","url":"https:\/\/secure.gravatar.com\/avatar\/87a3b47928835fc72c6ee5b0e1a7263ef0c2d05003a98189bc14926c5f11bcdb?s=96&d=mm&r=g","contentUrl":"https:\/\/secure.gravatar.com\/avatar\/87a3b47928835fc72c6ee5b0e1a7263ef0c2d05003a98189bc14926c5f11bcdb?s=96&d=mm&r=g","caption":"Informatius"},"url":"https:\/\/www.noubarris.net\/web40\/author\/tele\/"}]}},"_links":{"self":[{"href":"https:\/\/www.noubarris.net\/web40\/wp-json\/wp\/v2\/posts\/78069","targetHints":{"allow":["GET"]}}],"collection":[{"href":"https:\/\/www.noubarris.net\/web40\/wp-json\/wp\/v2\/posts"}],"about":[{"href":"https:\/\/www.noubarris.net\/web40\/wp-json\/wp\/v2\/types\/post"}],"author":[{"embeddable":true,"href":"https:\/\/www.noubarris.net\/web40\/wp-json\/wp\/v2\/users\/2"}],"replies":[{"embeddable":true,"href":"https:\/\/www.noubarris.net\/web40\/wp-json\/wp\/v2\/comments?post=78069"}],"version-history":[{"count":3,"href":"https:\/\/www.noubarris.net\/web40\/wp-json\/wp\/v2\/posts\/78069\/revisions"}],"predecessor-version":[{"id":78073,"href":"https:\/\/www.noubarris.net\/web40\/wp-json\/wp\/v2\/posts\/78069\/revisions\/78073"}],"wp:featuredmedia":[{"embeddable":true,"href":"https:\/\/www.noubarris.net\/web40\/wp-json\/wp\/v2\/media\/78071"}],"wp:attachment":[{"href":"https:\/\/www.noubarris.net\/web40\/wp-json\/wp\/v2\/media?parent=78069"}],"wp:term":[{"taxonomy":"category","embeddable":true,"href":"https:\/\/www.noubarris.net\/web40\/wp-json\/wp\/v2\/categories?post=78069"},{"taxonomy":"post_tag","embeddable":true,"href":"https:\/\/www.noubarris.net\/web40\/wp-json\/wp\/v2\/tags?post=78069"}],"curies":[{"name":"wp","href":"https:\/\/api.w.org\/{rel}","templated":true}]}}