{"id":78074,"date":"2021-11-03T00:00:25","date_gmt":"2021-11-02T22:00:25","guid":{"rendered":"http:\/\/www.noubarris.net\/web40\/?p=78074"},"modified":"2021-11-02T19:19:15","modified_gmt":"2021-11-02T17:19:15","slug":"un-proces-participatiu-per-decidir-el-futur-del-solar-de-la-damm-i-el-del-carrer-del-pintor-alzamora","status":"publish","type":"post","link":"https:\/\/www.noubarris.net\/web40\/un-proces-participatiu-per-decidir-el-futur-del-solar-de-la-damm-i-el-del-carrer-del-pintor-alzamora\/","title":{"rendered":"Un proc\u00e9s participatiu per decidir el futur del solar de la DAMM i el del carrer del Pintor Alzamora"},"content":{"rendered":"<p><strong>La idea de l&#8217;Ajuntament generar i recollir idees dsobre les oportunitats de tots dos terrenys ubicats al barri de Porta<\/strong><\/p>\n<p>L&#8217;Ajuntament ha obert un proc\u00e9s participatiu per decidir el futur de dos solars del barri de Porta. D\u2019una banda, el del carrer del Pintor Alzamora, i de l\u2019altre, el de l\u2019antic camp de futbol de la DAMM. L&#8217;objectiu \u00e9s promoure el debat ciutad\u00e0 per tal de generar i recollir idees sobre possibles usos i noves oportunitats de tots dos terrenys: accessibilitat, usos l\u00fadics, espais i din\u00e0miques intergeneracionals, elements a ubicar a l\u2019espai p\u00fablic, etc, i que puguin ser valorades t\u00e8cnicament a fi de ser incorporades al projecte d\u2019urbanitzaci\u00f3.<\/p>\n<p>La qualificaci\u00f3 urban\u00edstica del solar de Pintor Alzamora, aprovada definitivament el 30 de juliol de 1998, \u00e9s de nova zona verda. De la seva banda, el de l\u2019antic camp de la DAMM est\u00e0 qualificat d\u2019equipament esportiu. En aquest darrer cas, l\u2019Ajuntament va acordar una permuta amb la funer\u00e0ria Altima, a qui va pagar poc m\u00e9s d\u2019un mili\u00f3 d\u2019euros i li va cedir un espai al costat del cementiri de Sant Andreu perqu\u00e8 hi faci un tanatori amb quatre sales de vetlla. A canvi, l\u2019Ajuntament es va quedar amb els terrenys de l\u2019antic camp de futbol i va guanyar, doncs, 6.000 m2 de solar.<\/p>\n<p>Aquestes s\u00f3n les fases del proc\u00e9s:<\/p>\n<p>-Fase d\u2019informaci\u00f3. Fins al 4 de novembre.<br \/>\n-Fase de debat. Del 4 al 22 de novembre<br \/>\n-Fase de validaci\u00f3 t\u00e8cnica i concreci\u00f3. Del 22 de novembre al 25 de gener<br \/>\n-Fase de retorn i de seguiment. A partir del 25 de gener<\/p>\n<p>&nbsp;<\/p>\n","protected":false},"excerpt":{"rendered":"<p>La idea de l&#8217;Ajuntament generar i recollir idees dsobre les oportunitats de tots dos terrenys ubicats al barri de Porta<\/p>\n","protected":false},"author":2,"featured_media":78076,"comment_status":"closed","ping_status":"closed","sticky":false,"template":"","format":"standard","meta":{"colormag_page_layout":"default_layout","_monsterinsights_skip_tracking":false,"_monsterinsights_sitenote_active":false,"_monsterinsights_sitenote_note":"","_monsterinsights_sitenote_category":0,"footnotes":""},"categories":[484,134,302],"tags":[327,44,69],"class_list":["post-78074","post","type-post","status-publish","format-standard","has-post-thumbnail","hentry","category-participacio","category-porta","category-urbanisme","tag-participacio","tag-porta","tag-urbanisme"],"yoast_head":"<!-- This site is optimized with the Yoast SEO plugin v25.3 - https:\/\/yoast.com\/wordpress\/plugins\/seo\/ -->\n<title>Un proc\u00e9s participatiu per decidir el futur del solar de la DAMM i el del carrer del Pintor Alzamora - NouBarris.Net<\/title>\n<meta name=\"robots\" content=\"index, follow, max-snippet:-1, max-image-preview:large, max-video-preview:-1\" \/>\n<link rel=\"canonical\" href=\"https:\/\/www.noubarris.net\/web40\/un-proces-participatiu-per-decidir-el-futur-del-solar-de-la-damm-i-el-del-carrer-del-pintor-alzamora\/\" \/>\n<meta property=\"og:locale\" content=\"ca_ES\" \/>\n<meta property=\"og:type\" content=\"article\" \/>\n<meta property=\"og:title\" content=\"Un proc\u00e9s participatiu per decidir el futur del solar de la DAMM i el del carrer del Pintor Alzamora - NouBarris.Net\" \/>\n<meta property=\"og:description\" content=\"La idea de l&#8217;Ajuntament generar i recollir idees dsobre les oportunitats de tots dos terrenys ubicats al barri de Porta\" \/>\n<meta property=\"og:url\" content=\"https:\/\/www.noubarris.net\/web40\/un-proces-participatiu-per-decidir-el-futur-del-solar-de-la-damm-i-el-del-carrer-del-pintor-alzamora\/\" \/>\n<meta property=\"og:site_name\" content=\"NouBarris.Net\" \/>\n<meta property=\"article:publisher\" content=\"https:\/\/www.facebook.com\/NouBarris.net\/?locale=es_ES\" \/>\n<meta property=\"article:published_time\" content=\"2021-11-02T22:00:25+00:00\" \/>\n<meta property=\"og:image\" content=\"https:\/\/www.noubarris.net\/web40\/wp-content\/uploads\/2021\/11\/031121.jpg\" \/>\n\t<meta property=\"og:image:width\" content=\"768\" \/>\n\t<meta property=\"og:image:height\" content=\"432\" \/>\n\t<meta property=\"og:image:type\" content=\"image\/jpeg\" \/>\n<meta name=\"author\" content=\"Informatius\" \/>\n<meta name=\"twitter:card\" content=\"summary_large_image\" \/>\n<meta name=\"twitter:creator\" content=\"@9BTV\" \/>\n<meta name=\"twitter:site\" content=\"@9BTV\" \/>\n<meta name=\"twitter:label1\" content=\"Escrit per\" \/>\n\t<meta name=\"twitter:data1\" content=\"Informatius\" \/>\n\t<meta name=\"twitter:label2\" content=\"Temps estimat de lectura\" \/>\n\t<meta name=\"twitter:data2\" content=\"1 minut\" \/>\n<script type=\"application\/ld+json\" class=\"yoast-schema-graph\">{\"@context\":\"https:\/\/schema.org\",\"@graph\":[{\"@type\":\"Article\",\"@id\":\"https:\/\/www.noubarris.net\/web40\/un-proces-participatiu-per-decidir-el-futur-del-solar-de-la-damm-i-el-del-carrer-del-pintor-alzamora\/#article\",\"isPartOf\":{\"@id\":\"https:\/\/www.noubarris.net\/web40\/un-proces-participatiu-per-decidir-el-futur-del-solar-de-la-damm-i-el-del-carrer-del-pintor-alzamora\/\"},\"author\":{\"name\":\"Informatius\",\"@id\":\"https:\/\/www.noubarris.net\/web40\/#\/schema\/person\/1827f92aaa316c54abbf4dac0de76069\"},\"headline\":\"Un proc\u00e9s participatiu per decidir el futur del solar de la DAMM i el del carrer del Pintor Alzamora\",\"datePublished\":\"2021-11-02T22:00:25+00:00\",\"mainEntityOfPage\":{\"@id\":\"https:\/\/www.noubarris.net\/web40\/un-proces-participatiu-per-decidir-el-futur-del-solar-de-la-damm-i-el-del-carrer-del-pintor-alzamora\/\"},\"wordCount\":298,\"publisher\":{\"@id\":\"https:\/\/www.noubarris.net\/web40\/#organization\"},\"image\":{\"@id\":\"https:\/\/www.noubarris.net\/web40\/un-proces-participatiu-per-decidir-el-futur-del-solar-de-la-damm-i-el-del-carrer-del-pintor-alzamora\/#primaryimage\"},\"thumbnailUrl\":\"https:\/\/www.noubarris.net\/web40\/wp-content\/uploads\/2021\/11\/031121.jpg\",\"keywords\":[\"Participaci\u00f3\",\"Porta\",\"Urbanisme\"],\"articleSection\":[\"Participaci\u00f3\",\"Porta\",\"Urbanisme\"],\"inLanguage\":\"ca\"},{\"@type\":\"WebPage\",\"@id\":\"https:\/\/www.noubarris.net\/web40\/un-proces-participatiu-per-decidir-el-futur-del-solar-de-la-damm-i-el-del-carrer-del-pintor-alzamora\/\",\"url\":\"https:\/\/www.noubarris.net\/web40\/un-proces-participatiu-per-decidir-el-futur-del-solar-de-la-damm-i-el-del-carrer-del-pintor-alzamora\/\",\"name\":\"Un proc\u00e9s participatiu per decidir el futur del solar de la DAMM i el del carrer del Pintor Alzamora - NouBarris.Net\",\"isPartOf\":{\"@id\":\"https:\/\/www.noubarris.net\/web40\/#website\"},\"primaryImageOfPage\":{\"@id\":\"https:\/\/www.noubarris.net\/web40\/un-proces-participatiu-per-decidir-el-futur-del-solar-de-la-damm-i-el-del-carrer-del-pintor-alzamora\/#primaryimage\"},\"image\":{\"@id\":\"https:\/\/www.noubarris.net\/web40\/un-proces-participatiu-per-decidir-el-futur-del-solar-de-la-damm-i-el-del-carrer-del-pintor-alzamora\/#primaryimage\"},\"thumbnailUrl\":\"https:\/\/www.noubarris.net\/web40\/wp-content\/uploads\/2021\/11\/031121.jpg\",\"datePublished\":\"2021-11-02T22:00:25+00:00\",\"breadcrumb\":{\"@id\":\"https:\/\/www.noubarris.net\/web40\/un-proces-participatiu-per-decidir-el-futur-del-solar-de-la-damm-i-el-del-carrer-del-pintor-alzamora\/#breadcrumb\"},\"inLanguage\":\"ca\",\"potentialAction\":[{\"@type\":\"ReadAction\",\"target\":[\"https:\/\/www.noubarris.net\/web40\/un-proces-participatiu-per-decidir-el-futur-del-solar-de-la-damm-i-el-del-carrer-del-pintor-alzamora\/\"]}]},{\"@type\":\"ImageObject\",\"inLanguage\":\"ca\",\"@id\":\"https:\/\/www.noubarris.net\/web40\/un-proces-participatiu-per-decidir-el-futur-del-solar-de-la-damm-i-el-del-carrer-del-pintor-alzamora\/#primaryimage\",\"url\":\"https:\/\/www.noubarris.net\/web40\/wp-content\/uploads\/2021\/11\/031121.jpg\",\"contentUrl\":\"https:\/\/www.noubarris.net\/web40\/wp-content\/uploads\/2021\/11\/031121.jpg\",\"width\":768,\"height\":432},{\"@type\":\"BreadcrumbList\",\"@id\":\"https:\/\/www.noubarris.net\/web40\/un-proces-participatiu-per-decidir-el-futur-del-solar-de-la-damm-i-el-del-carrer-del-pintor-alzamora\/#breadcrumb\",\"itemListElement\":[{\"@type\":\"ListItem\",\"position\":1,\"name\":\"Inici\",\"item\":\"https:\/\/www.noubarris.net\/web40\/\"},{\"@type\":\"ListItem\",\"position\":2,\"name\":\"Un proc\u00e9s participatiu per decidir el futur del solar de la DAMM i el del carrer del Pintor Alzamora\"}]},{\"@type\":\"WebSite\",\"@id\":\"https:\/\/www.noubarris.net\/web40\/#website\",\"url\":\"https:\/\/www.noubarris.net\/web40\/\",\"name\":\"NouBarris.Net\",\"description\":\"Seguint la vida de Nou Barris des de 1985\",\"publisher\":{\"@id\":\"https:\/\/www.noubarris.net\/web40\/#organization\"},\"potentialAction\":[{\"@type\":\"SearchAction\",\"target\":{\"@type\":\"EntryPoint\",\"urlTemplate\":\"https:\/\/www.noubarris.net\/web40\/?s={search_term_string}\"},\"query-input\":{\"@type\":\"PropertyValueSpecification\",\"valueRequired\":true,\"valueName\":\"search_term_string\"}}],\"inLanguage\":\"ca\"},{\"@type\":\"Organization\",\"@id\":\"https:\/\/www.noubarris.net\/web40\/#organization\",\"name\":\"NouBarris.Net\",\"url\":\"https:\/\/www.noubarris.net\/web40\/\",\"logo\":{\"@type\":\"ImageObject\",\"inLanguage\":\"ca\",\"@id\":\"https:\/\/www.noubarris.net\/web40\/#\/schema\/logo\/image\/\",\"url\":\"https:\/\/www.noubarris.net\/web40\/wp-content\/uploads\/2024\/11\/cropped-cropped-LOGO_9BTV-2024_Insta-1.jpg\",\"contentUrl\":\"https:\/\/www.noubarris.net\/web40\/wp-content\/uploads\/2024\/11\/cropped-cropped-LOGO_9BTV-2024_Insta-1.jpg\",\"width\":512,\"height\":512,\"caption\":\"NouBarris.Net\"},\"image\":{\"@id\":\"https:\/\/www.noubarris.net\/web40\/#\/schema\/logo\/image\/\"},\"sameAs\":[\"https:\/\/www.facebook.com\/NouBarris.net\/?locale=es_ES\",\"https:\/\/x.com\/9BTV\"]},{\"@type\":\"Person\",\"@id\":\"https:\/\/www.noubarris.net\/web40\/#\/schema\/person\/1827f92aaa316c54abbf4dac0de76069\",\"name\":\"Informatius\",\"image\":{\"@type\":\"ImageObject\",\"inLanguage\":\"ca\",\"@id\":\"https:\/\/www.noubarris.net\/web40\/#\/schema\/person\/image\/\",\"url\":\"https:\/\/secure.gravatar.com\/avatar\/87a3b47928835fc72c6ee5b0e1a7263ef0c2d05003a98189bc14926c5f11bcdb?s=96&d=mm&r=g\",\"contentUrl\":\"https:\/\/secure.gravatar.com\/avatar\/87a3b47928835fc72c6ee5b0e1a7263ef0c2d05003a98189bc14926c5f11bcdb?s=96&d=mm&r=g\",\"caption\":\"Informatius\"},\"url\":\"https:\/\/www.noubarris.net\/web40\/author\/tele\/\"}]}<\/script>\n<!-- \/ Yoast SEO plugin. -->","yoast_head_json":{"title":"Un proc\u00e9s participatiu per decidir el futur del solar de la DAMM i el del carrer del Pintor Alzamora - NouBarris.Net","robots":{"index":"index","follow":"follow","max-snippet":"max-snippet:-1","max-image-preview":"max-image-preview:large","max-video-preview":"max-video-preview:-1"},"canonical":"https:\/\/www.noubarris.net\/web40\/un-proces-participatiu-per-decidir-el-futur-del-solar-de-la-damm-i-el-del-carrer-del-pintor-alzamora\/","og_locale":"ca_ES","og_type":"article","og_title":"Un proc\u00e9s participatiu per decidir el futur del solar de la DAMM i el del carrer del Pintor Alzamora - NouBarris.Net","og_description":"La idea de l&#8217;Ajuntament generar i recollir idees dsobre les oportunitats de tots dos terrenys ubicats al barri de Porta","og_url":"https:\/\/www.noubarris.net\/web40\/un-proces-participatiu-per-decidir-el-futur-del-solar-de-la-damm-i-el-del-carrer-del-pintor-alzamora\/","og_site_name":"NouBarris.Net","article_publisher":"https:\/\/www.facebook.com\/NouBarris.net\/?locale=es_ES","article_published_time":"2021-11-02T22:00:25+00:00","og_image":[{"width":768,"height":432,"url":"https:\/\/www.noubarris.net\/web40\/wp-content\/uploads\/2021\/11\/031121.jpg","type":"image\/jpeg"}],"author":"Informatius","twitter_card":"summary_large_image","twitter_creator":"@9BTV","twitter_site":"@9BTV","twitter_misc":{"Escrit per":"Informatius","Temps estimat de lectura":"1 minut"},"schema":{"@context":"https:\/\/schema.org","@graph":[{"@type":"Article","@id":"https:\/\/www.noubarris.net\/web40\/un-proces-participatiu-per-decidir-el-futur-del-solar-de-la-damm-i-el-del-carrer-del-pintor-alzamora\/#article","isPartOf":{"@id":"https:\/\/www.noubarris.net\/web40\/un-proces-participatiu-per-decidir-el-futur-del-solar-de-la-damm-i-el-del-carrer-del-pintor-alzamora\/"},"author":{"name":"Informatius","@id":"https:\/\/www.noubarris.net\/web40\/#\/schema\/person\/1827f92aaa316c54abbf4dac0de76069"},"headline":"Un proc\u00e9s participatiu per decidir el futur del solar de la DAMM i el del carrer del Pintor Alzamora","datePublished":"2021-11-02T22:00:25+00:00","mainEntityOfPage":{"@id":"https:\/\/www.noubarris.net\/web40\/un-proces-participatiu-per-decidir-el-futur-del-solar-de-la-damm-i-el-del-carrer-del-pintor-alzamora\/"},"wordCount":298,"publisher":{"@id":"https:\/\/www.noubarris.net\/web40\/#organization"},"image":{"@id":"https:\/\/www.noubarris.net\/web40\/un-proces-participatiu-per-decidir-el-futur-del-solar-de-la-damm-i-el-del-carrer-del-pintor-alzamora\/#primaryimage"},"thumbnailUrl":"https:\/\/www.noubarris.net\/web40\/wp-content\/uploads\/2021\/11\/031121.jpg","keywords":["Participaci\u00f3","Porta","Urbanisme"],"articleSection":["Participaci\u00f3","Porta","Urbanisme"],"inLanguage":"ca"},{"@type":"WebPage","@id":"https:\/\/www.noubarris.net\/web40\/un-proces-participatiu-per-decidir-el-futur-del-solar-de-la-damm-i-el-del-carrer-del-pintor-alzamora\/","url":"https:\/\/www.noubarris.net\/web40\/un-proces-participatiu-per-decidir-el-futur-del-solar-de-la-damm-i-el-del-carrer-del-pintor-alzamora\/","name":"Un proc\u00e9s participatiu per decidir el futur del solar de la DAMM i el del carrer del Pintor Alzamora - NouBarris.Net","isPartOf":{"@id":"https:\/\/www.noubarris.net\/web40\/#website"},"primaryImageOfPage":{"@id":"https:\/\/www.noubarris.net\/web40\/un-proces-participatiu-per-decidir-el-futur-del-solar-de-la-damm-i-el-del-carrer-del-pintor-alzamora\/#primaryimage"},"image":{"@id":"https:\/\/www.noubarris.net\/web40\/un-proces-participatiu-per-decidir-el-futur-del-solar-de-la-damm-i-el-del-carrer-del-pintor-alzamora\/#primaryimage"},"thumbnailUrl":"https:\/\/www.noubarris.net\/web40\/wp-content\/uploads\/2021\/11\/031121.jpg","datePublished":"2021-11-02T22:00:25+00:00","breadcrumb":{"@id":"https:\/\/www.noubarris.net\/web40\/un-proces-participatiu-per-decidir-el-futur-del-solar-de-la-damm-i-el-del-carrer-del-pintor-alzamora\/#breadcrumb"},"inLanguage":"ca","potentialAction":[{"@type":"ReadAction","target":["https:\/\/www.noubarris.net\/web40\/un-proces-participatiu-per-decidir-el-futur-del-solar-de-la-damm-i-el-del-carrer-del-pintor-alzamora\/"]}]},{"@type":"ImageObject","inLanguage":"ca","@id":"https:\/\/www.noubarris.net\/web40\/un-proces-participatiu-per-decidir-el-futur-del-solar-de-la-damm-i-el-del-carrer-del-pintor-alzamora\/#primaryimage","url":"https:\/\/www.noubarris.net\/web40\/wp-content\/uploads\/2021\/11\/031121.jpg","contentUrl":"https:\/\/www.noubarris.net\/web40\/wp-content\/uploads\/2021\/11\/031121.jpg","width":768,"height":432},{"@type":"BreadcrumbList","@id":"https:\/\/www.noubarris.net\/web40\/un-proces-participatiu-per-decidir-el-futur-del-solar-de-la-damm-i-el-del-carrer-del-pintor-alzamora\/#breadcrumb","itemListElement":[{"@type":"ListItem","position":1,"name":"Inici","item":"https:\/\/www.noubarris.net\/web40\/"},{"@type":"ListItem","position":2,"name":"Un proc\u00e9s participatiu per decidir el futur del solar de la DAMM i el del carrer del Pintor Alzamora"}]},{"@type":"WebSite","@id":"https:\/\/www.noubarris.net\/web40\/#website","url":"https:\/\/www.noubarris.net\/web40\/","name":"NouBarris.Net","description":"Seguint la vida de Nou Barris des de 1985","publisher":{"@id":"https:\/\/www.noubarris.net\/web40\/#organization"},"potentialAction":[{"@type":"SearchAction","target":{"@type":"EntryPoint","urlTemplate":"https:\/\/www.noubarris.net\/web40\/?s={search_term_string}"},"query-input":{"@type":"PropertyValueSpecification","valueRequired":true,"valueName":"search_term_string"}}],"inLanguage":"ca"},{"@type":"Organization","@id":"https:\/\/www.noubarris.net\/web40\/#organization","name":"NouBarris.Net","url":"https:\/\/www.noubarris.net\/web40\/","logo":{"@type":"ImageObject","inLanguage":"ca","@id":"https:\/\/www.noubarris.net\/web40\/#\/schema\/logo\/image\/","url":"https:\/\/www.noubarris.net\/web40\/wp-content\/uploads\/2024\/11\/cropped-cropped-LOGO_9BTV-2024_Insta-1.jpg","contentUrl":"https:\/\/www.noubarris.net\/web40\/wp-content\/uploads\/2024\/11\/cropped-cropped-LOGO_9BTV-2024_Insta-1.jpg","width":512,"height":512,"caption":"NouBarris.Net"},"image":{"@id":"https:\/\/www.noubarris.net\/web40\/#\/schema\/logo\/image\/"},"sameAs":["https:\/\/www.facebook.com\/NouBarris.net\/?locale=es_ES","https:\/\/x.com\/9BTV"]},{"@type":"Person","@id":"https:\/\/www.noubarris.net\/web40\/#\/schema\/person\/1827f92aaa316c54abbf4dac0de76069","name":"Informatius","image":{"@type":"ImageObject","inLanguage":"ca","@id":"https:\/\/www.noubarris.net\/web40\/#\/schema\/person\/image\/","url":"https:\/\/secure.gravatar.com\/avatar\/87a3b47928835fc72c6ee5b0e1a7263ef0c2d05003a98189bc14926c5f11bcdb?s=96&d=mm&r=g","contentUrl":"https:\/\/secure.gravatar.com\/avatar\/87a3b47928835fc72c6ee5b0e1a7263ef0c2d05003a98189bc14926c5f11bcdb?s=96&d=mm&r=g","caption":"Informatius"},"url":"https:\/\/www.noubarris.net\/web40\/author\/tele\/"}]}},"_links":{"self":[{"href":"https:\/\/www.noubarris.net\/web40\/wp-json\/wp\/v2\/posts\/78074","targetHints":{"allow":["GET"]}}],"collection":[{"href":"https:\/\/www.noubarris.net\/web40\/wp-json\/wp\/v2\/posts"}],"about":[{"href":"https:\/\/www.noubarris.net\/web40\/wp-json\/wp\/v2\/types\/post"}],"author":[{"embeddable":true,"href":"https:\/\/www.noubarris.net\/web40\/wp-json\/wp\/v2\/users\/2"}],"replies":[{"embeddable":true,"href":"https:\/\/www.noubarris.net\/web40\/wp-json\/wp\/v2\/comments?post=78074"}],"version-history":[{"count":2,"href":"https:\/\/www.noubarris.net\/web40\/wp-json\/wp\/v2\/posts\/78074\/revisions"}],"predecessor-version":[{"id":78077,"href":"https:\/\/www.noubarris.net\/web40\/wp-json\/wp\/v2\/posts\/78074\/revisions\/78077"}],"wp:featuredmedia":[{"embeddable":true,"href":"https:\/\/www.noubarris.net\/web40\/wp-json\/wp\/v2\/media\/78076"}],"wp:attachment":[{"href":"https:\/\/www.noubarris.net\/web40\/wp-json\/wp\/v2\/media?parent=78074"}],"wp:term":[{"taxonomy":"category","embeddable":true,"href":"https:\/\/www.noubarris.net\/web40\/wp-json\/wp\/v2\/categories?post=78074"},{"taxonomy":"post_tag","embeddable":true,"href":"https:\/\/www.noubarris.net\/web40\/wp-json\/wp\/v2\/tags?post=78074"}],"curies":[{"name":"wp","href":"https:\/\/api.w.org\/{rel}","templated":true}]}}