{"id":78081,"date":"2021-11-04T00:00:52","date_gmt":"2021-11-03T22:00:52","guid":{"rendered":"http:\/\/www.noubarris.net\/web40\/?p=78081"},"modified":"2021-11-03T20:25:37","modified_gmt":"2021-11-03T18:25:37","slug":"un-altar-mexica-al-cementiri-de-sant-andreu","status":"publish","type":"post","link":"https:\/\/www.noubarris.net\/web40\/un-altar-mexica-al-cementiri-de-sant-andreu\/","title":{"rendered":"Un altar mexic\u00e0 al cementiri de Sant Andreu"},"content":{"rendered":"<p><strong>\u00a0Es va instal\u00b7lar en record a les v\u00edctimes per la covid-19\u00a0<\/strong><\/p>\n<p>El cementiri de Sant Andreu va instal\u00b7lar dimarts un altar mexic\u00e0 en record a totes les persones que han mort per la pand\u00e8nia. La iniciativa es va fer en col\u00b7laboraci\u00f3 del Consolat de M\u00e8xic, l&#8217;Ajuntament de Barcelona, Red Global MX Nodo Michoac\u00e1n, l\u2019Assemblea d\u2019aturades de Nou Barris i els usuaris de l&#8217;hort de CanValent. L&#8217;altar mexic\u00e0 es va ubicar el dia 2 de novembre just darrer el campanar del recinte i es va poder visitar tamb\u00e9 ahir.<\/p>\n<p>&nbsp;<\/p>\n<blockquote class=\"twitter-tweet\">\n<p dir=\"ltr\" lang=\"ca\">L\u2019altar mexic\u00e0 \u00e9s un element fonamental en la celebraci\u00f3 del Dia de Morts a <a href=\"https:\/\/twitter.com\/hashtag\/M%C3%A8xic?src=hash&amp;ref_src=twsrc%5Etfw\">#M\u00e8xic<\/a>. Es t\u00e9 la creen\u00e7a que l&#8217;esperit dels seus difunts torna del m\u00f3n dels morts per a conviure amb la fam\u00edlia aquest dia i, aix\u00ed, consolar-los i confortar-los per la p\u00e8rdua.<br \/>\n&#x1f4c5;Fins al dia 3 de novembre <a href=\"https:\/\/t.co\/QD3UHjKGOz\">pic.twitter.com\/QD3UHjKGOz<\/a><\/p>\n<p>\u2014 Cementiris de Barcelona (@CementirisBCN) <a href=\"https:\/\/twitter.com\/CementirisBCN\/status\/1455553262296383490?ref_src=twsrc%5Etfw\">November 2, 2021<\/a><\/p><\/blockquote>\n<p><script async src=\"https:\/\/platform.twitter.com\/widgets.js\" charset=\"utf-8\"><\/script><\/p>\n<p>L\u2019altar mexic\u00e0 \u00e9s un element fonamental en la celebraci\u00f3 del Dia de Morts a M\u00e8xic, cada 2 de novembre. Es t\u00e9 la creen\u00e7a que l&#8217;esperit dels seus difunts torna del m\u00f3n dels morts per a conviure amb la fam\u00edlia aquest dia i, aix\u00ed, consolar-los i confortar-los per la p\u00e8rdua.<\/p>\n<p>Fotografia: @CementirisBCN<\/p>\n<p>&nbsp;<\/p>\n","protected":false},"excerpt":{"rendered":"<p>\u00a0Es va instal\u00b7lar en record a les v\u00edctimes per la covid-19\u00a0 El cementiri de Sant Andreu va instal\u00b7lar dimarts un<\/p>\n","protected":false},"author":2,"featured_media":78084,"comment_status":"closed","ping_status":"closed","sticky":false,"template":"","format":"standard","meta":{"colormag_page_layout":"default_layout","_monsterinsights_skip_tracking":false,"_monsterinsights_sitenote_active":false,"_monsterinsights_sitenote_note":"","_monsterinsights_sitenote_category":0,"footnotes":""},"categories":[134],"tags":[228,640,44],"class_list":["post-78081","post","type-post","status-publish","format-standard","has-post-thumbnail","hentry","category-porta","tag-cementiri-de-sant-andreu","tag-coronavirus","tag-porta"],"yoast_head":"<!-- This site is optimized with the Yoast SEO plugin v25.3 - https:\/\/yoast.com\/wordpress\/plugins\/seo\/ -->\n<title>Un altar mexic\u00e0 al cementiri de Sant Andreu - NouBarris.Net<\/title>\n<meta name=\"robots\" content=\"index, follow, max-snippet:-1, max-image-preview:large, max-video-preview:-1\" \/>\n<link rel=\"canonical\" href=\"https:\/\/www.noubarris.net\/web40\/un-altar-mexica-al-cementiri-de-sant-andreu\/\" \/>\n<meta property=\"og:locale\" content=\"ca_ES\" \/>\n<meta property=\"og:type\" content=\"article\" \/>\n<meta property=\"og:title\" content=\"Un altar mexic\u00e0 al cementiri de Sant Andreu - NouBarris.Net\" \/>\n<meta property=\"og:description\" content=\"\u00a0Es va instal\u00b7lar en record a les v\u00edctimes per la covid-19\u00a0 El cementiri de Sant Andreu va instal\u00b7lar dimarts un\" \/>\n<meta property=\"og:url\" content=\"https:\/\/www.noubarris.net\/web40\/un-altar-mexica-al-cementiri-de-sant-andreu\/\" \/>\n<meta property=\"og:site_name\" content=\"NouBarris.Net\" \/>\n<meta property=\"article:publisher\" content=\"https:\/\/www.facebook.com\/NouBarris.net\/?locale=es_ES\" \/>\n<meta property=\"article:published_time\" content=\"2021-11-03T22:00:52+00:00\" \/>\n<meta property=\"og:image\" content=\"https:\/\/www.noubarris.net\/web40\/wp-content\/uploads\/2021\/11\/041121.jpg\" \/>\n\t<meta property=\"og:image:width\" content=\"768\" \/>\n\t<meta property=\"og:image:height\" content=\"432\" \/>\n\t<meta property=\"og:image:type\" content=\"image\/jpeg\" \/>\n<meta name=\"author\" content=\"Informatius\" \/>\n<meta name=\"twitter:card\" content=\"summary_large_image\" \/>\n<meta name=\"twitter:creator\" content=\"@9BTV\" \/>\n<meta name=\"twitter:site\" content=\"@9BTV\" \/>\n<meta name=\"twitter:label1\" content=\"Escrit per\" \/>\n\t<meta name=\"twitter:data1\" content=\"Informatius\" \/>\n\t<meta name=\"twitter:label2\" content=\"Temps estimat de lectura\" \/>\n\t<meta name=\"twitter:data2\" content=\"1 minut\" \/>\n<script type=\"application\/ld+json\" class=\"yoast-schema-graph\">{\"@context\":\"https:\/\/schema.org\",\"@graph\":[{\"@type\":\"Article\",\"@id\":\"https:\/\/www.noubarris.net\/web40\/un-altar-mexica-al-cementiri-de-sant-andreu\/#article\",\"isPartOf\":{\"@id\":\"https:\/\/www.noubarris.net\/web40\/un-altar-mexica-al-cementiri-de-sant-andreu\/\"},\"author\":{\"name\":\"Informatius\",\"@id\":\"https:\/\/www.noubarris.net\/web40\/#\/schema\/person\/1827f92aaa316c54abbf4dac0de76069\"},\"headline\":\"Un altar mexic\u00e0 al cementiri de Sant Andreu\",\"datePublished\":\"2021-11-03T22:00:52+00:00\",\"mainEntityOfPage\":{\"@id\":\"https:\/\/www.noubarris.net\/web40\/un-altar-mexica-al-cementiri-de-sant-andreu\/\"},\"wordCount\":236,\"publisher\":{\"@id\":\"https:\/\/www.noubarris.net\/web40\/#organization\"},\"image\":{\"@id\":\"https:\/\/www.noubarris.net\/web40\/un-altar-mexica-al-cementiri-de-sant-andreu\/#primaryimage\"},\"thumbnailUrl\":\"https:\/\/www.noubarris.net\/web40\/wp-content\/uploads\/2021\/11\/041121.jpg\",\"keywords\":[\"Cementiri de Sant Andreu\",\"coronavirus\",\"Porta\"],\"articleSection\":[\"Porta\"],\"inLanguage\":\"ca\"},{\"@type\":\"WebPage\",\"@id\":\"https:\/\/www.noubarris.net\/web40\/un-altar-mexica-al-cementiri-de-sant-andreu\/\",\"url\":\"https:\/\/www.noubarris.net\/web40\/un-altar-mexica-al-cementiri-de-sant-andreu\/\",\"name\":\"Un altar mexic\u00e0 al cementiri de Sant Andreu - NouBarris.Net\",\"isPartOf\":{\"@id\":\"https:\/\/www.noubarris.net\/web40\/#website\"},\"primaryImageOfPage\":{\"@id\":\"https:\/\/www.noubarris.net\/web40\/un-altar-mexica-al-cementiri-de-sant-andreu\/#primaryimage\"},\"image\":{\"@id\":\"https:\/\/www.noubarris.net\/web40\/un-altar-mexica-al-cementiri-de-sant-andreu\/#primaryimage\"},\"thumbnailUrl\":\"https:\/\/www.noubarris.net\/web40\/wp-content\/uploads\/2021\/11\/041121.jpg\",\"datePublished\":\"2021-11-03T22:00:52+00:00\",\"breadcrumb\":{\"@id\":\"https:\/\/www.noubarris.net\/web40\/un-altar-mexica-al-cementiri-de-sant-andreu\/#breadcrumb\"},\"inLanguage\":\"ca\",\"potentialAction\":[{\"@type\":\"ReadAction\",\"target\":[\"https:\/\/www.noubarris.net\/web40\/un-altar-mexica-al-cementiri-de-sant-andreu\/\"]}]},{\"@type\":\"ImageObject\",\"inLanguage\":\"ca\",\"@id\":\"https:\/\/www.noubarris.net\/web40\/un-altar-mexica-al-cementiri-de-sant-andreu\/#primaryimage\",\"url\":\"https:\/\/www.noubarris.net\/web40\/wp-content\/uploads\/2021\/11\/041121.jpg\",\"contentUrl\":\"https:\/\/www.noubarris.net\/web40\/wp-content\/uploads\/2021\/11\/041121.jpg\",\"width\":768,\"height\":432},{\"@type\":\"BreadcrumbList\",\"@id\":\"https:\/\/www.noubarris.net\/web40\/un-altar-mexica-al-cementiri-de-sant-andreu\/#breadcrumb\",\"itemListElement\":[{\"@type\":\"ListItem\",\"position\":1,\"name\":\"Inici\",\"item\":\"https:\/\/www.noubarris.net\/web40\/\"},{\"@type\":\"ListItem\",\"position\":2,\"name\":\"Un altar mexic\u00e0 al cementiri de Sant Andreu\"}]},{\"@type\":\"WebSite\",\"@id\":\"https:\/\/www.noubarris.net\/web40\/#website\",\"url\":\"https:\/\/www.noubarris.net\/web40\/\",\"name\":\"NouBarris.Net\",\"description\":\"Seguint la vida de Nou Barris des de 1985\",\"publisher\":{\"@id\":\"https:\/\/www.noubarris.net\/web40\/#organization\"},\"potentialAction\":[{\"@type\":\"SearchAction\",\"target\":{\"@type\":\"EntryPoint\",\"urlTemplate\":\"https:\/\/www.noubarris.net\/web40\/?s={search_term_string}\"},\"query-input\":{\"@type\":\"PropertyValueSpecification\",\"valueRequired\":true,\"valueName\":\"search_term_string\"}}],\"inLanguage\":\"ca\"},{\"@type\":\"Organization\",\"@id\":\"https:\/\/www.noubarris.net\/web40\/#organization\",\"name\":\"NouBarris.Net\",\"url\":\"https:\/\/www.noubarris.net\/web40\/\",\"logo\":{\"@type\":\"ImageObject\",\"inLanguage\":\"ca\",\"@id\":\"https:\/\/www.noubarris.net\/web40\/#\/schema\/logo\/image\/\",\"url\":\"https:\/\/www.noubarris.net\/web40\/wp-content\/uploads\/2024\/11\/cropped-cropped-LOGO_9BTV-2024_Insta-1.jpg\",\"contentUrl\":\"https:\/\/www.noubarris.net\/web40\/wp-content\/uploads\/2024\/11\/cropped-cropped-LOGO_9BTV-2024_Insta-1.jpg\",\"width\":512,\"height\":512,\"caption\":\"NouBarris.Net\"},\"image\":{\"@id\":\"https:\/\/www.noubarris.net\/web40\/#\/schema\/logo\/image\/\"},\"sameAs\":[\"https:\/\/www.facebook.com\/NouBarris.net\/?locale=es_ES\",\"https:\/\/x.com\/9BTV\"]},{\"@type\":\"Person\",\"@id\":\"https:\/\/www.noubarris.net\/web40\/#\/schema\/person\/1827f92aaa316c54abbf4dac0de76069\",\"name\":\"Informatius\",\"image\":{\"@type\":\"ImageObject\",\"inLanguage\":\"ca\",\"@id\":\"https:\/\/www.noubarris.net\/web40\/#\/schema\/person\/image\/\",\"url\":\"https:\/\/secure.gravatar.com\/avatar\/87a3b47928835fc72c6ee5b0e1a7263ef0c2d05003a98189bc14926c5f11bcdb?s=96&d=mm&r=g\",\"contentUrl\":\"https:\/\/secure.gravatar.com\/avatar\/87a3b47928835fc72c6ee5b0e1a7263ef0c2d05003a98189bc14926c5f11bcdb?s=96&d=mm&r=g\",\"caption\":\"Informatius\"},\"url\":\"https:\/\/www.noubarris.net\/web40\/author\/tele\/\"}]}<\/script>\n<!-- \/ Yoast SEO plugin. -->","yoast_head_json":{"title":"Un altar mexic\u00e0 al cementiri de Sant Andreu - NouBarris.Net","robots":{"index":"index","follow":"follow","max-snippet":"max-snippet:-1","max-image-preview":"max-image-preview:large","max-video-preview":"max-video-preview:-1"},"canonical":"https:\/\/www.noubarris.net\/web40\/un-altar-mexica-al-cementiri-de-sant-andreu\/","og_locale":"ca_ES","og_type":"article","og_title":"Un altar mexic\u00e0 al cementiri de Sant Andreu - NouBarris.Net","og_description":"\u00a0Es va instal\u00b7lar en record a les v\u00edctimes per la covid-19\u00a0 El cementiri de Sant Andreu va instal\u00b7lar dimarts un","og_url":"https:\/\/www.noubarris.net\/web40\/un-altar-mexica-al-cementiri-de-sant-andreu\/","og_site_name":"NouBarris.Net","article_publisher":"https:\/\/www.facebook.com\/NouBarris.net\/?locale=es_ES","article_published_time":"2021-11-03T22:00:52+00:00","og_image":[{"width":768,"height":432,"url":"https:\/\/www.noubarris.net\/web40\/wp-content\/uploads\/2021\/11\/041121.jpg","type":"image\/jpeg"}],"author":"Informatius","twitter_card":"summary_large_image","twitter_creator":"@9BTV","twitter_site":"@9BTV","twitter_misc":{"Escrit per":"Informatius","Temps estimat de lectura":"1 minut"},"schema":{"@context":"https:\/\/schema.org","@graph":[{"@type":"Article","@id":"https:\/\/www.noubarris.net\/web40\/un-altar-mexica-al-cementiri-de-sant-andreu\/#article","isPartOf":{"@id":"https:\/\/www.noubarris.net\/web40\/un-altar-mexica-al-cementiri-de-sant-andreu\/"},"author":{"name":"Informatius","@id":"https:\/\/www.noubarris.net\/web40\/#\/schema\/person\/1827f92aaa316c54abbf4dac0de76069"},"headline":"Un altar mexic\u00e0 al cementiri de Sant Andreu","datePublished":"2021-11-03T22:00:52+00:00","mainEntityOfPage":{"@id":"https:\/\/www.noubarris.net\/web40\/un-altar-mexica-al-cementiri-de-sant-andreu\/"},"wordCount":236,"publisher":{"@id":"https:\/\/www.noubarris.net\/web40\/#organization"},"image":{"@id":"https:\/\/www.noubarris.net\/web40\/un-altar-mexica-al-cementiri-de-sant-andreu\/#primaryimage"},"thumbnailUrl":"https:\/\/www.noubarris.net\/web40\/wp-content\/uploads\/2021\/11\/041121.jpg","keywords":["Cementiri de Sant Andreu","coronavirus","Porta"],"articleSection":["Porta"],"inLanguage":"ca"},{"@type":"WebPage","@id":"https:\/\/www.noubarris.net\/web40\/un-altar-mexica-al-cementiri-de-sant-andreu\/","url":"https:\/\/www.noubarris.net\/web40\/un-altar-mexica-al-cementiri-de-sant-andreu\/","name":"Un altar mexic\u00e0 al cementiri de Sant Andreu - NouBarris.Net","isPartOf":{"@id":"https:\/\/www.noubarris.net\/web40\/#website"},"primaryImageOfPage":{"@id":"https:\/\/www.noubarris.net\/web40\/un-altar-mexica-al-cementiri-de-sant-andreu\/#primaryimage"},"image":{"@id":"https:\/\/www.noubarris.net\/web40\/un-altar-mexica-al-cementiri-de-sant-andreu\/#primaryimage"},"thumbnailUrl":"https:\/\/www.noubarris.net\/web40\/wp-content\/uploads\/2021\/11\/041121.jpg","datePublished":"2021-11-03T22:00:52+00:00","breadcrumb":{"@id":"https:\/\/www.noubarris.net\/web40\/un-altar-mexica-al-cementiri-de-sant-andreu\/#breadcrumb"},"inLanguage":"ca","potentialAction":[{"@type":"ReadAction","target":["https:\/\/www.noubarris.net\/web40\/un-altar-mexica-al-cementiri-de-sant-andreu\/"]}]},{"@type":"ImageObject","inLanguage":"ca","@id":"https:\/\/www.noubarris.net\/web40\/un-altar-mexica-al-cementiri-de-sant-andreu\/#primaryimage","url":"https:\/\/www.noubarris.net\/web40\/wp-content\/uploads\/2021\/11\/041121.jpg","contentUrl":"https:\/\/www.noubarris.net\/web40\/wp-content\/uploads\/2021\/11\/041121.jpg","width":768,"height":432},{"@type":"BreadcrumbList","@id":"https:\/\/www.noubarris.net\/web40\/un-altar-mexica-al-cementiri-de-sant-andreu\/#breadcrumb","itemListElement":[{"@type":"ListItem","position":1,"name":"Inici","item":"https:\/\/www.noubarris.net\/web40\/"},{"@type":"ListItem","position":2,"name":"Un altar mexic\u00e0 al cementiri de Sant Andreu"}]},{"@type":"WebSite","@id":"https:\/\/www.noubarris.net\/web40\/#website","url":"https:\/\/www.noubarris.net\/web40\/","name":"NouBarris.Net","description":"Seguint la vida de Nou Barris des de 1985","publisher":{"@id":"https:\/\/www.noubarris.net\/web40\/#organization"},"potentialAction":[{"@type":"SearchAction","target":{"@type":"EntryPoint","urlTemplate":"https:\/\/www.noubarris.net\/web40\/?s={search_term_string}"},"query-input":{"@type":"PropertyValueSpecification","valueRequired":true,"valueName":"search_term_string"}}],"inLanguage":"ca"},{"@type":"Organization","@id":"https:\/\/www.noubarris.net\/web40\/#organization","name":"NouBarris.Net","url":"https:\/\/www.noubarris.net\/web40\/","logo":{"@type":"ImageObject","inLanguage":"ca","@id":"https:\/\/www.noubarris.net\/web40\/#\/schema\/logo\/image\/","url":"https:\/\/www.noubarris.net\/web40\/wp-content\/uploads\/2024\/11\/cropped-cropped-LOGO_9BTV-2024_Insta-1.jpg","contentUrl":"https:\/\/www.noubarris.net\/web40\/wp-content\/uploads\/2024\/11\/cropped-cropped-LOGO_9BTV-2024_Insta-1.jpg","width":512,"height":512,"caption":"NouBarris.Net"},"image":{"@id":"https:\/\/www.noubarris.net\/web40\/#\/schema\/logo\/image\/"},"sameAs":["https:\/\/www.facebook.com\/NouBarris.net\/?locale=es_ES","https:\/\/x.com\/9BTV"]},{"@type":"Person","@id":"https:\/\/www.noubarris.net\/web40\/#\/schema\/person\/1827f92aaa316c54abbf4dac0de76069","name":"Informatius","image":{"@type":"ImageObject","inLanguage":"ca","@id":"https:\/\/www.noubarris.net\/web40\/#\/schema\/person\/image\/","url":"https:\/\/secure.gravatar.com\/avatar\/87a3b47928835fc72c6ee5b0e1a7263ef0c2d05003a98189bc14926c5f11bcdb?s=96&d=mm&r=g","contentUrl":"https:\/\/secure.gravatar.com\/avatar\/87a3b47928835fc72c6ee5b0e1a7263ef0c2d05003a98189bc14926c5f11bcdb?s=96&d=mm&r=g","caption":"Informatius"},"url":"https:\/\/www.noubarris.net\/web40\/author\/tele\/"}]}},"_links":{"self":[{"href":"https:\/\/www.noubarris.net\/web40\/wp-json\/wp\/v2\/posts\/78081","targetHints":{"allow":["GET"]}}],"collection":[{"href":"https:\/\/www.noubarris.net\/web40\/wp-json\/wp\/v2\/posts"}],"about":[{"href":"https:\/\/www.noubarris.net\/web40\/wp-json\/wp\/v2\/types\/post"}],"author":[{"embeddable":true,"href":"https:\/\/www.noubarris.net\/web40\/wp-json\/wp\/v2\/users\/2"}],"replies":[{"embeddable":true,"href":"https:\/\/www.noubarris.net\/web40\/wp-json\/wp\/v2\/comments?post=78081"}],"version-history":[{"count":5,"href":"https:\/\/www.noubarris.net\/web40\/wp-json\/wp\/v2\/posts\/78081\/revisions"}],"predecessor-version":[{"id":78087,"href":"https:\/\/www.noubarris.net\/web40\/wp-json\/wp\/v2\/posts\/78081\/revisions\/78087"}],"wp:featuredmedia":[{"embeddable":true,"href":"https:\/\/www.noubarris.net\/web40\/wp-json\/wp\/v2\/media\/78084"}],"wp:attachment":[{"href":"https:\/\/www.noubarris.net\/web40\/wp-json\/wp\/v2\/media?parent=78081"}],"wp:term":[{"taxonomy":"category","embeddable":true,"href":"https:\/\/www.noubarris.net\/web40\/wp-json\/wp\/v2\/categories?post=78081"},{"taxonomy":"post_tag","embeddable":true,"href":"https:\/\/www.noubarris.net\/web40\/wp-json\/wp\/v2\/tags?post=78081"}],"curies":[{"name":"wp","href":"https:\/\/api.w.org\/{rel}","templated":true}]}}