{"id":78114,"date":"2021-11-11T00:00:03","date_gmt":"2021-11-10T22:00:03","guid":{"rendered":"http:\/\/www.noubarris.net\/web40\/?p=78114"},"modified":"2021-11-10T22:10:41","modified_gmt":"2021-11-10T20:10:41","slug":"nou-barris-estrena-un-forum-per-analitzar-les-claus-de-la-recuperacio-economica-post-pandemia","status":"publish","type":"post","link":"https:\/\/www.noubarris.net\/web40\/nou-barris-estrena-un-forum-per-analitzar-les-claus-de-la-recuperacio-economica-post-pandemia\/","title":{"rendered":"Nou Barris estrena un f\u00f2rum per analitzar les claus de la recuperaci\u00f3 econ\u00f2mica post-pand\u00e8mia"},"content":{"rendered":"<p><strong>Referents del sector econ\u00f2mic es trobaran avui a la Casa de l&#8217;Aigua per buscar solucions a la crisi<\/strong><\/p>\n<p>La Casa de l\u2019Aigua de la Trinitat Nova acull avui la primera edici\u00f3 del \u201cF\u00f2rum Nou Barris: Economia per a la recuperaci\u00f3\u201d, unes jornades que, a trav\u00e9s de les aportacions i reflexions de referents del m\u00f3n ec\u00f2nomic, pretenen analitzar i identificar quines poden ser les claus per reactivar l&#8217;economia i deixar enrere la crisi ocasionada pels confinaments i restriccions de la covid-19.<\/p>\n<p>L&#8217;Ajuntament ha apostat per Nou Barris com a seu d\u2019aquest debat, amb la creen\u00e7a que, tot i els indicadors que el situen entre els nivells socioecon\u00f2mics m\u00e9s baixos de la ciutat,\u00a0 el &#8220;districte \u00e9s ple de talent per\u00f2 hi falten oportunitats&#8221;.<\/p>\n<p>El primer \u201cF\u00f2rum Nou Barris\u201d debatr\u00e0 sobre com han de ser les pol\u00edtiques econ\u00f2miques del present i del futur m\u00e9s immediat, amb l\u2019objectiu final d\u2019accelerar la recuperaci\u00f3 econ\u00f2mica de la ciutat i del pa\u00eds despr\u00e9s de la pand\u00e8mia de la covid-19. La jormada es dividir\u00e0 en dues sessions. Al mat\u00ed el f\u00f2rum comen\u00e7ar\u00e0 a les 9.30 h amb la inauguraci\u00f3 a c\u00e0rrec del ti primer Tinent d&#8217;Alcalde, Jaume Collboni, i Carles Cabrera, director general de l\u2019Institut Cerd\u00e0. A continuaci\u00f3, una taula rodona analitzar\u00e0 l\u2019economia despr\u00e9s de la pand\u00e8mia, amb Enrique Ruiz Dom\u00e8nec, historiador i acad\u00e8mic; Manel P\u00e9rez, responsable de la secci\u00f3 d\u2019economia de La Vanguardia; Mar Alarc\u00f3n, CEO de Social Car i vicepresidenta de Foment del Treball; Jordi Alberich, economista i vicepresident del Think Tank de Foment del Treball; Joan Gu\u00e0rdia, rector de la UB; Agust\u00ed Sala, cap d\u2019economia d\u2019El Peri\u00f3dico; i Eva Menor, presidenta de l\u2019\u00c0rea de Desenvolupament Econ\u00f2mic, Turisme i Comer\u00e7 de la Diputaci\u00f3 de Barcelona.<\/p>\n<p>A la tarda, la segona taula se centrar\u00e0 en els factors clau per impulsar la recuperaci\u00f3 econ\u00f2mica. Comptar\u00e0 amb la pres\u00e8ncia d\u2019Ernest Quingles, vicepresident de Foment del Treball i CEO d\u2019Epson Europe; d\u2019Antonio Ca\u00f1ete, president de PIMEC; Javier Faus, president del Cercle d\u2019Economia; M\u00f2nica Roca, presidenta de la Cambra de Comer\u00e7 de Barcelona; i Carlos Puig de Travy, deg\u00e0 electe del Col\u00b7legi d\u2019Economistes de Catalunya.<\/p>\n","protected":false},"excerpt":{"rendered":"<p>Referents del sector econ\u00f2mic es trobaran avui a la Casa de l&#8217;Aigua per buscar solucions a la crisi La Casa<\/p>\n","protected":false},"author":2,"featured_media":78115,"comment_status":"closed","ping_status":"closed","sticky":false,"template":"","format":"standard","meta":{"colormag_page_layout":"default_layout","_monsterinsights_skip_tracking":false,"_monsterinsights_sitenote_active":false,"_monsterinsights_sitenote_note":"","_monsterinsights_sitenote_category":0,"footnotes":""},"categories":[138,124],"tags":[640,309],"class_list":["post-78114","post","type-post","status-publish","format-standard","has-post-thumbnail","hentry","category-la-trinitat-nova","category-societat","tag-coronavirus","tag-crisi"],"yoast_head":"<!-- This site is optimized with the Yoast SEO plugin v25.3 - https:\/\/yoast.com\/wordpress\/plugins\/seo\/ -->\n<title>Nou Barris estrena un f\u00f2rum per analitzar les claus de la recuperaci\u00f3 econ\u00f2mica post-pand\u00e8mia - NouBarris.Net<\/title>\n<meta name=\"robots\" content=\"index, follow, max-snippet:-1, max-image-preview:large, max-video-preview:-1\" \/>\n<link rel=\"canonical\" href=\"https:\/\/www.noubarris.net\/web40\/nou-barris-estrena-un-forum-per-analitzar-les-claus-de-la-recuperacio-economica-post-pandemia\/\" \/>\n<meta property=\"og:locale\" content=\"ca_ES\" \/>\n<meta property=\"og:type\" content=\"article\" \/>\n<meta property=\"og:title\" content=\"Nou Barris estrena un f\u00f2rum per analitzar les claus de la recuperaci\u00f3 econ\u00f2mica post-pand\u00e8mia - NouBarris.Net\" \/>\n<meta property=\"og:description\" content=\"Referents del sector econ\u00f2mic es trobaran avui a la Casa de l&#8217;Aigua per buscar solucions a la crisi La Casa\" \/>\n<meta property=\"og:url\" content=\"https:\/\/www.noubarris.net\/web40\/nou-barris-estrena-un-forum-per-analitzar-les-claus-de-la-recuperacio-economica-post-pandemia\/\" \/>\n<meta property=\"og:site_name\" content=\"NouBarris.Net\" \/>\n<meta property=\"article:publisher\" content=\"https:\/\/www.facebook.com\/NouBarris.net\/?locale=es_ES\" \/>\n<meta property=\"article:published_time\" content=\"2021-11-10T22:00:03+00:00\" \/>\n<meta property=\"og:image\" content=\"https:\/\/www.noubarris.net\/web40\/wp-content\/uploads\/2021\/11\/111121.jpg\" \/>\n\t<meta property=\"og:image:width\" content=\"768\" \/>\n\t<meta property=\"og:image:height\" content=\"432\" \/>\n\t<meta property=\"og:image:type\" content=\"image\/jpeg\" \/>\n<meta name=\"author\" content=\"Informatius\" \/>\n<meta name=\"twitter:card\" content=\"summary_large_image\" \/>\n<meta name=\"twitter:creator\" content=\"@9BTV\" \/>\n<meta name=\"twitter:site\" content=\"@9BTV\" \/>\n<meta name=\"twitter:label1\" content=\"Escrit per\" \/>\n\t<meta name=\"twitter:data1\" content=\"Informatius\" \/>\n\t<meta name=\"twitter:label2\" content=\"Temps estimat de lectura\" \/>\n\t<meta name=\"twitter:data2\" content=\"2 minuts\" \/>\n<script type=\"application\/ld+json\" class=\"yoast-schema-graph\">{\"@context\":\"https:\/\/schema.org\",\"@graph\":[{\"@type\":\"Article\",\"@id\":\"https:\/\/www.noubarris.net\/web40\/nou-barris-estrena-un-forum-per-analitzar-les-claus-de-la-recuperacio-economica-post-pandemia\/#article\",\"isPartOf\":{\"@id\":\"https:\/\/www.noubarris.net\/web40\/nou-barris-estrena-un-forum-per-analitzar-les-claus-de-la-recuperacio-economica-post-pandemia\/\"},\"author\":{\"name\":\"Informatius\",\"@id\":\"https:\/\/www.noubarris.net\/web40\/#\/schema\/person\/1827f92aaa316c54abbf4dac0de76069\"},\"headline\":\"Nou Barris estrena un f\u00f2rum per analitzar les claus de la recuperaci\u00f3 econ\u00f2mica post-pand\u00e8mia\",\"datePublished\":\"2021-11-10T22:00:03+00:00\",\"mainEntityOfPage\":{\"@id\":\"https:\/\/www.noubarris.net\/web40\/nou-barris-estrena-un-forum-per-analitzar-les-claus-de-la-recuperacio-economica-post-pandemia\/\"},\"wordCount\":412,\"publisher\":{\"@id\":\"https:\/\/www.noubarris.net\/web40\/#organization\"},\"image\":{\"@id\":\"https:\/\/www.noubarris.net\/web40\/nou-barris-estrena-un-forum-per-analitzar-les-claus-de-la-recuperacio-economica-post-pandemia\/#primaryimage\"},\"thumbnailUrl\":\"https:\/\/www.noubarris.net\/web40\/wp-content\/uploads\/2021\/11\/111121.jpg\",\"keywords\":[\"coronavirus\",\"Crisi\"],\"articleSection\":[\"La Trinitat Nova\",\"Societat\"],\"inLanguage\":\"ca\"},{\"@type\":\"WebPage\",\"@id\":\"https:\/\/www.noubarris.net\/web40\/nou-barris-estrena-un-forum-per-analitzar-les-claus-de-la-recuperacio-economica-post-pandemia\/\",\"url\":\"https:\/\/www.noubarris.net\/web40\/nou-barris-estrena-un-forum-per-analitzar-les-claus-de-la-recuperacio-economica-post-pandemia\/\",\"name\":\"Nou Barris estrena un f\u00f2rum per analitzar les claus de la recuperaci\u00f3 econ\u00f2mica post-pand\u00e8mia - NouBarris.Net\",\"isPartOf\":{\"@id\":\"https:\/\/www.noubarris.net\/web40\/#website\"},\"primaryImageOfPage\":{\"@id\":\"https:\/\/www.noubarris.net\/web40\/nou-barris-estrena-un-forum-per-analitzar-les-claus-de-la-recuperacio-economica-post-pandemia\/#primaryimage\"},\"image\":{\"@id\":\"https:\/\/www.noubarris.net\/web40\/nou-barris-estrena-un-forum-per-analitzar-les-claus-de-la-recuperacio-economica-post-pandemia\/#primaryimage\"},\"thumbnailUrl\":\"https:\/\/www.noubarris.net\/web40\/wp-content\/uploads\/2021\/11\/111121.jpg\",\"datePublished\":\"2021-11-10T22:00:03+00:00\",\"breadcrumb\":{\"@id\":\"https:\/\/www.noubarris.net\/web40\/nou-barris-estrena-un-forum-per-analitzar-les-claus-de-la-recuperacio-economica-post-pandemia\/#breadcrumb\"},\"inLanguage\":\"ca\",\"potentialAction\":[{\"@type\":\"ReadAction\",\"target\":[\"https:\/\/www.noubarris.net\/web40\/nou-barris-estrena-un-forum-per-analitzar-les-claus-de-la-recuperacio-economica-post-pandemia\/\"]}]},{\"@type\":\"ImageObject\",\"inLanguage\":\"ca\",\"@id\":\"https:\/\/www.noubarris.net\/web40\/nou-barris-estrena-un-forum-per-analitzar-les-claus-de-la-recuperacio-economica-post-pandemia\/#primaryimage\",\"url\":\"https:\/\/www.noubarris.net\/web40\/wp-content\/uploads\/2021\/11\/111121.jpg\",\"contentUrl\":\"https:\/\/www.noubarris.net\/web40\/wp-content\/uploads\/2021\/11\/111121.jpg\",\"width\":768,\"height\":432},{\"@type\":\"BreadcrumbList\",\"@id\":\"https:\/\/www.noubarris.net\/web40\/nou-barris-estrena-un-forum-per-analitzar-les-claus-de-la-recuperacio-economica-post-pandemia\/#breadcrumb\",\"itemListElement\":[{\"@type\":\"ListItem\",\"position\":1,\"name\":\"Inici\",\"item\":\"https:\/\/www.noubarris.net\/web40\/\"},{\"@type\":\"ListItem\",\"position\":2,\"name\":\"Nou Barris estrena un f\u00f2rum per analitzar les claus de la recuperaci\u00f3 econ\u00f2mica post-pand\u00e8mia\"}]},{\"@type\":\"WebSite\",\"@id\":\"https:\/\/www.noubarris.net\/web40\/#website\",\"url\":\"https:\/\/www.noubarris.net\/web40\/\",\"name\":\"NouBarris.Net\",\"description\":\"Seguint la vida de Nou Barris des de 1985\",\"publisher\":{\"@id\":\"https:\/\/www.noubarris.net\/web40\/#organization\"},\"potentialAction\":[{\"@type\":\"SearchAction\",\"target\":{\"@type\":\"EntryPoint\",\"urlTemplate\":\"https:\/\/www.noubarris.net\/web40\/?s={search_term_string}\"},\"query-input\":{\"@type\":\"PropertyValueSpecification\",\"valueRequired\":true,\"valueName\":\"search_term_string\"}}],\"inLanguage\":\"ca\"},{\"@type\":\"Organization\",\"@id\":\"https:\/\/www.noubarris.net\/web40\/#organization\",\"name\":\"NouBarris.Net\",\"url\":\"https:\/\/www.noubarris.net\/web40\/\",\"logo\":{\"@type\":\"ImageObject\",\"inLanguage\":\"ca\",\"@id\":\"https:\/\/www.noubarris.net\/web40\/#\/schema\/logo\/image\/\",\"url\":\"https:\/\/www.noubarris.net\/web40\/wp-content\/uploads\/2024\/11\/cropped-cropped-LOGO_9BTV-2024_Insta-1.jpg\",\"contentUrl\":\"https:\/\/www.noubarris.net\/web40\/wp-content\/uploads\/2024\/11\/cropped-cropped-LOGO_9BTV-2024_Insta-1.jpg\",\"width\":512,\"height\":512,\"caption\":\"NouBarris.Net\"},\"image\":{\"@id\":\"https:\/\/www.noubarris.net\/web40\/#\/schema\/logo\/image\/\"},\"sameAs\":[\"https:\/\/www.facebook.com\/NouBarris.net\/?locale=es_ES\",\"https:\/\/x.com\/9BTV\"]},{\"@type\":\"Person\",\"@id\":\"https:\/\/www.noubarris.net\/web40\/#\/schema\/person\/1827f92aaa316c54abbf4dac0de76069\",\"name\":\"Informatius\",\"image\":{\"@type\":\"ImageObject\",\"inLanguage\":\"ca\",\"@id\":\"https:\/\/www.noubarris.net\/web40\/#\/schema\/person\/image\/\",\"url\":\"https:\/\/secure.gravatar.com\/avatar\/87a3b47928835fc72c6ee5b0e1a7263ef0c2d05003a98189bc14926c5f11bcdb?s=96&d=mm&r=g\",\"contentUrl\":\"https:\/\/secure.gravatar.com\/avatar\/87a3b47928835fc72c6ee5b0e1a7263ef0c2d05003a98189bc14926c5f11bcdb?s=96&d=mm&r=g\",\"caption\":\"Informatius\"},\"url\":\"https:\/\/www.noubarris.net\/web40\/author\/tele\/\"}]}<\/script>\n<!-- \/ Yoast SEO plugin. -->","yoast_head_json":{"title":"Nou Barris estrena un f\u00f2rum per analitzar les claus de la recuperaci\u00f3 econ\u00f2mica post-pand\u00e8mia - NouBarris.Net","robots":{"index":"index","follow":"follow","max-snippet":"max-snippet:-1","max-image-preview":"max-image-preview:large","max-video-preview":"max-video-preview:-1"},"canonical":"https:\/\/www.noubarris.net\/web40\/nou-barris-estrena-un-forum-per-analitzar-les-claus-de-la-recuperacio-economica-post-pandemia\/","og_locale":"ca_ES","og_type":"article","og_title":"Nou Barris estrena un f\u00f2rum per analitzar les claus de la recuperaci\u00f3 econ\u00f2mica post-pand\u00e8mia - NouBarris.Net","og_description":"Referents del sector econ\u00f2mic es trobaran avui a la Casa de l&#8217;Aigua per buscar solucions a la crisi La Casa","og_url":"https:\/\/www.noubarris.net\/web40\/nou-barris-estrena-un-forum-per-analitzar-les-claus-de-la-recuperacio-economica-post-pandemia\/","og_site_name":"NouBarris.Net","article_publisher":"https:\/\/www.facebook.com\/NouBarris.net\/?locale=es_ES","article_published_time":"2021-11-10T22:00:03+00:00","og_image":[{"width":768,"height":432,"url":"https:\/\/www.noubarris.net\/web40\/wp-content\/uploads\/2021\/11\/111121.jpg","type":"image\/jpeg"}],"author":"Informatius","twitter_card":"summary_large_image","twitter_creator":"@9BTV","twitter_site":"@9BTV","twitter_misc":{"Escrit per":"Informatius","Temps estimat de lectura":"2 minuts"},"schema":{"@context":"https:\/\/schema.org","@graph":[{"@type":"Article","@id":"https:\/\/www.noubarris.net\/web40\/nou-barris-estrena-un-forum-per-analitzar-les-claus-de-la-recuperacio-economica-post-pandemia\/#article","isPartOf":{"@id":"https:\/\/www.noubarris.net\/web40\/nou-barris-estrena-un-forum-per-analitzar-les-claus-de-la-recuperacio-economica-post-pandemia\/"},"author":{"name":"Informatius","@id":"https:\/\/www.noubarris.net\/web40\/#\/schema\/person\/1827f92aaa316c54abbf4dac0de76069"},"headline":"Nou Barris estrena un f\u00f2rum per analitzar les claus de la recuperaci\u00f3 econ\u00f2mica post-pand\u00e8mia","datePublished":"2021-11-10T22:00:03+00:00","mainEntityOfPage":{"@id":"https:\/\/www.noubarris.net\/web40\/nou-barris-estrena-un-forum-per-analitzar-les-claus-de-la-recuperacio-economica-post-pandemia\/"},"wordCount":412,"publisher":{"@id":"https:\/\/www.noubarris.net\/web40\/#organization"},"image":{"@id":"https:\/\/www.noubarris.net\/web40\/nou-barris-estrena-un-forum-per-analitzar-les-claus-de-la-recuperacio-economica-post-pandemia\/#primaryimage"},"thumbnailUrl":"https:\/\/www.noubarris.net\/web40\/wp-content\/uploads\/2021\/11\/111121.jpg","keywords":["coronavirus","Crisi"],"articleSection":["La Trinitat Nova","Societat"],"inLanguage":"ca"},{"@type":"WebPage","@id":"https:\/\/www.noubarris.net\/web40\/nou-barris-estrena-un-forum-per-analitzar-les-claus-de-la-recuperacio-economica-post-pandemia\/","url":"https:\/\/www.noubarris.net\/web40\/nou-barris-estrena-un-forum-per-analitzar-les-claus-de-la-recuperacio-economica-post-pandemia\/","name":"Nou Barris estrena un f\u00f2rum per analitzar les claus de la recuperaci\u00f3 econ\u00f2mica post-pand\u00e8mia - NouBarris.Net","isPartOf":{"@id":"https:\/\/www.noubarris.net\/web40\/#website"},"primaryImageOfPage":{"@id":"https:\/\/www.noubarris.net\/web40\/nou-barris-estrena-un-forum-per-analitzar-les-claus-de-la-recuperacio-economica-post-pandemia\/#primaryimage"},"image":{"@id":"https:\/\/www.noubarris.net\/web40\/nou-barris-estrena-un-forum-per-analitzar-les-claus-de-la-recuperacio-economica-post-pandemia\/#primaryimage"},"thumbnailUrl":"https:\/\/www.noubarris.net\/web40\/wp-content\/uploads\/2021\/11\/111121.jpg","datePublished":"2021-11-10T22:00:03+00:00","breadcrumb":{"@id":"https:\/\/www.noubarris.net\/web40\/nou-barris-estrena-un-forum-per-analitzar-les-claus-de-la-recuperacio-economica-post-pandemia\/#breadcrumb"},"inLanguage":"ca","potentialAction":[{"@type":"ReadAction","target":["https:\/\/www.noubarris.net\/web40\/nou-barris-estrena-un-forum-per-analitzar-les-claus-de-la-recuperacio-economica-post-pandemia\/"]}]},{"@type":"ImageObject","inLanguage":"ca","@id":"https:\/\/www.noubarris.net\/web40\/nou-barris-estrena-un-forum-per-analitzar-les-claus-de-la-recuperacio-economica-post-pandemia\/#primaryimage","url":"https:\/\/www.noubarris.net\/web40\/wp-content\/uploads\/2021\/11\/111121.jpg","contentUrl":"https:\/\/www.noubarris.net\/web40\/wp-content\/uploads\/2021\/11\/111121.jpg","width":768,"height":432},{"@type":"BreadcrumbList","@id":"https:\/\/www.noubarris.net\/web40\/nou-barris-estrena-un-forum-per-analitzar-les-claus-de-la-recuperacio-economica-post-pandemia\/#breadcrumb","itemListElement":[{"@type":"ListItem","position":1,"name":"Inici","item":"https:\/\/www.noubarris.net\/web40\/"},{"@type":"ListItem","position":2,"name":"Nou Barris estrena un f\u00f2rum per analitzar les claus de la recuperaci\u00f3 econ\u00f2mica post-pand\u00e8mia"}]},{"@type":"WebSite","@id":"https:\/\/www.noubarris.net\/web40\/#website","url":"https:\/\/www.noubarris.net\/web40\/","name":"NouBarris.Net","description":"Seguint la vida de Nou Barris des de 1985","publisher":{"@id":"https:\/\/www.noubarris.net\/web40\/#organization"},"potentialAction":[{"@type":"SearchAction","target":{"@type":"EntryPoint","urlTemplate":"https:\/\/www.noubarris.net\/web40\/?s={search_term_string}"},"query-input":{"@type":"PropertyValueSpecification","valueRequired":true,"valueName":"search_term_string"}}],"inLanguage":"ca"},{"@type":"Organization","@id":"https:\/\/www.noubarris.net\/web40\/#organization","name":"NouBarris.Net","url":"https:\/\/www.noubarris.net\/web40\/","logo":{"@type":"ImageObject","inLanguage":"ca","@id":"https:\/\/www.noubarris.net\/web40\/#\/schema\/logo\/image\/","url":"https:\/\/www.noubarris.net\/web40\/wp-content\/uploads\/2024\/11\/cropped-cropped-LOGO_9BTV-2024_Insta-1.jpg","contentUrl":"https:\/\/www.noubarris.net\/web40\/wp-content\/uploads\/2024\/11\/cropped-cropped-LOGO_9BTV-2024_Insta-1.jpg","width":512,"height":512,"caption":"NouBarris.Net"},"image":{"@id":"https:\/\/www.noubarris.net\/web40\/#\/schema\/logo\/image\/"},"sameAs":["https:\/\/www.facebook.com\/NouBarris.net\/?locale=es_ES","https:\/\/x.com\/9BTV"]},{"@type":"Person","@id":"https:\/\/www.noubarris.net\/web40\/#\/schema\/person\/1827f92aaa316c54abbf4dac0de76069","name":"Informatius","image":{"@type":"ImageObject","inLanguage":"ca","@id":"https:\/\/www.noubarris.net\/web40\/#\/schema\/person\/image\/","url":"https:\/\/secure.gravatar.com\/avatar\/87a3b47928835fc72c6ee5b0e1a7263ef0c2d05003a98189bc14926c5f11bcdb?s=96&d=mm&r=g","contentUrl":"https:\/\/secure.gravatar.com\/avatar\/87a3b47928835fc72c6ee5b0e1a7263ef0c2d05003a98189bc14926c5f11bcdb?s=96&d=mm&r=g","caption":"Informatius"},"url":"https:\/\/www.noubarris.net\/web40\/author\/tele\/"}]}},"_links":{"self":[{"href":"https:\/\/www.noubarris.net\/web40\/wp-json\/wp\/v2\/posts\/78114","targetHints":{"allow":["GET"]}}],"collection":[{"href":"https:\/\/www.noubarris.net\/web40\/wp-json\/wp\/v2\/posts"}],"about":[{"href":"https:\/\/www.noubarris.net\/web40\/wp-json\/wp\/v2\/types\/post"}],"author":[{"embeddable":true,"href":"https:\/\/www.noubarris.net\/web40\/wp-json\/wp\/v2\/users\/2"}],"replies":[{"embeddable":true,"href":"https:\/\/www.noubarris.net\/web40\/wp-json\/wp\/v2\/comments?post=78114"}],"version-history":[{"count":1,"href":"https:\/\/www.noubarris.net\/web40\/wp-json\/wp\/v2\/posts\/78114\/revisions"}],"predecessor-version":[{"id":78116,"href":"https:\/\/www.noubarris.net\/web40\/wp-json\/wp\/v2\/posts\/78114\/revisions\/78116"}],"wp:featuredmedia":[{"embeddable":true,"href":"https:\/\/www.noubarris.net\/web40\/wp-json\/wp\/v2\/media\/78115"}],"wp:attachment":[{"href":"https:\/\/www.noubarris.net\/web40\/wp-json\/wp\/v2\/media?parent=78114"}],"wp:term":[{"taxonomy":"category","embeddable":true,"href":"https:\/\/www.noubarris.net\/web40\/wp-json\/wp\/v2\/categories?post=78114"},{"taxonomy":"post_tag","embeddable":true,"href":"https:\/\/www.noubarris.net\/web40\/wp-json\/wp\/v2\/tags?post=78114"}],"curies":[{"name":"wp","href":"https:\/\/api.w.org\/{rel}","templated":true}]}}