{"id":78117,"date":"2021-11-12T00:00:34","date_gmt":"2021-11-11T22:00:34","guid":{"rendered":"http:\/\/www.noubarris.net\/web40\/?p=78117"},"modified":"2021-11-12T00:01:51","modified_gmt":"2021-11-11T22:01:51","slug":"acord-per-recuperar-els-aparcaments-buits-de-regesa-a-torre-baro-i-la-trinitat-nova","status":"publish","type":"post","link":"https:\/\/www.noubarris.net\/web40\/acord-per-recuperar-els-aparcaments-buits-de-regesa-a-torre-baro-i-la-trinitat-nova\/","title":{"rendered":"Acord per recuperar els aparcaments buits de Regesa a Torre Bar\u00f3 i la Trinitat Nova"},"content":{"rendered":"<p><strong>L&#8217;Ajuntament signar\u00e0 el 2 de desembre un conveni per fer-se amb els pisos i els p\u00e0rquings que van quedar en el llimb amb la desaparici\u00f3 de l&#8217;empresa p\u00fablica<\/strong><\/p>\n<p>Despr\u00e9s de moltes reivindicacions ve\u00efnals, el 2 de desembre l&#8217;Ajuntament culminar\u00e0 un llarg proc\u00e9s amb la signatura d&#8217;un acord que el permetr\u00e0 comen\u00e7ar a gestionar les places d&#8217;aparcament, els pisos i els locals que va construir fa m\u00e9s de vuit anys l&#8217;empresa p\u00fablica Regesa i que, amb la desaparici\u00f3 d&#8217;aquesta companyia, van quedar en el llimb. Una situaci\u00f3 que ha provocat que sota la pla\u00e7a dels Eucaliptus de Torre Bar\u00f3 hi hagin gaireb\u00e9 dues-centes places d&#8217;aparcament per estrenar i que a la Trinitat Nova, els ve\u00efns que han estrenat les darreres promocions de la remodelaci\u00f3 del barri a causa de l&#8217;aluminosi no disposin avui dia d&#8217;una de les places d&#8217;aparcament que hi ha als baixos del seu edifici. Aix\u00f2 pel que fa als aparcaments. Els locals tamb\u00e9 es mantenen buits, i en el cas dels pisos, situats sobretot a la pla\u00e7a dels Eucaliptus, els inquilins fa anys que viuen amb certa precarietat, ja que el seu contracte de lloguer es va renovant anualment, de forma auto\u00e0tica pr\u00e0cticament.<\/p>\n<p>L&#8217;Ajuntament vol posar soluci\u00f3 a tots aquests problemes amb la signatura de l&#8217;acord, aprovat fa unes setmanes en la Comissi\u00f3 de Govern a Sant Jaume, i el seu objectiu \u00e9s, un cop els problemes burocr\u00e0tics hagins desaparegut, treure a lloguer o venda els aparcaments i regularitzar la situaci\u00f3 dels inquilins. Les primeres actuacions es preveu que es puguin donar abans de finals d&#8217;any.<\/p>\n<p>Regesa va ser durant molts anys l&#8217;empresa p\u00fablica encarregada de construir pisos i aparcaments de protecci\u00f3 oficial. Depenia del Consell Comarcal del Barcelon\u00e8s i bona part de la seva activitat es va concentrar a Nou Barris, on hi ha hagut diverses transformacions i remodelacions, com ara la part baixa de Torre Bar\u00f3. Per aix\u00f2, un cop va caure en fallida, moltes de les promocions que van quedar pendents es troben al nostre districte.<\/p>\n","protected":false},"excerpt":{"rendered":"<p>L&#8217;Ajuntament signar\u00e0 el 2 de desembre un conveni per fer-se amb els pisos i els p\u00e0rquings que van quedar en<\/p>\n","protected":false},"author":2,"featured_media":78119,"comment_status":"closed","ping_status":"closed","sticky":false,"template":"","format":"standard","meta":{"colormag_page_layout":"default_layout","_monsterinsights_skip_tracking":false,"_monsterinsights_sitenote_active":false,"_monsterinsights_sitenote_note":"","_monsterinsights_sitenote_category":0,"footnotes":""},"categories":[1],"tags":[391,94],"class_list":["post-78117","post","type-post","status-publish","format-standard","has-post-thumbnail","hentry","category-nou-barris","tag-aparcament","tag-habitatge"],"yoast_head":"<!-- This site is optimized with the Yoast SEO plugin v25.3 - https:\/\/yoast.com\/wordpress\/plugins\/seo\/ -->\n<title>Acord per recuperar els aparcaments buits de Regesa a Torre Bar\u00f3 i la Trinitat Nova - NouBarris.Net<\/title>\n<meta name=\"robots\" content=\"index, follow, max-snippet:-1, max-image-preview:large, max-video-preview:-1\" \/>\n<link rel=\"canonical\" href=\"https:\/\/www.noubarris.net\/web40\/acord-per-recuperar-els-aparcaments-buits-de-regesa-a-torre-baro-i-la-trinitat-nova\/\" \/>\n<meta property=\"og:locale\" content=\"ca_ES\" \/>\n<meta property=\"og:type\" content=\"article\" \/>\n<meta property=\"og:title\" content=\"Acord per recuperar els aparcaments buits de Regesa a Torre Bar\u00f3 i la Trinitat Nova - NouBarris.Net\" \/>\n<meta property=\"og:description\" content=\"L&#8217;Ajuntament signar\u00e0 el 2 de desembre un conveni per fer-se amb els pisos i els p\u00e0rquings que van quedar en\" \/>\n<meta property=\"og:url\" content=\"https:\/\/www.noubarris.net\/web40\/acord-per-recuperar-els-aparcaments-buits-de-regesa-a-torre-baro-i-la-trinitat-nova\/\" \/>\n<meta property=\"og:site_name\" content=\"NouBarris.Net\" \/>\n<meta property=\"article:publisher\" content=\"https:\/\/www.facebook.com\/NouBarris.net\/?locale=es_ES\" \/>\n<meta property=\"article:published_time\" content=\"2021-11-11T22:00:34+00:00\" \/>\n<meta property=\"article:modified_time\" content=\"2021-11-11T22:01:51+00:00\" \/>\n<meta property=\"og:image\" content=\"https:\/\/www.noubarris.net\/web40\/wp-content\/uploads\/2021\/11\/121121.jpg\" \/>\n\t<meta property=\"og:image:width\" content=\"768\" \/>\n\t<meta property=\"og:image:height\" content=\"432\" \/>\n\t<meta property=\"og:image:type\" content=\"image\/jpeg\" \/>\n<meta name=\"author\" content=\"Informatius\" \/>\n<meta name=\"twitter:card\" content=\"summary_large_image\" \/>\n<meta name=\"twitter:creator\" content=\"@9BTV\" \/>\n<meta name=\"twitter:site\" content=\"@9BTV\" \/>\n<meta name=\"twitter:label1\" content=\"Escrit per\" \/>\n\t<meta name=\"twitter:data1\" content=\"Informatius\" \/>\n\t<meta name=\"twitter:label2\" content=\"Temps estimat de lectura\" \/>\n\t<meta name=\"twitter:data2\" content=\"2 minuts\" \/>\n<script type=\"application\/ld+json\" class=\"yoast-schema-graph\">{\"@context\":\"https:\/\/schema.org\",\"@graph\":[{\"@type\":\"Article\",\"@id\":\"https:\/\/www.noubarris.net\/web40\/acord-per-recuperar-els-aparcaments-buits-de-regesa-a-torre-baro-i-la-trinitat-nova\/#article\",\"isPartOf\":{\"@id\":\"https:\/\/www.noubarris.net\/web40\/acord-per-recuperar-els-aparcaments-buits-de-regesa-a-torre-baro-i-la-trinitat-nova\/\"},\"author\":{\"name\":\"Informatius\",\"@id\":\"https:\/\/www.noubarris.net\/web40\/#\/schema\/person\/1827f92aaa316c54abbf4dac0de76069\"},\"headline\":\"Acord per recuperar els aparcaments buits de Regesa a Torre Bar\u00f3 i la Trinitat Nova\",\"datePublished\":\"2021-11-11T22:00:34+00:00\",\"dateModified\":\"2021-11-11T22:01:51+00:00\",\"mainEntityOfPage\":{\"@id\":\"https:\/\/www.noubarris.net\/web40\/acord-per-recuperar-els-aparcaments-buits-de-regesa-a-torre-baro-i-la-trinitat-nova\/\"},\"wordCount\":375,\"publisher\":{\"@id\":\"https:\/\/www.noubarris.net\/web40\/#organization\"},\"image\":{\"@id\":\"https:\/\/www.noubarris.net\/web40\/acord-per-recuperar-els-aparcaments-buits-de-regesa-a-torre-baro-i-la-trinitat-nova\/#primaryimage\"},\"thumbnailUrl\":\"https:\/\/www.noubarris.net\/web40\/wp-content\/uploads\/2021\/11\/121121.jpg\",\"keywords\":[\"Aparcament\",\"Habitatge\"],\"articleSection\":[\"Nou Barris\"],\"inLanguage\":\"ca\"},{\"@type\":\"WebPage\",\"@id\":\"https:\/\/www.noubarris.net\/web40\/acord-per-recuperar-els-aparcaments-buits-de-regesa-a-torre-baro-i-la-trinitat-nova\/\",\"url\":\"https:\/\/www.noubarris.net\/web40\/acord-per-recuperar-els-aparcaments-buits-de-regesa-a-torre-baro-i-la-trinitat-nova\/\",\"name\":\"Acord per recuperar els aparcaments buits de Regesa a Torre Bar\u00f3 i la Trinitat Nova - NouBarris.Net\",\"isPartOf\":{\"@id\":\"https:\/\/www.noubarris.net\/web40\/#website\"},\"primaryImageOfPage\":{\"@id\":\"https:\/\/www.noubarris.net\/web40\/acord-per-recuperar-els-aparcaments-buits-de-regesa-a-torre-baro-i-la-trinitat-nova\/#primaryimage\"},\"image\":{\"@id\":\"https:\/\/www.noubarris.net\/web40\/acord-per-recuperar-els-aparcaments-buits-de-regesa-a-torre-baro-i-la-trinitat-nova\/#primaryimage\"},\"thumbnailUrl\":\"https:\/\/www.noubarris.net\/web40\/wp-content\/uploads\/2021\/11\/121121.jpg\",\"datePublished\":\"2021-11-11T22:00:34+00:00\",\"dateModified\":\"2021-11-11T22:01:51+00:00\",\"breadcrumb\":{\"@id\":\"https:\/\/www.noubarris.net\/web40\/acord-per-recuperar-els-aparcaments-buits-de-regesa-a-torre-baro-i-la-trinitat-nova\/#breadcrumb\"},\"inLanguage\":\"ca\",\"potentialAction\":[{\"@type\":\"ReadAction\",\"target\":[\"https:\/\/www.noubarris.net\/web40\/acord-per-recuperar-els-aparcaments-buits-de-regesa-a-torre-baro-i-la-trinitat-nova\/\"]}]},{\"@type\":\"ImageObject\",\"inLanguage\":\"ca\",\"@id\":\"https:\/\/www.noubarris.net\/web40\/acord-per-recuperar-els-aparcaments-buits-de-regesa-a-torre-baro-i-la-trinitat-nova\/#primaryimage\",\"url\":\"https:\/\/www.noubarris.net\/web40\/wp-content\/uploads\/2021\/11\/121121.jpg\",\"contentUrl\":\"https:\/\/www.noubarris.net\/web40\/wp-content\/uploads\/2021\/11\/121121.jpg\",\"width\":768,\"height\":432},{\"@type\":\"BreadcrumbList\",\"@id\":\"https:\/\/www.noubarris.net\/web40\/acord-per-recuperar-els-aparcaments-buits-de-regesa-a-torre-baro-i-la-trinitat-nova\/#breadcrumb\",\"itemListElement\":[{\"@type\":\"ListItem\",\"position\":1,\"name\":\"Inici\",\"item\":\"https:\/\/www.noubarris.net\/web40\/\"},{\"@type\":\"ListItem\",\"position\":2,\"name\":\"Acord per recuperar els aparcaments buits de Regesa a Torre Bar\u00f3 i la Trinitat Nova\"}]},{\"@type\":\"WebSite\",\"@id\":\"https:\/\/www.noubarris.net\/web40\/#website\",\"url\":\"https:\/\/www.noubarris.net\/web40\/\",\"name\":\"NouBarris.Net\",\"description\":\"Seguint la vida de Nou Barris des de 1985\",\"publisher\":{\"@id\":\"https:\/\/www.noubarris.net\/web40\/#organization\"},\"potentialAction\":[{\"@type\":\"SearchAction\",\"target\":{\"@type\":\"EntryPoint\",\"urlTemplate\":\"https:\/\/www.noubarris.net\/web40\/?s={search_term_string}\"},\"query-input\":{\"@type\":\"PropertyValueSpecification\",\"valueRequired\":true,\"valueName\":\"search_term_string\"}}],\"inLanguage\":\"ca\"},{\"@type\":\"Organization\",\"@id\":\"https:\/\/www.noubarris.net\/web40\/#organization\",\"name\":\"NouBarris.Net\",\"url\":\"https:\/\/www.noubarris.net\/web40\/\",\"logo\":{\"@type\":\"ImageObject\",\"inLanguage\":\"ca\",\"@id\":\"https:\/\/www.noubarris.net\/web40\/#\/schema\/logo\/image\/\",\"url\":\"https:\/\/www.noubarris.net\/web40\/wp-content\/uploads\/2024\/11\/cropped-cropped-LOGO_9BTV-2024_Insta-1.jpg\",\"contentUrl\":\"https:\/\/www.noubarris.net\/web40\/wp-content\/uploads\/2024\/11\/cropped-cropped-LOGO_9BTV-2024_Insta-1.jpg\",\"width\":512,\"height\":512,\"caption\":\"NouBarris.Net\"},\"image\":{\"@id\":\"https:\/\/www.noubarris.net\/web40\/#\/schema\/logo\/image\/\"},\"sameAs\":[\"https:\/\/www.facebook.com\/NouBarris.net\/?locale=es_ES\",\"https:\/\/x.com\/9BTV\"]},{\"@type\":\"Person\",\"@id\":\"https:\/\/www.noubarris.net\/web40\/#\/schema\/person\/1827f92aaa316c54abbf4dac0de76069\",\"name\":\"Informatius\",\"image\":{\"@type\":\"ImageObject\",\"inLanguage\":\"ca\",\"@id\":\"https:\/\/www.noubarris.net\/web40\/#\/schema\/person\/image\/\",\"url\":\"https:\/\/secure.gravatar.com\/avatar\/87a3b47928835fc72c6ee5b0e1a7263ef0c2d05003a98189bc14926c5f11bcdb?s=96&d=mm&r=g\",\"contentUrl\":\"https:\/\/secure.gravatar.com\/avatar\/87a3b47928835fc72c6ee5b0e1a7263ef0c2d05003a98189bc14926c5f11bcdb?s=96&d=mm&r=g\",\"caption\":\"Informatius\"},\"url\":\"https:\/\/www.noubarris.net\/web40\/author\/tele\/\"}]}<\/script>\n<!-- \/ Yoast SEO plugin. -->","yoast_head_json":{"title":"Acord per recuperar els aparcaments buits de Regesa a Torre Bar\u00f3 i la Trinitat Nova - NouBarris.Net","robots":{"index":"index","follow":"follow","max-snippet":"max-snippet:-1","max-image-preview":"max-image-preview:large","max-video-preview":"max-video-preview:-1"},"canonical":"https:\/\/www.noubarris.net\/web40\/acord-per-recuperar-els-aparcaments-buits-de-regesa-a-torre-baro-i-la-trinitat-nova\/","og_locale":"ca_ES","og_type":"article","og_title":"Acord per recuperar els aparcaments buits de Regesa a Torre Bar\u00f3 i la Trinitat Nova - NouBarris.Net","og_description":"L&#8217;Ajuntament signar\u00e0 el 2 de desembre un conveni per fer-se amb els pisos i els p\u00e0rquings que van quedar en","og_url":"https:\/\/www.noubarris.net\/web40\/acord-per-recuperar-els-aparcaments-buits-de-regesa-a-torre-baro-i-la-trinitat-nova\/","og_site_name":"NouBarris.Net","article_publisher":"https:\/\/www.facebook.com\/NouBarris.net\/?locale=es_ES","article_published_time":"2021-11-11T22:00:34+00:00","article_modified_time":"2021-11-11T22:01:51+00:00","og_image":[{"width":768,"height":432,"url":"https:\/\/www.noubarris.net\/web40\/wp-content\/uploads\/2021\/11\/121121.jpg","type":"image\/jpeg"}],"author":"Informatius","twitter_card":"summary_large_image","twitter_creator":"@9BTV","twitter_site":"@9BTV","twitter_misc":{"Escrit per":"Informatius","Temps estimat de lectura":"2 minuts"},"schema":{"@context":"https:\/\/schema.org","@graph":[{"@type":"Article","@id":"https:\/\/www.noubarris.net\/web40\/acord-per-recuperar-els-aparcaments-buits-de-regesa-a-torre-baro-i-la-trinitat-nova\/#article","isPartOf":{"@id":"https:\/\/www.noubarris.net\/web40\/acord-per-recuperar-els-aparcaments-buits-de-regesa-a-torre-baro-i-la-trinitat-nova\/"},"author":{"name":"Informatius","@id":"https:\/\/www.noubarris.net\/web40\/#\/schema\/person\/1827f92aaa316c54abbf4dac0de76069"},"headline":"Acord per recuperar els aparcaments buits de Regesa a Torre Bar\u00f3 i la Trinitat Nova","datePublished":"2021-11-11T22:00:34+00:00","dateModified":"2021-11-11T22:01:51+00:00","mainEntityOfPage":{"@id":"https:\/\/www.noubarris.net\/web40\/acord-per-recuperar-els-aparcaments-buits-de-regesa-a-torre-baro-i-la-trinitat-nova\/"},"wordCount":375,"publisher":{"@id":"https:\/\/www.noubarris.net\/web40\/#organization"},"image":{"@id":"https:\/\/www.noubarris.net\/web40\/acord-per-recuperar-els-aparcaments-buits-de-regesa-a-torre-baro-i-la-trinitat-nova\/#primaryimage"},"thumbnailUrl":"https:\/\/www.noubarris.net\/web40\/wp-content\/uploads\/2021\/11\/121121.jpg","keywords":["Aparcament","Habitatge"],"articleSection":["Nou Barris"],"inLanguage":"ca"},{"@type":"WebPage","@id":"https:\/\/www.noubarris.net\/web40\/acord-per-recuperar-els-aparcaments-buits-de-regesa-a-torre-baro-i-la-trinitat-nova\/","url":"https:\/\/www.noubarris.net\/web40\/acord-per-recuperar-els-aparcaments-buits-de-regesa-a-torre-baro-i-la-trinitat-nova\/","name":"Acord per recuperar els aparcaments buits de Regesa a Torre Bar\u00f3 i la Trinitat Nova - NouBarris.Net","isPartOf":{"@id":"https:\/\/www.noubarris.net\/web40\/#website"},"primaryImageOfPage":{"@id":"https:\/\/www.noubarris.net\/web40\/acord-per-recuperar-els-aparcaments-buits-de-regesa-a-torre-baro-i-la-trinitat-nova\/#primaryimage"},"image":{"@id":"https:\/\/www.noubarris.net\/web40\/acord-per-recuperar-els-aparcaments-buits-de-regesa-a-torre-baro-i-la-trinitat-nova\/#primaryimage"},"thumbnailUrl":"https:\/\/www.noubarris.net\/web40\/wp-content\/uploads\/2021\/11\/121121.jpg","datePublished":"2021-11-11T22:00:34+00:00","dateModified":"2021-11-11T22:01:51+00:00","breadcrumb":{"@id":"https:\/\/www.noubarris.net\/web40\/acord-per-recuperar-els-aparcaments-buits-de-regesa-a-torre-baro-i-la-trinitat-nova\/#breadcrumb"},"inLanguage":"ca","potentialAction":[{"@type":"ReadAction","target":["https:\/\/www.noubarris.net\/web40\/acord-per-recuperar-els-aparcaments-buits-de-regesa-a-torre-baro-i-la-trinitat-nova\/"]}]},{"@type":"ImageObject","inLanguage":"ca","@id":"https:\/\/www.noubarris.net\/web40\/acord-per-recuperar-els-aparcaments-buits-de-regesa-a-torre-baro-i-la-trinitat-nova\/#primaryimage","url":"https:\/\/www.noubarris.net\/web40\/wp-content\/uploads\/2021\/11\/121121.jpg","contentUrl":"https:\/\/www.noubarris.net\/web40\/wp-content\/uploads\/2021\/11\/121121.jpg","width":768,"height":432},{"@type":"BreadcrumbList","@id":"https:\/\/www.noubarris.net\/web40\/acord-per-recuperar-els-aparcaments-buits-de-regesa-a-torre-baro-i-la-trinitat-nova\/#breadcrumb","itemListElement":[{"@type":"ListItem","position":1,"name":"Inici","item":"https:\/\/www.noubarris.net\/web40\/"},{"@type":"ListItem","position":2,"name":"Acord per recuperar els aparcaments buits de Regesa a Torre Bar\u00f3 i la Trinitat Nova"}]},{"@type":"WebSite","@id":"https:\/\/www.noubarris.net\/web40\/#website","url":"https:\/\/www.noubarris.net\/web40\/","name":"NouBarris.Net","description":"Seguint la vida de Nou Barris des de 1985","publisher":{"@id":"https:\/\/www.noubarris.net\/web40\/#organization"},"potentialAction":[{"@type":"SearchAction","target":{"@type":"EntryPoint","urlTemplate":"https:\/\/www.noubarris.net\/web40\/?s={search_term_string}"},"query-input":{"@type":"PropertyValueSpecification","valueRequired":true,"valueName":"search_term_string"}}],"inLanguage":"ca"},{"@type":"Organization","@id":"https:\/\/www.noubarris.net\/web40\/#organization","name":"NouBarris.Net","url":"https:\/\/www.noubarris.net\/web40\/","logo":{"@type":"ImageObject","inLanguage":"ca","@id":"https:\/\/www.noubarris.net\/web40\/#\/schema\/logo\/image\/","url":"https:\/\/www.noubarris.net\/web40\/wp-content\/uploads\/2024\/11\/cropped-cropped-LOGO_9BTV-2024_Insta-1.jpg","contentUrl":"https:\/\/www.noubarris.net\/web40\/wp-content\/uploads\/2024\/11\/cropped-cropped-LOGO_9BTV-2024_Insta-1.jpg","width":512,"height":512,"caption":"NouBarris.Net"},"image":{"@id":"https:\/\/www.noubarris.net\/web40\/#\/schema\/logo\/image\/"},"sameAs":["https:\/\/www.facebook.com\/NouBarris.net\/?locale=es_ES","https:\/\/x.com\/9BTV"]},{"@type":"Person","@id":"https:\/\/www.noubarris.net\/web40\/#\/schema\/person\/1827f92aaa316c54abbf4dac0de76069","name":"Informatius","image":{"@type":"ImageObject","inLanguage":"ca","@id":"https:\/\/www.noubarris.net\/web40\/#\/schema\/person\/image\/","url":"https:\/\/secure.gravatar.com\/avatar\/87a3b47928835fc72c6ee5b0e1a7263ef0c2d05003a98189bc14926c5f11bcdb?s=96&d=mm&r=g","contentUrl":"https:\/\/secure.gravatar.com\/avatar\/87a3b47928835fc72c6ee5b0e1a7263ef0c2d05003a98189bc14926c5f11bcdb?s=96&d=mm&r=g","caption":"Informatius"},"url":"https:\/\/www.noubarris.net\/web40\/author\/tele\/"}]}},"_links":{"self":[{"href":"https:\/\/www.noubarris.net\/web40\/wp-json\/wp\/v2\/posts\/78117","targetHints":{"allow":["GET"]}}],"collection":[{"href":"https:\/\/www.noubarris.net\/web40\/wp-json\/wp\/v2\/posts"}],"about":[{"href":"https:\/\/www.noubarris.net\/web40\/wp-json\/wp\/v2\/types\/post"}],"author":[{"embeddable":true,"href":"https:\/\/www.noubarris.net\/web40\/wp-json\/wp\/v2\/users\/2"}],"replies":[{"embeddable":true,"href":"https:\/\/www.noubarris.net\/web40\/wp-json\/wp\/v2\/comments?post=78117"}],"version-history":[{"count":4,"href":"https:\/\/www.noubarris.net\/web40\/wp-json\/wp\/v2\/posts\/78117\/revisions"}],"predecessor-version":[{"id":78122,"href":"https:\/\/www.noubarris.net\/web40\/wp-json\/wp\/v2\/posts\/78117\/revisions\/78122"}],"wp:featuredmedia":[{"embeddable":true,"href":"https:\/\/www.noubarris.net\/web40\/wp-json\/wp\/v2\/media\/78119"}],"wp:attachment":[{"href":"https:\/\/www.noubarris.net\/web40\/wp-json\/wp\/v2\/media?parent=78117"}],"wp:term":[{"taxonomy":"category","embeddable":true,"href":"https:\/\/www.noubarris.net\/web40\/wp-json\/wp\/v2\/categories?post=78117"},{"taxonomy":"post_tag","embeddable":true,"href":"https:\/\/www.noubarris.net\/web40\/wp-json\/wp\/v2\/tags?post=78117"}],"curies":[{"name":"wp","href":"https:\/\/api.w.org\/{rel}","templated":true}]}}