{"id":78135,"date":"2021-11-15T00:00:14","date_gmt":"2021-11-14T22:00:14","guid":{"rendered":"http:\/\/www.noubarris.net\/web40\/?p=78135"},"modified":"2021-11-14T13:15:52","modified_gmt":"2021-11-14T11:15:52","slug":"surt-a-licitacio-la-rehabilitacio-de-can-valent","status":"publish","type":"post","link":"https:\/\/www.noubarris.net\/web40\/surt-a-licitacio-la-rehabilitacio-de-can-valent\/","title":{"rendered":"Surt a licitaci\u00f3 la rehabilitaci\u00f3 de Can Valent"},"content":{"rendered":"<p><strong>Les obres, que arrosseguen cert retard, s&#8217;han pressupostat en prop d&#8217;un mili\u00f3 d&#8217;euros<\/strong><\/p>\n<p>Finalment, despr\u00e9s de molts i molts anys de reivindicacions ve\u00efnals, la rehabilitaci\u00f3 de la masia de Can Valent \u00e9s m\u00e9s a prop. Fa uns dies va sortir a concurs la licitaci\u00f3 de les obres, pressupostades en prop de 900.000 euros, sense IVA per tornar la vida a aquesta <a href=\"https:\/\/www.youtube.com\/watch?v=Gq31XgMsFi0\" target=\"_blank\" rel=\"noopener\">masia del segle XVI-XVII<\/a>. Amb aquesta inversi\u00f3 s&#8217;ha de consolidar l&#8217;estructura, molt malmesa despr\u00e9s de prop de 40 anys d&#8217;aband\u00f3 i d&#8217;haver patit m\u00e9s d&#8217;un incendi. Les actuacions preveuen sanejar el parament (t\u00e0pia, pedra i els elements cer\u00e0mics), pintar a la cal\u00e7 o arrebossar parets, consolidar i restaurar les zones malmeses i les esquerdes, reconstruir els trams malmesos segons els existents,\u00a0 i restaurar el rellotge de sol de la fa\u00e7ana, on tamb\u00e9 es reincorporar\u00e0 la barra i es refar\u00e0 el marcatge de les l\u00ednies hor\u00e0ries. El disseny preveu que dins de l&#8217;edifici s&#8217;hi plantin un parell d&#8217;arbres.\u00a0 Tot aix\u00f2 a banda de tots els elements referents als serveis i la seguretat, a m\u00e9s de la instal\u00b7laci\u00f3 d&#8217;un ascensor.<\/p>\n<p>\u00a0<\/p>\n<p>\u00a0<\/p>\n\n\n<figure class=\"wp-block-image size-full\"><img loading=\"lazy\" decoding=\"async\" width=\"768\" height=\"432\" src=\"https:\/\/www.noubarris.net\/web40\/wp-content\/uploads\/2021\/11\/151121c.jpg\" alt=\"\" class=\"wp-image-78140\" srcset=\"https:\/\/www.noubarris.net\/web40\/wp-content\/uploads\/2021\/11\/151121c.jpg 768w, https:\/\/www.noubarris.net\/web40\/wp-content\/uploads\/2021\/11\/151121c-300x169.jpg 300w, https:\/\/www.noubarris.net\/web40\/wp-content\/uploads\/2021\/11\/151121c-600x338.jpg 600w, https:\/\/www.noubarris.net\/web40\/wp-content\/uploads\/2021\/11\/151121c-150x84.jpg 150w\" sizes=\"auto, (max-width: 768px) 100vw, 768px\" \/><\/figure>\n\n\n\n<p>El projecte \u00e9s un dels punts inclosos dins l&#8217;acord pressupostari de 2021 entre el govern municipal de BeC i PSC amb ERC. En aquell moment es va pactar que les obres comencessin abans de finals d&#8217;any per\u00f2 el projecte ha patit alguns endarreriments que des de la regidoria de Nou Barris es justifiquen amb &#8220;la necessitat d&#8217;actualitzar el pressupost&#8221; necessari per a la rehabilitaci\u00f3 del casalot. Aquesta actualitzaci\u00f3 ha suposat un increment &#8220;lleu&#8221; per\u00f2 ha obligat a ajornar les obres fins d&#8217;aqu\u00ed a uns mesos, ja al 2022.<\/p>\n<p>Ja hi ha hagut diversos intents d&#8217;actuar a la masia, per\u00f2 fins ara tots havien quedat en res. Fa dos anys, l\u2019Ajuntament ja va avaluar en un estudi el cost de la rehablilitaci\u00f3 de Can Valent en uns 700.000 euros, per\u00f2 no hi va haver pressupost. En els darrers vint anys tamb\u00e9 s&#8217;ha posat sobre la taula la recuperaci\u00f3 de l&#8217;edifici, patrimoni del passat rural del districte, per\u00f2 sempre van sorgir problemes, com la q\u00fcesti\u00f3 dels usos que podria tenir un cop reparada. El fet de tenir tan a prop el Cementiri de Sant Andreu limitava molt els usos que podia tenir. De fet van ser diverses les opcions que s&#8217;han apuntat en tots aquests anys, des d&#8217;un tanatori a una escola de jardineria. Ara s&#8217;ha posat en marxa un proc\u00e9s participatiu per definir quin ha de ser, definitivament, l&#8217;\u00fas de la masia de Can Valent. Un proc\u00e9s que s&#8217;espera que es pugui resoldre en els propers mesos.<\/p>\n<p>\u00a0<\/p>\n<p><strong>M\u00e9s de 500 anys d&#8217;hist\u00f2ria<\/strong><\/p>\n\n\n\n<figure class=\"wp-block-embed is-type-video is-provider-youtube wp-block-embed-youtube wp-embed-aspect-16-9 wp-has-aspect-ratio\"><div class=\"wp-block-embed__wrapper\">\n<iframe loading=\"lazy\" title=\"Can Valent\" width=\"800\" height=\"450\" src=\"https:\/\/www.youtube.com\/embed\/Gq31XgMsFi0?feature=oembed\" frameborder=\"0\" allow=\"accelerometer; autoplay; clipboard-write; encrypted-media; gyroscope; picture-in-picture\" allowfullscreen><\/iframe>\n<\/div><\/figure>\n\n\n\n<p>La masia de Can Valent, tamb\u00e9 coneguda com Can Pere Valent, es va construir al voltant dels segles XVI i XVII. Srgons alguns estudis, els constructors van aprofitar una torre de defensa medieval que hi havia a l\u2019indret, que devia ser dels segles XI o XII. A partir d\u2019aquesta torre es va comen\u00e7ar a bastir la masia, que molt probablement ha arribat als nostres dies amb alguna remodelaci\u00f3. El darrer propietari de la masia va ser el jardiner Sebasti\u00e0 Padr\u00f3s, que a mitjan anys 60 conreava plantes ornamentals i es dedicava a l\u2019horta. En morir, la seva v\u00eddua va vendre la casa a la constructora Sala Amat. Aquesta empresa va intentar enderrocar la masia, per\u00f2 l\u2019Ajuntament els ho va prohibir i va fer que en reconstru\u00efssin els murs malmesos. L\u2019empresa va complir l\u2019ordre, per\u00f2 no va respectar la tipologia de l\u2019edifici i hi va emprar ma\u00f3 modern. Entre els anys 1970 i 1980 la constructora va utilitzar la masia com a magatzem, fins que l\u2019Ajuntament no la va expropiar, l\u2019any 1985.<\/p>\n","protected":false},"excerpt":{"rendered":"<p>Les obres, que arrosseguen cert retard, s&#8217;han pressupostat en prop d&#8217;un mili\u00f3 d&#8217;euros Finalment, despr\u00e9s de molts i molts anys<\/p>\n","protected":false},"author":2,"featured_media":78138,"comment_status":"closed","ping_status":"closed","sticky":false,"template":"","format":"standard","meta":{"colormag_page_layout":"default_layout","_monsterinsights_skip_tracking":false,"_monsterinsights_sitenote_active":false,"_monsterinsights_sitenote_note":"","_monsterinsights_sitenote_category":0,"footnotes":""},"categories":[134,302],"tags":[227,456,235,315],"class_list":["post-78135","post","type-post","status-publish","format-standard","has-post-thumbnail","hentry","category-porta","category-urbanisme","tag-can-valent","tag-masies","tag-patrimoni","tag-rehabilitacio"],"yoast_head":"<!-- This site is optimized with the Yoast SEO plugin v25.3 - https:\/\/yoast.com\/wordpress\/plugins\/seo\/ -->\n<title>Surt a licitaci\u00f3 la rehabilitaci\u00f3 de Can Valent - NouBarris.Net<\/title>\n<meta name=\"robots\" content=\"index, follow, max-snippet:-1, max-image-preview:large, max-video-preview:-1\" \/>\n<link rel=\"canonical\" href=\"https:\/\/www.noubarris.net\/web40\/surt-a-licitacio-la-rehabilitacio-de-can-valent\/\" \/>\n<meta property=\"og:locale\" content=\"ca_ES\" \/>\n<meta property=\"og:type\" content=\"article\" \/>\n<meta property=\"og:title\" content=\"Surt a licitaci\u00f3 la rehabilitaci\u00f3 de Can Valent - NouBarris.Net\" \/>\n<meta property=\"og:description\" content=\"Les obres, que arrosseguen cert retard, s&#8217;han pressupostat en prop d&#8217;un mili\u00f3 d&#8217;euros Finalment, despr\u00e9s de molts i molts anys\" \/>\n<meta property=\"og:url\" content=\"https:\/\/www.noubarris.net\/web40\/surt-a-licitacio-la-rehabilitacio-de-can-valent\/\" \/>\n<meta property=\"og:site_name\" content=\"NouBarris.Net\" \/>\n<meta property=\"article:publisher\" content=\"https:\/\/www.facebook.com\/NouBarris.net\/?locale=es_ES\" \/>\n<meta property=\"article:published_time\" content=\"2021-11-14T22:00:14+00:00\" \/>\n<meta property=\"og:image\" content=\"https:\/\/www.noubarris.net\/web40\/wp-content\/uploads\/2021\/11\/151121b.jpg\" \/>\n\t<meta property=\"og:image:width\" content=\"768\" \/>\n\t<meta property=\"og:image:height\" content=\"432\" \/>\n\t<meta property=\"og:image:type\" content=\"image\/jpeg\" \/>\n<meta name=\"author\" content=\"Informatius\" \/>\n<meta name=\"twitter:card\" content=\"summary_large_image\" \/>\n<meta name=\"twitter:creator\" content=\"@9BTV\" \/>\n<meta name=\"twitter:site\" content=\"@9BTV\" \/>\n<meta name=\"twitter:label1\" content=\"Escrit per\" \/>\n\t<meta name=\"twitter:data1\" content=\"Informatius\" \/>\n\t<meta name=\"twitter:label2\" content=\"Temps estimat de lectura\" \/>\n\t<meta name=\"twitter:data2\" content=\"3 minuts\" \/>\n<script type=\"application\/ld+json\" class=\"yoast-schema-graph\">{\"@context\":\"https:\/\/schema.org\",\"@graph\":[{\"@type\":\"Article\",\"@id\":\"https:\/\/www.noubarris.net\/web40\/surt-a-licitacio-la-rehabilitacio-de-can-valent\/#article\",\"isPartOf\":{\"@id\":\"https:\/\/www.noubarris.net\/web40\/surt-a-licitacio-la-rehabilitacio-de-can-valent\/\"},\"author\":{\"name\":\"Informatius\",\"@id\":\"https:\/\/www.noubarris.net\/web40\/#\/schema\/person\/1827f92aaa316c54abbf4dac0de76069\"},\"headline\":\"Surt a licitaci\u00f3 la rehabilitaci\u00f3 de Can Valent\",\"datePublished\":\"2021-11-14T22:00:14+00:00\",\"mainEntityOfPage\":{\"@id\":\"https:\/\/www.noubarris.net\/web40\/surt-a-licitacio-la-rehabilitacio-de-can-valent\/\"},\"wordCount\":663,\"publisher\":{\"@id\":\"https:\/\/www.noubarris.net\/web40\/#organization\"},\"image\":{\"@id\":\"https:\/\/www.noubarris.net\/web40\/surt-a-licitacio-la-rehabilitacio-de-can-valent\/#primaryimage\"},\"thumbnailUrl\":\"https:\/\/www.noubarris.net\/web40\/wp-content\/uploads\/2021\/11\/151121b.jpg\",\"keywords\":[\"Can Valent\",\"masies\",\"patrimoni\",\"Rehabilitaci\u00f3\"],\"articleSection\":[\"Porta\",\"Urbanisme\"],\"inLanguage\":\"ca\"},{\"@type\":\"WebPage\",\"@id\":\"https:\/\/www.noubarris.net\/web40\/surt-a-licitacio-la-rehabilitacio-de-can-valent\/\",\"url\":\"https:\/\/www.noubarris.net\/web40\/surt-a-licitacio-la-rehabilitacio-de-can-valent\/\",\"name\":\"Surt a licitaci\u00f3 la rehabilitaci\u00f3 de Can Valent - NouBarris.Net\",\"isPartOf\":{\"@id\":\"https:\/\/www.noubarris.net\/web40\/#website\"},\"primaryImageOfPage\":{\"@id\":\"https:\/\/www.noubarris.net\/web40\/surt-a-licitacio-la-rehabilitacio-de-can-valent\/#primaryimage\"},\"image\":{\"@id\":\"https:\/\/www.noubarris.net\/web40\/surt-a-licitacio-la-rehabilitacio-de-can-valent\/#primaryimage\"},\"thumbnailUrl\":\"https:\/\/www.noubarris.net\/web40\/wp-content\/uploads\/2021\/11\/151121b.jpg\",\"datePublished\":\"2021-11-14T22:00:14+00:00\",\"breadcrumb\":{\"@id\":\"https:\/\/www.noubarris.net\/web40\/surt-a-licitacio-la-rehabilitacio-de-can-valent\/#breadcrumb\"},\"inLanguage\":\"ca\",\"potentialAction\":[{\"@type\":\"ReadAction\",\"target\":[\"https:\/\/www.noubarris.net\/web40\/surt-a-licitacio-la-rehabilitacio-de-can-valent\/\"]}]},{\"@type\":\"ImageObject\",\"inLanguage\":\"ca\",\"@id\":\"https:\/\/www.noubarris.net\/web40\/surt-a-licitacio-la-rehabilitacio-de-can-valent\/#primaryimage\",\"url\":\"https:\/\/www.noubarris.net\/web40\/wp-content\/uploads\/2021\/11\/151121b.jpg\",\"contentUrl\":\"https:\/\/www.noubarris.net\/web40\/wp-content\/uploads\/2021\/11\/151121b.jpg\",\"width\":768,\"height\":432},{\"@type\":\"BreadcrumbList\",\"@id\":\"https:\/\/www.noubarris.net\/web40\/surt-a-licitacio-la-rehabilitacio-de-can-valent\/#breadcrumb\",\"itemListElement\":[{\"@type\":\"ListItem\",\"position\":1,\"name\":\"Inici\",\"item\":\"https:\/\/www.noubarris.net\/web40\/\"},{\"@type\":\"ListItem\",\"position\":2,\"name\":\"Surt a licitaci\u00f3 la rehabilitaci\u00f3 de Can Valent\"}]},{\"@type\":\"WebSite\",\"@id\":\"https:\/\/www.noubarris.net\/web40\/#website\",\"url\":\"https:\/\/www.noubarris.net\/web40\/\",\"name\":\"NouBarris.Net\",\"description\":\"Seguint la vida de Nou Barris des de 1985\",\"publisher\":{\"@id\":\"https:\/\/www.noubarris.net\/web40\/#organization\"},\"potentialAction\":[{\"@type\":\"SearchAction\",\"target\":{\"@type\":\"EntryPoint\",\"urlTemplate\":\"https:\/\/www.noubarris.net\/web40\/?s={search_term_string}\"},\"query-input\":{\"@type\":\"PropertyValueSpecification\",\"valueRequired\":true,\"valueName\":\"search_term_string\"}}],\"inLanguage\":\"ca\"},{\"@type\":\"Organization\",\"@id\":\"https:\/\/www.noubarris.net\/web40\/#organization\",\"name\":\"NouBarris.Net\",\"url\":\"https:\/\/www.noubarris.net\/web40\/\",\"logo\":{\"@type\":\"ImageObject\",\"inLanguage\":\"ca\",\"@id\":\"https:\/\/www.noubarris.net\/web40\/#\/schema\/logo\/image\/\",\"url\":\"https:\/\/www.noubarris.net\/web40\/wp-content\/uploads\/2024\/11\/cropped-cropped-LOGO_9BTV-2024_Insta-1.jpg\",\"contentUrl\":\"https:\/\/www.noubarris.net\/web40\/wp-content\/uploads\/2024\/11\/cropped-cropped-LOGO_9BTV-2024_Insta-1.jpg\",\"width\":512,\"height\":512,\"caption\":\"NouBarris.Net\"},\"image\":{\"@id\":\"https:\/\/www.noubarris.net\/web40\/#\/schema\/logo\/image\/\"},\"sameAs\":[\"https:\/\/www.facebook.com\/NouBarris.net\/?locale=es_ES\",\"https:\/\/x.com\/9BTV\"]},{\"@type\":\"Person\",\"@id\":\"https:\/\/www.noubarris.net\/web40\/#\/schema\/person\/1827f92aaa316c54abbf4dac0de76069\",\"name\":\"Informatius\",\"image\":{\"@type\":\"ImageObject\",\"inLanguage\":\"ca\",\"@id\":\"https:\/\/www.noubarris.net\/web40\/#\/schema\/person\/image\/\",\"url\":\"https:\/\/secure.gravatar.com\/avatar\/87a3b47928835fc72c6ee5b0e1a7263ef0c2d05003a98189bc14926c5f11bcdb?s=96&d=mm&r=g\",\"contentUrl\":\"https:\/\/secure.gravatar.com\/avatar\/87a3b47928835fc72c6ee5b0e1a7263ef0c2d05003a98189bc14926c5f11bcdb?s=96&d=mm&r=g\",\"caption\":\"Informatius\"},\"url\":\"https:\/\/www.noubarris.net\/web40\/author\/tele\/\"}]}<\/script>\n<!-- \/ Yoast SEO plugin. -->","yoast_head_json":{"title":"Surt a licitaci\u00f3 la rehabilitaci\u00f3 de Can Valent - NouBarris.Net","robots":{"index":"index","follow":"follow","max-snippet":"max-snippet:-1","max-image-preview":"max-image-preview:large","max-video-preview":"max-video-preview:-1"},"canonical":"https:\/\/www.noubarris.net\/web40\/surt-a-licitacio-la-rehabilitacio-de-can-valent\/","og_locale":"ca_ES","og_type":"article","og_title":"Surt a licitaci\u00f3 la rehabilitaci\u00f3 de Can Valent - NouBarris.Net","og_description":"Les obres, que arrosseguen cert retard, s&#8217;han pressupostat en prop d&#8217;un mili\u00f3 d&#8217;euros Finalment, despr\u00e9s de molts i molts anys","og_url":"https:\/\/www.noubarris.net\/web40\/surt-a-licitacio-la-rehabilitacio-de-can-valent\/","og_site_name":"NouBarris.Net","article_publisher":"https:\/\/www.facebook.com\/NouBarris.net\/?locale=es_ES","article_published_time":"2021-11-14T22:00:14+00:00","og_image":[{"width":768,"height":432,"url":"https:\/\/www.noubarris.net\/web40\/wp-content\/uploads\/2021\/11\/151121b.jpg","type":"image\/jpeg"}],"author":"Informatius","twitter_card":"summary_large_image","twitter_creator":"@9BTV","twitter_site":"@9BTV","twitter_misc":{"Escrit per":"Informatius","Temps estimat de lectura":"3 minuts"},"schema":{"@context":"https:\/\/schema.org","@graph":[{"@type":"Article","@id":"https:\/\/www.noubarris.net\/web40\/surt-a-licitacio-la-rehabilitacio-de-can-valent\/#article","isPartOf":{"@id":"https:\/\/www.noubarris.net\/web40\/surt-a-licitacio-la-rehabilitacio-de-can-valent\/"},"author":{"name":"Informatius","@id":"https:\/\/www.noubarris.net\/web40\/#\/schema\/person\/1827f92aaa316c54abbf4dac0de76069"},"headline":"Surt a licitaci\u00f3 la rehabilitaci\u00f3 de Can Valent","datePublished":"2021-11-14T22:00:14+00:00","mainEntityOfPage":{"@id":"https:\/\/www.noubarris.net\/web40\/surt-a-licitacio-la-rehabilitacio-de-can-valent\/"},"wordCount":663,"publisher":{"@id":"https:\/\/www.noubarris.net\/web40\/#organization"},"image":{"@id":"https:\/\/www.noubarris.net\/web40\/surt-a-licitacio-la-rehabilitacio-de-can-valent\/#primaryimage"},"thumbnailUrl":"https:\/\/www.noubarris.net\/web40\/wp-content\/uploads\/2021\/11\/151121b.jpg","keywords":["Can Valent","masies","patrimoni","Rehabilitaci\u00f3"],"articleSection":["Porta","Urbanisme"],"inLanguage":"ca"},{"@type":"WebPage","@id":"https:\/\/www.noubarris.net\/web40\/surt-a-licitacio-la-rehabilitacio-de-can-valent\/","url":"https:\/\/www.noubarris.net\/web40\/surt-a-licitacio-la-rehabilitacio-de-can-valent\/","name":"Surt a licitaci\u00f3 la rehabilitaci\u00f3 de Can Valent - NouBarris.Net","isPartOf":{"@id":"https:\/\/www.noubarris.net\/web40\/#website"},"primaryImageOfPage":{"@id":"https:\/\/www.noubarris.net\/web40\/surt-a-licitacio-la-rehabilitacio-de-can-valent\/#primaryimage"},"image":{"@id":"https:\/\/www.noubarris.net\/web40\/surt-a-licitacio-la-rehabilitacio-de-can-valent\/#primaryimage"},"thumbnailUrl":"https:\/\/www.noubarris.net\/web40\/wp-content\/uploads\/2021\/11\/151121b.jpg","datePublished":"2021-11-14T22:00:14+00:00","breadcrumb":{"@id":"https:\/\/www.noubarris.net\/web40\/surt-a-licitacio-la-rehabilitacio-de-can-valent\/#breadcrumb"},"inLanguage":"ca","potentialAction":[{"@type":"ReadAction","target":["https:\/\/www.noubarris.net\/web40\/surt-a-licitacio-la-rehabilitacio-de-can-valent\/"]}]},{"@type":"ImageObject","inLanguage":"ca","@id":"https:\/\/www.noubarris.net\/web40\/surt-a-licitacio-la-rehabilitacio-de-can-valent\/#primaryimage","url":"https:\/\/www.noubarris.net\/web40\/wp-content\/uploads\/2021\/11\/151121b.jpg","contentUrl":"https:\/\/www.noubarris.net\/web40\/wp-content\/uploads\/2021\/11\/151121b.jpg","width":768,"height":432},{"@type":"BreadcrumbList","@id":"https:\/\/www.noubarris.net\/web40\/surt-a-licitacio-la-rehabilitacio-de-can-valent\/#breadcrumb","itemListElement":[{"@type":"ListItem","position":1,"name":"Inici","item":"https:\/\/www.noubarris.net\/web40\/"},{"@type":"ListItem","position":2,"name":"Surt a licitaci\u00f3 la rehabilitaci\u00f3 de Can Valent"}]},{"@type":"WebSite","@id":"https:\/\/www.noubarris.net\/web40\/#website","url":"https:\/\/www.noubarris.net\/web40\/","name":"NouBarris.Net","description":"Seguint la vida de Nou Barris des de 1985","publisher":{"@id":"https:\/\/www.noubarris.net\/web40\/#organization"},"potentialAction":[{"@type":"SearchAction","target":{"@type":"EntryPoint","urlTemplate":"https:\/\/www.noubarris.net\/web40\/?s={search_term_string}"},"query-input":{"@type":"PropertyValueSpecification","valueRequired":true,"valueName":"search_term_string"}}],"inLanguage":"ca"},{"@type":"Organization","@id":"https:\/\/www.noubarris.net\/web40\/#organization","name":"NouBarris.Net","url":"https:\/\/www.noubarris.net\/web40\/","logo":{"@type":"ImageObject","inLanguage":"ca","@id":"https:\/\/www.noubarris.net\/web40\/#\/schema\/logo\/image\/","url":"https:\/\/www.noubarris.net\/web40\/wp-content\/uploads\/2024\/11\/cropped-cropped-LOGO_9BTV-2024_Insta-1.jpg","contentUrl":"https:\/\/www.noubarris.net\/web40\/wp-content\/uploads\/2024\/11\/cropped-cropped-LOGO_9BTV-2024_Insta-1.jpg","width":512,"height":512,"caption":"NouBarris.Net"},"image":{"@id":"https:\/\/www.noubarris.net\/web40\/#\/schema\/logo\/image\/"},"sameAs":["https:\/\/www.facebook.com\/NouBarris.net\/?locale=es_ES","https:\/\/x.com\/9BTV"]},{"@type":"Person","@id":"https:\/\/www.noubarris.net\/web40\/#\/schema\/person\/1827f92aaa316c54abbf4dac0de76069","name":"Informatius","image":{"@type":"ImageObject","inLanguage":"ca","@id":"https:\/\/www.noubarris.net\/web40\/#\/schema\/person\/image\/","url":"https:\/\/secure.gravatar.com\/avatar\/87a3b47928835fc72c6ee5b0e1a7263ef0c2d05003a98189bc14926c5f11bcdb?s=96&d=mm&r=g","contentUrl":"https:\/\/secure.gravatar.com\/avatar\/87a3b47928835fc72c6ee5b0e1a7263ef0c2d05003a98189bc14926c5f11bcdb?s=96&d=mm&r=g","caption":"Informatius"},"url":"https:\/\/www.noubarris.net\/web40\/author\/tele\/"}]}},"_links":{"self":[{"href":"https:\/\/www.noubarris.net\/web40\/wp-json\/wp\/v2\/posts\/78135","targetHints":{"allow":["GET"]}}],"collection":[{"href":"https:\/\/www.noubarris.net\/web40\/wp-json\/wp\/v2\/posts"}],"about":[{"href":"https:\/\/www.noubarris.net\/web40\/wp-json\/wp\/v2\/types\/post"}],"author":[{"embeddable":true,"href":"https:\/\/www.noubarris.net\/web40\/wp-json\/wp\/v2\/users\/2"}],"replies":[{"embeddable":true,"href":"https:\/\/www.noubarris.net\/web40\/wp-json\/wp\/v2\/comments?post=78135"}],"version-history":[{"count":4,"href":"https:\/\/www.noubarris.net\/web40\/wp-json\/wp\/v2\/posts\/78135\/revisions"}],"predecessor-version":[{"id":78142,"href":"https:\/\/www.noubarris.net\/web40\/wp-json\/wp\/v2\/posts\/78135\/revisions\/78142"}],"wp:featuredmedia":[{"embeddable":true,"href":"https:\/\/www.noubarris.net\/web40\/wp-json\/wp\/v2\/media\/78138"}],"wp:attachment":[{"href":"https:\/\/www.noubarris.net\/web40\/wp-json\/wp\/v2\/media?parent=78135"}],"wp:term":[{"taxonomy":"category","embeddable":true,"href":"https:\/\/www.noubarris.net\/web40\/wp-json\/wp\/v2\/categories?post=78135"},{"taxonomy":"post_tag","embeddable":true,"href":"https:\/\/www.noubarris.net\/web40\/wp-json\/wp\/v2\/tags?post=78135"}],"curies":[{"name":"wp","href":"https:\/\/api.w.org\/{rel}","templated":true}]}}