{"id":78143,"date":"2021-11-16T00:00:40","date_gmt":"2021-11-15T22:00:40","guid":{"rendered":"http:\/\/www.noubarris.net\/web40\/?p=78143"},"modified":"2021-11-14T13:41:09","modified_gmt":"2021-11-14T11:41:09","slug":"el-centre-cruilla-es-manifesta-per-la-gratuitat-de-la-formacio-a-la-seva-escola-de-cuina","status":"publish","type":"post","link":"https:\/\/www.noubarris.net\/web40\/el-centre-cruilla-es-manifesta-per-la-gratuitat-de-la-formacio-a-la-seva-escola-de-cuina\/","title":{"rendered":"El Centre Cru\u00eflla es manifesta per la gratu\u00eftat de la formaci\u00f3 a la seva escola de cuina"},"content":{"rendered":"<p><strong>Volen una soluci\u00f3 per a un error administratiu de l&#8217;entitat que ha deixat sense subvenci\u00f3 el projecte\u00a0<\/strong><\/p>\n<p>El Centre Cru\u00eflla ha fet una crida a concentrar-se avui davant el Consorci d&#8217;Educaci\u00f3 per reclamar una soluci\u00f3\u00a0 a un error administratiu que els deixa enguany sense una subvenci\u00f3 ben necess\u00e0ria per als seus cursos d&#8217;inserci\u00f3 laboral de cuina.\u00a0 Amb l&#8217;esclat de la pand\u00e8mia i el confinament, el Centre Cru\u00eflla va decidir fer un pas m\u00e9s endavant i aconseguir el reconeixement de centre de Formaci\u00f3 Professional per als seus cursos PFI de cuina al <a href=\"https:\/\/www.noubarris.net\/web40\/?p=73182\" target=\"_blank\" rel=\"noopener\">restaurant escola Cru\u00eflla al Punt,<\/a>situat a la pla\u00e7a dels Eucaliptus, de Torre Bar\u00f3. Van iniciar els tr\u00e0mits amb la idea de poder optar a una subvenci\u00f3 que evit\u00e9s els alumnes afrontar unes despeses que poden fer enrere alguns dels candidats. El problema, per\u00f2, \u00e9s que en paral\u00b7lel els gestors del PES Cru\u00eflla &#8211; Salesians Sant Jordi\u00a0 va iniciar un proc\u00e9s per canviar el nom de l&#8217;entitat. Una q\u00fcesti\u00f3 que no van tenir en compte a l&#8217;hora d&#8217;inciar el proc\u00e9s amb el Consorci d&#8217;Educaci\u00f3 i que ara els suposa que l&#8217;aprovaci\u00f3 del reconeixement de la formaci\u00f3 professional du el nom i el NIF anterior, no l&#8217;actualitzat.\u00a0 A termes pr\u00e0ctics, aquest error de previsi\u00f3 en fer la burocr\u00e0cia es tradueix en qu\u00e8 ara per ara ja no tenen el reconeixement de FP i tampoc poden optar a la subvenci\u00f3 que, a m\u00e9s de reduir les c\u00e0rregues econ\u00f2miques dels estudiants, tamb\u00e9 ho faria a l&#8217;entitat, que actualment cobreix part de les despeses. Amb la subvenci\u00f3, afirmen, tindrien m\u00e9s recursos per millorar els cursos.<\/p>\n<p>Des de Cru\u00eflla s&#8217;ha intentat buscar una soluci\u00f3 que els eviti tornar a reiniciar el proc\u00e9s. Fins ara no s&#8217;ha aconseguit i per aix\u00f2 han convocat a tota la seva fam\u00edlia i col\u00b7laboradors a concentrar-se primer a la pla\u00e7a dels Eucaliptus, davant el restaurant escola Cru\u00eflla al Punt, a les 10h del mat\u00ed i despr\u00e9s, a les 12h\u00a0 a la pla\u00e7a d&#8217;Urquinaona, davant el Consorci d&#8217;Educaci\u00f3. All\u00e0 tenen previst llegir un manifest i repartir galetes amb l&#8217;explicaci\u00f3 de la sitauci\u00f3 i les seves reivindicacions.<\/p>\n","protected":false},"excerpt":{"rendered":"<p>Volen una soluci\u00f3 per a un error administratiu de l&#8217;entitat que ha deixat sense subvenci\u00f3 el projecte\u00a0 El Centre Cru\u00eflla<\/p>\n","protected":false},"author":2,"featured_media":78144,"comment_status":"closed","ping_status":"closed","sticky":false,"template":"","format":"standard","meta":{"colormag_page_layout":"default_layout","_monsterinsights_skip_tracking":false,"_monsterinsights_sitenote_active":false,"_monsterinsights_sitenote_note":"","_monsterinsights_sitenote_category":0,"footnotes":""},"categories":[124,137],"tags":[490,255],"class_list":["post-78143","post","type-post","status-publish","format-standard","has-post-thumbnail","hentry","category-societat","category-torre-baro","tag-centre-cruilla","tag-educacio"],"yoast_head":"<!-- This site is optimized with the Yoast SEO plugin v25.3 - https:\/\/yoast.com\/wordpress\/plugins\/seo\/ -->\n<title>El Centre Cru\u00eflla es manifesta per la gratu\u00eftat de la formaci\u00f3 a la seva escola de cuina - NouBarris.Net<\/title>\n<meta name=\"robots\" content=\"index, follow, max-snippet:-1, max-image-preview:large, max-video-preview:-1\" \/>\n<link rel=\"canonical\" href=\"https:\/\/www.noubarris.net\/web40\/el-centre-cruilla-es-manifesta-per-la-gratuitat-de-la-formacio-a-la-seva-escola-de-cuina\/\" \/>\n<meta property=\"og:locale\" content=\"ca_ES\" \/>\n<meta property=\"og:type\" content=\"article\" \/>\n<meta property=\"og:title\" content=\"El Centre Cru\u00eflla es manifesta per la gratu\u00eftat de la formaci\u00f3 a la seva escola de cuina - NouBarris.Net\" \/>\n<meta property=\"og:description\" content=\"Volen una soluci\u00f3 per a un error administratiu de l&#8217;entitat que ha deixat sense subvenci\u00f3 el projecte\u00a0 El Centre Cru\u00eflla\" \/>\n<meta property=\"og:url\" content=\"https:\/\/www.noubarris.net\/web40\/el-centre-cruilla-es-manifesta-per-la-gratuitat-de-la-formacio-a-la-seva-escola-de-cuina\/\" \/>\n<meta property=\"og:site_name\" content=\"NouBarris.Net\" \/>\n<meta property=\"article:publisher\" content=\"https:\/\/www.facebook.com\/NouBarris.net\/?locale=es_ES\" \/>\n<meta property=\"article:published_time\" content=\"2021-11-15T22:00:40+00:00\" \/>\n<meta property=\"og:image\" content=\"https:\/\/www.noubarris.net\/web40\/wp-content\/uploads\/2021\/11\/161121.jpg\" \/>\n\t<meta property=\"og:image:width\" content=\"768\" \/>\n\t<meta property=\"og:image:height\" content=\"432\" \/>\n\t<meta property=\"og:image:type\" content=\"image\/jpeg\" \/>\n<meta name=\"author\" content=\"Informatius\" \/>\n<meta name=\"twitter:card\" content=\"summary_large_image\" \/>\n<meta name=\"twitter:creator\" content=\"@9BTV\" \/>\n<meta name=\"twitter:site\" content=\"@9BTV\" \/>\n<meta name=\"twitter:label1\" content=\"Escrit per\" \/>\n\t<meta name=\"twitter:data1\" content=\"Informatius\" \/>\n\t<meta name=\"twitter:label2\" content=\"Temps estimat de lectura\" \/>\n\t<meta name=\"twitter:data2\" content=\"2 minuts\" \/>\n<script type=\"application\/ld+json\" class=\"yoast-schema-graph\">{\"@context\":\"https:\/\/schema.org\",\"@graph\":[{\"@type\":\"Article\",\"@id\":\"https:\/\/www.noubarris.net\/web40\/el-centre-cruilla-es-manifesta-per-la-gratuitat-de-la-formacio-a-la-seva-escola-de-cuina\/#article\",\"isPartOf\":{\"@id\":\"https:\/\/www.noubarris.net\/web40\/el-centre-cruilla-es-manifesta-per-la-gratuitat-de-la-formacio-a-la-seva-escola-de-cuina\/\"},\"author\":{\"name\":\"Informatius\",\"@id\":\"https:\/\/www.noubarris.net\/web40\/#\/schema\/person\/1827f92aaa316c54abbf4dac0de76069\"},\"headline\":\"El Centre Cru\u00eflla es manifesta per la gratu\u00eftat de la formaci\u00f3 a la seva escola de cuina\",\"datePublished\":\"2021-11-15T22:00:40+00:00\",\"mainEntityOfPage\":{\"@id\":\"https:\/\/www.noubarris.net\/web40\/el-centre-cruilla-es-manifesta-per-la-gratuitat-de-la-formacio-a-la-seva-escola-de-cuina\/\"},\"wordCount\":409,\"publisher\":{\"@id\":\"https:\/\/www.noubarris.net\/web40\/#organization\"},\"image\":{\"@id\":\"https:\/\/www.noubarris.net\/web40\/el-centre-cruilla-es-manifesta-per-la-gratuitat-de-la-formacio-a-la-seva-escola-de-cuina\/#primaryimage\"},\"thumbnailUrl\":\"https:\/\/www.noubarris.net\/web40\/wp-content\/uploads\/2021\/11\/161121.jpg\",\"keywords\":[\"Centre Cru\u00eflla\",\"Educaci\u00f3\"],\"articleSection\":[\"Societat\",\"Torre Bar\u00f3\"],\"inLanguage\":\"ca\"},{\"@type\":\"WebPage\",\"@id\":\"https:\/\/www.noubarris.net\/web40\/el-centre-cruilla-es-manifesta-per-la-gratuitat-de-la-formacio-a-la-seva-escola-de-cuina\/\",\"url\":\"https:\/\/www.noubarris.net\/web40\/el-centre-cruilla-es-manifesta-per-la-gratuitat-de-la-formacio-a-la-seva-escola-de-cuina\/\",\"name\":\"El Centre Cru\u00eflla es manifesta per la gratu\u00eftat de la formaci\u00f3 a la seva escola de cuina - NouBarris.Net\",\"isPartOf\":{\"@id\":\"https:\/\/www.noubarris.net\/web40\/#website\"},\"primaryImageOfPage\":{\"@id\":\"https:\/\/www.noubarris.net\/web40\/el-centre-cruilla-es-manifesta-per-la-gratuitat-de-la-formacio-a-la-seva-escola-de-cuina\/#primaryimage\"},\"image\":{\"@id\":\"https:\/\/www.noubarris.net\/web40\/el-centre-cruilla-es-manifesta-per-la-gratuitat-de-la-formacio-a-la-seva-escola-de-cuina\/#primaryimage\"},\"thumbnailUrl\":\"https:\/\/www.noubarris.net\/web40\/wp-content\/uploads\/2021\/11\/161121.jpg\",\"datePublished\":\"2021-11-15T22:00:40+00:00\",\"breadcrumb\":{\"@id\":\"https:\/\/www.noubarris.net\/web40\/el-centre-cruilla-es-manifesta-per-la-gratuitat-de-la-formacio-a-la-seva-escola-de-cuina\/#breadcrumb\"},\"inLanguage\":\"ca\",\"potentialAction\":[{\"@type\":\"ReadAction\",\"target\":[\"https:\/\/www.noubarris.net\/web40\/el-centre-cruilla-es-manifesta-per-la-gratuitat-de-la-formacio-a-la-seva-escola-de-cuina\/\"]}]},{\"@type\":\"ImageObject\",\"inLanguage\":\"ca\",\"@id\":\"https:\/\/www.noubarris.net\/web40\/el-centre-cruilla-es-manifesta-per-la-gratuitat-de-la-formacio-a-la-seva-escola-de-cuina\/#primaryimage\",\"url\":\"https:\/\/www.noubarris.net\/web40\/wp-content\/uploads\/2021\/11\/161121.jpg\",\"contentUrl\":\"https:\/\/www.noubarris.net\/web40\/wp-content\/uploads\/2021\/11\/161121.jpg\",\"width\":768,\"height\":432},{\"@type\":\"BreadcrumbList\",\"@id\":\"https:\/\/www.noubarris.net\/web40\/el-centre-cruilla-es-manifesta-per-la-gratuitat-de-la-formacio-a-la-seva-escola-de-cuina\/#breadcrumb\",\"itemListElement\":[{\"@type\":\"ListItem\",\"position\":1,\"name\":\"Inici\",\"item\":\"https:\/\/www.noubarris.net\/web40\/\"},{\"@type\":\"ListItem\",\"position\":2,\"name\":\"El Centre Cru\u00eflla es manifesta per la gratu\u00eftat de la formaci\u00f3 a la seva escola de cuina\"}]},{\"@type\":\"WebSite\",\"@id\":\"https:\/\/www.noubarris.net\/web40\/#website\",\"url\":\"https:\/\/www.noubarris.net\/web40\/\",\"name\":\"NouBarris.Net\",\"description\":\"Seguint la vida de Nou Barris des de 1985\",\"publisher\":{\"@id\":\"https:\/\/www.noubarris.net\/web40\/#organization\"},\"potentialAction\":[{\"@type\":\"SearchAction\",\"target\":{\"@type\":\"EntryPoint\",\"urlTemplate\":\"https:\/\/www.noubarris.net\/web40\/?s={search_term_string}\"},\"query-input\":{\"@type\":\"PropertyValueSpecification\",\"valueRequired\":true,\"valueName\":\"search_term_string\"}}],\"inLanguage\":\"ca\"},{\"@type\":\"Organization\",\"@id\":\"https:\/\/www.noubarris.net\/web40\/#organization\",\"name\":\"NouBarris.Net\",\"url\":\"https:\/\/www.noubarris.net\/web40\/\",\"logo\":{\"@type\":\"ImageObject\",\"inLanguage\":\"ca\",\"@id\":\"https:\/\/www.noubarris.net\/web40\/#\/schema\/logo\/image\/\",\"url\":\"https:\/\/www.noubarris.net\/web40\/wp-content\/uploads\/2024\/11\/cropped-cropped-LOGO_9BTV-2024_Insta-1.jpg\",\"contentUrl\":\"https:\/\/www.noubarris.net\/web40\/wp-content\/uploads\/2024\/11\/cropped-cropped-LOGO_9BTV-2024_Insta-1.jpg\",\"width\":512,\"height\":512,\"caption\":\"NouBarris.Net\"},\"image\":{\"@id\":\"https:\/\/www.noubarris.net\/web40\/#\/schema\/logo\/image\/\"},\"sameAs\":[\"https:\/\/www.facebook.com\/NouBarris.net\/?locale=es_ES\",\"https:\/\/x.com\/9BTV\"]},{\"@type\":\"Person\",\"@id\":\"https:\/\/www.noubarris.net\/web40\/#\/schema\/person\/1827f92aaa316c54abbf4dac0de76069\",\"name\":\"Informatius\",\"image\":{\"@type\":\"ImageObject\",\"inLanguage\":\"ca\",\"@id\":\"https:\/\/www.noubarris.net\/web40\/#\/schema\/person\/image\/\",\"url\":\"https:\/\/secure.gravatar.com\/avatar\/87a3b47928835fc72c6ee5b0e1a7263ef0c2d05003a98189bc14926c5f11bcdb?s=96&d=mm&r=g\",\"contentUrl\":\"https:\/\/secure.gravatar.com\/avatar\/87a3b47928835fc72c6ee5b0e1a7263ef0c2d05003a98189bc14926c5f11bcdb?s=96&d=mm&r=g\",\"caption\":\"Informatius\"},\"url\":\"https:\/\/www.noubarris.net\/web40\/author\/tele\/\"}]}<\/script>\n<!-- \/ Yoast SEO plugin. -->","yoast_head_json":{"title":"El Centre Cru\u00eflla es manifesta per la gratu\u00eftat de la formaci\u00f3 a la seva escola de cuina - NouBarris.Net","robots":{"index":"index","follow":"follow","max-snippet":"max-snippet:-1","max-image-preview":"max-image-preview:large","max-video-preview":"max-video-preview:-1"},"canonical":"https:\/\/www.noubarris.net\/web40\/el-centre-cruilla-es-manifesta-per-la-gratuitat-de-la-formacio-a-la-seva-escola-de-cuina\/","og_locale":"ca_ES","og_type":"article","og_title":"El Centre Cru\u00eflla es manifesta per la gratu\u00eftat de la formaci\u00f3 a la seva escola de cuina - NouBarris.Net","og_description":"Volen una soluci\u00f3 per a un error administratiu de l&#8217;entitat que ha deixat sense subvenci\u00f3 el projecte\u00a0 El Centre Cru\u00eflla","og_url":"https:\/\/www.noubarris.net\/web40\/el-centre-cruilla-es-manifesta-per-la-gratuitat-de-la-formacio-a-la-seva-escola-de-cuina\/","og_site_name":"NouBarris.Net","article_publisher":"https:\/\/www.facebook.com\/NouBarris.net\/?locale=es_ES","article_published_time":"2021-11-15T22:00:40+00:00","og_image":[{"width":768,"height":432,"url":"https:\/\/www.noubarris.net\/web40\/wp-content\/uploads\/2021\/11\/161121.jpg","type":"image\/jpeg"}],"author":"Informatius","twitter_card":"summary_large_image","twitter_creator":"@9BTV","twitter_site":"@9BTV","twitter_misc":{"Escrit per":"Informatius","Temps estimat de lectura":"2 minuts"},"schema":{"@context":"https:\/\/schema.org","@graph":[{"@type":"Article","@id":"https:\/\/www.noubarris.net\/web40\/el-centre-cruilla-es-manifesta-per-la-gratuitat-de-la-formacio-a-la-seva-escola-de-cuina\/#article","isPartOf":{"@id":"https:\/\/www.noubarris.net\/web40\/el-centre-cruilla-es-manifesta-per-la-gratuitat-de-la-formacio-a-la-seva-escola-de-cuina\/"},"author":{"name":"Informatius","@id":"https:\/\/www.noubarris.net\/web40\/#\/schema\/person\/1827f92aaa316c54abbf4dac0de76069"},"headline":"El Centre Cru\u00eflla es manifesta per la gratu\u00eftat de la formaci\u00f3 a la seva escola de cuina","datePublished":"2021-11-15T22:00:40+00:00","mainEntityOfPage":{"@id":"https:\/\/www.noubarris.net\/web40\/el-centre-cruilla-es-manifesta-per-la-gratuitat-de-la-formacio-a-la-seva-escola-de-cuina\/"},"wordCount":409,"publisher":{"@id":"https:\/\/www.noubarris.net\/web40\/#organization"},"image":{"@id":"https:\/\/www.noubarris.net\/web40\/el-centre-cruilla-es-manifesta-per-la-gratuitat-de-la-formacio-a-la-seva-escola-de-cuina\/#primaryimage"},"thumbnailUrl":"https:\/\/www.noubarris.net\/web40\/wp-content\/uploads\/2021\/11\/161121.jpg","keywords":["Centre Cru\u00eflla","Educaci\u00f3"],"articleSection":["Societat","Torre Bar\u00f3"],"inLanguage":"ca"},{"@type":"WebPage","@id":"https:\/\/www.noubarris.net\/web40\/el-centre-cruilla-es-manifesta-per-la-gratuitat-de-la-formacio-a-la-seva-escola-de-cuina\/","url":"https:\/\/www.noubarris.net\/web40\/el-centre-cruilla-es-manifesta-per-la-gratuitat-de-la-formacio-a-la-seva-escola-de-cuina\/","name":"El Centre Cru\u00eflla es manifesta per la gratu\u00eftat de la formaci\u00f3 a la seva escola de cuina - NouBarris.Net","isPartOf":{"@id":"https:\/\/www.noubarris.net\/web40\/#website"},"primaryImageOfPage":{"@id":"https:\/\/www.noubarris.net\/web40\/el-centre-cruilla-es-manifesta-per-la-gratuitat-de-la-formacio-a-la-seva-escola-de-cuina\/#primaryimage"},"image":{"@id":"https:\/\/www.noubarris.net\/web40\/el-centre-cruilla-es-manifesta-per-la-gratuitat-de-la-formacio-a-la-seva-escola-de-cuina\/#primaryimage"},"thumbnailUrl":"https:\/\/www.noubarris.net\/web40\/wp-content\/uploads\/2021\/11\/161121.jpg","datePublished":"2021-11-15T22:00:40+00:00","breadcrumb":{"@id":"https:\/\/www.noubarris.net\/web40\/el-centre-cruilla-es-manifesta-per-la-gratuitat-de-la-formacio-a-la-seva-escola-de-cuina\/#breadcrumb"},"inLanguage":"ca","potentialAction":[{"@type":"ReadAction","target":["https:\/\/www.noubarris.net\/web40\/el-centre-cruilla-es-manifesta-per-la-gratuitat-de-la-formacio-a-la-seva-escola-de-cuina\/"]}]},{"@type":"ImageObject","inLanguage":"ca","@id":"https:\/\/www.noubarris.net\/web40\/el-centre-cruilla-es-manifesta-per-la-gratuitat-de-la-formacio-a-la-seva-escola-de-cuina\/#primaryimage","url":"https:\/\/www.noubarris.net\/web40\/wp-content\/uploads\/2021\/11\/161121.jpg","contentUrl":"https:\/\/www.noubarris.net\/web40\/wp-content\/uploads\/2021\/11\/161121.jpg","width":768,"height":432},{"@type":"BreadcrumbList","@id":"https:\/\/www.noubarris.net\/web40\/el-centre-cruilla-es-manifesta-per-la-gratuitat-de-la-formacio-a-la-seva-escola-de-cuina\/#breadcrumb","itemListElement":[{"@type":"ListItem","position":1,"name":"Inici","item":"https:\/\/www.noubarris.net\/web40\/"},{"@type":"ListItem","position":2,"name":"El Centre Cru\u00eflla es manifesta per la gratu\u00eftat de la formaci\u00f3 a la seva escola de cuina"}]},{"@type":"WebSite","@id":"https:\/\/www.noubarris.net\/web40\/#website","url":"https:\/\/www.noubarris.net\/web40\/","name":"NouBarris.Net","description":"Seguint la vida de Nou Barris des de 1985","publisher":{"@id":"https:\/\/www.noubarris.net\/web40\/#organization"},"potentialAction":[{"@type":"SearchAction","target":{"@type":"EntryPoint","urlTemplate":"https:\/\/www.noubarris.net\/web40\/?s={search_term_string}"},"query-input":{"@type":"PropertyValueSpecification","valueRequired":true,"valueName":"search_term_string"}}],"inLanguage":"ca"},{"@type":"Organization","@id":"https:\/\/www.noubarris.net\/web40\/#organization","name":"NouBarris.Net","url":"https:\/\/www.noubarris.net\/web40\/","logo":{"@type":"ImageObject","inLanguage":"ca","@id":"https:\/\/www.noubarris.net\/web40\/#\/schema\/logo\/image\/","url":"https:\/\/www.noubarris.net\/web40\/wp-content\/uploads\/2024\/11\/cropped-cropped-LOGO_9BTV-2024_Insta-1.jpg","contentUrl":"https:\/\/www.noubarris.net\/web40\/wp-content\/uploads\/2024\/11\/cropped-cropped-LOGO_9BTV-2024_Insta-1.jpg","width":512,"height":512,"caption":"NouBarris.Net"},"image":{"@id":"https:\/\/www.noubarris.net\/web40\/#\/schema\/logo\/image\/"},"sameAs":["https:\/\/www.facebook.com\/NouBarris.net\/?locale=es_ES","https:\/\/x.com\/9BTV"]},{"@type":"Person","@id":"https:\/\/www.noubarris.net\/web40\/#\/schema\/person\/1827f92aaa316c54abbf4dac0de76069","name":"Informatius","image":{"@type":"ImageObject","inLanguage":"ca","@id":"https:\/\/www.noubarris.net\/web40\/#\/schema\/person\/image\/","url":"https:\/\/secure.gravatar.com\/avatar\/87a3b47928835fc72c6ee5b0e1a7263ef0c2d05003a98189bc14926c5f11bcdb?s=96&d=mm&r=g","contentUrl":"https:\/\/secure.gravatar.com\/avatar\/87a3b47928835fc72c6ee5b0e1a7263ef0c2d05003a98189bc14926c5f11bcdb?s=96&d=mm&r=g","caption":"Informatius"},"url":"https:\/\/www.noubarris.net\/web40\/author\/tele\/"}]}},"_links":{"self":[{"href":"https:\/\/www.noubarris.net\/web40\/wp-json\/wp\/v2\/posts\/78143","targetHints":{"allow":["GET"]}}],"collection":[{"href":"https:\/\/www.noubarris.net\/web40\/wp-json\/wp\/v2\/posts"}],"about":[{"href":"https:\/\/www.noubarris.net\/web40\/wp-json\/wp\/v2\/types\/post"}],"author":[{"embeddable":true,"href":"https:\/\/www.noubarris.net\/web40\/wp-json\/wp\/v2\/users\/2"}],"replies":[{"embeddable":true,"href":"https:\/\/www.noubarris.net\/web40\/wp-json\/wp\/v2\/comments?post=78143"}],"version-history":[{"count":1,"href":"https:\/\/www.noubarris.net\/web40\/wp-json\/wp\/v2\/posts\/78143\/revisions"}],"predecessor-version":[{"id":78145,"href":"https:\/\/www.noubarris.net\/web40\/wp-json\/wp\/v2\/posts\/78143\/revisions\/78145"}],"wp:featuredmedia":[{"embeddable":true,"href":"https:\/\/www.noubarris.net\/web40\/wp-json\/wp\/v2\/media\/78144"}],"wp:attachment":[{"href":"https:\/\/www.noubarris.net\/web40\/wp-json\/wp\/v2\/media?parent=78143"}],"wp:term":[{"taxonomy":"category","embeddable":true,"href":"https:\/\/www.noubarris.net\/web40\/wp-json\/wp\/v2\/categories?post=78143"},{"taxonomy":"post_tag","embeddable":true,"href":"https:\/\/www.noubarris.net\/web40\/wp-json\/wp\/v2\/tags?post=78143"}],"curies":[{"name":"wp","href":"https:\/\/api.w.org\/{rel}","templated":true}]}}