{"id":78150,"date":"2021-11-17T00:00:24","date_gmt":"2021-11-16T22:00:24","guid":{"rendered":"http:\/\/www.noubarris.net\/web40\/?p=78150"},"modified":"2021-11-15T20:09:20","modified_gmt":"2021-11-15T18:09:20","slug":"una-xerrada-clou-els-actes-del-50-aniversari-del-moviment-veinal-de-nou-barris","status":"publish","type":"post","link":"https:\/\/www.noubarris.net\/web40\/una-xerrada-clou-els-actes-del-50-aniversari-del-moviment-veinal-de-nou-barris\/","title":{"rendered":"Una xerrada clou els actes del 50 aniversari del moviment ve\u00efnal de Nou Barris"},"content":{"rendered":"<p><strong>L&#8217;Arxiu Hist\u00f2ric Roquetes-Nou Barris i la coordinadora d&#8217;entitats n&#8217;organitzen una darrera xerrada aquest dijous<\/strong><\/p>\n<p>La Biblioteca de Torre Llobeta acull dem\u00e0 dijous a les 18.30h una xerrada sobre el mig segle de traject\u00f2ria del moviment ve\u00efnal de Nou Barris. Un nom, el del districte, que precisament sorgeix de la revista que les nou associacions de ve\u00efns van editar quan es van unir contra le pla comarcal, fa 50 anys. La xerrada girar\u00e0 entorn aquests inicis i les associacions anteriors, que en van servir com a embri\u00f3, com ara l&#8217;associaci\u00f3 de propietaris o de caps de fam\u00edlia. Acompanya la xerrada l&#8217;exposici\u00f3 sobre la premsa i publicacions que s&#8217;han desenvolupat arran tota aquesta activitat i mobilitzaci\u00f3 ve\u00efnal, des de revistes a futlletons. Es tracta d&#8217;una exposici\u00f3 que ha girat per diversos escenaris de la ciutat.<\/p>\n<p>Amb aquest acte l&#8217;Arxiu Hist\u00f2ric de Roquetes-Nou Barris dona per tancat tot el cicle d&#8217;activitats que han organitzat per commemorar l&#8217;ef\u00e8meride. Un cicle que va comen\u00e7ar a principis del 2020 i que, tot i la pand\u00e8mia, va continuar amb f\u00f3rmules alternatives com ara xerrades per videoconfer\u00e8ncia amb alguns dels molts protagonistes d&#8217;aquella \u00e8poca. Tamb\u00e9 han elaborat tres exposicions (entre elles, aquesta de la premsa ve\u00efnal) i han dut a terme debats en format d&#8217;Hist\u00f2ries de caf\u00e8, i algunes passejades pels diferents barris per recordar les diverses lluites a peu de carrer, en els escenaris. Acaben ara, doncs, gaireb\u00e9 dos anys d&#8217;activitats sobre la hist\u00f2ria ve\u00efnal del districte.<\/p>\n","protected":false},"excerpt":{"rendered":"<p>L&#8217;Arxiu Hist\u00f2ric Roquetes-Nou Barris i la coordinadora d&#8217;entitats n&#8217;organitzen una darrera xerrada aquest dijous La Biblioteca de Torre Llobeta acull<\/p>\n","protected":false},"author":2,"featured_media":78151,"comment_status":"closed","ping_status":"closed","sticky":false,"template":"","format":"standard","meta":{"colormag_page_layout":"default_layout","_monsterinsights_skip_tracking":false,"_monsterinsights_sitenote_active":false,"_monsterinsights_sitenote_note":"","_monsterinsights_sitenote_category":0,"footnotes":""},"categories":[1,124],"tags":[169,271,263],"class_list":["post-78150","post","type-post","status-publish","format-standard","has-post-thumbnail","hentry","category-nou-barris","category-societat","tag-arxiu-historic-de-roquetes-nou-barris","tag-historia","tag-veins"],"yoast_head":"<!-- This site is optimized with the Yoast SEO plugin v25.3 - https:\/\/yoast.com\/wordpress\/plugins\/seo\/ -->\n<title>Una xerrada clou els actes del 50 aniversari del moviment ve\u00efnal de Nou Barris - NouBarris.Net<\/title>\n<meta name=\"robots\" content=\"index, follow, max-snippet:-1, max-image-preview:large, max-video-preview:-1\" \/>\n<link rel=\"canonical\" href=\"https:\/\/www.noubarris.net\/web40\/una-xerrada-clou-els-actes-del-50-aniversari-del-moviment-veinal-de-nou-barris\/\" \/>\n<meta property=\"og:locale\" content=\"ca_ES\" \/>\n<meta property=\"og:type\" content=\"article\" \/>\n<meta property=\"og:title\" content=\"Una xerrada clou els actes del 50 aniversari del moviment ve\u00efnal de Nou Barris - NouBarris.Net\" \/>\n<meta property=\"og:description\" content=\"L&#8217;Arxiu Hist\u00f2ric Roquetes-Nou Barris i la coordinadora d&#8217;entitats n&#8217;organitzen una darrera xerrada aquest dijous La Biblioteca de Torre Llobeta acull\" \/>\n<meta property=\"og:url\" content=\"https:\/\/www.noubarris.net\/web40\/una-xerrada-clou-els-actes-del-50-aniversari-del-moviment-veinal-de-nou-barris\/\" \/>\n<meta property=\"og:site_name\" content=\"NouBarris.Net\" \/>\n<meta property=\"article:publisher\" content=\"https:\/\/www.facebook.com\/NouBarris.net\/?locale=es_ES\" \/>\n<meta property=\"article:published_time\" content=\"2021-11-16T22:00:24+00:00\" \/>\n<meta property=\"og:image\" content=\"https:\/\/www.noubarris.net\/web40\/wp-content\/uploads\/2021\/11\/171121-1.jpg\" \/>\n\t<meta property=\"og:image:width\" content=\"768\" \/>\n\t<meta property=\"og:image:height\" content=\"432\" \/>\n\t<meta property=\"og:image:type\" content=\"image\/jpeg\" \/>\n<meta name=\"author\" content=\"Informatius\" \/>\n<meta name=\"twitter:card\" content=\"summary_large_image\" \/>\n<meta name=\"twitter:creator\" content=\"@9BTV\" \/>\n<meta name=\"twitter:site\" content=\"@9BTV\" \/>\n<meta name=\"twitter:label1\" content=\"Escrit per\" \/>\n\t<meta name=\"twitter:data1\" content=\"Informatius\" \/>\n\t<meta name=\"twitter:label2\" content=\"Temps estimat de lectura\" \/>\n\t<meta name=\"twitter:data2\" content=\"1 minut\" \/>\n<script type=\"application\/ld+json\" class=\"yoast-schema-graph\">{\"@context\":\"https:\/\/schema.org\",\"@graph\":[{\"@type\":\"Article\",\"@id\":\"https:\/\/www.noubarris.net\/web40\/una-xerrada-clou-els-actes-del-50-aniversari-del-moviment-veinal-de-nou-barris\/#article\",\"isPartOf\":{\"@id\":\"https:\/\/www.noubarris.net\/web40\/una-xerrada-clou-els-actes-del-50-aniversari-del-moviment-veinal-de-nou-barris\/\"},\"author\":{\"name\":\"Informatius\",\"@id\":\"https:\/\/www.noubarris.net\/web40\/#\/schema\/person\/1827f92aaa316c54abbf4dac0de76069\"},\"headline\":\"Una xerrada clou els actes del 50 aniversari del moviment ve\u00efnal de Nou Barris\",\"datePublished\":\"2021-11-16T22:00:24+00:00\",\"mainEntityOfPage\":{\"@id\":\"https:\/\/www.noubarris.net\/web40\/una-xerrada-clou-els-actes-del-50-aniversari-del-moviment-veinal-de-nou-barris\/\"},\"wordCount\":281,\"publisher\":{\"@id\":\"https:\/\/www.noubarris.net\/web40\/#organization\"},\"image\":{\"@id\":\"https:\/\/www.noubarris.net\/web40\/una-xerrada-clou-els-actes-del-50-aniversari-del-moviment-veinal-de-nou-barris\/#primaryimage\"},\"thumbnailUrl\":\"https:\/\/www.noubarris.net\/web40\/wp-content\/uploads\/2021\/11\/171121-1.jpg\",\"keywords\":[\"Arxiu Hist\u00f2ric de Roquetes \u2013 Nou Barris\",\"Hist\u00f2ria\",\"Ve\u00efns\"],\"articleSection\":[\"Nou Barris\",\"Societat\"],\"inLanguage\":\"ca\"},{\"@type\":\"WebPage\",\"@id\":\"https:\/\/www.noubarris.net\/web40\/una-xerrada-clou-els-actes-del-50-aniversari-del-moviment-veinal-de-nou-barris\/\",\"url\":\"https:\/\/www.noubarris.net\/web40\/una-xerrada-clou-els-actes-del-50-aniversari-del-moviment-veinal-de-nou-barris\/\",\"name\":\"Una xerrada clou els actes del 50 aniversari del moviment ve\u00efnal de Nou Barris - NouBarris.Net\",\"isPartOf\":{\"@id\":\"https:\/\/www.noubarris.net\/web40\/#website\"},\"primaryImageOfPage\":{\"@id\":\"https:\/\/www.noubarris.net\/web40\/una-xerrada-clou-els-actes-del-50-aniversari-del-moviment-veinal-de-nou-barris\/#primaryimage\"},\"image\":{\"@id\":\"https:\/\/www.noubarris.net\/web40\/una-xerrada-clou-els-actes-del-50-aniversari-del-moviment-veinal-de-nou-barris\/#primaryimage\"},\"thumbnailUrl\":\"https:\/\/www.noubarris.net\/web40\/wp-content\/uploads\/2021\/11\/171121-1.jpg\",\"datePublished\":\"2021-11-16T22:00:24+00:00\",\"breadcrumb\":{\"@id\":\"https:\/\/www.noubarris.net\/web40\/una-xerrada-clou-els-actes-del-50-aniversari-del-moviment-veinal-de-nou-barris\/#breadcrumb\"},\"inLanguage\":\"ca\",\"potentialAction\":[{\"@type\":\"ReadAction\",\"target\":[\"https:\/\/www.noubarris.net\/web40\/una-xerrada-clou-els-actes-del-50-aniversari-del-moviment-veinal-de-nou-barris\/\"]}]},{\"@type\":\"ImageObject\",\"inLanguage\":\"ca\",\"@id\":\"https:\/\/www.noubarris.net\/web40\/una-xerrada-clou-els-actes-del-50-aniversari-del-moviment-veinal-de-nou-barris\/#primaryimage\",\"url\":\"https:\/\/www.noubarris.net\/web40\/wp-content\/uploads\/2021\/11\/171121-1.jpg\",\"contentUrl\":\"https:\/\/www.noubarris.net\/web40\/wp-content\/uploads\/2021\/11\/171121-1.jpg\",\"width\":768,\"height\":432},{\"@type\":\"BreadcrumbList\",\"@id\":\"https:\/\/www.noubarris.net\/web40\/una-xerrada-clou-els-actes-del-50-aniversari-del-moviment-veinal-de-nou-barris\/#breadcrumb\",\"itemListElement\":[{\"@type\":\"ListItem\",\"position\":1,\"name\":\"Inici\",\"item\":\"https:\/\/www.noubarris.net\/web40\/\"},{\"@type\":\"ListItem\",\"position\":2,\"name\":\"Una xerrada clou els actes del 50 aniversari del moviment ve\u00efnal de Nou Barris\"}]},{\"@type\":\"WebSite\",\"@id\":\"https:\/\/www.noubarris.net\/web40\/#website\",\"url\":\"https:\/\/www.noubarris.net\/web40\/\",\"name\":\"NouBarris.Net\",\"description\":\"Seguint la vida de Nou Barris des de 1985\",\"publisher\":{\"@id\":\"https:\/\/www.noubarris.net\/web40\/#organization\"},\"potentialAction\":[{\"@type\":\"SearchAction\",\"target\":{\"@type\":\"EntryPoint\",\"urlTemplate\":\"https:\/\/www.noubarris.net\/web40\/?s={search_term_string}\"},\"query-input\":{\"@type\":\"PropertyValueSpecification\",\"valueRequired\":true,\"valueName\":\"search_term_string\"}}],\"inLanguage\":\"ca\"},{\"@type\":\"Organization\",\"@id\":\"https:\/\/www.noubarris.net\/web40\/#organization\",\"name\":\"NouBarris.Net\",\"url\":\"https:\/\/www.noubarris.net\/web40\/\",\"logo\":{\"@type\":\"ImageObject\",\"inLanguage\":\"ca\",\"@id\":\"https:\/\/www.noubarris.net\/web40\/#\/schema\/logo\/image\/\",\"url\":\"https:\/\/www.noubarris.net\/web40\/wp-content\/uploads\/2024\/11\/cropped-cropped-LOGO_9BTV-2024_Insta-1.jpg\",\"contentUrl\":\"https:\/\/www.noubarris.net\/web40\/wp-content\/uploads\/2024\/11\/cropped-cropped-LOGO_9BTV-2024_Insta-1.jpg\",\"width\":512,\"height\":512,\"caption\":\"NouBarris.Net\"},\"image\":{\"@id\":\"https:\/\/www.noubarris.net\/web40\/#\/schema\/logo\/image\/\"},\"sameAs\":[\"https:\/\/www.facebook.com\/NouBarris.net\/?locale=es_ES\",\"https:\/\/x.com\/9BTV\"]},{\"@type\":\"Person\",\"@id\":\"https:\/\/www.noubarris.net\/web40\/#\/schema\/person\/1827f92aaa316c54abbf4dac0de76069\",\"name\":\"Informatius\",\"image\":{\"@type\":\"ImageObject\",\"inLanguage\":\"ca\",\"@id\":\"https:\/\/www.noubarris.net\/web40\/#\/schema\/person\/image\/\",\"url\":\"https:\/\/secure.gravatar.com\/avatar\/87a3b47928835fc72c6ee5b0e1a7263ef0c2d05003a98189bc14926c5f11bcdb?s=96&d=mm&r=g\",\"contentUrl\":\"https:\/\/secure.gravatar.com\/avatar\/87a3b47928835fc72c6ee5b0e1a7263ef0c2d05003a98189bc14926c5f11bcdb?s=96&d=mm&r=g\",\"caption\":\"Informatius\"},\"url\":\"https:\/\/www.noubarris.net\/web40\/author\/tele\/\"}]}<\/script>\n<!-- \/ Yoast SEO plugin. -->","yoast_head_json":{"title":"Una xerrada clou els actes del 50 aniversari del moviment ve\u00efnal de Nou Barris - NouBarris.Net","robots":{"index":"index","follow":"follow","max-snippet":"max-snippet:-1","max-image-preview":"max-image-preview:large","max-video-preview":"max-video-preview:-1"},"canonical":"https:\/\/www.noubarris.net\/web40\/una-xerrada-clou-els-actes-del-50-aniversari-del-moviment-veinal-de-nou-barris\/","og_locale":"ca_ES","og_type":"article","og_title":"Una xerrada clou els actes del 50 aniversari del moviment ve\u00efnal de Nou Barris - NouBarris.Net","og_description":"L&#8217;Arxiu Hist\u00f2ric Roquetes-Nou Barris i la coordinadora d&#8217;entitats n&#8217;organitzen una darrera xerrada aquest dijous La Biblioteca de Torre Llobeta acull","og_url":"https:\/\/www.noubarris.net\/web40\/una-xerrada-clou-els-actes-del-50-aniversari-del-moviment-veinal-de-nou-barris\/","og_site_name":"NouBarris.Net","article_publisher":"https:\/\/www.facebook.com\/NouBarris.net\/?locale=es_ES","article_published_time":"2021-11-16T22:00:24+00:00","og_image":[{"width":768,"height":432,"url":"https:\/\/www.noubarris.net\/web40\/wp-content\/uploads\/2021\/11\/171121-1.jpg","type":"image\/jpeg"}],"author":"Informatius","twitter_card":"summary_large_image","twitter_creator":"@9BTV","twitter_site":"@9BTV","twitter_misc":{"Escrit per":"Informatius","Temps estimat de lectura":"1 minut"},"schema":{"@context":"https:\/\/schema.org","@graph":[{"@type":"Article","@id":"https:\/\/www.noubarris.net\/web40\/una-xerrada-clou-els-actes-del-50-aniversari-del-moviment-veinal-de-nou-barris\/#article","isPartOf":{"@id":"https:\/\/www.noubarris.net\/web40\/una-xerrada-clou-els-actes-del-50-aniversari-del-moviment-veinal-de-nou-barris\/"},"author":{"name":"Informatius","@id":"https:\/\/www.noubarris.net\/web40\/#\/schema\/person\/1827f92aaa316c54abbf4dac0de76069"},"headline":"Una xerrada clou els actes del 50 aniversari del moviment ve\u00efnal de Nou Barris","datePublished":"2021-11-16T22:00:24+00:00","mainEntityOfPage":{"@id":"https:\/\/www.noubarris.net\/web40\/una-xerrada-clou-els-actes-del-50-aniversari-del-moviment-veinal-de-nou-barris\/"},"wordCount":281,"publisher":{"@id":"https:\/\/www.noubarris.net\/web40\/#organization"},"image":{"@id":"https:\/\/www.noubarris.net\/web40\/una-xerrada-clou-els-actes-del-50-aniversari-del-moviment-veinal-de-nou-barris\/#primaryimage"},"thumbnailUrl":"https:\/\/www.noubarris.net\/web40\/wp-content\/uploads\/2021\/11\/171121-1.jpg","keywords":["Arxiu Hist\u00f2ric de Roquetes \u2013 Nou Barris","Hist\u00f2ria","Ve\u00efns"],"articleSection":["Nou Barris","Societat"],"inLanguage":"ca"},{"@type":"WebPage","@id":"https:\/\/www.noubarris.net\/web40\/una-xerrada-clou-els-actes-del-50-aniversari-del-moviment-veinal-de-nou-barris\/","url":"https:\/\/www.noubarris.net\/web40\/una-xerrada-clou-els-actes-del-50-aniversari-del-moviment-veinal-de-nou-barris\/","name":"Una xerrada clou els actes del 50 aniversari del moviment ve\u00efnal de Nou Barris - NouBarris.Net","isPartOf":{"@id":"https:\/\/www.noubarris.net\/web40\/#website"},"primaryImageOfPage":{"@id":"https:\/\/www.noubarris.net\/web40\/una-xerrada-clou-els-actes-del-50-aniversari-del-moviment-veinal-de-nou-barris\/#primaryimage"},"image":{"@id":"https:\/\/www.noubarris.net\/web40\/una-xerrada-clou-els-actes-del-50-aniversari-del-moviment-veinal-de-nou-barris\/#primaryimage"},"thumbnailUrl":"https:\/\/www.noubarris.net\/web40\/wp-content\/uploads\/2021\/11\/171121-1.jpg","datePublished":"2021-11-16T22:00:24+00:00","breadcrumb":{"@id":"https:\/\/www.noubarris.net\/web40\/una-xerrada-clou-els-actes-del-50-aniversari-del-moviment-veinal-de-nou-barris\/#breadcrumb"},"inLanguage":"ca","potentialAction":[{"@type":"ReadAction","target":["https:\/\/www.noubarris.net\/web40\/una-xerrada-clou-els-actes-del-50-aniversari-del-moviment-veinal-de-nou-barris\/"]}]},{"@type":"ImageObject","inLanguage":"ca","@id":"https:\/\/www.noubarris.net\/web40\/una-xerrada-clou-els-actes-del-50-aniversari-del-moviment-veinal-de-nou-barris\/#primaryimage","url":"https:\/\/www.noubarris.net\/web40\/wp-content\/uploads\/2021\/11\/171121-1.jpg","contentUrl":"https:\/\/www.noubarris.net\/web40\/wp-content\/uploads\/2021\/11\/171121-1.jpg","width":768,"height":432},{"@type":"BreadcrumbList","@id":"https:\/\/www.noubarris.net\/web40\/una-xerrada-clou-els-actes-del-50-aniversari-del-moviment-veinal-de-nou-barris\/#breadcrumb","itemListElement":[{"@type":"ListItem","position":1,"name":"Inici","item":"https:\/\/www.noubarris.net\/web40\/"},{"@type":"ListItem","position":2,"name":"Una xerrada clou els actes del 50 aniversari del moviment ve\u00efnal de Nou Barris"}]},{"@type":"WebSite","@id":"https:\/\/www.noubarris.net\/web40\/#website","url":"https:\/\/www.noubarris.net\/web40\/","name":"NouBarris.Net","description":"Seguint la vida de Nou Barris des de 1985","publisher":{"@id":"https:\/\/www.noubarris.net\/web40\/#organization"},"potentialAction":[{"@type":"SearchAction","target":{"@type":"EntryPoint","urlTemplate":"https:\/\/www.noubarris.net\/web40\/?s={search_term_string}"},"query-input":{"@type":"PropertyValueSpecification","valueRequired":true,"valueName":"search_term_string"}}],"inLanguage":"ca"},{"@type":"Organization","@id":"https:\/\/www.noubarris.net\/web40\/#organization","name":"NouBarris.Net","url":"https:\/\/www.noubarris.net\/web40\/","logo":{"@type":"ImageObject","inLanguage":"ca","@id":"https:\/\/www.noubarris.net\/web40\/#\/schema\/logo\/image\/","url":"https:\/\/www.noubarris.net\/web40\/wp-content\/uploads\/2024\/11\/cropped-cropped-LOGO_9BTV-2024_Insta-1.jpg","contentUrl":"https:\/\/www.noubarris.net\/web40\/wp-content\/uploads\/2024\/11\/cropped-cropped-LOGO_9BTV-2024_Insta-1.jpg","width":512,"height":512,"caption":"NouBarris.Net"},"image":{"@id":"https:\/\/www.noubarris.net\/web40\/#\/schema\/logo\/image\/"},"sameAs":["https:\/\/www.facebook.com\/NouBarris.net\/?locale=es_ES","https:\/\/x.com\/9BTV"]},{"@type":"Person","@id":"https:\/\/www.noubarris.net\/web40\/#\/schema\/person\/1827f92aaa316c54abbf4dac0de76069","name":"Informatius","image":{"@type":"ImageObject","inLanguage":"ca","@id":"https:\/\/www.noubarris.net\/web40\/#\/schema\/person\/image\/","url":"https:\/\/secure.gravatar.com\/avatar\/87a3b47928835fc72c6ee5b0e1a7263ef0c2d05003a98189bc14926c5f11bcdb?s=96&d=mm&r=g","contentUrl":"https:\/\/secure.gravatar.com\/avatar\/87a3b47928835fc72c6ee5b0e1a7263ef0c2d05003a98189bc14926c5f11bcdb?s=96&d=mm&r=g","caption":"Informatius"},"url":"https:\/\/www.noubarris.net\/web40\/author\/tele\/"}]}},"_links":{"self":[{"href":"https:\/\/www.noubarris.net\/web40\/wp-json\/wp\/v2\/posts\/78150","targetHints":{"allow":["GET"]}}],"collection":[{"href":"https:\/\/www.noubarris.net\/web40\/wp-json\/wp\/v2\/posts"}],"about":[{"href":"https:\/\/www.noubarris.net\/web40\/wp-json\/wp\/v2\/types\/post"}],"author":[{"embeddable":true,"href":"https:\/\/www.noubarris.net\/web40\/wp-json\/wp\/v2\/users\/2"}],"replies":[{"embeddable":true,"href":"https:\/\/www.noubarris.net\/web40\/wp-json\/wp\/v2\/comments?post=78150"}],"version-history":[{"count":1,"href":"https:\/\/www.noubarris.net\/web40\/wp-json\/wp\/v2\/posts\/78150\/revisions"}],"predecessor-version":[{"id":78152,"href":"https:\/\/www.noubarris.net\/web40\/wp-json\/wp\/v2\/posts\/78150\/revisions\/78152"}],"wp:featuredmedia":[{"embeddable":true,"href":"https:\/\/www.noubarris.net\/web40\/wp-json\/wp\/v2\/media\/78151"}],"wp:attachment":[{"href":"https:\/\/www.noubarris.net\/web40\/wp-json\/wp\/v2\/media?parent=78150"}],"wp:term":[{"taxonomy":"category","embeddable":true,"href":"https:\/\/www.noubarris.net\/web40\/wp-json\/wp\/v2\/categories?post=78150"},{"taxonomy":"post_tag","embeddable":true,"href":"https:\/\/www.noubarris.net\/web40\/wp-json\/wp\/v2\/tags?post=78150"}],"curies":[{"name":"wp","href":"https:\/\/api.w.org\/{rel}","templated":true}]}}